{"id":3824,"date":"2022-06-01T16:03:00","date_gmt":"2022-06-01T14:03:00","guid":{"rendered":"https:\/\/www.confagricoltura.org\/piacenza\/?p=3824"},"modified":"2022-06-13T16:38:50","modified_gmt":"2022-06-13T14:38:50","slug":"razzie-nei-campi-presi-di-mira-anche-i-depositi-di-gasolio","status":"publish","type":"post","link":"https:\/\/www.confagricoltura.org\/piacenza\/razzie-nei-campi-presi-di-mira-anche-i-depositi-di-gasolio\/","title":{"rendered":"Razzie nei campi: presi di mira anche i depositi di Gasolio"},"content":{"rendered":"\n<p>Nella notte tre il 30 e il 31 maggio \u00e8 stato tentato un furto di gasolio agricolo nell\u2019azienda Vignati Filippo in localit\u00e0 Br\u00e9 a Calendasco. Questa volta i malintenzionati sono stati disturbati e hanno deciso di rinunciare al bottino arrivando solo a rompere i tappi di tenuta, ma \u00e8 un problema che purtroppo si ripropone tutti gli anni con l\u2019entrare nel vivo della campagna agraria. Nella stessa azienda qualche tempo fa \u00e8 stato rubato un satellitare.&nbsp; Confagricoltura Piacenza segnala il problema crescente invitando gli agricoltori ad alzare la guardia e in particolare chiede che il comando politico alle forze dell\u2019ordine dia gli strumenti a queste di potersi concentrare su una vigilanza attiva che funga anche da deterrente. La disponibilit\u00e0 e la collaborazione delle forze dell\u2019ordine sul territorio \u00e8 preziosa e apprezzata; contestabile \u00e8 piuttosto talvolta la politica che indirizza gli sforzi di controllo verso obiettivi sbagliati.<\/p>\n\n\n\n<p>\u201cPer lavorare abbiamo bisogno di duemila permessi e ci giostriamo tra intralci e divieti, con gli uffici dell\u2019associazione che si impegnano per supportarci nelle pratiche, mentre chi ci deruba agisce indisturbato \u2013 commenta amaramente Filippo Gasparini, presidente di Confagricoltura Piacenza &#8211; Prima i cinghiali che devastano le colture, poi i mezzi danneggiati e depredati della tecnologia, poi i furti di gasolio. I cittadini ci malvedono perch\u00e9 non vogliono n\u00e9 rumori, n\u00e9 odori, n\u00e9 vogliono nelle vie i mezzi, peraltro regolarmente omologati, perch\u00e9 a loro avviso disturbano la viabilit\u00e0. In particolare nella zona del fatto, le autorit\u00e0 tolgono anche la possibilit\u00e0 di usare l\u2019indispensabile percorrenza degli argini. Sta diventando davvero inospitale lavorare nel nostro Paese. In questo momento di grande sforzo produttivo di cibo dovremmo ricevere gratitudine, chiediamo per lo meno comprensione e attenzione. Facciamo un appello affinch\u00e9 si attivi anche una vigilanza di comunit\u00e0\u201d. Confagricoltura Piacenza coglie contestualmente l\u2019occasione per ricordare l\u2019importanza, da parte delle aziende, di tutelarsi sottoscrivendo piani assicurativi adeguati. \u201cTorniamo per\u00f2 a ribadire quanto gi\u00e0 denunciato \u2013 rimarca Gasparini &#8211; mentre ci continuano a chiedere sacrifici, noi continuiamo a subire controlli puntuali di ogni genere, doverosi per legge per carit\u00e0, ma alla fine per cosa e rispetto a quale rischio? In parallelo poi per\u00f2 non \u00e8 puntuale la difesa delle aziende. Furti e danni sono reiterati, garantire la sicurezza in azienda dovrebbe essere prioritario. Quello denunciato \u00e8 l\u2019ennesimo episodio, a questo punto \u00e8 a rischio la tenuta psicologia degli agricoltori e degli allevatori. Non vorrei \u2013 avverte il presidente di Confagricoltura Piacenza \u2013 che l\u2019esasperazione portasse a qualche atto estremo e di ribellione, con il rischio di porci in una situazione di torto dopo i tanti danni subiti\u201d.<\/p>\n","protected":false},"excerpt":{"rendered":"<p>Gasparini: a questo punto a rischio la tenuta psicologica degli agricoltori, chiediamo pi\u00f9 vigilanza<\/p>\n","protected":false},"author":6,"featured_media":3825,"comment_status":"closed","ping_status":"closed","sticky":false,"template":"","format":"standard","meta":{"wp_mapbox_gl_js_media":[],"footnotes":""},"categories":[21,4],"tags":[456],"class_list":["post-3824","post","type-post","status-publish","format-standard","has-post-thumbnail","hentry","category-eventi","category-news","tag-furto-gasolio"],"yoast_head":"<!-- This site is optimized with the Yoast SEO plugin v26.8 - https:\/\/yoast.com\/product\/yoast-seo-wordpress\/ -->\n<title>Razzie nei campi: presi di mira anche i depositi di Gasolio - Confagricoltura Piacenza<\/title>\n<meta name=\"robots\" content=\"index, follow, max-snippet:-1, max-image-preview:large, max-video-preview:-1\" \/>\n<link rel=\"canonical\" href=\"https:\/\/www.confagricoltura.org\/piacenza\/razzie-nei-campi-presi-di-mira-anche-i-depositi-di-gasolio\/\" \/>\n<meta property=\"og:locale\" content=\"it_IT\" \/>\n<meta property=\"og:type\" content=\"article\" \/>\n<meta property=\"og:title\" content=\"Razzie nei campi: presi di mira anche i depositi di Gasolio - Confagricoltura Piacenza\" \/>\n<meta property=\"og:description\" content=\"Gasparini: a questo punto a rischio la tenuta psicologica degli agricoltori, chiediamo pi\u00f9 vigilanza\" \/>\n<meta property=\"og:url\" content=\"https:\/\/www.confagricoltura.org\/piacenza\/razzie-nei-campi-presi-di-mira-anche-i-depositi-di-gasolio\/\" \/>\n<meta property=\"og:site_name\" content=\"Confagricoltura Piacenza\" \/>\n<meta property=\"article:published_time\" content=\"2022-06-01T14:03:00+00:00\" \/>\n<meta property=\"article:modified_time\" content=\"2022-06-13T14:38:50+00:00\" \/>\n<meta property=\"og:image\" content=\"https:\/\/www.confagricoltura.org\/piacenza\/wp-content\/uploads\/sites\/11\/2022\/06\/files.png\" \/>\n\t<meta property=\"og:image:width\" content=\"320\" \/>\n\t<meta property=\"og:image:height\" content=\"201\" \/>\n\t<meta property=\"og:image:type\" content=\"image\/png\" \/>\n<meta name=\"author\" content=\"confagricolturapiacenza\" \/>\n<meta name=\"twitter:card\" content=\"summary_large_image\" \/>\n<meta name=\"twitter:label1\" content=\"Scritto da\" \/>\n\t<meta name=\"twitter:data1\" content=\"confagricolturapiacenza\" \/>\n\t<meta name=\"twitter:label2\" content=\"Tempo di lettura stimato\" \/>\n\t<meta name=\"twitter:data2\" content=\"2 minuti\" \/>\n<script type=\"application\/ld+json\" class=\"yoast-schema-graph\">{\"@context\":\"https:\/\/schema.org\",\"@graph\":[{\"@type\":\"Article\",\"@id\":\"https:\/\/www.confagricoltura.org\/piacenza\/razzie-nei-campi-presi-di-mira-anche-i-depositi-di-gasolio\/#article\",\"isPartOf\":{\"@id\":\"https:\/\/www.confagricoltura.org\/piacenza\/razzie-nei-campi-presi-di-mira-anche-i-depositi-di-gasolio\/\"},\"author\":{\"name\":\"confagricolturapiacenza\",\"@id\":\"https:\/\/www.confagricoltura.org\/piacenza\/#\/schema\/person\/be5da25a3117fea4b3bfec9dba09b5e8\"},\"headline\":\"Razzie nei campi: presi di mira anche i depositi di Gasolio\",\"datePublished\":\"2022-06-01T14:03:00+00:00\",\"dateModified\":\"2022-06-13T14:38:50+00:00\",\"mainEntityOfPage\":{\"@id\":\"https:\/\/www.confagricoltura.org\/piacenza\/razzie-nei-campi-presi-di-mira-anche-i-depositi-di-gasolio\/\"},\"wordCount\":435,\"image\":{\"@id\":\"https:\/\/www.confagricoltura.org\/piacenza\/razzie-nei-campi-presi-di-mira-anche-i-depositi-di-gasolio\/#primaryimage\"},\"thumbnailUrl\":\"https:\/\/www.confagricoltura.org\/piacenza\/wp-content\/uploads\/sites\/11\/2022\/06\/files.png\",\"keywords\":[\"furto gasolio\"],\"articleSection\":[\"Eventi\",\"News\"],\"inLanguage\":\"it-IT\"},{\"@type\":\"WebPage\",\"@id\":\"https:\/\/www.confagricoltura.org\/piacenza\/razzie-nei-campi-presi-di-mira-anche-i-depositi-di-gasolio\/\",\"url\":\"https:\/\/www.confagricoltura.org\/piacenza\/razzie-nei-campi-presi-di-mira-anche-i-depositi-di-gasolio\/\",\"name\":\"Razzie nei campi: presi di mira anche i depositi di Gasolio - Confagricoltura Piacenza\",\"isPartOf\":{\"@id\":\"https:\/\/www.confagricoltura.org\/piacenza\/#website\"},\"primaryImageOfPage\":{\"@id\":\"https:\/\/www.confagricoltura.org\/piacenza\/razzie-nei-campi-presi-di-mira-anche-i-depositi-di-gasolio\/#primaryimage\"},\"image\":{\"@id\":\"https:\/\/www.confagricoltura.org\/piacenza\/razzie-nei-campi-presi-di-mira-anche-i-depositi-di-gasolio\/#primaryimage\"},\"thumbnailUrl\":\"https:\/\/www.confagricoltura.org\/piacenza\/wp-content\/uploads\/sites\/11\/2022\/06\/files.png\",\"datePublished\":\"2022-06-01T14:03:00+00:00\",\"dateModified\":\"2022-06-13T14:38:50+00:00\",\"author\":{\"@id\":\"https:\/\/www.confagricoltura.org\/piacenza\/#\/schema\/person\/be5da25a3117fea4b3bfec9dba09b5e8\"},\"breadcrumb\":{\"@id\":\"https:\/\/www.confagricoltura.org\/piacenza\/razzie-nei-campi-presi-di-mira-anche-i-depositi-di-gasolio\/#breadcrumb\"},\"inLanguage\":\"it-IT\",\"potentialAction\":[{\"@type\":\"ReadAction\",\"target\":[\"https:\/\/www.confagricoltura.org\/piacenza\/razzie-nei-campi-presi-di-mira-anche-i-depositi-di-gasolio\/\"]}]},{\"@type\":\"ImageObject\",\"inLanguage\":\"it-IT\",\"@id\":\"https:\/\/www.confagricoltura.org\/piacenza\/razzie-nei-campi-presi-di-mira-anche-i-depositi-di-gasolio\/#primaryimage\",\"url\":\"https:\/\/www.confagricoltura.org\/piacenza\/wp-content\/uploads\/sites\/11\/2022\/06\/files.png\",\"contentUrl\":\"https:\/\/www.confagricoltura.org\/piacenza\/wp-content\/uploads\/sites\/11\/2022\/06\/files.png\",\"width\":320,\"height\":201},{\"@type\":\"BreadcrumbList\",\"@id\":\"https:\/\/www.confagricoltura.org\/piacenza\/razzie-nei-campi-presi-di-mira-anche-i-depositi-di-gasolio\/#breadcrumb\",\"itemListElement\":[{\"@type\":\"ListItem\",\"position\":1,\"name\":\"Home\",\"item\":\"https:\/\/www.confagricoltura.org\/piacenza\/\"},{\"@type\":\"ListItem\",\"position\":2,\"name\":\"Razzie nei campi: presi di mira anche i depositi di Gasolio\"}]},{\"@type\":\"WebSite\",\"@id\":\"https:\/\/www.confagricoltura.org\/piacenza\/#website\",\"url\":\"https:\/\/www.confagricoltura.org\/piacenza\/\",\"name\":\"Confagricoltura Piacenza\",\"description\":\"Dalla parte degli Agricoltori\",\"potentialAction\":[{\"@type\":\"SearchAction\",\"target\":{\"@type\":\"EntryPoint\",\"urlTemplate\":\"https:\/\/www.confagricoltura.org\/piacenza\/?s={search_term_string}\"},\"query-input\":{\"@type\":\"PropertyValueSpecification\",\"valueRequired\":true,\"valueName\":\"search_term_string\"}}],\"inLanguage\":\"it-IT\"},{\"@type\":\"Person\",\"@id\":\"https:\/\/www.confagricoltura.org\/piacenza\/#\/schema\/person\/be5da25a3117fea4b3bfec9dba09b5e8\",\"name\":\"confagricolturapiacenza\",\"image\":{\"@type\":\"ImageObject\",\"inLanguage\":\"it-IT\",\"@id\":\"https:\/\/www.confagricoltura.org\/piacenza\/#\/schema\/person\/image\/\",\"url\":\"https:\/\/secure.gravatar.com\/avatar\/9c5f111e417171581853bd0a3ff892ca?s=96&d=mm&r=g\",\"contentUrl\":\"https:\/\/secure.gravatar.com\/avatar\/9c5f111e417171581853bd0a3ff892ca?s=96&d=mm&r=g\",\"caption\":\"confagricolturapiacenza\"},\"url\":\"https:\/\/www.confagricoltura.org\/piacenza\/author\/confagricolturapiacenza\/\"}]}<\/script>\n<!-- \/ Yoast SEO plugin. -->","yoast_head_json":{"title":"Razzie nei campi: presi di mira anche i depositi di Gasolio - Confagricoltura Piacenza","robots":{"index":"index","follow":"follow","max-snippet":"max-snippet:-1","max-image-preview":"max-image-preview:large","max-video-preview":"max-video-preview:-1"},"canonical":"https:\/\/www.confagricoltura.org\/piacenza\/razzie-nei-campi-presi-di-mira-anche-i-depositi-di-gasolio\/","og_locale":"it_IT","og_type":"article","og_title":"Razzie nei campi: presi di mira anche i depositi di Gasolio - Confagricoltura Piacenza","og_description":"Gasparini: a questo punto a rischio la tenuta psicologica degli agricoltori, chiediamo pi\u00f9 vigilanza","og_url":"https:\/\/www.confagricoltura.org\/piacenza\/razzie-nei-campi-presi-di-mira-anche-i-depositi-di-gasolio\/","og_site_name":"Confagricoltura Piacenza","article_published_time":"2022-06-01T14:03:00+00:00","article_modified_time":"2022-06-13T14:38:50+00:00","og_image":[{"width":320,"height":201,"url":"https:\/\/www.confagricoltura.org\/piacenza\/wp-content\/uploads\/sites\/11\/2022\/06\/files.png","type":"image\/png"}],"author":"confagricolturapiacenza","twitter_card":"summary_large_image","twitter_misc":{"Scritto da":"confagricolturapiacenza","Tempo di lettura stimato":"2 minuti"},"schema":{"@context":"https:\/\/schema.org","@graph":[{"@type":"Article","@id":"https:\/\/www.confagricoltura.org\/piacenza\/razzie-nei-campi-presi-di-mira-anche-i-depositi-di-gasolio\/#article","isPartOf":{"@id":"https:\/\/www.confagricoltura.org\/piacenza\/razzie-nei-campi-presi-di-mira-anche-i-depositi-di-gasolio\/"},"author":{"name":"confagricolturapiacenza","@id":"https:\/\/www.confagricoltura.org\/piacenza\/#\/schema\/person\/be5da25a3117fea4b3bfec9dba09b5e8"},"headline":"Razzie nei campi: presi di mira anche i depositi di Gasolio","datePublished":"2022-06-01T14:03:00+00:00","dateModified":"2022-06-13T14:38:50+00:00","mainEntityOfPage":{"@id":"https:\/\/www.confagricoltura.org\/piacenza\/razzie-nei-campi-presi-di-mira-anche-i-depositi-di-gasolio\/"},"wordCount":435,"image":{"@id":"https:\/\/www.confagricoltura.org\/piacenza\/razzie-nei-campi-presi-di-mira-anche-i-depositi-di-gasolio\/#primaryimage"},"thumbnailUrl":"https:\/\/www.confagricoltura.org\/piacenza\/wp-content\/uploads\/sites\/11\/2022\/06\/files.png","keywords":["furto gasolio"],"articleSection":["Eventi","News"],"inLanguage":"it-IT"},{"@type":"WebPage","@id":"https:\/\/www.confagricoltura.org\/piacenza\/razzie-nei-campi-presi-di-mira-anche-i-depositi-di-gasolio\/","url":"https:\/\/www.confagricoltura.org\/piacenza\/razzie-nei-campi-presi-di-mira-anche-i-depositi-di-gasolio\/","name":"Razzie nei campi: presi di mira anche i depositi di Gasolio - Confagricoltura Piacenza","isPartOf":{"@id":"https:\/\/www.confagricoltura.org\/piacenza\/#website"},"primaryImageOfPage":{"@id":"https:\/\/www.confagricoltura.org\/piacenza\/razzie-nei-campi-presi-di-mira-anche-i-depositi-di-gasolio\/#primaryimage"},"image":{"@id":"https:\/\/www.confagricoltura.org\/piacenza\/razzie-nei-campi-presi-di-mira-anche-i-depositi-di-gasolio\/#primaryimage"},"thumbnailUrl":"https:\/\/www.confagricoltura.org\/piacenza\/wp-content\/uploads\/sites\/11\/2022\/06\/files.png","datePublished":"2022-06-01T14:03:00+00:00","dateModified":"2022-06-13T14:38:50+00:00","author":{"@id":"https:\/\/www.confagricoltura.org\/piacenza\/#\/schema\/person\/be5da25a3117fea4b3bfec9dba09b5e8"},"breadcrumb":{"@id":"https:\/\/www.confagricoltura.org\/piacenza\/razzie-nei-campi-presi-di-mira-anche-i-depositi-di-gasolio\/#breadcrumb"},"inLanguage":"it-IT","potentialAction":[{"@type":"ReadAction","target":["https:\/\/www.confagricoltura.org\/piacenza\/razzie-nei-campi-presi-di-mira-anche-i-depositi-di-gasolio\/"]}]},{"@type":"ImageObject","inLanguage":"it-IT","@id":"https:\/\/www.confagricoltura.org\/piacenza\/razzie-nei-campi-presi-di-mira-anche-i-depositi-di-gasolio\/#primaryimage","url":"https:\/\/www.confagricoltura.org\/piacenza\/wp-content\/uploads\/sites\/11\/2022\/06\/files.png","contentUrl":"https:\/\/www.confagricoltura.org\/piacenza\/wp-content\/uploads\/sites\/11\/2022\/06\/files.png","width":320,"height":201},{"@type":"BreadcrumbList","@id":"https:\/\/www.confagricoltura.org\/piacenza\/razzie-nei-campi-presi-di-mira-anche-i-depositi-di-gasolio\/#breadcrumb","itemListElement":[{"@type":"ListItem","position":1,"name":"Home","item":"https:\/\/www.confagricoltura.org\/piacenza\/"},{"@type":"ListItem","position":2,"name":"Razzie nei campi: presi di mira anche i depositi di Gasolio"}]},{"@type":"WebSite","@id":"https:\/\/www.confagricoltura.org\/piacenza\/#website","url":"https:\/\/www.confagricoltura.org\/piacenza\/","name":"Confagricoltura Piacenza","description":"Dalla parte degli Agricoltori","potentialAction":[{"@type":"SearchAction","target":{"@type":"EntryPoint","urlTemplate":"https:\/\/www.confagricoltura.org\/piacenza\/?s={search_term_string}"},"query-input":{"@type":"PropertyValueSpecification","valueRequired":true,"valueName":"search_term_string"}}],"inLanguage":"it-IT"},{"@type":"Person","@id":"https:\/\/www.confagricoltura.org\/piacenza\/#\/schema\/person\/be5da25a3117fea4b3bfec9dba09b5e8","name":"confagricolturapiacenza","image":{"@type":"ImageObject","inLanguage":"it-IT","@id":"https:\/\/www.confagricoltura.org\/piacenza\/#\/schema\/person\/image\/","url":"https:\/\/secure.gravatar.com\/avatar\/9c5f111e417171581853bd0a3ff892ca?s=96&d=mm&r=g","contentUrl":"https:\/\/secure.gravatar.com\/avatar\/9c5f111e417171581853bd0a3ff892ca?s=96&d=mm&r=g","caption":"confagricolturapiacenza"},"url":"https:\/\/www.confagricoltura.org\/piacenza\/author\/confagricolturapiacenza\/"}]}},"_links":{"self":[{"href":"https:\/\/www.confagricoltura.org\/piacenza\/wp-json\/wp\/v2\/posts\/3824","targetHints":{"allow":["GET"]}}],"collection":[{"href":"https:\/\/www.confagricoltura.org\/piacenza\/wp-json\/wp\/v2\/posts"}],"about":[{"href":"https:\/\/www.confagricoltura.org\/piacenza\/wp-json\/wp\/v2\/types\/post"}],"author":[{"embeddable":true,"href":"https:\/\/www.confagricoltura.org\/piacenza\/wp-json\/wp\/v2\/users\/6"}],"replies":[{"embeddable":true,"href":"https:\/\/www.confagricoltura.org\/piacenza\/wp-json\/wp\/v2\/comments?post=3824"}],"version-history":[{"count":1,"href":"https:\/\/www.confagricoltura.org\/piacenza\/wp-json\/wp\/v2\/posts\/3824\/revisions"}],"predecessor-version":[{"id":3826,"href":"https:\/\/www.confagricoltura.org\/piacenza\/wp-json\/wp\/v2\/posts\/3824\/revisions\/3826"}],"wp:featuredmedia":[{"embeddable":true,"href":"https:\/\/www.confagricoltura.org\/piacenza\/wp-json\/wp\/v2\/media\/3825"}],"wp:attachment":[{"href":"https:\/\/www.confagricoltura.org\/piacenza\/wp-json\/wp\/v2\/media?parent=3824"}],"wp:term":[{"taxonomy":"category","embeddable":true,"href":"https:\/\/www.confagricoltura.org\/piacenza\/wp-json\/wp\/v2\/categories?post=3824"},{"taxonomy":"post_tag","embeddable":true,"href":"https:\/\/www.confagricoltura.org\/piacenza\/wp-json\/wp\/v2\/tags?post=3824"}],"curies":[{"name":"wp","href":"https:\/\/api.w.org\/{rel}","templated":true}]}}