{"id":3820,"date":"2022-05-31T14:20:00","date_gmt":"2022-05-31T12:20:00","guid":{"rendered":"https:\/\/www.confagricoltura.org\/piacenza\/?p=3820"},"modified":"2022-06-01T14:29:44","modified_gmt":"2022-06-01T12:29:44","slug":"a-cena-con-la-scienza-si-parla-di-carne-sintetica-intanto-si-mangia-nostrano","status":"publish","type":"post","link":"https:\/\/www.confagricoltura.org\/piacenza\/a-cena-con-la-scienza-si-parla-di-carne-sintetica-intanto-si-mangia-nostrano\/","title":{"rendered":"A cena con la scienza si parla di carne sintetica, intanto si mangia nostrano"},"content":{"rendered":"\n<p><a href=\"https:\/\/youtu.be\/GmyhQVPFQOs\"><strong>Video della serata<\/strong><\/a><\/p>\n\n\n\n<p>Che fossimo dei privilegiati, per le possibilit\u00e0 che abbiamo di accesso non solo a cibo salubre e in giusta quantit\u00e0, ma anche molto buono, lo sapevamo. Il mondo per\u00f2 ha il problema di riuscire ad alimentare una popolazione in crescita con risorse finite, la scienza si pone dunque l\u2019obiettivo di trovare soluzioni valide. Agnese Codignola nota giornalista scientifica, con trascorsi nella ricerca chimica e farmacologica, non ha mancato di sottolinearlo nella sua relazione \u201cSaremo sintetici: il futuro della carne sar\u00e0 in laboratorio?\u201d nel corso della quale ha sapientemente approfondito il tema della carne sintetica dialogando con il nutrito pubblico presente al secondo appuntamento di A Cena Con La scienza che si \u00e8 tenuto venerd\u00ec 27 maggio presso l\u2019Agriturismo Boschi Celati di Fossadello (Pc). \u201cLa carne sintetica, ossia prodotta in laboratorio, \u00e8 ben diversa dai cibi ultra processati che non hanno chimicamente nulla a che vedere con la carne ed \u00e8 una possibile via. Anzi, \u00e8 una realt\u00e0 che in posti come Singapore vede gi\u00e0 lo sviluppo commerciale di cibi a base di pollo prodotto in laboratorio. Si tratta tecnicamente di carne di pollo in tutto e per tutto \u2013 ha spiegato Codignola \u2013 i test sui consumatori hanno rilevato che le persone non distinguono il prodotto in laboratorio da quello derivante dall\u2019animale macellato. Le comunit\u00e0 religiose che prevedono modalit\u00e0 di macellazione particolari si sono dovute interrogare se fosse un alimento ammesso oppure e no e hanno deciso che era compatibile, dato che di fatto non vi \u00e8 macellazione alcuna.&nbsp; Ma la svolta \u00e8 che si tratta di un alimento sano e con impatti ambientali ridottissimi. Il futuro non pu\u00f2 prescindere da questa possibilit\u00e0 che la scienza sta delineando per poter alimentare pi\u00f9 persone con cibo salubre\u201d. Nell\u2019incontro \u00e8 stato ribadito come l\u2019uomo sia un onnivoro e quindi necessiti delle cosiddette proteine nobili. \u201c\u00c8 tutto sommato coerente anche con l\u2019idea di sviluppo dell\u2019agricoltura che si debbano valutare forme di \u201callevamento\u201d moderno e con questo senza scartare aprioristicamente quelle in laboratorio che potrebbero essere una sorta di ulteriore evoluzione, per certi aspetti, dell\u2019agricoltura stessa &#8211; ha sottolineato Michele Lodigiani, coordinatore di A Cena Con la Scienza &#8211;&nbsp; anche se qui siamo tutti abbastanza convinti che la bont\u00e0 della carne oggi disponibile grazie alla nostra agricoltura e al nostro saper fare, che \u00e8 insieme tecnica e tradizione, permarr\u00e0, probabilmente riservandosi uno spazio di eccellenza. Che la scienza dia il suo contributo per poter reperire proteine nobili indispensabili per un\u2019alimentazione equilibrata \u00e8 coerente anche con il percorso che l\u2019agricoltura stessa ha fatto in passato, specializzandosi e cogliendo le opportunit\u00e0 della tecnica applicata in campo che oggi ci garantiscono un\u2019agricoltura che valorizza e rispetta l\u2019ambiente pur essendo produttiva\u201d.&nbsp; Il ragionamento, ancora una volta \u00e8 stato spunto di riflessione su una comunicazione pubblicitaria in grado di far percepire come salubri alimenti che di fatto non lo sono, come quelli ricchi di sale e addizionati perch\u00e9 ultra processati, e come dannosi altri che invece possono cogliere opportunit\u00e0 individuate dal progresso come furono gli Ogm, davvero vittime di una ingiustificata gogna mediatica. Che il futuro del futuro possa essere la carne di insetto in laboratorio \u00e8 un pensiero che non \u00e8 parso appassionare alcuno dei presenti i quali, data l\u2019ora, hanno preferito adire le tradizionali vie della squisita cucina territoriale offerta dall\u2019agriturismo.<\/p>\n\n\n\n<p>Il ciclo, che quest\u2019anno ha come filo conduttore il rapporto fra uomo, animali e cibo, proseguir\u00e0 il 17 giugno all\u2019agriturismo il Vallone di Alseno, con Don Mirko Dalla Torre che affronter\u00e0 l\u2019argomento sotto l\u2019aspetto filosofico, anche attraverso un\u2019analisi critica delle tesi animaliste. Seguiranno due incontri dopo la pausa estiva: il 9 settembre Filippo de Braud parler\u00e0 degli sviluppi di una ricerca di estremo interesse che sta conducendo sugli effetti della restrizione calorica nella cura dei tumori, per chiudere a fine settembre con Alberto Grandi che parler\u00e0 di quanto la \u201cnarrazione\u201d sul cibo corrisponda alla realt\u00e0 e di quanto invece sia frutto delle mistificazioni del marketing.<\/p>\n","protected":false},"excerpt":{"rendered":"<p>Agnese Codignola all\u2019agriturismo Boschi Celati: dalla scienza le soluzioni per la sicurezza alimentare<\/p>\n","protected":false},"author":6,"featured_media":3821,"comment_status":"closed","ping_status":"closed","sticky":false,"template":"","format":"standard","meta":{"wp_mapbox_gl_js_media":[],"footnotes":""},"categories":[21,4],"tags":[455],"class_list":["post-3820","post","type-post","status-publish","format-standard","has-post-thumbnail","hentry","category-eventi","category-news","tag-codignola"],"yoast_head":"<!-- This site is optimized with the Yoast SEO plugin v26.8 - https:\/\/yoast.com\/product\/yoast-seo-wordpress\/ -->\n<title>A cena con la scienza si parla di carne sintetica, intanto si mangia nostrano - Confagricoltura Piacenza<\/title>\n<meta name=\"robots\" content=\"index, follow, max-snippet:-1, max-image-preview:large, max-video-preview:-1\" \/>\n<link rel=\"canonical\" href=\"https:\/\/www.confagricoltura.org\/piacenza\/a-cena-con-la-scienza-si-parla-di-carne-sintetica-intanto-si-mangia-nostrano\/\" \/>\n<meta property=\"og:locale\" content=\"it_IT\" \/>\n<meta property=\"og:type\" content=\"article\" \/>\n<meta property=\"og:title\" content=\"A cena con la scienza si parla di carne sintetica, intanto si mangia nostrano - Confagricoltura Piacenza\" \/>\n<meta property=\"og:description\" content=\"Agnese Codignola all\u2019agriturismo Boschi Celati: dalla scienza le soluzioni per la sicurezza alimentare\" \/>\n<meta property=\"og:url\" content=\"https:\/\/www.confagricoltura.org\/piacenza\/a-cena-con-la-scienza-si-parla-di-carne-sintetica-intanto-si-mangia-nostrano\/\" \/>\n<meta property=\"og:site_name\" content=\"Confagricoltura Piacenza\" \/>\n<meta property=\"article:published_time\" content=\"2022-05-31T12:20:00+00:00\" \/>\n<meta property=\"article:modified_time\" content=\"2022-06-01T12:29:44+00:00\" \/>\n<meta property=\"og:image\" content=\"https:\/\/www.confagricoltura.org\/piacenza\/wp-content\/uploads\/sites\/11\/2022\/06\/Lodigiani-Codignola-2.jpg\" \/>\n\t<meta property=\"og:image:width\" content=\"2315\" \/>\n\t<meta property=\"og:image:height\" content=\"1736\" \/>\n\t<meta property=\"og:image:type\" content=\"image\/jpeg\" \/>\n<meta name=\"author\" content=\"confagricolturapiacenza\" \/>\n<meta name=\"twitter:card\" content=\"summary_large_image\" \/>\n<meta name=\"twitter:label1\" content=\"Scritto da\" \/>\n\t<meta name=\"twitter:data1\" content=\"confagricolturapiacenza\" \/>\n\t<meta name=\"twitter:label2\" content=\"Tempo di lettura stimato\" \/>\n\t<meta name=\"twitter:data2\" content=\"3 minuti\" \/>\n<script type=\"application\/ld+json\" class=\"yoast-schema-graph\">{\"@context\":\"https:\/\/schema.org\",\"@graph\":[{\"@type\":\"Article\",\"@id\":\"https:\/\/www.confagricoltura.org\/piacenza\/a-cena-con-la-scienza-si-parla-di-carne-sintetica-intanto-si-mangia-nostrano\/#article\",\"isPartOf\":{\"@id\":\"https:\/\/www.confagricoltura.org\/piacenza\/a-cena-con-la-scienza-si-parla-di-carne-sintetica-intanto-si-mangia-nostrano\/\"},\"author\":{\"name\":\"confagricolturapiacenza\",\"@id\":\"https:\/\/www.confagricoltura.org\/piacenza\/#\/schema\/person\/be5da25a3117fea4b3bfec9dba09b5e8\"},\"headline\":\"A cena con la scienza si parla di carne sintetica, intanto si mangia nostrano\",\"datePublished\":\"2022-05-31T12:20:00+00:00\",\"dateModified\":\"2022-06-01T12:29:44+00:00\",\"mainEntityOfPage\":{\"@id\":\"https:\/\/www.confagricoltura.org\/piacenza\/a-cena-con-la-scienza-si-parla-di-carne-sintetica-intanto-si-mangia-nostrano\/\"},\"wordCount\":670,\"image\":{\"@id\":\"https:\/\/www.confagricoltura.org\/piacenza\/a-cena-con-la-scienza-si-parla-di-carne-sintetica-intanto-si-mangia-nostrano\/#primaryimage\"},\"thumbnailUrl\":\"https:\/\/www.confagricoltura.org\/piacenza\/wp-content\/uploads\/sites\/11\/2022\/06\/Lodigiani-Codignola-2.jpg\",\"keywords\":[\"Codignola\"],\"articleSection\":[\"Eventi\",\"News\"],\"inLanguage\":\"it-IT\"},{\"@type\":\"WebPage\",\"@id\":\"https:\/\/www.confagricoltura.org\/piacenza\/a-cena-con-la-scienza-si-parla-di-carne-sintetica-intanto-si-mangia-nostrano\/\",\"url\":\"https:\/\/www.confagricoltura.org\/piacenza\/a-cena-con-la-scienza-si-parla-di-carne-sintetica-intanto-si-mangia-nostrano\/\",\"name\":\"A cena con la scienza si parla di carne sintetica, intanto si mangia nostrano - Confagricoltura Piacenza\",\"isPartOf\":{\"@id\":\"https:\/\/www.confagricoltura.org\/piacenza\/#website\"},\"primaryImageOfPage\":{\"@id\":\"https:\/\/www.confagricoltura.org\/piacenza\/a-cena-con-la-scienza-si-parla-di-carne-sintetica-intanto-si-mangia-nostrano\/#primaryimage\"},\"image\":{\"@id\":\"https:\/\/www.confagricoltura.org\/piacenza\/a-cena-con-la-scienza-si-parla-di-carne-sintetica-intanto-si-mangia-nostrano\/#primaryimage\"},\"thumbnailUrl\":\"https:\/\/www.confagricoltura.org\/piacenza\/wp-content\/uploads\/sites\/11\/2022\/06\/Lodigiani-Codignola-2.jpg\",\"datePublished\":\"2022-05-31T12:20:00+00:00\",\"dateModified\":\"2022-06-01T12:29:44+00:00\",\"author\":{\"@id\":\"https:\/\/www.confagricoltura.org\/piacenza\/#\/schema\/person\/be5da25a3117fea4b3bfec9dba09b5e8\"},\"breadcrumb\":{\"@id\":\"https:\/\/www.confagricoltura.org\/piacenza\/a-cena-con-la-scienza-si-parla-di-carne-sintetica-intanto-si-mangia-nostrano\/#breadcrumb\"},\"inLanguage\":\"it-IT\",\"potentialAction\":[{\"@type\":\"ReadAction\",\"target\":[\"https:\/\/www.confagricoltura.org\/piacenza\/a-cena-con-la-scienza-si-parla-di-carne-sintetica-intanto-si-mangia-nostrano\/\"]}]},{\"@type\":\"ImageObject\",\"inLanguage\":\"it-IT\",\"@id\":\"https:\/\/www.confagricoltura.org\/piacenza\/a-cena-con-la-scienza-si-parla-di-carne-sintetica-intanto-si-mangia-nostrano\/#primaryimage\",\"url\":\"https:\/\/www.confagricoltura.org\/piacenza\/wp-content\/uploads\/sites\/11\/2022\/06\/Lodigiani-Codignola-2.jpg\",\"contentUrl\":\"https:\/\/www.confagricoltura.org\/piacenza\/wp-content\/uploads\/sites\/11\/2022\/06\/Lodigiani-Codignola-2.jpg\",\"width\":2315,\"height\":1736},{\"@type\":\"BreadcrumbList\",\"@id\":\"https:\/\/www.confagricoltura.org\/piacenza\/a-cena-con-la-scienza-si-parla-di-carne-sintetica-intanto-si-mangia-nostrano\/#breadcrumb\",\"itemListElement\":[{\"@type\":\"ListItem\",\"position\":1,\"name\":\"Home\",\"item\":\"https:\/\/www.confagricoltura.org\/piacenza\/\"},{\"@type\":\"ListItem\",\"position\":2,\"name\":\"A cena con la scienza si parla di carne sintetica, intanto si mangia nostrano\"}]},{\"@type\":\"WebSite\",\"@id\":\"https:\/\/www.confagricoltura.org\/piacenza\/#website\",\"url\":\"https:\/\/www.confagricoltura.org\/piacenza\/\",\"name\":\"Confagricoltura Piacenza\",\"description\":\"Dalla parte degli Agricoltori\",\"potentialAction\":[{\"@type\":\"SearchAction\",\"target\":{\"@type\":\"EntryPoint\",\"urlTemplate\":\"https:\/\/www.confagricoltura.org\/piacenza\/?s={search_term_string}\"},\"query-input\":{\"@type\":\"PropertyValueSpecification\",\"valueRequired\":true,\"valueName\":\"search_term_string\"}}],\"inLanguage\":\"it-IT\"},{\"@type\":\"Person\",\"@id\":\"https:\/\/www.confagricoltura.org\/piacenza\/#\/schema\/person\/be5da25a3117fea4b3bfec9dba09b5e8\",\"name\":\"confagricolturapiacenza\",\"image\":{\"@type\":\"ImageObject\",\"inLanguage\":\"it-IT\",\"@id\":\"https:\/\/www.confagricoltura.org\/piacenza\/#\/schema\/person\/image\/\",\"url\":\"https:\/\/secure.gravatar.com\/avatar\/9c5f111e417171581853bd0a3ff892ca?s=96&d=mm&r=g\",\"contentUrl\":\"https:\/\/secure.gravatar.com\/avatar\/9c5f111e417171581853bd0a3ff892ca?s=96&d=mm&r=g\",\"caption\":\"confagricolturapiacenza\"},\"url\":\"https:\/\/www.confagricoltura.org\/piacenza\/author\/confagricolturapiacenza\/\"}]}<\/script>\n<!-- \/ Yoast SEO plugin. -->","yoast_head_json":{"title":"A cena con la scienza si parla di carne sintetica, intanto si mangia nostrano - Confagricoltura Piacenza","robots":{"index":"index","follow":"follow","max-snippet":"max-snippet:-1","max-image-preview":"max-image-preview:large","max-video-preview":"max-video-preview:-1"},"canonical":"https:\/\/www.confagricoltura.org\/piacenza\/a-cena-con-la-scienza-si-parla-di-carne-sintetica-intanto-si-mangia-nostrano\/","og_locale":"it_IT","og_type":"article","og_title":"A cena con la scienza si parla di carne sintetica, intanto si mangia nostrano - Confagricoltura Piacenza","og_description":"Agnese Codignola all\u2019agriturismo Boschi Celati: dalla scienza le soluzioni per la sicurezza alimentare","og_url":"https:\/\/www.confagricoltura.org\/piacenza\/a-cena-con-la-scienza-si-parla-di-carne-sintetica-intanto-si-mangia-nostrano\/","og_site_name":"Confagricoltura Piacenza","article_published_time":"2022-05-31T12:20:00+00:00","article_modified_time":"2022-06-01T12:29:44+00:00","og_image":[{"width":2315,"height":1736,"url":"https:\/\/www.confagricoltura.org\/piacenza\/wp-content\/uploads\/sites\/11\/2022\/06\/Lodigiani-Codignola-2.jpg","type":"image\/jpeg"}],"author":"confagricolturapiacenza","twitter_card":"summary_large_image","twitter_misc":{"Scritto da":"confagricolturapiacenza","Tempo di lettura stimato":"3 minuti"},"schema":{"@context":"https:\/\/schema.org","@graph":[{"@type":"Article","@id":"https:\/\/www.confagricoltura.org\/piacenza\/a-cena-con-la-scienza-si-parla-di-carne-sintetica-intanto-si-mangia-nostrano\/#article","isPartOf":{"@id":"https:\/\/www.confagricoltura.org\/piacenza\/a-cena-con-la-scienza-si-parla-di-carne-sintetica-intanto-si-mangia-nostrano\/"},"author":{"name":"confagricolturapiacenza","@id":"https:\/\/www.confagricoltura.org\/piacenza\/#\/schema\/person\/be5da25a3117fea4b3bfec9dba09b5e8"},"headline":"A cena con la scienza si parla di carne sintetica, intanto si mangia nostrano","datePublished":"2022-05-31T12:20:00+00:00","dateModified":"2022-06-01T12:29:44+00:00","mainEntityOfPage":{"@id":"https:\/\/www.confagricoltura.org\/piacenza\/a-cena-con-la-scienza-si-parla-di-carne-sintetica-intanto-si-mangia-nostrano\/"},"wordCount":670,"image":{"@id":"https:\/\/www.confagricoltura.org\/piacenza\/a-cena-con-la-scienza-si-parla-di-carne-sintetica-intanto-si-mangia-nostrano\/#primaryimage"},"thumbnailUrl":"https:\/\/www.confagricoltura.org\/piacenza\/wp-content\/uploads\/sites\/11\/2022\/06\/Lodigiani-Codignola-2.jpg","keywords":["Codignola"],"articleSection":["Eventi","News"],"inLanguage":"it-IT"},{"@type":"WebPage","@id":"https:\/\/www.confagricoltura.org\/piacenza\/a-cena-con-la-scienza-si-parla-di-carne-sintetica-intanto-si-mangia-nostrano\/","url":"https:\/\/www.confagricoltura.org\/piacenza\/a-cena-con-la-scienza-si-parla-di-carne-sintetica-intanto-si-mangia-nostrano\/","name":"A cena con la scienza si parla di carne sintetica, intanto si mangia nostrano - Confagricoltura Piacenza","isPartOf":{"@id":"https:\/\/www.confagricoltura.org\/piacenza\/#website"},"primaryImageOfPage":{"@id":"https:\/\/www.confagricoltura.org\/piacenza\/a-cena-con-la-scienza-si-parla-di-carne-sintetica-intanto-si-mangia-nostrano\/#primaryimage"},"image":{"@id":"https:\/\/www.confagricoltura.org\/piacenza\/a-cena-con-la-scienza-si-parla-di-carne-sintetica-intanto-si-mangia-nostrano\/#primaryimage"},"thumbnailUrl":"https:\/\/www.confagricoltura.org\/piacenza\/wp-content\/uploads\/sites\/11\/2022\/06\/Lodigiani-Codignola-2.jpg","datePublished":"2022-05-31T12:20:00+00:00","dateModified":"2022-06-01T12:29:44+00:00","author":{"@id":"https:\/\/www.confagricoltura.org\/piacenza\/#\/schema\/person\/be5da25a3117fea4b3bfec9dba09b5e8"},"breadcrumb":{"@id":"https:\/\/www.confagricoltura.org\/piacenza\/a-cena-con-la-scienza-si-parla-di-carne-sintetica-intanto-si-mangia-nostrano\/#breadcrumb"},"inLanguage":"it-IT","potentialAction":[{"@type":"ReadAction","target":["https:\/\/www.confagricoltura.org\/piacenza\/a-cena-con-la-scienza-si-parla-di-carne-sintetica-intanto-si-mangia-nostrano\/"]}]},{"@type":"ImageObject","inLanguage":"it-IT","@id":"https:\/\/www.confagricoltura.org\/piacenza\/a-cena-con-la-scienza-si-parla-di-carne-sintetica-intanto-si-mangia-nostrano\/#primaryimage","url":"https:\/\/www.confagricoltura.org\/piacenza\/wp-content\/uploads\/sites\/11\/2022\/06\/Lodigiani-Codignola-2.jpg","contentUrl":"https:\/\/www.confagricoltura.org\/piacenza\/wp-content\/uploads\/sites\/11\/2022\/06\/Lodigiani-Codignola-2.jpg","width":2315,"height":1736},{"@type":"BreadcrumbList","@id":"https:\/\/www.confagricoltura.org\/piacenza\/a-cena-con-la-scienza-si-parla-di-carne-sintetica-intanto-si-mangia-nostrano\/#breadcrumb","itemListElement":[{"@type":"ListItem","position":1,"name":"Home","item":"https:\/\/www.confagricoltura.org\/piacenza\/"},{"@type":"ListItem","position":2,"name":"A cena con la scienza si parla di carne sintetica, intanto si mangia nostrano"}]},{"@type":"WebSite","@id":"https:\/\/www.confagricoltura.org\/piacenza\/#website","url":"https:\/\/www.confagricoltura.org\/piacenza\/","name":"Confagricoltura Piacenza","description":"Dalla parte degli Agricoltori","potentialAction":[{"@type":"SearchAction","target":{"@type":"EntryPoint","urlTemplate":"https:\/\/www.confagricoltura.org\/piacenza\/?s={search_term_string}"},"query-input":{"@type":"PropertyValueSpecification","valueRequired":true,"valueName":"search_term_string"}}],"inLanguage":"it-IT"},{"@type":"Person","@id":"https:\/\/www.confagricoltura.org\/piacenza\/#\/schema\/person\/be5da25a3117fea4b3bfec9dba09b5e8","name":"confagricolturapiacenza","image":{"@type":"ImageObject","inLanguage":"it-IT","@id":"https:\/\/www.confagricoltura.org\/piacenza\/#\/schema\/person\/image\/","url":"https:\/\/secure.gravatar.com\/avatar\/9c5f111e417171581853bd0a3ff892ca?s=96&d=mm&r=g","contentUrl":"https:\/\/secure.gravatar.com\/avatar\/9c5f111e417171581853bd0a3ff892ca?s=96&d=mm&r=g","caption":"confagricolturapiacenza"},"url":"https:\/\/www.confagricoltura.org\/piacenza\/author\/confagricolturapiacenza\/"}]}},"_links":{"self":[{"href":"https:\/\/www.confagricoltura.org\/piacenza\/wp-json\/wp\/v2\/posts\/3820","targetHints":{"allow":["GET"]}}],"collection":[{"href":"https:\/\/www.confagricoltura.org\/piacenza\/wp-json\/wp\/v2\/posts"}],"about":[{"href":"https:\/\/www.confagricoltura.org\/piacenza\/wp-json\/wp\/v2\/types\/post"}],"author":[{"embeddable":true,"href":"https:\/\/www.confagricoltura.org\/piacenza\/wp-json\/wp\/v2\/users\/6"}],"replies":[{"embeddable":true,"href":"https:\/\/www.confagricoltura.org\/piacenza\/wp-json\/wp\/v2\/comments?post=3820"}],"version-history":[{"count":2,"href":"https:\/\/www.confagricoltura.org\/piacenza\/wp-json\/wp\/v2\/posts\/3820\/revisions"}],"predecessor-version":[{"id":3823,"href":"https:\/\/www.confagricoltura.org\/piacenza\/wp-json\/wp\/v2\/posts\/3820\/revisions\/3823"}],"wp:featuredmedia":[{"embeddable":true,"href":"https:\/\/www.confagricoltura.org\/piacenza\/wp-json\/wp\/v2\/media\/3821"}],"wp:attachment":[{"href":"https:\/\/www.confagricoltura.org\/piacenza\/wp-json\/wp\/v2\/media?parent=3820"}],"wp:term":[{"taxonomy":"category","embeddable":true,"href":"https:\/\/www.confagricoltura.org\/piacenza\/wp-json\/wp\/v2\/categories?post=3820"},{"taxonomy":"post_tag","embeddable":true,"href":"https:\/\/www.confagricoltura.org\/piacenza\/wp-json\/wp\/v2\/tags?post=3820"}],"curies":[{"name":"wp","href":"https:\/\/api.w.org\/{rel}","templated":true}]}}