{"id":3796,"date":"2022-05-18T11:19:36","date_gmt":"2022-05-18T09:19:36","guid":{"rendered":"https:\/\/www.confagricoltura.org\/piacenza\/?p=3796"},"modified":"2022-05-18T11:19:37","modified_gmt":"2022-05-18T09:19:37","slug":"lupo-entra-in-azienda-e-uccide-una-bovina","status":"publish","type":"post","link":"https:\/\/www.confagricoltura.org\/piacenza\/lupo-entra-in-azienda-e-uccide-una-bovina\/","title":{"rendered":"Lupo entra in azienda e uccide una bovina"},"content":{"rendered":"\n<p>\u00c8 successo ancora: nella notte tra il 5 e il sei maggio un lupo \u00e8 entrato in allevamento e ha ucciso. Il fatto \u00e8 avvenuto in una dimensionata azienda di pianura, in un luogo neppure tanto isolato. Una bovina dell\u2019azienda agricola Villa Giardino di Podenzano era stata spostata in una zona tranquilla e isolata dalle altre per potersi riprendere da una zoppia, invece nella notte un esemplare che il sopralluogo del veterinario ha identificato presumibilmente essere stato un grosso lupo l\u2019ha attaccata, uccisa e sventrata.&nbsp;<\/p>\n\n\n\n<p>\u201cL\u2019avevamo spostata per farla stare pi\u00f9 tranquilla e farla riprendere meglio \u2013 spiega Leonardo Bersani, titolare dell\u2019impresa \u2013 la scena che abbiamo avuto davanti al mattino era agghiacciante. I rilievi parlano di un grosso predatore con un\u2019impronta di 10 centimetri. Personalmente, per come \u00e8 stata divorata, credo che il capo-branco l\u2019abbia uccisa, ma non escudo che altri esemplari abbiano partecipato al banchetto. Non era un vitello, ma una vacca da circa 7 quintali che produceva 160 quintali di latte in lattazione: 55 kg di latte al giorno\u201d.<\/p>\n\n\n\n<p>Confagricoltura Piacenza ricorda che non si tratta del primo episodio di attacco da parte di lupi ad animali vivi custoditi in azienda, impressionano ulteriormente, in questo caso, le dimensioni dell\u2019animale abbattuto. Risulta alquanto ipocrita pretendere elevati standard di biosicurezza e benessere degli animali in allevamento se sempre pi\u00f9 frequentemente \u00e8 la fauna selvatica, di propriet\u00e0 dello Stato, a comprometterli.<\/p>\n\n\n\n<p>\u201cNon siamo pi\u00f9 sicuri nelle nostre aziende \u2013 rimarca Filippo Gasparini, presidente di Confagricoltura Piacenza \u2013 n\u00e9 noi, n\u00e9 i nostri animali. La fauna selvatica detta ormai le regole nelle campagne e provoca danni diretti e indiretti. Non parliamo dei problemi che generano i cinghiali, vettori di Psa, che azzerano i raccolti di mais e dove si pu\u00f2 ancora raccogliere qualcosa rendono sconnesso il terreno che finisce nel foraggio e lo contamina, provocando malattie in stalla come il botulino.&nbsp; I piccioni trasmettono la febbre Q. Il benessere dei nostri animali, la biosicurezza dei nostri allevamenti, perseguiti con protocolli rigidissimi e scupolosamente controllati, sono compromessi drammaticamente dalla fauna selvatica che imperversa incontrollata e diffonde malattie oltre che a procurare enormi danni. Credo sia giunto il momento \u2013 conclude Gasparini \u2013 proprio per poter garantire il benessere animale e a tutela del patrimonio zootecnico, di spostare l\u2019attenzione dai capi gestiti dall\u2019uomo e dunque accuditi e curati con perizia, agli animali lasciati a s\u00e9 stessi, liberi di ammalarsi, infettarsi, morire e contaminare, senza che nessuno si curi del loro benessere e dell\u2019impatto che loro hanno sugli animali da reddito e di compagnia per il cui benessere si lavora da sempre. Facciamo una proposta \u2013 conclude il presidente degli agricoltori \u2013 perch\u00e9 non convertiamo il centro di referenza sul benessere animale di Brescia in centro di referenza e controllo delle malattie degli animali selvatici?\u201d.<\/p>\n","protected":false},"excerpt":{"rendered":"<p>Gasparini (Confagricoltura Piacenza): la fauna selvatica invade letteralmente gli allevamenti e fa saltare i protocolli di biosicurezza e benessere animale<\/p>\n","protected":false},"author":6,"featured_media":3797,"comment_status":"closed","ping_status":"closed","sticky":false,"template":"","format":"standard","meta":{"wp_mapbox_gl_js_media":[],"footnotes":""},"categories":[4,18],"tags":[447],"class_list":["post-3796","post","type-post","status-publish","format-standard","has-post-thumbnail","hentry","category-news","category-settore-caccia-pesca","tag-lupo"],"yoast_head":"<!-- This site is optimized with the Yoast SEO plugin v26.8 - https:\/\/yoast.com\/product\/yoast-seo-wordpress\/ -->\n<title>Lupo entra in azienda e uccide una bovina - Confagricoltura Piacenza<\/title>\n<meta name=\"robots\" content=\"index, follow, max-snippet:-1, max-image-preview:large, max-video-preview:-1\" \/>\n<link rel=\"canonical\" href=\"https:\/\/www.confagricoltura.org\/piacenza\/lupo-entra-in-azienda-e-uccide-una-bovina\/\" \/>\n<meta property=\"og:locale\" content=\"it_IT\" \/>\n<meta property=\"og:type\" content=\"article\" \/>\n<meta property=\"og:title\" content=\"Lupo entra in azienda e uccide una bovina - Confagricoltura Piacenza\" \/>\n<meta property=\"og:description\" content=\"Gasparini (Confagricoltura Piacenza): la fauna selvatica invade letteralmente gli allevamenti e fa saltare i protocolli di biosicurezza e benessere animale\" \/>\n<meta property=\"og:url\" content=\"https:\/\/www.confagricoltura.org\/piacenza\/lupo-entra-in-azienda-e-uccide-una-bovina\/\" \/>\n<meta property=\"og:site_name\" content=\"Confagricoltura Piacenza\" \/>\n<meta property=\"article:published_time\" content=\"2022-05-18T09:19:36+00:00\" \/>\n<meta property=\"article:modified_time\" content=\"2022-05-18T09:19:37+00:00\" \/>\n<meta property=\"og:image\" content=\"https:\/\/www.confagricoltura.org\/piacenza\/wp-content\/uploads\/sites\/11\/2022\/05\/Bovina-uccisa-a-Villa-Giardino.jpg\" \/>\n\t<meta property=\"og:image:width\" content=\"1389\" \/>\n\t<meta property=\"og:image:height\" content=\"1116\" \/>\n\t<meta property=\"og:image:type\" content=\"image\/jpeg\" \/>\n<meta name=\"author\" content=\"confagricolturapiacenza\" \/>\n<meta name=\"twitter:card\" content=\"summary_large_image\" \/>\n<meta name=\"twitter:label1\" content=\"Scritto da\" \/>\n\t<meta name=\"twitter:data1\" content=\"confagricolturapiacenza\" \/>\n\t<meta name=\"twitter:label2\" content=\"Tempo di lettura stimato\" \/>\n\t<meta name=\"twitter:data2\" content=\"2 minuti\" \/>\n<script type=\"application\/ld+json\" class=\"yoast-schema-graph\">{\"@context\":\"https:\/\/schema.org\",\"@graph\":[{\"@type\":\"Article\",\"@id\":\"https:\/\/www.confagricoltura.org\/piacenza\/lupo-entra-in-azienda-e-uccide-una-bovina\/#article\",\"isPartOf\":{\"@id\":\"https:\/\/www.confagricoltura.org\/piacenza\/lupo-entra-in-azienda-e-uccide-una-bovina\/\"},\"author\":{\"name\":\"confagricolturapiacenza\",\"@id\":\"https:\/\/www.confagricoltura.org\/piacenza\/#\/schema\/person\/be5da25a3117fea4b3bfec9dba09b5e8\"},\"headline\":\"Lupo entra in azienda e uccide una bovina\",\"datePublished\":\"2022-05-18T09:19:36+00:00\",\"dateModified\":\"2022-05-18T09:19:37+00:00\",\"mainEntityOfPage\":{\"@id\":\"https:\/\/www.confagricoltura.org\/piacenza\/lupo-entra-in-azienda-e-uccide-una-bovina\/\"},\"wordCount\":463,\"image\":{\"@id\":\"https:\/\/www.confagricoltura.org\/piacenza\/lupo-entra-in-azienda-e-uccide-una-bovina\/#primaryimage\"},\"thumbnailUrl\":\"https:\/\/www.confagricoltura.org\/piacenza\/wp-content\/uploads\/sites\/11\/2022\/05\/Bovina-uccisa-a-Villa-Giardino.jpg\",\"keywords\":[\"lupo\"],\"articleSection\":[\"News\",\"Settore caccia e pesca\"],\"inLanguage\":\"it-IT\"},{\"@type\":\"WebPage\",\"@id\":\"https:\/\/www.confagricoltura.org\/piacenza\/lupo-entra-in-azienda-e-uccide-una-bovina\/\",\"url\":\"https:\/\/www.confagricoltura.org\/piacenza\/lupo-entra-in-azienda-e-uccide-una-bovina\/\",\"name\":\"Lupo entra in azienda e uccide una bovina - Confagricoltura Piacenza\",\"isPartOf\":{\"@id\":\"https:\/\/www.confagricoltura.org\/piacenza\/#website\"},\"primaryImageOfPage\":{\"@id\":\"https:\/\/www.confagricoltura.org\/piacenza\/lupo-entra-in-azienda-e-uccide-una-bovina\/#primaryimage\"},\"image\":{\"@id\":\"https:\/\/www.confagricoltura.org\/piacenza\/lupo-entra-in-azienda-e-uccide-una-bovina\/#primaryimage\"},\"thumbnailUrl\":\"https:\/\/www.confagricoltura.org\/piacenza\/wp-content\/uploads\/sites\/11\/2022\/05\/Bovina-uccisa-a-Villa-Giardino.jpg\",\"datePublished\":\"2022-05-18T09:19:36+00:00\",\"dateModified\":\"2022-05-18T09:19:37+00:00\",\"author\":{\"@id\":\"https:\/\/www.confagricoltura.org\/piacenza\/#\/schema\/person\/be5da25a3117fea4b3bfec9dba09b5e8\"},\"breadcrumb\":{\"@id\":\"https:\/\/www.confagricoltura.org\/piacenza\/lupo-entra-in-azienda-e-uccide-una-bovina\/#breadcrumb\"},\"inLanguage\":\"it-IT\",\"potentialAction\":[{\"@type\":\"ReadAction\",\"target\":[\"https:\/\/www.confagricoltura.org\/piacenza\/lupo-entra-in-azienda-e-uccide-una-bovina\/\"]}]},{\"@type\":\"ImageObject\",\"inLanguage\":\"it-IT\",\"@id\":\"https:\/\/www.confagricoltura.org\/piacenza\/lupo-entra-in-azienda-e-uccide-una-bovina\/#primaryimage\",\"url\":\"https:\/\/www.confagricoltura.org\/piacenza\/wp-content\/uploads\/sites\/11\/2022\/05\/Bovina-uccisa-a-Villa-Giardino.jpg\",\"contentUrl\":\"https:\/\/www.confagricoltura.org\/piacenza\/wp-content\/uploads\/sites\/11\/2022\/05\/Bovina-uccisa-a-Villa-Giardino.jpg\",\"width\":1389,\"height\":1116},{\"@type\":\"BreadcrumbList\",\"@id\":\"https:\/\/www.confagricoltura.org\/piacenza\/lupo-entra-in-azienda-e-uccide-una-bovina\/#breadcrumb\",\"itemListElement\":[{\"@type\":\"ListItem\",\"position\":1,\"name\":\"Home\",\"item\":\"https:\/\/www.confagricoltura.org\/piacenza\/\"},{\"@type\":\"ListItem\",\"position\":2,\"name\":\"Lupo entra in azienda e uccide una bovina\"}]},{\"@type\":\"WebSite\",\"@id\":\"https:\/\/www.confagricoltura.org\/piacenza\/#website\",\"url\":\"https:\/\/www.confagricoltura.org\/piacenza\/\",\"name\":\"Confagricoltura Piacenza\",\"description\":\"Dalla parte degli Agricoltori\",\"potentialAction\":[{\"@type\":\"SearchAction\",\"target\":{\"@type\":\"EntryPoint\",\"urlTemplate\":\"https:\/\/www.confagricoltura.org\/piacenza\/?s={search_term_string}\"},\"query-input\":{\"@type\":\"PropertyValueSpecification\",\"valueRequired\":true,\"valueName\":\"search_term_string\"}}],\"inLanguage\":\"it-IT\"},{\"@type\":\"Person\",\"@id\":\"https:\/\/www.confagricoltura.org\/piacenza\/#\/schema\/person\/be5da25a3117fea4b3bfec9dba09b5e8\",\"name\":\"confagricolturapiacenza\",\"image\":{\"@type\":\"ImageObject\",\"inLanguage\":\"it-IT\",\"@id\":\"https:\/\/www.confagricoltura.org\/piacenza\/#\/schema\/person\/image\/\",\"url\":\"https:\/\/secure.gravatar.com\/avatar\/9c5f111e417171581853bd0a3ff892ca?s=96&d=mm&r=g\",\"contentUrl\":\"https:\/\/secure.gravatar.com\/avatar\/9c5f111e417171581853bd0a3ff892ca?s=96&d=mm&r=g\",\"caption\":\"confagricolturapiacenza\"},\"url\":\"https:\/\/www.confagricoltura.org\/piacenza\/author\/confagricolturapiacenza\/\"}]}<\/script>\n<!-- \/ Yoast SEO plugin. -->","yoast_head_json":{"title":"Lupo entra in azienda e uccide una bovina - Confagricoltura Piacenza","robots":{"index":"index","follow":"follow","max-snippet":"max-snippet:-1","max-image-preview":"max-image-preview:large","max-video-preview":"max-video-preview:-1"},"canonical":"https:\/\/www.confagricoltura.org\/piacenza\/lupo-entra-in-azienda-e-uccide-una-bovina\/","og_locale":"it_IT","og_type":"article","og_title":"Lupo entra in azienda e uccide una bovina - Confagricoltura Piacenza","og_description":"Gasparini (Confagricoltura Piacenza): la fauna selvatica invade letteralmente gli allevamenti e fa saltare i protocolli di biosicurezza e benessere animale","og_url":"https:\/\/www.confagricoltura.org\/piacenza\/lupo-entra-in-azienda-e-uccide-una-bovina\/","og_site_name":"Confagricoltura Piacenza","article_published_time":"2022-05-18T09:19:36+00:00","article_modified_time":"2022-05-18T09:19:37+00:00","og_image":[{"width":1389,"height":1116,"url":"https:\/\/www.confagricoltura.org\/piacenza\/wp-content\/uploads\/sites\/11\/2022\/05\/Bovina-uccisa-a-Villa-Giardino.jpg","type":"image\/jpeg"}],"author":"confagricolturapiacenza","twitter_card":"summary_large_image","twitter_misc":{"Scritto da":"confagricolturapiacenza","Tempo di lettura stimato":"2 minuti"},"schema":{"@context":"https:\/\/schema.org","@graph":[{"@type":"Article","@id":"https:\/\/www.confagricoltura.org\/piacenza\/lupo-entra-in-azienda-e-uccide-una-bovina\/#article","isPartOf":{"@id":"https:\/\/www.confagricoltura.org\/piacenza\/lupo-entra-in-azienda-e-uccide-una-bovina\/"},"author":{"name":"confagricolturapiacenza","@id":"https:\/\/www.confagricoltura.org\/piacenza\/#\/schema\/person\/be5da25a3117fea4b3bfec9dba09b5e8"},"headline":"Lupo entra in azienda e uccide una bovina","datePublished":"2022-05-18T09:19:36+00:00","dateModified":"2022-05-18T09:19:37+00:00","mainEntityOfPage":{"@id":"https:\/\/www.confagricoltura.org\/piacenza\/lupo-entra-in-azienda-e-uccide-una-bovina\/"},"wordCount":463,"image":{"@id":"https:\/\/www.confagricoltura.org\/piacenza\/lupo-entra-in-azienda-e-uccide-una-bovina\/#primaryimage"},"thumbnailUrl":"https:\/\/www.confagricoltura.org\/piacenza\/wp-content\/uploads\/sites\/11\/2022\/05\/Bovina-uccisa-a-Villa-Giardino.jpg","keywords":["lupo"],"articleSection":["News","Settore caccia e pesca"],"inLanguage":"it-IT"},{"@type":"WebPage","@id":"https:\/\/www.confagricoltura.org\/piacenza\/lupo-entra-in-azienda-e-uccide-una-bovina\/","url":"https:\/\/www.confagricoltura.org\/piacenza\/lupo-entra-in-azienda-e-uccide-una-bovina\/","name":"Lupo entra in azienda e uccide una bovina - Confagricoltura Piacenza","isPartOf":{"@id":"https:\/\/www.confagricoltura.org\/piacenza\/#website"},"primaryImageOfPage":{"@id":"https:\/\/www.confagricoltura.org\/piacenza\/lupo-entra-in-azienda-e-uccide-una-bovina\/#primaryimage"},"image":{"@id":"https:\/\/www.confagricoltura.org\/piacenza\/lupo-entra-in-azienda-e-uccide-una-bovina\/#primaryimage"},"thumbnailUrl":"https:\/\/www.confagricoltura.org\/piacenza\/wp-content\/uploads\/sites\/11\/2022\/05\/Bovina-uccisa-a-Villa-Giardino.jpg","datePublished":"2022-05-18T09:19:36+00:00","dateModified":"2022-05-18T09:19:37+00:00","author":{"@id":"https:\/\/www.confagricoltura.org\/piacenza\/#\/schema\/person\/be5da25a3117fea4b3bfec9dba09b5e8"},"breadcrumb":{"@id":"https:\/\/www.confagricoltura.org\/piacenza\/lupo-entra-in-azienda-e-uccide-una-bovina\/#breadcrumb"},"inLanguage":"it-IT","potentialAction":[{"@type":"ReadAction","target":["https:\/\/www.confagricoltura.org\/piacenza\/lupo-entra-in-azienda-e-uccide-una-bovina\/"]}]},{"@type":"ImageObject","inLanguage":"it-IT","@id":"https:\/\/www.confagricoltura.org\/piacenza\/lupo-entra-in-azienda-e-uccide-una-bovina\/#primaryimage","url":"https:\/\/www.confagricoltura.org\/piacenza\/wp-content\/uploads\/sites\/11\/2022\/05\/Bovina-uccisa-a-Villa-Giardino.jpg","contentUrl":"https:\/\/www.confagricoltura.org\/piacenza\/wp-content\/uploads\/sites\/11\/2022\/05\/Bovina-uccisa-a-Villa-Giardino.jpg","width":1389,"height":1116},{"@type":"BreadcrumbList","@id":"https:\/\/www.confagricoltura.org\/piacenza\/lupo-entra-in-azienda-e-uccide-una-bovina\/#breadcrumb","itemListElement":[{"@type":"ListItem","position":1,"name":"Home","item":"https:\/\/www.confagricoltura.org\/piacenza\/"},{"@type":"ListItem","position":2,"name":"Lupo entra in azienda e uccide una bovina"}]},{"@type":"WebSite","@id":"https:\/\/www.confagricoltura.org\/piacenza\/#website","url":"https:\/\/www.confagricoltura.org\/piacenza\/","name":"Confagricoltura Piacenza","description":"Dalla parte degli Agricoltori","potentialAction":[{"@type":"SearchAction","target":{"@type":"EntryPoint","urlTemplate":"https:\/\/www.confagricoltura.org\/piacenza\/?s={search_term_string}"},"query-input":{"@type":"PropertyValueSpecification","valueRequired":true,"valueName":"search_term_string"}}],"inLanguage":"it-IT"},{"@type":"Person","@id":"https:\/\/www.confagricoltura.org\/piacenza\/#\/schema\/person\/be5da25a3117fea4b3bfec9dba09b5e8","name":"confagricolturapiacenza","image":{"@type":"ImageObject","inLanguage":"it-IT","@id":"https:\/\/www.confagricoltura.org\/piacenza\/#\/schema\/person\/image\/","url":"https:\/\/secure.gravatar.com\/avatar\/9c5f111e417171581853bd0a3ff892ca?s=96&d=mm&r=g","contentUrl":"https:\/\/secure.gravatar.com\/avatar\/9c5f111e417171581853bd0a3ff892ca?s=96&d=mm&r=g","caption":"confagricolturapiacenza"},"url":"https:\/\/www.confagricoltura.org\/piacenza\/author\/confagricolturapiacenza\/"}]}},"_links":{"self":[{"href":"https:\/\/www.confagricoltura.org\/piacenza\/wp-json\/wp\/v2\/posts\/3796","targetHints":{"allow":["GET"]}}],"collection":[{"href":"https:\/\/www.confagricoltura.org\/piacenza\/wp-json\/wp\/v2\/posts"}],"about":[{"href":"https:\/\/www.confagricoltura.org\/piacenza\/wp-json\/wp\/v2\/types\/post"}],"author":[{"embeddable":true,"href":"https:\/\/www.confagricoltura.org\/piacenza\/wp-json\/wp\/v2\/users\/6"}],"replies":[{"embeddable":true,"href":"https:\/\/www.confagricoltura.org\/piacenza\/wp-json\/wp\/v2\/comments?post=3796"}],"version-history":[{"count":1,"href":"https:\/\/www.confagricoltura.org\/piacenza\/wp-json\/wp\/v2\/posts\/3796\/revisions"}],"predecessor-version":[{"id":3798,"href":"https:\/\/www.confagricoltura.org\/piacenza\/wp-json\/wp\/v2\/posts\/3796\/revisions\/3798"}],"wp:featuredmedia":[{"embeddable":true,"href":"https:\/\/www.confagricoltura.org\/piacenza\/wp-json\/wp\/v2\/media\/3797"}],"wp:attachment":[{"href":"https:\/\/www.confagricoltura.org\/piacenza\/wp-json\/wp\/v2\/media?parent=3796"}],"wp:term":[{"taxonomy":"category","embeddable":true,"href":"https:\/\/www.confagricoltura.org\/piacenza\/wp-json\/wp\/v2\/categories?post=3796"},{"taxonomy":"post_tag","embeddable":true,"href":"https:\/\/www.confagricoltura.org\/piacenza\/wp-json\/wp\/v2\/tags?post=3796"}],"curies":[{"name":"wp","href":"https:\/\/api.w.org\/{rel}","templated":true}]}}