{"id":3790,"date":"2022-05-10T12:33:00","date_gmt":"2022-05-10T10:33:00","guid":{"rendered":"https:\/\/www.confagricoltura.org\/piacenza\/?p=3790"},"modified":"2022-06-01T14:19:28","modified_gmt":"2022-06-01T12:19:28","slug":"ballarini-inaugura-la-xiii-edizione-di-a-cena-con-la-scienza","status":"publish","type":"post","link":"https:\/\/www.confagricoltura.org\/piacenza\/ballarini-inaugura-la-xiii-edizione-di-a-cena-con-la-scienza\/","title":{"rendered":"Ballarini inaugura la XIII edizione di A Cena con la Scienza"},"content":{"rendered":"\n<p><a href=\"https:\/\/youtu.be\/YztV5DUccA4\"><strong>Video Primo Appuntamento<\/strong><\/a><\/p>\n\n\n\n<p>Ad inaugurare la tredicesima edizione del ciclo A Cena Con La Scienza, la sera del 6 maggio all\u2019Agriturismo Battibue di Fiorenzuola d\u2019Arda (Pc), ci ha pensato Giovanni Ballarini, professore emerito dell\u2019Universit\u00e0 di Parma, brillantissimo, con i suoi 95 anni, ha stregato la folta platea dell&#8217;azienda con una relazione sull&#8217;antropologia della carne con la quale ha indagato i nessi tra sviluppo antropologico e consumo di carne. Ha citato persino la Bibbia, come testo antico, per analizzare l&#8217;elemento dal punto di vista culturale e sociologico. Ha percorso a grandi passi la storia e illustrato come il consumo di carne sia, da sempre, socialmente distintivo.<\/p>\n\n\n\n<p>\u201cA un certo punto del nostro sviluppo ci sono tre eventi tra loro inscindibilmente uniti \u2013 ha detto Ballarini \u2013 l\u2019uso del fuoco per cucinare la carne, il suo consumo come alimento e lo sviluppo del cervello. I denti canini indicano che siamo carnivori, i molari che mangiamo anche vegetali: siamo onnivori e se ogni cultura elabora un proprio rapporto con la carne, non \u00e8 cos\u00ec per l\u2019evoluzione che ha tempi molto pi\u00f9 lunghi. Per l\u2019uomo la carne \u00e8 una necessit\u00e0 biologica e fornisce l\u2019energia necessaria a far funzionare il cervello\u201d.<\/p>\n\n\n\n<p>\u201cPesa cosa mangiavano i nostri antenati un milione di anni fa, dal punto di vista evolutivo la nostra specie ha le stesse necessit\u00e0 biologiche di mezzo milione di anni fa, ci\u00f2 che cambia rapidamente, invece, \u00e8 il rapporto tra l\u2019uomo e il consumo di carne. Ogni societ\u00e0 entra a cambiare questo rapporto \u2013 ha spiegato Ballarini \u2013 il consumo di carne viene valutato diversamente oggi rispetto a prima degli anni \u201950 quando c\u2019era poca disponibilit\u00e0, cos\u00ec come differente \u00e8 il giudizio espresso nella nostra cultura rispetto a quella indiana. Considerare il rapporto tra l\u2019uomo e la carne significa valutare un\u2019enormit\u00e0 di cose\u201d. Facendo sintesi tra citazioni ed esempi: \u201cla carne \u00e8 un grande indicatore sociale, considerata preziosa da sempre\u201d. La platea sorride quando chiede chi ha mangiato rognone o fegato nell\u2019ultimo mese, perch\u00e9 rende evidente come le abitudini di consumo si siano modificate anche solo in qualche decennio. Di fronte all\u2019avanzata dei cibi iper processati che vogliono imitare la carne e guardando in prospettiva alla carne sintetica spiega: \u201cNiente \u00e8 pi\u00f9 sintetico della Coca-Cola eppure le bibite hanno portato a un miglioramento dei vini. Beviamo molto meno vino di un tempo, da alimento che dava energia, oggi \u00e8 un business di qualit\u00e0 e l\u2019artificiale, le bibite, hanno contribuito a mettere in evidenza la qualit\u00e0 e la tipicit\u00e0 della naturalit\u00e0, perch\u00e9 non si pu\u00f2 dimenticare la natura. La carne dovr\u00e0 confrontarsi con l\u2019artificiale, ma come le bevande hanno fatto innalzare la qualit\u00e0 dei vini, l\u2019avanzata degli alimenti artificiali migliorer\u00e0 la produzione degli alimenti naturali e quindi delle carni. La carne \u00e8 una necessit\u00e0 biologica, culturale, una passione: avr\u00e0 un futuro legato alla qualit\u00e0 perch\u00e9 le passioni non scompaiono mai. Potrei iniziare un discorso su come fare una carne di qualit\u00e0, ma non vi voglio raccontare ora cosa vi dir\u00f2 l\u2019anno prossimo\u201d.<\/p>\n\n\n\n<p>Michele Lodigiani, gi\u00e0 presidente di Confagricoltura Piacenza e coordinatore dell\u2019iniziativa patrocinata da Confagricoltura Piacenza e Agriturist, non ha mancato di cogliere la disponibilit\u00e0. A fare gli onori di casa \u00e8 stato Gianpietro Bisagni, presidente regionale e provinciale di Agriturist, l\u2019associazione degli agriturismi di Confagricoltura. Presente alla serata anche Filippo Gasparini, presidente di Confagricoltura Piacenza. In sala diversi professionisti: molti veterinari e professori universitari.<\/p>\n\n\n\n<p>Il ciclo, che quest\u2019anno ha come filo conduttore il rapporto fra uomo, animali e cibo, proseguir\u00e0 con Agnese Codignola, che far\u00e0 il punto sullo stato d\u2019avanzamento delle tecnologie volte alla produzione di carne in vitro \u2013 il 27 maggio all\u2019agriturismo Boschi Celati, poi sar\u00e0 la volta di Don Mirko Dalla Torre che affronter\u00e0 l\u2019argomento sotto l\u2019aspetto filosofico, anche attraverso un\u2019analisi critica delle tesi animaliste.&nbsp; Quindi Filippo de Braud parler\u00e0 degli sviluppi di una ricerca di estremo interesse che sta conducendo sugli effetti della restrizione calorica nella cura dei tumori.&nbsp; Per chiudere a fine settembre con Alberto Grandi che parler\u00e0 di quanto la \u201cnarrazione\u201d sul cibo corrisponda alla realt\u00e0 e di quanto invece sia frutto delle mistificazioni del marketing.<\/p>\n","protected":false},"excerpt":{"rendered":"<p>A quasi un secolo, il professore strega il pubblico e d\u00e0 appuntamento all\u2019anno prossimo<\/p>\n","protected":false},"author":6,"featured_media":3791,"comment_status":"closed","ping_status":"closed","sticky":false,"template":"","format":"standard","meta":{"wp_mapbox_gl_js_media":[],"footnotes":""},"categories":[21,4],"tags":[97],"class_list":["post-3790","post","type-post","status-publish","format-standard","has-post-thumbnail","hentry","category-eventi","category-news","tag-a-cena-con-la-scienza"],"yoast_head":"<!-- This site is optimized with the Yoast SEO plugin v26.8 - https:\/\/yoast.com\/product\/yoast-seo-wordpress\/ -->\n<title>Ballarini inaugura la XIII edizione di A Cena con la Scienza - Confagricoltura Piacenza<\/title>\n<meta name=\"robots\" content=\"index, follow, max-snippet:-1, max-image-preview:large, max-video-preview:-1\" \/>\n<link rel=\"canonical\" href=\"https:\/\/www.confagricoltura.org\/piacenza\/ballarini-inaugura-la-xiii-edizione-di-a-cena-con-la-scienza\/\" \/>\n<meta property=\"og:locale\" content=\"it_IT\" \/>\n<meta property=\"og:type\" content=\"article\" \/>\n<meta property=\"og:title\" content=\"Ballarini inaugura la XIII edizione di A Cena con la Scienza - Confagricoltura Piacenza\" \/>\n<meta property=\"og:description\" content=\"A quasi un secolo, il professore strega il pubblico e d\u00e0 appuntamento all\u2019anno prossimo\" \/>\n<meta property=\"og:url\" content=\"https:\/\/www.confagricoltura.org\/piacenza\/ballarini-inaugura-la-xiii-edizione-di-a-cena-con-la-scienza\/\" \/>\n<meta property=\"og:site_name\" content=\"Confagricoltura Piacenza\" \/>\n<meta property=\"article:published_time\" content=\"2022-05-10T10:33:00+00:00\" \/>\n<meta property=\"article:modified_time\" content=\"2022-06-01T12:19:28+00:00\" \/>\n<meta property=\"og:image\" content=\"https:\/\/www.confagricoltura.org\/piacenza\/wp-content\/uploads\/sites\/11\/2022\/05\/Gasparini-Lodigiani-Ballarini.jpg\" \/>\n\t<meta property=\"og:image:width\" content=\"1559\" \/>\n\t<meta property=\"og:image:height\" content=\"1169\" \/>\n\t<meta property=\"og:image:type\" content=\"image\/jpeg\" \/>\n<meta name=\"author\" content=\"confagricolturapiacenza\" \/>\n<meta name=\"twitter:card\" content=\"summary_large_image\" \/>\n<meta name=\"twitter:label1\" content=\"Scritto da\" \/>\n\t<meta name=\"twitter:data1\" content=\"confagricolturapiacenza\" \/>\n\t<meta name=\"twitter:label2\" content=\"Tempo di lettura stimato\" \/>\n\t<meta name=\"twitter:data2\" content=\"3 minuti\" \/>\n<script type=\"application\/ld+json\" class=\"yoast-schema-graph\">{\"@context\":\"https:\/\/schema.org\",\"@graph\":[{\"@type\":\"Article\",\"@id\":\"https:\/\/www.confagricoltura.org\/piacenza\/ballarini-inaugura-la-xiii-edizione-di-a-cena-con-la-scienza\/#article\",\"isPartOf\":{\"@id\":\"https:\/\/www.confagricoltura.org\/piacenza\/ballarini-inaugura-la-xiii-edizione-di-a-cena-con-la-scienza\/\"},\"author\":{\"name\":\"confagricolturapiacenza\",\"@id\":\"https:\/\/www.confagricoltura.org\/piacenza\/#\/schema\/person\/be5da25a3117fea4b3bfec9dba09b5e8\"},\"headline\":\"Ballarini inaugura la XIII edizione di A Cena con la Scienza\",\"datePublished\":\"2022-05-10T10:33:00+00:00\",\"dateModified\":\"2022-06-01T12:19:28+00:00\",\"mainEntityOfPage\":{\"@id\":\"https:\/\/www.confagricoltura.org\/piacenza\/ballarini-inaugura-la-xiii-edizione-di-a-cena-con-la-scienza\/\"},\"wordCount\":700,\"image\":{\"@id\":\"https:\/\/www.confagricoltura.org\/piacenza\/ballarini-inaugura-la-xiii-edizione-di-a-cena-con-la-scienza\/#primaryimage\"},\"thumbnailUrl\":\"https:\/\/www.confagricoltura.org\/piacenza\/wp-content\/uploads\/sites\/11\/2022\/05\/Gasparini-Lodigiani-Ballarini.jpg\",\"keywords\":[\"A CENA CON LA SCIENZA\"],\"articleSection\":[\"Eventi\",\"News\"],\"inLanguage\":\"it-IT\"},{\"@type\":\"WebPage\",\"@id\":\"https:\/\/www.confagricoltura.org\/piacenza\/ballarini-inaugura-la-xiii-edizione-di-a-cena-con-la-scienza\/\",\"url\":\"https:\/\/www.confagricoltura.org\/piacenza\/ballarini-inaugura-la-xiii-edizione-di-a-cena-con-la-scienza\/\",\"name\":\"Ballarini inaugura la XIII edizione di A Cena con la Scienza - Confagricoltura Piacenza\",\"isPartOf\":{\"@id\":\"https:\/\/www.confagricoltura.org\/piacenza\/#website\"},\"primaryImageOfPage\":{\"@id\":\"https:\/\/www.confagricoltura.org\/piacenza\/ballarini-inaugura-la-xiii-edizione-di-a-cena-con-la-scienza\/#primaryimage\"},\"image\":{\"@id\":\"https:\/\/www.confagricoltura.org\/piacenza\/ballarini-inaugura-la-xiii-edizione-di-a-cena-con-la-scienza\/#primaryimage\"},\"thumbnailUrl\":\"https:\/\/www.confagricoltura.org\/piacenza\/wp-content\/uploads\/sites\/11\/2022\/05\/Gasparini-Lodigiani-Ballarini.jpg\",\"datePublished\":\"2022-05-10T10:33:00+00:00\",\"dateModified\":\"2022-06-01T12:19:28+00:00\",\"author\":{\"@id\":\"https:\/\/www.confagricoltura.org\/piacenza\/#\/schema\/person\/be5da25a3117fea4b3bfec9dba09b5e8\"},\"breadcrumb\":{\"@id\":\"https:\/\/www.confagricoltura.org\/piacenza\/ballarini-inaugura-la-xiii-edizione-di-a-cena-con-la-scienza\/#breadcrumb\"},\"inLanguage\":\"it-IT\",\"potentialAction\":[{\"@type\":\"ReadAction\",\"target\":[\"https:\/\/www.confagricoltura.org\/piacenza\/ballarini-inaugura-la-xiii-edizione-di-a-cena-con-la-scienza\/\"]}]},{\"@type\":\"ImageObject\",\"inLanguage\":\"it-IT\",\"@id\":\"https:\/\/www.confagricoltura.org\/piacenza\/ballarini-inaugura-la-xiii-edizione-di-a-cena-con-la-scienza\/#primaryimage\",\"url\":\"https:\/\/www.confagricoltura.org\/piacenza\/wp-content\/uploads\/sites\/11\/2022\/05\/Gasparini-Lodigiani-Ballarini.jpg\",\"contentUrl\":\"https:\/\/www.confagricoltura.org\/piacenza\/wp-content\/uploads\/sites\/11\/2022\/05\/Gasparini-Lodigiani-Ballarini.jpg\",\"width\":1559,\"height\":1169},{\"@type\":\"BreadcrumbList\",\"@id\":\"https:\/\/www.confagricoltura.org\/piacenza\/ballarini-inaugura-la-xiii-edizione-di-a-cena-con-la-scienza\/#breadcrumb\",\"itemListElement\":[{\"@type\":\"ListItem\",\"position\":1,\"name\":\"Home\",\"item\":\"https:\/\/www.confagricoltura.org\/piacenza\/\"},{\"@type\":\"ListItem\",\"position\":2,\"name\":\"Ballarini inaugura la XIII edizione di A Cena con la Scienza\"}]},{\"@type\":\"WebSite\",\"@id\":\"https:\/\/www.confagricoltura.org\/piacenza\/#website\",\"url\":\"https:\/\/www.confagricoltura.org\/piacenza\/\",\"name\":\"Confagricoltura Piacenza\",\"description\":\"Dalla parte degli Agricoltori\",\"potentialAction\":[{\"@type\":\"SearchAction\",\"target\":{\"@type\":\"EntryPoint\",\"urlTemplate\":\"https:\/\/www.confagricoltura.org\/piacenza\/?s={search_term_string}\"},\"query-input\":{\"@type\":\"PropertyValueSpecification\",\"valueRequired\":true,\"valueName\":\"search_term_string\"}}],\"inLanguage\":\"it-IT\"},{\"@type\":\"Person\",\"@id\":\"https:\/\/www.confagricoltura.org\/piacenza\/#\/schema\/person\/be5da25a3117fea4b3bfec9dba09b5e8\",\"name\":\"confagricolturapiacenza\",\"image\":{\"@type\":\"ImageObject\",\"inLanguage\":\"it-IT\",\"@id\":\"https:\/\/www.confagricoltura.org\/piacenza\/#\/schema\/person\/image\/\",\"url\":\"https:\/\/secure.gravatar.com\/avatar\/9c5f111e417171581853bd0a3ff892ca?s=96&d=mm&r=g\",\"contentUrl\":\"https:\/\/secure.gravatar.com\/avatar\/9c5f111e417171581853bd0a3ff892ca?s=96&d=mm&r=g\",\"caption\":\"confagricolturapiacenza\"},\"url\":\"https:\/\/www.confagricoltura.org\/piacenza\/author\/confagricolturapiacenza\/\"}]}<\/script>\n<!-- \/ Yoast SEO plugin. -->","yoast_head_json":{"title":"Ballarini inaugura la XIII edizione di A Cena con la Scienza - Confagricoltura Piacenza","robots":{"index":"index","follow":"follow","max-snippet":"max-snippet:-1","max-image-preview":"max-image-preview:large","max-video-preview":"max-video-preview:-1"},"canonical":"https:\/\/www.confagricoltura.org\/piacenza\/ballarini-inaugura-la-xiii-edizione-di-a-cena-con-la-scienza\/","og_locale":"it_IT","og_type":"article","og_title":"Ballarini inaugura la XIII edizione di A Cena con la Scienza - Confagricoltura Piacenza","og_description":"A quasi un secolo, il professore strega il pubblico e d\u00e0 appuntamento all\u2019anno prossimo","og_url":"https:\/\/www.confagricoltura.org\/piacenza\/ballarini-inaugura-la-xiii-edizione-di-a-cena-con-la-scienza\/","og_site_name":"Confagricoltura Piacenza","article_published_time":"2022-05-10T10:33:00+00:00","article_modified_time":"2022-06-01T12:19:28+00:00","og_image":[{"width":1559,"height":1169,"url":"https:\/\/www.confagricoltura.org\/piacenza\/wp-content\/uploads\/sites\/11\/2022\/05\/Gasparini-Lodigiani-Ballarini.jpg","type":"image\/jpeg"}],"author":"confagricolturapiacenza","twitter_card":"summary_large_image","twitter_misc":{"Scritto da":"confagricolturapiacenza","Tempo di lettura stimato":"3 minuti"},"schema":{"@context":"https:\/\/schema.org","@graph":[{"@type":"Article","@id":"https:\/\/www.confagricoltura.org\/piacenza\/ballarini-inaugura-la-xiii-edizione-di-a-cena-con-la-scienza\/#article","isPartOf":{"@id":"https:\/\/www.confagricoltura.org\/piacenza\/ballarini-inaugura-la-xiii-edizione-di-a-cena-con-la-scienza\/"},"author":{"name":"confagricolturapiacenza","@id":"https:\/\/www.confagricoltura.org\/piacenza\/#\/schema\/person\/be5da25a3117fea4b3bfec9dba09b5e8"},"headline":"Ballarini inaugura la XIII edizione di A Cena con la Scienza","datePublished":"2022-05-10T10:33:00+00:00","dateModified":"2022-06-01T12:19:28+00:00","mainEntityOfPage":{"@id":"https:\/\/www.confagricoltura.org\/piacenza\/ballarini-inaugura-la-xiii-edizione-di-a-cena-con-la-scienza\/"},"wordCount":700,"image":{"@id":"https:\/\/www.confagricoltura.org\/piacenza\/ballarini-inaugura-la-xiii-edizione-di-a-cena-con-la-scienza\/#primaryimage"},"thumbnailUrl":"https:\/\/www.confagricoltura.org\/piacenza\/wp-content\/uploads\/sites\/11\/2022\/05\/Gasparini-Lodigiani-Ballarini.jpg","keywords":["A CENA CON LA SCIENZA"],"articleSection":["Eventi","News"],"inLanguage":"it-IT"},{"@type":"WebPage","@id":"https:\/\/www.confagricoltura.org\/piacenza\/ballarini-inaugura-la-xiii-edizione-di-a-cena-con-la-scienza\/","url":"https:\/\/www.confagricoltura.org\/piacenza\/ballarini-inaugura-la-xiii-edizione-di-a-cena-con-la-scienza\/","name":"Ballarini inaugura la XIII edizione di A Cena con la Scienza - Confagricoltura Piacenza","isPartOf":{"@id":"https:\/\/www.confagricoltura.org\/piacenza\/#website"},"primaryImageOfPage":{"@id":"https:\/\/www.confagricoltura.org\/piacenza\/ballarini-inaugura-la-xiii-edizione-di-a-cena-con-la-scienza\/#primaryimage"},"image":{"@id":"https:\/\/www.confagricoltura.org\/piacenza\/ballarini-inaugura-la-xiii-edizione-di-a-cena-con-la-scienza\/#primaryimage"},"thumbnailUrl":"https:\/\/www.confagricoltura.org\/piacenza\/wp-content\/uploads\/sites\/11\/2022\/05\/Gasparini-Lodigiani-Ballarini.jpg","datePublished":"2022-05-10T10:33:00+00:00","dateModified":"2022-06-01T12:19:28+00:00","author":{"@id":"https:\/\/www.confagricoltura.org\/piacenza\/#\/schema\/person\/be5da25a3117fea4b3bfec9dba09b5e8"},"breadcrumb":{"@id":"https:\/\/www.confagricoltura.org\/piacenza\/ballarini-inaugura-la-xiii-edizione-di-a-cena-con-la-scienza\/#breadcrumb"},"inLanguage":"it-IT","potentialAction":[{"@type":"ReadAction","target":["https:\/\/www.confagricoltura.org\/piacenza\/ballarini-inaugura-la-xiii-edizione-di-a-cena-con-la-scienza\/"]}]},{"@type":"ImageObject","inLanguage":"it-IT","@id":"https:\/\/www.confagricoltura.org\/piacenza\/ballarini-inaugura-la-xiii-edizione-di-a-cena-con-la-scienza\/#primaryimage","url":"https:\/\/www.confagricoltura.org\/piacenza\/wp-content\/uploads\/sites\/11\/2022\/05\/Gasparini-Lodigiani-Ballarini.jpg","contentUrl":"https:\/\/www.confagricoltura.org\/piacenza\/wp-content\/uploads\/sites\/11\/2022\/05\/Gasparini-Lodigiani-Ballarini.jpg","width":1559,"height":1169},{"@type":"BreadcrumbList","@id":"https:\/\/www.confagricoltura.org\/piacenza\/ballarini-inaugura-la-xiii-edizione-di-a-cena-con-la-scienza\/#breadcrumb","itemListElement":[{"@type":"ListItem","position":1,"name":"Home","item":"https:\/\/www.confagricoltura.org\/piacenza\/"},{"@type":"ListItem","position":2,"name":"Ballarini inaugura la XIII edizione di A Cena con la Scienza"}]},{"@type":"WebSite","@id":"https:\/\/www.confagricoltura.org\/piacenza\/#website","url":"https:\/\/www.confagricoltura.org\/piacenza\/","name":"Confagricoltura Piacenza","description":"Dalla parte degli Agricoltori","potentialAction":[{"@type":"SearchAction","target":{"@type":"EntryPoint","urlTemplate":"https:\/\/www.confagricoltura.org\/piacenza\/?s={search_term_string}"},"query-input":{"@type":"PropertyValueSpecification","valueRequired":true,"valueName":"search_term_string"}}],"inLanguage":"it-IT"},{"@type":"Person","@id":"https:\/\/www.confagricoltura.org\/piacenza\/#\/schema\/person\/be5da25a3117fea4b3bfec9dba09b5e8","name":"confagricolturapiacenza","image":{"@type":"ImageObject","inLanguage":"it-IT","@id":"https:\/\/www.confagricoltura.org\/piacenza\/#\/schema\/person\/image\/","url":"https:\/\/secure.gravatar.com\/avatar\/9c5f111e417171581853bd0a3ff892ca?s=96&d=mm&r=g","contentUrl":"https:\/\/secure.gravatar.com\/avatar\/9c5f111e417171581853bd0a3ff892ca?s=96&d=mm&r=g","caption":"confagricolturapiacenza"},"url":"https:\/\/www.confagricoltura.org\/piacenza\/author\/confagricolturapiacenza\/"}]}},"_links":{"self":[{"href":"https:\/\/www.confagricoltura.org\/piacenza\/wp-json\/wp\/v2\/posts\/3790","targetHints":{"allow":["GET"]}}],"collection":[{"href":"https:\/\/www.confagricoltura.org\/piacenza\/wp-json\/wp\/v2\/posts"}],"about":[{"href":"https:\/\/www.confagricoltura.org\/piacenza\/wp-json\/wp\/v2\/types\/post"}],"author":[{"embeddable":true,"href":"https:\/\/www.confagricoltura.org\/piacenza\/wp-json\/wp\/v2\/users\/6"}],"replies":[{"embeddable":true,"href":"https:\/\/www.confagricoltura.org\/piacenza\/wp-json\/wp\/v2\/comments?post=3790"}],"version-history":[{"count":2,"href":"https:\/\/www.confagricoltura.org\/piacenza\/wp-json\/wp\/v2\/posts\/3790\/revisions"}],"predecessor-version":[{"id":3819,"href":"https:\/\/www.confagricoltura.org\/piacenza\/wp-json\/wp\/v2\/posts\/3790\/revisions\/3819"}],"wp:featuredmedia":[{"embeddable":true,"href":"https:\/\/www.confagricoltura.org\/piacenza\/wp-json\/wp\/v2\/media\/3791"}],"wp:attachment":[{"href":"https:\/\/www.confagricoltura.org\/piacenza\/wp-json\/wp\/v2\/media?parent=3790"}],"wp:term":[{"taxonomy":"category","embeddable":true,"href":"https:\/\/www.confagricoltura.org\/piacenza\/wp-json\/wp\/v2\/categories?post=3790"},{"taxonomy":"post_tag","embeddable":true,"href":"https:\/\/www.confagricoltura.org\/piacenza\/wp-json\/wp\/v2\/tags?post=3790"}],"curies":[{"name":"wp","href":"https:\/\/api.w.org\/{rel}","templated":true}]}}