{"id":3787,"date":"2022-05-05T12:30:00","date_gmt":"2022-05-05T10:30:00","guid":{"rendered":"https:\/\/www.confagricoltura.org\/piacenza\/?p=3787"},"modified":"2022-05-12T12:33:04","modified_gmt":"2022-05-12T10:33:04","slug":"confagricoltura-piacenza-a-cibus-per-il-focus-sulla-sicurezza-alimentare","status":"publish","type":"post","link":"https:\/\/www.confagricoltura.org\/piacenza\/confagricoltura-piacenza-a-cibus-per-il-focus-sulla-sicurezza-alimentare\/","title":{"rendered":"Confagricoltura Piacenza a Cibus per il focus sulla sicurezza alimentare"},"content":{"rendered":"\n<p>Una delegazione di Confagricoltura Piacenza con il direttore Marco Casagrande e il vicedirettore Raffaello Rossi ha preso parte oggi al convegno organizzato da Confagricoltura a Cibus \u201cFood security Europa, produttivit\u00e0 e sostenibilit\u00e0\u201d. Presente alla manifestazione anche la componente di Giunta nazionale Giovanna Parmigiani. Pianificare la politica agricola del prossimo futuro significa garantire sicurezza alimentare e stabilit\u00e0 sociale. Questo \u00e8 il messaggio emerso dal confronto ad ampio raggio tra istituzioni italiane ed europee, analisti ed esperti del settore agroalimentare sul futuro del comparto e delle imprese alla luce del conflitto in corso.<\/p>\n\n\n\n<p>\u201cLa guerra &#8211; ha affermato il presidente di Confagricoltura, Massimiliano Giansanti &#8211; ha fatto emergere in modo evidente questioni gi\u00e0 aperte, come l\u2019autosufficienza alimentare, che non vuole dire autarchia, ma garantire cibo per le popolazioni e stabilit\u00e0 per le imprese dell\u2019intera filiera\u201d.&nbsp;&nbsp; \u201cPer questo l\u2019Europa \u2013 ha detto Sandra Gallina, direttore generale della DG SANTE della Commissione Ue \u2013 \u00e8 chiamata a impegnarsi senza perdere di vista la sostenibilit\u00e0 dell\u2019intero sistema agricolo\u201d. \u201cLa zootecnia \u00e8 tra i comparti che soffrono di pi\u00f9 per l\u2019attuale situazione geopolitica, con un aumento senza precedenti dei costi \u2013 ha affermato Michele Liverini, presidente di Assalzoo \u2013 e un contesto internazionale che influenzano i sistemi produttivi e mettono a dura prova gli allevamenti\u201d.&nbsp; \u201cLe difficolt\u00e0 del nostro continente non sono legate agli approvvigionamenti alimentari, ma ai prezzi delle materie prime e dell\u2019energia. \u2013 ha aggiunto l\u2019europarlamentare Paolo De Castro \u2013 Dobbiamo mettere in atto strategie che tengano conto di questo e anche delle esigenze dei nostri agricoltori, che sono chiamati a produrre con regole sempre pi\u00f9 restrittive\u201d. \u201cOggi paghiamo la mancanza di una visione e una pianificazione energetica: dobbiamo prestare attenzione a non fare altrettanto in agricoltura \u2013 ha avvertito Marco Fortis, direttore e vicepresidente della Fondazione Edison\u201d.&nbsp; Gli ha fatto eco Maria Chiara Zaganelli, direttore generale di Ismea: \u201cCi sono molte pi\u00f9 risorse a disposizione, anche con il PNRR, ma bisogna agire con politiche lungimiranti. Il settore primario oggi deve puntare su filiere pi\u00f9 efficienti e sostenibili, con particolare attenzione a logistica, rinnovabili e tecnologia\u201d.&nbsp; Con l\u2019invasione dell\u2019Ucraina, in alcuni Paesi del Nord Africa i prezzi dei cereali sono saliti dell\u201980% e le scorte si esauriranno nel giro di poche settimane. FMI, Banca mondiale, FAO e WTO hanno lanciato un appello alla comunit\u00e0 internazionale, per scongiurare una crisi alimentare globale.&nbsp;&nbsp; \u201cL\u2019Italia, in fatto di cibo e nutrizione, \u00e8 protagonista e lo deve essere anche nel trovare soluzioni alla crisi in atto e in divenire. \u2013 ha spiegato Stefano Gatti, Inviato Speciale per la Sicurezza alimentare del Ministero degli Esteri \u2013 La guerra porter\u00e0 tensioni sociali soprattutto nell\u2019area mediterranea, dove si affacciano i principali Paesi importatori di grano da Russia e Ucraina: l\u2019Italia sta svolgendo un ruolo fondamentale in questa nuova dimensione della diplomazia in ambito agroalimentare\u201d. Anche per il presidente di Federalimentare, Ivano Vacondio, \u201c\u00e8 assolutamente necessario pensare a un nuovo modello di diplomazia alimentare con l\u2019obiettivo di nutrire il pianeta e dare stabilit\u00e0 sociale alle nazioni. Il Covid prima e la guerra ora ci stanno mettendo di fronte a sfide inaspettate. La certezza di avere cibo sulle nostre tavole a prezzi sempre accessibili non \u00e8 pi\u00f9 cos\u00ec scontata e questo deve portarci a fare importanti considerazioni. Una sfida enorme, che si aggiunge ad altre questioni, una su tutte, quella della sostenibilit\u00e0\u201d. \u201c\u00c8 arrivato il momento di includere nella strategia di crescita un principio su cui Confagricoltura si batte da tempo: non c\u2019\u00e8 contrapposizione tra produttivit\u00e0 e sostenibilit\u00e0.&nbsp; \u2013 ha concluso Giansanti &#8211; I problemi sono tanti e colpiscono direttamente le imprese; tuttavia, se vogliamo vincere la sfida, dobbiamo lavorare insieme, con tutta la filiera a monte e a valle del nostro settore, per vedere riconosciuti il valore delle produzioni agricole e il ruolo attivo nei processi di transizione energetica ed ecologica\u201d.<\/p>\n\n\n\n<p>Il gruppo piacentino, al termine della mattinata, ha fatto visita allo stand istituzionale di Confagricoltura (pad. 7 stand B036) dove sono in programma, praticamente a ciclo continuo, eventi, degustazioni e dibattiti, per poi proseguire con un saluto al Consorzio Piacenza Alimentare, a cui sono associate diverse aziende. In questo stand, accolti dal presidente Emanuele Pisaroni e dallo staff, la delegazione ha potuto apprezzare le prelibatezze del territorio piacentino preparate e presentate con show-cooking e degustazioni.<\/p>\n","protected":false},"excerpt":{"rendered":"<p>Giansanti: non c\u2019\u00e8 contrapposizione tra produttivit\u00e0 e transizione ecologica<\/p>\n","protected":false},"author":6,"featured_media":3788,"comment_status":"closed","ping_status":"closed","sticky":false,"template":"","format":"standard","meta":{"wp_mapbox_gl_js_media":[],"footnotes":""},"categories":[21,4],"tags":[444],"class_list":["post-3787","post","type-post","status-publish","format-standard","has-post-thumbnail","hentry","category-eventi","category-news","tag-sicurezza-alimentare"],"yoast_head":"<!-- This site is optimized with the Yoast SEO plugin v26.8 - https:\/\/yoast.com\/product\/yoast-seo-wordpress\/ -->\n<title>Confagricoltura Piacenza a Cibus per il focus sulla sicurezza alimentare - Confagricoltura Piacenza<\/title>\n<meta name=\"robots\" content=\"index, follow, max-snippet:-1, max-image-preview:large, max-video-preview:-1\" \/>\n<link rel=\"canonical\" href=\"https:\/\/www.confagricoltura.org\/piacenza\/confagricoltura-piacenza-a-cibus-per-il-focus-sulla-sicurezza-alimentare\/\" \/>\n<meta property=\"og:locale\" content=\"it_IT\" \/>\n<meta property=\"og:type\" content=\"article\" \/>\n<meta property=\"og:title\" content=\"Confagricoltura Piacenza a Cibus per il focus sulla sicurezza alimentare - Confagricoltura Piacenza\" \/>\n<meta property=\"og:description\" content=\"Giansanti: non c\u2019\u00e8 contrapposizione tra produttivit\u00e0 e transizione ecologica\" \/>\n<meta property=\"og:url\" content=\"https:\/\/www.confagricoltura.org\/piacenza\/confagricoltura-piacenza-a-cibus-per-il-focus-sulla-sicurezza-alimentare\/\" \/>\n<meta property=\"og:site_name\" content=\"Confagricoltura Piacenza\" \/>\n<meta property=\"article:published_time\" content=\"2022-05-05T10:30:00+00:00\" \/>\n<meta property=\"article:modified_time\" content=\"2022-05-12T10:33:04+00:00\" \/>\n<meta property=\"og:image\" content=\"https:\/\/www.confagricoltura.org\/piacenza\/wp-content\/uploads\/sites\/11\/2022\/05\/Delegazione-di-Confagricoltura-Piacenza-con-il-presidente-nazionale-Massimiliano-Giansanti-e-la-componente-di-Giunta-Nazionale-Giovanna-Parmigiani.jpg\" \/>\n\t<meta property=\"og:image:width\" content=\"2048\" \/>\n\t<meta property=\"og:image:height\" content=\"1536\" \/>\n\t<meta property=\"og:image:type\" content=\"image\/jpeg\" \/>\n<meta name=\"author\" content=\"confagricolturapiacenza\" \/>\n<meta name=\"twitter:card\" content=\"summary_large_image\" \/>\n<meta name=\"twitter:label1\" content=\"Scritto da\" \/>\n\t<meta name=\"twitter:data1\" content=\"confagricolturapiacenza\" \/>\n\t<meta name=\"twitter:label2\" content=\"Tempo di lettura stimato\" \/>\n\t<meta name=\"twitter:data2\" content=\"4 minuti\" \/>\n<script type=\"application\/ld+json\" class=\"yoast-schema-graph\">{\"@context\":\"https:\/\/schema.org\",\"@graph\":[{\"@type\":\"Article\",\"@id\":\"https:\/\/www.confagricoltura.org\/piacenza\/confagricoltura-piacenza-a-cibus-per-il-focus-sulla-sicurezza-alimentare\/#article\",\"isPartOf\":{\"@id\":\"https:\/\/www.confagricoltura.org\/piacenza\/confagricoltura-piacenza-a-cibus-per-il-focus-sulla-sicurezza-alimentare\/\"},\"author\":{\"name\":\"confagricolturapiacenza\",\"@id\":\"https:\/\/www.confagricoltura.org\/piacenza\/#\/schema\/person\/be5da25a3117fea4b3bfec9dba09b5e8\"},\"headline\":\"Confagricoltura Piacenza a Cibus per il focus sulla sicurezza alimentare\",\"datePublished\":\"2022-05-05T10:30:00+00:00\",\"dateModified\":\"2022-05-12T10:33:04+00:00\",\"mainEntityOfPage\":{\"@id\":\"https:\/\/www.confagricoltura.org\/piacenza\/confagricoltura-piacenza-a-cibus-per-il-focus-sulla-sicurezza-alimentare\/\"},\"wordCount\":717,\"image\":{\"@id\":\"https:\/\/www.confagricoltura.org\/piacenza\/confagricoltura-piacenza-a-cibus-per-il-focus-sulla-sicurezza-alimentare\/#primaryimage\"},\"thumbnailUrl\":\"https:\/\/www.confagricoltura.org\/piacenza\/wp-content\/uploads\/sites\/11\/2022\/05\/Delegazione-di-Confagricoltura-Piacenza-con-il-presidente-nazionale-Massimiliano-Giansanti-e-la-componente-di-Giunta-Nazionale-Giovanna-Parmigiani.jpg\",\"keywords\":[\"sicurezza alimentare\"],\"articleSection\":[\"Eventi\",\"News\"],\"inLanguage\":\"it-IT\"},{\"@type\":\"WebPage\",\"@id\":\"https:\/\/www.confagricoltura.org\/piacenza\/confagricoltura-piacenza-a-cibus-per-il-focus-sulla-sicurezza-alimentare\/\",\"url\":\"https:\/\/www.confagricoltura.org\/piacenza\/confagricoltura-piacenza-a-cibus-per-il-focus-sulla-sicurezza-alimentare\/\",\"name\":\"Confagricoltura Piacenza a Cibus per il focus sulla sicurezza alimentare - Confagricoltura Piacenza\",\"isPartOf\":{\"@id\":\"https:\/\/www.confagricoltura.org\/piacenza\/#website\"},\"primaryImageOfPage\":{\"@id\":\"https:\/\/www.confagricoltura.org\/piacenza\/confagricoltura-piacenza-a-cibus-per-il-focus-sulla-sicurezza-alimentare\/#primaryimage\"},\"image\":{\"@id\":\"https:\/\/www.confagricoltura.org\/piacenza\/confagricoltura-piacenza-a-cibus-per-il-focus-sulla-sicurezza-alimentare\/#primaryimage\"},\"thumbnailUrl\":\"https:\/\/www.confagricoltura.org\/piacenza\/wp-content\/uploads\/sites\/11\/2022\/05\/Delegazione-di-Confagricoltura-Piacenza-con-il-presidente-nazionale-Massimiliano-Giansanti-e-la-componente-di-Giunta-Nazionale-Giovanna-Parmigiani.jpg\",\"datePublished\":\"2022-05-05T10:30:00+00:00\",\"dateModified\":\"2022-05-12T10:33:04+00:00\",\"author\":{\"@id\":\"https:\/\/www.confagricoltura.org\/piacenza\/#\/schema\/person\/be5da25a3117fea4b3bfec9dba09b5e8\"},\"breadcrumb\":{\"@id\":\"https:\/\/www.confagricoltura.org\/piacenza\/confagricoltura-piacenza-a-cibus-per-il-focus-sulla-sicurezza-alimentare\/#breadcrumb\"},\"inLanguage\":\"it-IT\",\"potentialAction\":[{\"@type\":\"ReadAction\",\"target\":[\"https:\/\/www.confagricoltura.org\/piacenza\/confagricoltura-piacenza-a-cibus-per-il-focus-sulla-sicurezza-alimentare\/\"]}]},{\"@type\":\"ImageObject\",\"inLanguage\":\"it-IT\",\"@id\":\"https:\/\/www.confagricoltura.org\/piacenza\/confagricoltura-piacenza-a-cibus-per-il-focus-sulla-sicurezza-alimentare\/#primaryimage\",\"url\":\"https:\/\/www.confagricoltura.org\/piacenza\/wp-content\/uploads\/sites\/11\/2022\/05\/Delegazione-di-Confagricoltura-Piacenza-con-il-presidente-nazionale-Massimiliano-Giansanti-e-la-componente-di-Giunta-Nazionale-Giovanna-Parmigiani.jpg\",\"contentUrl\":\"https:\/\/www.confagricoltura.org\/piacenza\/wp-content\/uploads\/sites\/11\/2022\/05\/Delegazione-di-Confagricoltura-Piacenza-con-il-presidente-nazionale-Massimiliano-Giansanti-e-la-componente-di-Giunta-Nazionale-Giovanna-Parmigiani.jpg\",\"width\":2048,\"height\":1536},{\"@type\":\"BreadcrumbList\",\"@id\":\"https:\/\/www.confagricoltura.org\/piacenza\/confagricoltura-piacenza-a-cibus-per-il-focus-sulla-sicurezza-alimentare\/#breadcrumb\",\"itemListElement\":[{\"@type\":\"ListItem\",\"position\":1,\"name\":\"Home\",\"item\":\"https:\/\/www.confagricoltura.org\/piacenza\/\"},{\"@type\":\"ListItem\",\"position\":2,\"name\":\"Confagricoltura Piacenza a Cibus per il focus sulla sicurezza alimentare\"}]},{\"@type\":\"WebSite\",\"@id\":\"https:\/\/www.confagricoltura.org\/piacenza\/#website\",\"url\":\"https:\/\/www.confagricoltura.org\/piacenza\/\",\"name\":\"Confagricoltura Piacenza\",\"description\":\"Dalla parte degli Agricoltori\",\"potentialAction\":[{\"@type\":\"SearchAction\",\"target\":{\"@type\":\"EntryPoint\",\"urlTemplate\":\"https:\/\/www.confagricoltura.org\/piacenza\/?s={search_term_string}\"},\"query-input\":{\"@type\":\"PropertyValueSpecification\",\"valueRequired\":true,\"valueName\":\"search_term_string\"}}],\"inLanguage\":\"it-IT\"},{\"@type\":\"Person\",\"@id\":\"https:\/\/www.confagricoltura.org\/piacenza\/#\/schema\/person\/be5da25a3117fea4b3bfec9dba09b5e8\",\"name\":\"confagricolturapiacenza\",\"image\":{\"@type\":\"ImageObject\",\"inLanguage\":\"it-IT\",\"@id\":\"https:\/\/www.confagricoltura.org\/piacenza\/#\/schema\/person\/image\/\",\"url\":\"https:\/\/secure.gravatar.com\/avatar\/9c5f111e417171581853bd0a3ff892ca?s=96&d=mm&r=g\",\"contentUrl\":\"https:\/\/secure.gravatar.com\/avatar\/9c5f111e417171581853bd0a3ff892ca?s=96&d=mm&r=g\",\"caption\":\"confagricolturapiacenza\"},\"url\":\"https:\/\/www.confagricoltura.org\/piacenza\/author\/confagricolturapiacenza\/\"}]}<\/script>\n<!-- \/ Yoast SEO plugin. -->","yoast_head_json":{"title":"Confagricoltura Piacenza a Cibus per il focus sulla sicurezza alimentare - Confagricoltura Piacenza","robots":{"index":"index","follow":"follow","max-snippet":"max-snippet:-1","max-image-preview":"max-image-preview:large","max-video-preview":"max-video-preview:-1"},"canonical":"https:\/\/www.confagricoltura.org\/piacenza\/confagricoltura-piacenza-a-cibus-per-il-focus-sulla-sicurezza-alimentare\/","og_locale":"it_IT","og_type":"article","og_title":"Confagricoltura Piacenza a Cibus per il focus sulla sicurezza alimentare - Confagricoltura Piacenza","og_description":"Giansanti: non c\u2019\u00e8 contrapposizione tra produttivit\u00e0 e transizione ecologica","og_url":"https:\/\/www.confagricoltura.org\/piacenza\/confagricoltura-piacenza-a-cibus-per-il-focus-sulla-sicurezza-alimentare\/","og_site_name":"Confagricoltura Piacenza","article_published_time":"2022-05-05T10:30:00+00:00","article_modified_time":"2022-05-12T10:33:04+00:00","og_image":[{"width":2048,"height":1536,"url":"https:\/\/www.confagricoltura.org\/piacenza\/wp-content\/uploads\/sites\/11\/2022\/05\/Delegazione-di-Confagricoltura-Piacenza-con-il-presidente-nazionale-Massimiliano-Giansanti-e-la-componente-di-Giunta-Nazionale-Giovanna-Parmigiani.jpg","type":"image\/jpeg"}],"author":"confagricolturapiacenza","twitter_card":"summary_large_image","twitter_misc":{"Scritto da":"confagricolturapiacenza","Tempo di lettura stimato":"4 minuti"},"schema":{"@context":"https:\/\/schema.org","@graph":[{"@type":"Article","@id":"https:\/\/www.confagricoltura.org\/piacenza\/confagricoltura-piacenza-a-cibus-per-il-focus-sulla-sicurezza-alimentare\/#article","isPartOf":{"@id":"https:\/\/www.confagricoltura.org\/piacenza\/confagricoltura-piacenza-a-cibus-per-il-focus-sulla-sicurezza-alimentare\/"},"author":{"name":"confagricolturapiacenza","@id":"https:\/\/www.confagricoltura.org\/piacenza\/#\/schema\/person\/be5da25a3117fea4b3bfec9dba09b5e8"},"headline":"Confagricoltura Piacenza a Cibus per il focus sulla sicurezza alimentare","datePublished":"2022-05-05T10:30:00+00:00","dateModified":"2022-05-12T10:33:04+00:00","mainEntityOfPage":{"@id":"https:\/\/www.confagricoltura.org\/piacenza\/confagricoltura-piacenza-a-cibus-per-il-focus-sulla-sicurezza-alimentare\/"},"wordCount":717,"image":{"@id":"https:\/\/www.confagricoltura.org\/piacenza\/confagricoltura-piacenza-a-cibus-per-il-focus-sulla-sicurezza-alimentare\/#primaryimage"},"thumbnailUrl":"https:\/\/www.confagricoltura.org\/piacenza\/wp-content\/uploads\/sites\/11\/2022\/05\/Delegazione-di-Confagricoltura-Piacenza-con-il-presidente-nazionale-Massimiliano-Giansanti-e-la-componente-di-Giunta-Nazionale-Giovanna-Parmigiani.jpg","keywords":["sicurezza alimentare"],"articleSection":["Eventi","News"],"inLanguage":"it-IT"},{"@type":"WebPage","@id":"https:\/\/www.confagricoltura.org\/piacenza\/confagricoltura-piacenza-a-cibus-per-il-focus-sulla-sicurezza-alimentare\/","url":"https:\/\/www.confagricoltura.org\/piacenza\/confagricoltura-piacenza-a-cibus-per-il-focus-sulla-sicurezza-alimentare\/","name":"Confagricoltura Piacenza a Cibus per il focus sulla sicurezza alimentare - Confagricoltura Piacenza","isPartOf":{"@id":"https:\/\/www.confagricoltura.org\/piacenza\/#website"},"primaryImageOfPage":{"@id":"https:\/\/www.confagricoltura.org\/piacenza\/confagricoltura-piacenza-a-cibus-per-il-focus-sulla-sicurezza-alimentare\/#primaryimage"},"image":{"@id":"https:\/\/www.confagricoltura.org\/piacenza\/confagricoltura-piacenza-a-cibus-per-il-focus-sulla-sicurezza-alimentare\/#primaryimage"},"thumbnailUrl":"https:\/\/www.confagricoltura.org\/piacenza\/wp-content\/uploads\/sites\/11\/2022\/05\/Delegazione-di-Confagricoltura-Piacenza-con-il-presidente-nazionale-Massimiliano-Giansanti-e-la-componente-di-Giunta-Nazionale-Giovanna-Parmigiani.jpg","datePublished":"2022-05-05T10:30:00+00:00","dateModified":"2022-05-12T10:33:04+00:00","author":{"@id":"https:\/\/www.confagricoltura.org\/piacenza\/#\/schema\/person\/be5da25a3117fea4b3bfec9dba09b5e8"},"breadcrumb":{"@id":"https:\/\/www.confagricoltura.org\/piacenza\/confagricoltura-piacenza-a-cibus-per-il-focus-sulla-sicurezza-alimentare\/#breadcrumb"},"inLanguage":"it-IT","potentialAction":[{"@type":"ReadAction","target":["https:\/\/www.confagricoltura.org\/piacenza\/confagricoltura-piacenza-a-cibus-per-il-focus-sulla-sicurezza-alimentare\/"]}]},{"@type":"ImageObject","inLanguage":"it-IT","@id":"https:\/\/www.confagricoltura.org\/piacenza\/confagricoltura-piacenza-a-cibus-per-il-focus-sulla-sicurezza-alimentare\/#primaryimage","url":"https:\/\/www.confagricoltura.org\/piacenza\/wp-content\/uploads\/sites\/11\/2022\/05\/Delegazione-di-Confagricoltura-Piacenza-con-il-presidente-nazionale-Massimiliano-Giansanti-e-la-componente-di-Giunta-Nazionale-Giovanna-Parmigiani.jpg","contentUrl":"https:\/\/www.confagricoltura.org\/piacenza\/wp-content\/uploads\/sites\/11\/2022\/05\/Delegazione-di-Confagricoltura-Piacenza-con-il-presidente-nazionale-Massimiliano-Giansanti-e-la-componente-di-Giunta-Nazionale-Giovanna-Parmigiani.jpg","width":2048,"height":1536},{"@type":"BreadcrumbList","@id":"https:\/\/www.confagricoltura.org\/piacenza\/confagricoltura-piacenza-a-cibus-per-il-focus-sulla-sicurezza-alimentare\/#breadcrumb","itemListElement":[{"@type":"ListItem","position":1,"name":"Home","item":"https:\/\/www.confagricoltura.org\/piacenza\/"},{"@type":"ListItem","position":2,"name":"Confagricoltura Piacenza a Cibus per il focus sulla sicurezza alimentare"}]},{"@type":"WebSite","@id":"https:\/\/www.confagricoltura.org\/piacenza\/#website","url":"https:\/\/www.confagricoltura.org\/piacenza\/","name":"Confagricoltura Piacenza","description":"Dalla parte degli Agricoltori","potentialAction":[{"@type":"SearchAction","target":{"@type":"EntryPoint","urlTemplate":"https:\/\/www.confagricoltura.org\/piacenza\/?s={search_term_string}"},"query-input":{"@type":"PropertyValueSpecification","valueRequired":true,"valueName":"search_term_string"}}],"inLanguage":"it-IT"},{"@type":"Person","@id":"https:\/\/www.confagricoltura.org\/piacenza\/#\/schema\/person\/be5da25a3117fea4b3bfec9dba09b5e8","name":"confagricolturapiacenza","image":{"@type":"ImageObject","inLanguage":"it-IT","@id":"https:\/\/www.confagricoltura.org\/piacenza\/#\/schema\/person\/image\/","url":"https:\/\/secure.gravatar.com\/avatar\/9c5f111e417171581853bd0a3ff892ca?s=96&d=mm&r=g","contentUrl":"https:\/\/secure.gravatar.com\/avatar\/9c5f111e417171581853bd0a3ff892ca?s=96&d=mm&r=g","caption":"confagricolturapiacenza"},"url":"https:\/\/www.confagricoltura.org\/piacenza\/author\/confagricolturapiacenza\/"}]}},"_links":{"self":[{"href":"https:\/\/www.confagricoltura.org\/piacenza\/wp-json\/wp\/v2\/posts\/3787","targetHints":{"allow":["GET"]}}],"collection":[{"href":"https:\/\/www.confagricoltura.org\/piacenza\/wp-json\/wp\/v2\/posts"}],"about":[{"href":"https:\/\/www.confagricoltura.org\/piacenza\/wp-json\/wp\/v2\/types\/post"}],"author":[{"embeddable":true,"href":"https:\/\/www.confagricoltura.org\/piacenza\/wp-json\/wp\/v2\/users\/6"}],"replies":[{"embeddable":true,"href":"https:\/\/www.confagricoltura.org\/piacenza\/wp-json\/wp\/v2\/comments?post=3787"}],"version-history":[{"count":1,"href":"https:\/\/www.confagricoltura.org\/piacenza\/wp-json\/wp\/v2\/posts\/3787\/revisions"}],"predecessor-version":[{"id":3789,"href":"https:\/\/www.confagricoltura.org\/piacenza\/wp-json\/wp\/v2\/posts\/3787\/revisions\/3789"}],"wp:featuredmedia":[{"embeddable":true,"href":"https:\/\/www.confagricoltura.org\/piacenza\/wp-json\/wp\/v2\/media\/3788"}],"wp:attachment":[{"href":"https:\/\/www.confagricoltura.org\/piacenza\/wp-json\/wp\/v2\/media?parent=3787"}],"wp:term":[{"taxonomy":"category","embeddable":true,"href":"https:\/\/www.confagricoltura.org\/piacenza\/wp-json\/wp\/v2\/categories?post=3787"},{"taxonomy":"post_tag","embeddable":true,"href":"https:\/\/www.confagricoltura.org\/piacenza\/wp-json\/wp\/v2\/tags?post=3787"}],"curies":[{"name":"wp","href":"https:\/\/api.w.org\/{rel}","templated":true}]}}