{"id":3725,"date":"2022-03-30T15:41:18","date_gmt":"2022-03-30T13:41:18","guid":{"rendered":"https:\/\/www.confagricoltura.org\/piacenza\/?p=3725"},"modified":"2022-03-30T15:41:19","modified_gmt":"2022-03-30T13:41:19","slug":"latte-limpegno-di-granarolo-sia-un-esempio-non-un-prezzo-di-riferimento","status":"publish","type":"post","link":"https:\/\/www.confagricoltura.org\/piacenza\/latte-limpegno-di-granarolo-sia-un-esempio-non-un-prezzo-di-riferimento\/","title":{"rendered":"Latte: l&#8217;impegno di Granarolo sia un esempio non un prezzo di riferimento"},"content":{"rendered":"\n<p>Confagricoltura apprezza l\u2019impegno di Granarolo nel riconoscere agli allevatori un aumento sul prezzo del latte alla stalla, a sostegno dell\u2019intera filiera lattiero-casearia italiana. La grave situazione che vivono in particolare gli allevamenti, a causa dell\u2019impatto congiunto dell\u2019inflazione e dell\u2019aumento smisurato dei costi di produzione e dell\u2019impennata dei prezzi delle materie prime, mette a rischio un comparto d\u2019eccellenza del \u2018made in Italy\u2019, che si \u00e8 trovato a lavorare in perdita. \u201cAuspichiamo vivamente \u2013 afferma il presidente di Confagricoltura Massimiliano Giansanti \u2013 che questa scelta di venire incontro agli allevatori, che rappresentano un comparto che vale oltre 16 miliardi di euro e occupa pi\u00f9 di 100.000 persone, costituisca un esempio che verr\u00e0 seguito da tutti gli altri gruppi industriali\u201d.<\/p>\n\n\n\n<p>\u201cL\u2019aumento del prezzo alla stalla di Granarolo sia d&#8217;esempio \u2013 gli fa eco Alfredo Lucchini, presidente della Sezione di Prodotto lattiero-Casearia di Confagricoltura Piacenza &#8211; ma non venga assunto come punto di riferimento, altrimenti rischiamo ripercorrere la recente storia dei 41 centesimi indicati dal Tavolo latte, prezzo clamorosamente sbagliato\u201d. In generale, secondo Lucchini, la mancanza di latte porta la trasformazione a presentare offerte interessanti in questo momento, inducendo alcuni allevatori ad abbandonare il proprio conferimento storico, anche se questa potrebbe essere una scelta che li ripaga solo nell\u2019immediato.<\/p>\n\n\n\n<p>\u201cLa situazione di mercato e soprattutto la crescita dei costi di produzione a cui si \u00e8 sommata la siccit\u00e0 fanno s\u00ec che non si riesca ad avere, oggi, contezza di quella che potrebbe essere un\u2019equa remunerazione nel giro di qualche mese \u2013 spiega Lucchini \u2013 la strategia per stabilizzare le quotazioni e garantire una prospettiva \u00e8 quella che predichiamo e perseguiamo da tempo: aggregarsi mutualisticamente e fare lobby per assorbire gli urti e condividere meglio le difficolt\u00e0 del settore\u201d. Ad avviso del dirigente di Confagricoltura Piacenza la crisi ha portato ad un aumento dei costi di produzione di almeno 12 centesimi al litro rispetto al 2019, prima della Pandemia, quando le cose sembravano iniziare ad equilibrarsi.<\/p>\n\n\n\n<p>I paesi nostri competitor (tradizionalmente eccedentari e attualmente in contrazione) con le correnti condizioni di prezzo, ricominceranno a produrre e l\u2019Italia torner\u00e0 ad importare. Lucchini si concentra sul comparto del Grana Padano: \u201cla nostra Dop in questi mesi, per le dinamiche di prezzo del latte, ha convogliato latte nella della filiera dell\u2019alimentare \u201csnobbando\u201d la produzione di formaggio che vede un calo dell\u2019assorbimento di latte e di conseguenza un calo consistente della produzione di formaggio.&nbsp; Il nuovo piano produttivo del Grana Padano ha per\u00f2 predisposto la vendita anticipata di titoli a produrre su previsioni di espansione dei mercati. Vien da pensare \u2013 riflette Lucchini \u2013 che se si manterr\u00e0 il trend negativo del 3%, il consorzio di Tutela restituir\u00e0 il controvalore per le assegnazioni onerose di nuove quote dell\u20191% ai propri associati, confermando l\u2019approccio poco inclusivo della Dop e questo mentre i similari continuano la loro crescita esponenziale\u201d.<\/p>\n\n\n\n<p>L\u2019aumento dei prezzi prima o poi arriver\u00e0 anche al consumo dove molto probabilmente ci sar\u00e0 una riduzione degli acquisti, conseguentemente anche la trasformazione dovr\u00e0 tirare il freno con il rischio di riduzione delle produzioni. \u201cUn calo delle quantit\u00e0 di latte che possono essere assorbite dal mercato non \u00e8 ipotesi cos\u00ec remota \u2013 conclude Lucchini \u2013 \u00e8 indispensabile lavorare sulla la compattezza del fronte allevatoriale. Ci vorrebbe un organo interprofessionale che possa comprendere le logiche di formazione dei prezzi cos\u00ec da consentire ai produttori di latte di condividere queste informazioni in trasparenza per affrontare preparati le trattative. Invece oggi gli allevatori si trovano ancora attribuiti dei prezzi di conferimento determinati da dinamiche estremamente locali e discriminatorie, oltretutto a ridosso delle scadenze dei pagamenti\u201d.<\/p>\n","protected":false},"excerpt":{"rendered":"<p>Alfredo Lucchini (Confagricoltura Piacenza): al settore serve aggregazione per avere pi\u00f9 stabilit\u00e0<\/p>\n","protected":false},"author":6,"featured_media":3589,"comment_status":"closed","ping_status":"closed","sticky":false,"template":"","format":"standard","meta":{"wp_mapbox_gl_js_media":[],"footnotes":""},"categories":[4,15],"tags":[432,59,433],"class_list":["post-3725","post","type-post","status-publish","format-standard","has-post-thumbnail","hentry","category-news","category-settore-lattiero-caseario","tag-granarolo","tag-latte","tag-prezzo"],"yoast_head":"<!-- This site is optimized with the Yoast SEO plugin v26.8 - https:\/\/yoast.com\/product\/yoast-seo-wordpress\/ -->\n<title>Latte: l&#039;impegno di Granarolo sia un esempio non un prezzo di riferimento - Confagricoltura Piacenza<\/title>\n<meta name=\"robots\" content=\"index, follow, max-snippet:-1, max-image-preview:large, max-video-preview:-1\" \/>\n<link rel=\"canonical\" href=\"https:\/\/www.confagricoltura.org\/piacenza\/latte-limpegno-di-granarolo-sia-un-esempio-non-un-prezzo-di-riferimento\/\" \/>\n<meta property=\"og:locale\" content=\"it_IT\" \/>\n<meta property=\"og:type\" content=\"article\" \/>\n<meta property=\"og:title\" content=\"Latte: l&#039;impegno di Granarolo sia un esempio non un prezzo di riferimento - Confagricoltura Piacenza\" \/>\n<meta property=\"og:description\" content=\"Alfredo Lucchini (Confagricoltura Piacenza): al settore serve aggregazione per avere pi\u00f9 stabilit\u00e0\" \/>\n<meta property=\"og:url\" content=\"https:\/\/www.confagricoltura.org\/piacenza\/latte-limpegno-di-granarolo-sia-un-esempio-non-un-prezzo-di-riferimento\/\" \/>\n<meta property=\"og:site_name\" content=\"Confagricoltura Piacenza\" \/>\n<meta property=\"article:published_time\" content=\"2022-03-30T13:41:18+00:00\" \/>\n<meta property=\"article:modified_time\" content=\"2022-03-30T13:41:19+00:00\" \/>\n<meta property=\"og:image\" content=\"https:\/\/www.confagricoltura.org\/piacenza\/wp-content\/uploads\/sites\/11\/2022\/01\/Alfredo-Lucchini-scaled.jpg\" \/>\n\t<meta property=\"og:image:width\" content=\"1920\" \/>\n\t<meta property=\"og:image:height\" content=\"2560\" \/>\n\t<meta property=\"og:image:type\" content=\"image\/jpeg\" \/>\n<meta name=\"author\" content=\"confagricolturapiacenza\" \/>\n<meta name=\"twitter:card\" content=\"summary_large_image\" \/>\n<meta name=\"twitter:label1\" content=\"Scritto da\" \/>\n\t<meta name=\"twitter:data1\" content=\"confagricolturapiacenza\" \/>\n\t<meta name=\"twitter:label2\" content=\"Tempo di lettura stimato\" \/>\n\t<meta name=\"twitter:data2\" content=\"3 minuti\" \/>\n<script type=\"application\/ld+json\" class=\"yoast-schema-graph\">{\"@context\":\"https:\/\/schema.org\",\"@graph\":[{\"@type\":\"Article\",\"@id\":\"https:\/\/www.confagricoltura.org\/piacenza\/latte-limpegno-di-granarolo-sia-un-esempio-non-un-prezzo-di-riferimento\/#article\",\"isPartOf\":{\"@id\":\"https:\/\/www.confagricoltura.org\/piacenza\/latte-limpegno-di-granarolo-sia-un-esempio-non-un-prezzo-di-riferimento\/\"},\"author\":{\"name\":\"confagricolturapiacenza\",\"@id\":\"https:\/\/www.confagricoltura.org\/piacenza\/#\/schema\/person\/be5da25a3117fea4b3bfec9dba09b5e8\"},\"headline\":\"Latte: l&#8217;impegno di Granarolo sia un esempio non un prezzo di riferimento\",\"datePublished\":\"2022-03-30T13:41:18+00:00\",\"dateModified\":\"2022-03-30T13:41:19+00:00\",\"mainEntityOfPage\":{\"@id\":\"https:\/\/www.confagricoltura.org\/piacenza\/latte-limpegno-di-granarolo-sia-un-esempio-non-un-prezzo-di-riferimento\/\"},\"wordCount\":600,\"image\":{\"@id\":\"https:\/\/www.confagricoltura.org\/piacenza\/latte-limpegno-di-granarolo-sia-un-esempio-non-un-prezzo-di-riferimento\/#primaryimage\"},\"thumbnailUrl\":\"https:\/\/www.confagricoltura.org\/piacenza\/wp-content\/uploads\/sites\/11\/2022\/01\/Alfredo-Lucchini-scaled.jpg\",\"keywords\":[\"granarolo\",\"LATTE\",\"prezzo\"],\"articleSection\":[\"News\",\"Settore lattiero-caseario\"],\"inLanguage\":\"it-IT\"},{\"@type\":\"WebPage\",\"@id\":\"https:\/\/www.confagricoltura.org\/piacenza\/latte-limpegno-di-granarolo-sia-un-esempio-non-un-prezzo-di-riferimento\/\",\"url\":\"https:\/\/www.confagricoltura.org\/piacenza\/latte-limpegno-di-granarolo-sia-un-esempio-non-un-prezzo-di-riferimento\/\",\"name\":\"Latte: l'impegno di Granarolo sia un esempio non un prezzo di riferimento - Confagricoltura Piacenza\",\"isPartOf\":{\"@id\":\"https:\/\/www.confagricoltura.org\/piacenza\/#website\"},\"primaryImageOfPage\":{\"@id\":\"https:\/\/www.confagricoltura.org\/piacenza\/latte-limpegno-di-granarolo-sia-un-esempio-non-un-prezzo-di-riferimento\/#primaryimage\"},\"image\":{\"@id\":\"https:\/\/www.confagricoltura.org\/piacenza\/latte-limpegno-di-granarolo-sia-un-esempio-non-un-prezzo-di-riferimento\/#primaryimage\"},\"thumbnailUrl\":\"https:\/\/www.confagricoltura.org\/piacenza\/wp-content\/uploads\/sites\/11\/2022\/01\/Alfredo-Lucchini-scaled.jpg\",\"datePublished\":\"2022-03-30T13:41:18+00:00\",\"dateModified\":\"2022-03-30T13:41:19+00:00\",\"author\":{\"@id\":\"https:\/\/www.confagricoltura.org\/piacenza\/#\/schema\/person\/be5da25a3117fea4b3bfec9dba09b5e8\"},\"breadcrumb\":{\"@id\":\"https:\/\/www.confagricoltura.org\/piacenza\/latte-limpegno-di-granarolo-sia-un-esempio-non-un-prezzo-di-riferimento\/#breadcrumb\"},\"inLanguage\":\"it-IT\",\"potentialAction\":[{\"@type\":\"ReadAction\",\"target\":[\"https:\/\/www.confagricoltura.org\/piacenza\/latte-limpegno-di-granarolo-sia-un-esempio-non-un-prezzo-di-riferimento\/\"]}]},{\"@type\":\"ImageObject\",\"inLanguage\":\"it-IT\",\"@id\":\"https:\/\/www.confagricoltura.org\/piacenza\/latte-limpegno-di-granarolo-sia-un-esempio-non-un-prezzo-di-riferimento\/#primaryimage\",\"url\":\"https:\/\/www.confagricoltura.org\/piacenza\/wp-content\/uploads\/sites\/11\/2022\/01\/Alfredo-Lucchini-scaled.jpg\",\"contentUrl\":\"https:\/\/www.confagricoltura.org\/piacenza\/wp-content\/uploads\/sites\/11\/2022\/01\/Alfredo-Lucchini-scaled.jpg\",\"width\":1920,\"height\":2560},{\"@type\":\"BreadcrumbList\",\"@id\":\"https:\/\/www.confagricoltura.org\/piacenza\/latte-limpegno-di-granarolo-sia-un-esempio-non-un-prezzo-di-riferimento\/#breadcrumb\",\"itemListElement\":[{\"@type\":\"ListItem\",\"position\":1,\"name\":\"Home\",\"item\":\"https:\/\/www.confagricoltura.org\/piacenza\/\"},{\"@type\":\"ListItem\",\"position\":2,\"name\":\"Latte: l&#8217;impegno di Granarolo sia un esempio non un prezzo di riferimento\"}]},{\"@type\":\"WebSite\",\"@id\":\"https:\/\/www.confagricoltura.org\/piacenza\/#website\",\"url\":\"https:\/\/www.confagricoltura.org\/piacenza\/\",\"name\":\"Confagricoltura Piacenza\",\"description\":\"Dalla parte degli Agricoltori\",\"potentialAction\":[{\"@type\":\"SearchAction\",\"target\":{\"@type\":\"EntryPoint\",\"urlTemplate\":\"https:\/\/www.confagricoltura.org\/piacenza\/?s={search_term_string}\"},\"query-input\":{\"@type\":\"PropertyValueSpecification\",\"valueRequired\":true,\"valueName\":\"search_term_string\"}}],\"inLanguage\":\"it-IT\"},{\"@type\":\"Person\",\"@id\":\"https:\/\/www.confagricoltura.org\/piacenza\/#\/schema\/person\/be5da25a3117fea4b3bfec9dba09b5e8\",\"name\":\"confagricolturapiacenza\",\"image\":{\"@type\":\"ImageObject\",\"inLanguage\":\"it-IT\",\"@id\":\"https:\/\/www.confagricoltura.org\/piacenza\/#\/schema\/person\/image\/\",\"url\":\"https:\/\/secure.gravatar.com\/avatar\/9c5f111e417171581853bd0a3ff892ca?s=96&d=mm&r=g\",\"contentUrl\":\"https:\/\/secure.gravatar.com\/avatar\/9c5f111e417171581853bd0a3ff892ca?s=96&d=mm&r=g\",\"caption\":\"confagricolturapiacenza\"},\"url\":\"https:\/\/www.confagricoltura.org\/piacenza\/author\/confagricolturapiacenza\/\"}]}<\/script>\n<!-- \/ Yoast SEO plugin. -->","yoast_head_json":{"title":"Latte: l'impegno di Granarolo sia un esempio non un prezzo di riferimento - Confagricoltura Piacenza","robots":{"index":"index","follow":"follow","max-snippet":"max-snippet:-1","max-image-preview":"max-image-preview:large","max-video-preview":"max-video-preview:-1"},"canonical":"https:\/\/www.confagricoltura.org\/piacenza\/latte-limpegno-di-granarolo-sia-un-esempio-non-un-prezzo-di-riferimento\/","og_locale":"it_IT","og_type":"article","og_title":"Latte: l'impegno di Granarolo sia un esempio non un prezzo di riferimento - Confagricoltura Piacenza","og_description":"Alfredo Lucchini (Confagricoltura Piacenza): al settore serve aggregazione per avere pi\u00f9 stabilit\u00e0","og_url":"https:\/\/www.confagricoltura.org\/piacenza\/latte-limpegno-di-granarolo-sia-un-esempio-non-un-prezzo-di-riferimento\/","og_site_name":"Confagricoltura Piacenza","article_published_time":"2022-03-30T13:41:18+00:00","article_modified_time":"2022-03-30T13:41:19+00:00","og_image":[{"width":1920,"height":2560,"url":"https:\/\/www.confagricoltura.org\/piacenza\/wp-content\/uploads\/sites\/11\/2022\/01\/Alfredo-Lucchini-scaled.jpg","type":"image\/jpeg"}],"author":"confagricolturapiacenza","twitter_card":"summary_large_image","twitter_misc":{"Scritto da":"confagricolturapiacenza","Tempo di lettura stimato":"3 minuti"},"schema":{"@context":"https:\/\/schema.org","@graph":[{"@type":"Article","@id":"https:\/\/www.confagricoltura.org\/piacenza\/latte-limpegno-di-granarolo-sia-un-esempio-non-un-prezzo-di-riferimento\/#article","isPartOf":{"@id":"https:\/\/www.confagricoltura.org\/piacenza\/latte-limpegno-di-granarolo-sia-un-esempio-non-un-prezzo-di-riferimento\/"},"author":{"name":"confagricolturapiacenza","@id":"https:\/\/www.confagricoltura.org\/piacenza\/#\/schema\/person\/be5da25a3117fea4b3bfec9dba09b5e8"},"headline":"Latte: l&#8217;impegno di Granarolo sia un esempio non un prezzo di riferimento","datePublished":"2022-03-30T13:41:18+00:00","dateModified":"2022-03-30T13:41:19+00:00","mainEntityOfPage":{"@id":"https:\/\/www.confagricoltura.org\/piacenza\/latte-limpegno-di-granarolo-sia-un-esempio-non-un-prezzo-di-riferimento\/"},"wordCount":600,"image":{"@id":"https:\/\/www.confagricoltura.org\/piacenza\/latte-limpegno-di-granarolo-sia-un-esempio-non-un-prezzo-di-riferimento\/#primaryimage"},"thumbnailUrl":"https:\/\/www.confagricoltura.org\/piacenza\/wp-content\/uploads\/sites\/11\/2022\/01\/Alfredo-Lucchini-scaled.jpg","keywords":["granarolo","LATTE","prezzo"],"articleSection":["News","Settore lattiero-caseario"],"inLanguage":"it-IT"},{"@type":"WebPage","@id":"https:\/\/www.confagricoltura.org\/piacenza\/latte-limpegno-di-granarolo-sia-un-esempio-non-un-prezzo-di-riferimento\/","url":"https:\/\/www.confagricoltura.org\/piacenza\/latte-limpegno-di-granarolo-sia-un-esempio-non-un-prezzo-di-riferimento\/","name":"Latte: l'impegno di Granarolo sia un esempio non un prezzo di riferimento - Confagricoltura Piacenza","isPartOf":{"@id":"https:\/\/www.confagricoltura.org\/piacenza\/#website"},"primaryImageOfPage":{"@id":"https:\/\/www.confagricoltura.org\/piacenza\/latte-limpegno-di-granarolo-sia-un-esempio-non-un-prezzo-di-riferimento\/#primaryimage"},"image":{"@id":"https:\/\/www.confagricoltura.org\/piacenza\/latte-limpegno-di-granarolo-sia-un-esempio-non-un-prezzo-di-riferimento\/#primaryimage"},"thumbnailUrl":"https:\/\/www.confagricoltura.org\/piacenza\/wp-content\/uploads\/sites\/11\/2022\/01\/Alfredo-Lucchini-scaled.jpg","datePublished":"2022-03-30T13:41:18+00:00","dateModified":"2022-03-30T13:41:19+00:00","author":{"@id":"https:\/\/www.confagricoltura.org\/piacenza\/#\/schema\/person\/be5da25a3117fea4b3bfec9dba09b5e8"},"breadcrumb":{"@id":"https:\/\/www.confagricoltura.org\/piacenza\/latte-limpegno-di-granarolo-sia-un-esempio-non-un-prezzo-di-riferimento\/#breadcrumb"},"inLanguage":"it-IT","potentialAction":[{"@type":"ReadAction","target":["https:\/\/www.confagricoltura.org\/piacenza\/latte-limpegno-di-granarolo-sia-un-esempio-non-un-prezzo-di-riferimento\/"]}]},{"@type":"ImageObject","inLanguage":"it-IT","@id":"https:\/\/www.confagricoltura.org\/piacenza\/latte-limpegno-di-granarolo-sia-un-esempio-non-un-prezzo-di-riferimento\/#primaryimage","url":"https:\/\/www.confagricoltura.org\/piacenza\/wp-content\/uploads\/sites\/11\/2022\/01\/Alfredo-Lucchini-scaled.jpg","contentUrl":"https:\/\/www.confagricoltura.org\/piacenza\/wp-content\/uploads\/sites\/11\/2022\/01\/Alfredo-Lucchini-scaled.jpg","width":1920,"height":2560},{"@type":"BreadcrumbList","@id":"https:\/\/www.confagricoltura.org\/piacenza\/latte-limpegno-di-granarolo-sia-un-esempio-non-un-prezzo-di-riferimento\/#breadcrumb","itemListElement":[{"@type":"ListItem","position":1,"name":"Home","item":"https:\/\/www.confagricoltura.org\/piacenza\/"},{"@type":"ListItem","position":2,"name":"Latte: l&#8217;impegno di Granarolo sia un esempio non un prezzo di riferimento"}]},{"@type":"WebSite","@id":"https:\/\/www.confagricoltura.org\/piacenza\/#website","url":"https:\/\/www.confagricoltura.org\/piacenza\/","name":"Confagricoltura Piacenza","description":"Dalla parte degli Agricoltori","potentialAction":[{"@type":"SearchAction","target":{"@type":"EntryPoint","urlTemplate":"https:\/\/www.confagricoltura.org\/piacenza\/?s={search_term_string}"},"query-input":{"@type":"PropertyValueSpecification","valueRequired":true,"valueName":"search_term_string"}}],"inLanguage":"it-IT"},{"@type":"Person","@id":"https:\/\/www.confagricoltura.org\/piacenza\/#\/schema\/person\/be5da25a3117fea4b3bfec9dba09b5e8","name":"confagricolturapiacenza","image":{"@type":"ImageObject","inLanguage":"it-IT","@id":"https:\/\/www.confagricoltura.org\/piacenza\/#\/schema\/person\/image\/","url":"https:\/\/secure.gravatar.com\/avatar\/9c5f111e417171581853bd0a3ff892ca?s=96&d=mm&r=g","contentUrl":"https:\/\/secure.gravatar.com\/avatar\/9c5f111e417171581853bd0a3ff892ca?s=96&d=mm&r=g","caption":"confagricolturapiacenza"},"url":"https:\/\/www.confagricoltura.org\/piacenza\/author\/confagricolturapiacenza\/"}]}},"_links":{"self":[{"href":"https:\/\/www.confagricoltura.org\/piacenza\/wp-json\/wp\/v2\/posts\/3725","targetHints":{"allow":["GET"]}}],"collection":[{"href":"https:\/\/www.confagricoltura.org\/piacenza\/wp-json\/wp\/v2\/posts"}],"about":[{"href":"https:\/\/www.confagricoltura.org\/piacenza\/wp-json\/wp\/v2\/types\/post"}],"author":[{"embeddable":true,"href":"https:\/\/www.confagricoltura.org\/piacenza\/wp-json\/wp\/v2\/users\/6"}],"replies":[{"embeddable":true,"href":"https:\/\/www.confagricoltura.org\/piacenza\/wp-json\/wp\/v2\/comments?post=3725"}],"version-history":[{"count":1,"href":"https:\/\/www.confagricoltura.org\/piacenza\/wp-json\/wp\/v2\/posts\/3725\/revisions"}],"predecessor-version":[{"id":3726,"href":"https:\/\/www.confagricoltura.org\/piacenza\/wp-json\/wp\/v2\/posts\/3725\/revisions\/3726"}],"wp:featuredmedia":[{"embeddable":true,"href":"https:\/\/www.confagricoltura.org\/piacenza\/wp-json\/wp\/v2\/media\/3589"}],"wp:attachment":[{"href":"https:\/\/www.confagricoltura.org\/piacenza\/wp-json\/wp\/v2\/media?parent=3725"}],"wp:term":[{"taxonomy":"category","embeddable":true,"href":"https:\/\/www.confagricoltura.org\/piacenza\/wp-json\/wp\/v2\/categories?post=3725"},{"taxonomy":"post_tag","embeddable":true,"href":"https:\/\/www.confagricoltura.org\/piacenza\/wp-json\/wp\/v2\/tags?post=3725"}],"curies":[{"name":"wp","href":"https:\/\/api.w.org\/{rel}","templated":true}]}}