{"id":3714,"date":"2022-03-22T15:57:00","date_gmt":"2022-03-22T14:57:00","guid":{"rendered":"https:\/\/www.confagricoltura.org\/piacenza\/?p=3714"},"modified":"2022-03-23T16:05:05","modified_gmt":"2022-03-23T15:05:05","slug":"nella-repubblica-ceca-debellata-la-psa","status":"publish","type":"post","link":"https:\/\/www.confagricoltura.org\/piacenza\/nella-repubblica-ceca-debellata-la-psa\/","title":{"rendered":"Nella Repubblica Ceca debellata la PSA"},"content":{"rendered":"\n<p>Il 21 marzo 2022 il Servizio Polizia Provinciale, Ufficio di Presidenza, Formazione ed Istruzione, Pari Opportunit\u00e0 della Provincia di Piacenza ha emanato la determina n. 300 avente per oggetto le modalit\u00e0 attuative del piano regionale quinquennale per il controllo del cinghiale che la Giunta regionale ha approvato a novembre 2021 e poi modificato a dicembre. \u00c8 stabilito che il Piano di controllo sia attuato dagli agenti di Polizia Locale provinciale che si possono avvalere dei soggetti individuati nel provvedimento medesimo nel quale sono indicate le modalit\u00e0 di inoltro delle richieste di attivazione del piano da parte dei soggetti interessati, nonch\u00e9 le modalit\u00e0 di trasmissione della rendicontazione. \u201cContinuiamo a confrontarci con norme che sulla carta ammettono gli interventi \u2013 spiega Filippo Gasparini presidente di Confagricoltura Piacenza \u2013 al lato pratico, anche quelle di pi\u00f9 ampia apertura, contengono subdolamente una serie di vincoli che, di fatto, ne decretano l\u2019inefficacia. La situazione \u00e8 sotto agli occhi di tutti ed \u00e8 quella misurata dalla disperazione degli agricoltori che non seminano pi\u00f9 il mais perch\u00e9 non riescono comunque a raccoglierlo, devastato com\u2019\u00e8, dalle continue incursioni degli ungulati. Gli esiti delle azioni di caccia e di selezione, ove e quando consentite, sono insignificanti. Cos\u00ec come sono di poco conto le possibilit\u00e0 fornite da indennizzi, spesso inadeguati e comunque sempre inidonei a risolvere il problema della mancata produzione. Gli agricoltori lavorano per produrre, non certo per ricevere indennizzi. Al tema decennale si aggiunge l\u2019emergenza Psa. Nel vicino Piemonte, regione in cui sono state rinvenute carcasse di cinghiali infette da peste Suina Africana \u00e8 stato varato un piano di depopolamento. Analogamente chiediamo sul nostro territorio un intervento radicale\u201d. \u201cA distanza stanza di due mesi dal decreto che ne indicava la nomina \u00e8 stato individuato Il commissario straordinario per il contrasto alla diffusione dell&#8217;epidemia di peste suina africana: Angelo Ferrari \u2013 spiega Giovanna Parmigiani, allevatrice suinicola piacentina e componente di Giunta nazionale di Confagricoltura &#8211; nominato a inizio marzo non ha ancora pieni poteri n\u00e9 la necessaria autonomia di spesa\u201d. \u201cLa Repubblica Ceca ha \u00e8 uno dei pochissimi stati europei che \u00e8 riuscito a eradicare la Psa \u2013 spiegano i due dirigenti dell\u2019Associazione \u2013 lo ha fatto coinvolgendo i cacciatori e applicando in tempi brevi delle misure chiare, la cui attuazione \u00e8 stata incentivata anche da compensi economici. Come Confagricoltura Piacenza chiediamo che si mutui da quel caso di successo e si agisca. Non abbiamo neppure bisogno di inventare nulla di nuovo. Copiamo il loro piano!\u201d.<\/p>\n\n\n\n<p>Questa la roadmap delle misure che hanno portato all\u2019eradicazione in Repubblica Ceca: il 21 giungo 2017 \u00e8 stata trovata la prima carcassa; cinque giorni dopo \u00e8 stata definita la zona infetta, \u00e8 stato imposto il divieto di caccia ed \u00e8 iniziata la ricerca attiva delle carcasse (per ogni ritrovamento il compenso era di 5000 corone, circa 200\u20ac);&nbsp; dopo 2 settimane \u00e8 stata definita un\u2019area a caccia intensiva che circondava tutta la zona infetta, in cui sono stati abbattuti pi\u00f9 di 22 mila cinghiali (anche qui per incentivare gli abbattimenti c\u2019era un compenso di 40 \u20ac a capo); verso la fine di luglio la zona infetta \u00e8 stata divisa in zona ad alto rischio e zona a basso rischio. La zona a pi\u00f9 alto rischio (57 km quadrati), chiamata Core Zone, \u00e8 stata recintata con reti elettrificate e repellenti odorosi e nella zona a basso rischio sono iniziati gli abbattimenti (il compenso andava da 150 ai 300\u20ac a capo abbattuto). Ad agosto 2017 \u00e8 iniziato il trappolaggio nella Core Zone; a settembre sono iniziati gli abbattimenti anche nella Core Zone; a ottobre sono stati coinvolti i tiratori dei reparti speciali per velocizzare gli abbattimenti (sempre nella Core Zone); a marzo 2018 sono state recuperate le ultime carcasse nella zona infetta. Non si \u00e8 registrato nessun caso di positivit\u00e0 al di fuori della zona infetta dove sono stati abbattuti pi\u00f9 di 3758 cinghiali e recuperate 444 carcasse.&nbsp; Nell\u2019aprile 2019 il Paese \u00e8 stato dichiarato libero dalla PSA.<\/p>\n\n\n\n<p>\u201cIn Italia dobbiamo riuscire a fare altrettanto \u2013 propongono Parmigiani e Gasparini \u2013 e smetterla col dire che la situazione \u00e8 sotto controllo, mentre gli allevamenti suinicoli sono sotto scacco con una spada di Damocle che \u00e8 da un lato sanitaria, dall\u2019altra commerciale, gli agricoltori vedono i raccolti devastati e le persone sono sempre meno sicure a causa di branchi di cinghiali che provocano incidenti, invadono parchi o, come \u00e8 successo pi\u00f9 volte a Roma, si presentano persino all\u2019ingresso delle scuole\u201d.<\/p>\n","protected":false},"excerpt":{"rendered":"<p>Confagricoltura Piacenza: chiediamo alle Istituzioni di copiare il piano invece di continuare a sostenere che la situazione \u00e8 sotto controllo.<\/p>\n","protected":false},"author":6,"featured_media":3715,"comment_status":"closed","ping_status":"closed","sticky":false,"template":"","format":"standard","meta":{"wp_mapbox_gl_js_media":[],"footnotes":""},"categories":[4,9],"tags":[428],"class_list":["post-3714","post","type-post","status-publish","format-standard","has-post-thumbnail","hentry","category-news","category-territorio-ambiente","tag-psa-debellata"],"yoast_head":"<!-- This site is optimized with the Yoast SEO plugin v26.8 - https:\/\/yoast.com\/product\/yoast-seo-wordpress\/ -->\n<title>Nella Repubblica Ceca debellata la PSA - Confagricoltura Piacenza<\/title>\n<meta name=\"robots\" content=\"index, follow, max-snippet:-1, max-image-preview:large, max-video-preview:-1\" \/>\n<link rel=\"canonical\" href=\"https:\/\/www.confagricoltura.org\/piacenza\/nella-repubblica-ceca-debellata-la-psa\/\" \/>\n<meta property=\"og:locale\" content=\"it_IT\" \/>\n<meta property=\"og:type\" content=\"article\" \/>\n<meta property=\"og:title\" content=\"Nella Repubblica Ceca debellata la PSA - Confagricoltura Piacenza\" \/>\n<meta property=\"og:description\" content=\"Confagricoltura Piacenza: chiediamo alle Istituzioni di copiare il piano invece di continuare a sostenere che la situazione \u00e8 sotto controllo.\" \/>\n<meta property=\"og:url\" content=\"https:\/\/www.confagricoltura.org\/piacenza\/nella-repubblica-ceca-debellata-la-psa\/\" \/>\n<meta property=\"og:site_name\" content=\"Confagricoltura Piacenza\" \/>\n<meta property=\"article:published_time\" content=\"2022-03-22T14:57:00+00:00\" \/>\n<meta property=\"article:modified_time\" content=\"2022-03-23T15:05:05+00:00\" \/>\n<meta property=\"og:image\" content=\"https:\/\/www.confagricoltura.org\/piacenza\/wp-content\/uploads\/sites\/11\/2022\/03\/cinghiale-e-cinghialini-scaled.jpg\" \/>\n\t<meta property=\"og:image:width\" content=\"2560\" \/>\n\t<meta property=\"og:image:height\" content=\"1580\" \/>\n\t<meta property=\"og:image:type\" content=\"image\/jpeg\" \/>\n<meta name=\"author\" content=\"confagricolturapiacenza\" \/>\n<meta name=\"twitter:card\" content=\"summary_large_image\" \/>\n<meta name=\"twitter:label1\" content=\"Scritto da\" \/>\n\t<meta name=\"twitter:data1\" content=\"confagricolturapiacenza\" \/>\n\t<meta name=\"twitter:label2\" content=\"Tempo di lettura stimato\" \/>\n\t<meta name=\"twitter:data2\" content=\"4 minuti\" \/>\n<script type=\"application\/ld+json\" class=\"yoast-schema-graph\">{\"@context\":\"https:\/\/schema.org\",\"@graph\":[{\"@type\":\"Article\",\"@id\":\"https:\/\/www.confagricoltura.org\/piacenza\/nella-repubblica-ceca-debellata-la-psa\/#article\",\"isPartOf\":{\"@id\":\"https:\/\/www.confagricoltura.org\/piacenza\/nella-repubblica-ceca-debellata-la-psa\/\"},\"author\":{\"name\":\"confagricolturapiacenza\",\"@id\":\"https:\/\/www.confagricoltura.org\/piacenza\/#\/schema\/person\/be5da25a3117fea4b3bfec9dba09b5e8\"},\"headline\":\"Nella Repubblica Ceca debellata la PSA\",\"datePublished\":\"2022-03-22T14:57:00+00:00\",\"dateModified\":\"2022-03-23T15:05:05+00:00\",\"mainEntityOfPage\":{\"@id\":\"https:\/\/www.confagricoltura.org\/piacenza\/nella-repubblica-ceca-debellata-la-psa\/\"},\"wordCount\":703,\"image\":{\"@id\":\"https:\/\/www.confagricoltura.org\/piacenza\/nella-repubblica-ceca-debellata-la-psa\/#primaryimage\"},\"thumbnailUrl\":\"https:\/\/www.confagricoltura.org\/piacenza\/wp-content\/uploads\/sites\/11\/2022\/03\/cinghiale-e-cinghialini-scaled.jpg\",\"keywords\":[\"PSA DEBELLATA\"],\"articleSection\":[\"News\",\"Territorio e Ambiente\"],\"inLanguage\":\"it-IT\"},{\"@type\":\"WebPage\",\"@id\":\"https:\/\/www.confagricoltura.org\/piacenza\/nella-repubblica-ceca-debellata-la-psa\/\",\"url\":\"https:\/\/www.confagricoltura.org\/piacenza\/nella-repubblica-ceca-debellata-la-psa\/\",\"name\":\"Nella Repubblica Ceca debellata la PSA - Confagricoltura Piacenza\",\"isPartOf\":{\"@id\":\"https:\/\/www.confagricoltura.org\/piacenza\/#website\"},\"primaryImageOfPage\":{\"@id\":\"https:\/\/www.confagricoltura.org\/piacenza\/nella-repubblica-ceca-debellata-la-psa\/#primaryimage\"},\"image\":{\"@id\":\"https:\/\/www.confagricoltura.org\/piacenza\/nella-repubblica-ceca-debellata-la-psa\/#primaryimage\"},\"thumbnailUrl\":\"https:\/\/www.confagricoltura.org\/piacenza\/wp-content\/uploads\/sites\/11\/2022\/03\/cinghiale-e-cinghialini-scaled.jpg\",\"datePublished\":\"2022-03-22T14:57:00+00:00\",\"dateModified\":\"2022-03-23T15:05:05+00:00\",\"author\":{\"@id\":\"https:\/\/www.confagricoltura.org\/piacenza\/#\/schema\/person\/be5da25a3117fea4b3bfec9dba09b5e8\"},\"breadcrumb\":{\"@id\":\"https:\/\/www.confagricoltura.org\/piacenza\/nella-repubblica-ceca-debellata-la-psa\/#breadcrumb\"},\"inLanguage\":\"it-IT\",\"potentialAction\":[{\"@type\":\"ReadAction\",\"target\":[\"https:\/\/www.confagricoltura.org\/piacenza\/nella-repubblica-ceca-debellata-la-psa\/\"]}]},{\"@type\":\"ImageObject\",\"inLanguage\":\"it-IT\",\"@id\":\"https:\/\/www.confagricoltura.org\/piacenza\/nella-repubblica-ceca-debellata-la-psa\/#primaryimage\",\"url\":\"https:\/\/www.confagricoltura.org\/piacenza\/wp-content\/uploads\/sites\/11\/2022\/03\/cinghiale-e-cinghialini-scaled.jpg\",\"contentUrl\":\"https:\/\/www.confagricoltura.org\/piacenza\/wp-content\/uploads\/sites\/11\/2022\/03\/cinghiale-e-cinghialini-scaled.jpg\",\"width\":2560,\"height\":1580},{\"@type\":\"BreadcrumbList\",\"@id\":\"https:\/\/www.confagricoltura.org\/piacenza\/nella-repubblica-ceca-debellata-la-psa\/#breadcrumb\",\"itemListElement\":[{\"@type\":\"ListItem\",\"position\":1,\"name\":\"Home\",\"item\":\"https:\/\/www.confagricoltura.org\/piacenza\/\"},{\"@type\":\"ListItem\",\"position\":2,\"name\":\"Nella Repubblica Ceca debellata la PSA\"}]},{\"@type\":\"WebSite\",\"@id\":\"https:\/\/www.confagricoltura.org\/piacenza\/#website\",\"url\":\"https:\/\/www.confagricoltura.org\/piacenza\/\",\"name\":\"Confagricoltura Piacenza\",\"description\":\"Dalla parte degli Agricoltori\",\"potentialAction\":[{\"@type\":\"SearchAction\",\"target\":{\"@type\":\"EntryPoint\",\"urlTemplate\":\"https:\/\/www.confagricoltura.org\/piacenza\/?s={search_term_string}\"},\"query-input\":{\"@type\":\"PropertyValueSpecification\",\"valueRequired\":true,\"valueName\":\"search_term_string\"}}],\"inLanguage\":\"it-IT\"},{\"@type\":\"Person\",\"@id\":\"https:\/\/www.confagricoltura.org\/piacenza\/#\/schema\/person\/be5da25a3117fea4b3bfec9dba09b5e8\",\"name\":\"confagricolturapiacenza\",\"image\":{\"@type\":\"ImageObject\",\"inLanguage\":\"it-IT\",\"@id\":\"https:\/\/www.confagricoltura.org\/piacenza\/#\/schema\/person\/image\/\",\"url\":\"https:\/\/secure.gravatar.com\/avatar\/9c5f111e417171581853bd0a3ff892ca?s=96&d=mm&r=g\",\"contentUrl\":\"https:\/\/secure.gravatar.com\/avatar\/9c5f111e417171581853bd0a3ff892ca?s=96&d=mm&r=g\",\"caption\":\"confagricolturapiacenza\"},\"url\":\"https:\/\/www.confagricoltura.org\/piacenza\/author\/confagricolturapiacenza\/\"}]}<\/script>\n<!-- \/ Yoast SEO plugin. -->","yoast_head_json":{"title":"Nella Repubblica Ceca debellata la PSA - Confagricoltura Piacenza","robots":{"index":"index","follow":"follow","max-snippet":"max-snippet:-1","max-image-preview":"max-image-preview:large","max-video-preview":"max-video-preview:-1"},"canonical":"https:\/\/www.confagricoltura.org\/piacenza\/nella-repubblica-ceca-debellata-la-psa\/","og_locale":"it_IT","og_type":"article","og_title":"Nella Repubblica Ceca debellata la PSA - Confagricoltura Piacenza","og_description":"Confagricoltura Piacenza: chiediamo alle Istituzioni di copiare il piano invece di continuare a sostenere che la situazione \u00e8 sotto controllo.","og_url":"https:\/\/www.confagricoltura.org\/piacenza\/nella-repubblica-ceca-debellata-la-psa\/","og_site_name":"Confagricoltura Piacenza","article_published_time":"2022-03-22T14:57:00+00:00","article_modified_time":"2022-03-23T15:05:05+00:00","og_image":[{"width":2560,"height":1580,"url":"https:\/\/www.confagricoltura.org\/piacenza\/wp-content\/uploads\/sites\/11\/2022\/03\/cinghiale-e-cinghialini-scaled.jpg","type":"image\/jpeg"}],"author":"confagricolturapiacenza","twitter_card":"summary_large_image","twitter_misc":{"Scritto da":"confagricolturapiacenza","Tempo di lettura stimato":"4 minuti"},"schema":{"@context":"https:\/\/schema.org","@graph":[{"@type":"Article","@id":"https:\/\/www.confagricoltura.org\/piacenza\/nella-repubblica-ceca-debellata-la-psa\/#article","isPartOf":{"@id":"https:\/\/www.confagricoltura.org\/piacenza\/nella-repubblica-ceca-debellata-la-psa\/"},"author":{"name":"confagricolturapiacenza","@id":"https:\/\/www.confagricoltura.org\/piacenza\/#\/schema\/person\/be5da25a3117fea4b3bfec9dba09b5e8"},"headline":"Nella Repubblica Ceca debellata la PSA","datePublished":"2022-03-22T14:57:00+00:00","dateModified":"2022-03-23T15:05:05+00:00","mainEntityOfPage":{"@id":"https:\/\/www.confagricoltura.org\/piacenza\/nella-repubblica-ceca-debellata-la-psa\/"},"wordCount":703,"image":{"@id":"https:\/\/www.confagricoltura.org\/piacenza\/nella-repubblica-ceca-debellata-la-psa\/#primaryimage"},"thumbnailUrl":"https:\/\/www.confagricoltura.org\/piacenza\/wp-content\/uploads\/sites\/11\/2022\/03\/cinghiale-e-cinghialini-scaled.jpg","keywords":["PSA DEBELLATA"],"articleSection":["News","Territorio e Ambiente"],"inLanguage":"it-IT"},{"@type":"WebPage","@id":"https:\/\/www.confagricoltura.org\/piacenza\/nella-repubblica-ceca-debellata-la-psa\/","url":"https:\/\/www.confagricoltura.org\/piacenza\/nella-repubblica-ceca-debellata-la-psa\/","name":"Nella Repubblica Ceca debellata la PSA - Confagricoltura Piacenza","isPartOf":{"@id":"https:\/\/www.confagricoltura.org\/piacenza\/#website"},"primaryImageOfPage":{"@id":"https:\/\/www.confagricoltura.org\/piacenza\/nella-repubblica-ceca-debellata-la-psa\/#primaryimage"},"image":{"@id":"https:\/\/www.confagricoltura.org\/piacenza\/nella-repubblica-ceca-debellata-la-psa\/#primaryimage"},"thumbnailUrl":"https:\/\/www.confagricoltura.org\/piacenza\/wp-content\/uploads\/sites\/11\/2022\/03\/cinghiale-e-cinghialini-scaled.jpg","datePublished":"2022-03-22T14:57:00+00:00","dateModified":"2022-03-23T15:05:05+00:00","author":{"@id":"https:\/\/www.confagricoltura.org\/piacenza\/#\/schema\/person\/be5da25a3117fea4b3bfec9dba09b5e8"},"breadcrumb":{"@id":"https:\/\/www.confagricoltura.org\/piacenza\/nella-repubblica-ceca-debellata-la-psa\/#breadcrumb"},"inLanguage":"it-IT","potentialAction":[{"@type":"ReadAction","target":["https:\/\/www.confagricoltura.org\/piacenza\/nella-repubblica-ceca-debellata-la-psa\/"]}]},{"@type":"ImageObject","inLanguage":"it-IT","@id":"https:\/\/www.confagricoltura.org\/piacenza\/nella-repubblica-ceca-debellata-la-psa\/#primaryimage","url":"https:\/\/www.confagricoltura.org\/piacenza\/wp-content\/uploads\/sites\/11\/2022\/03\/cinghiale-e-cinghialini-scaled.jpg","contentUrl":"https:\/\/www.confagricoltura.org\/piacenza\/wp-content\/uploads\/sites\/11\/2022\/03\/cinghiale-e-cinghialini-scaled.jpg","width":2560,"height":1580},{"@type":"BreadcrumbList","@id":"https:\/\/www.confagricoltura.org\/piacenza\/nella-repubblica-ceca-debellata-la-psa\/#breadcrumb","itemListElement":[{"@type":"ListItem","position":1,"name":"Home","item":"https:\/\/www.confagricoltura.org\/piacenza\/"},{"@type":"ListItem","position":2,"name":"Nella Repubblica Ceca debellata la PSA"}]},{"@type":"WebSite","@id":"https:\/\/www.confagricoltura.org\/piacenza\/#website","url":"https:\/\/www.confagricoltura.org\/piacenza\/","name":"Confagricoltura Piacenza","description":"Dalla parte degli Agricoltori","potentialAction":[{"@type":"SearchAction","target":{"@type":"EntryPoint","urlTemplate":"https:\/\/www.confagricoltura.org\/piacenza\/?s={search_term_string}"},"query-input":{"@type":"PropertyValueSpecification","valueRequired":true,"valueName":"search_term_string"}}],"inLanguage":"it-IT"},{"@type":"Person","@id":"https:\/\/www.confagricoltura.org\/piacenza\/#\/schema\/person\/be5da25a3117fea4b3bfec9dba09b5e8","name":"confagricolturapiacenza","image":{"@type":"ImageObject","inLanguage":"it-IT","@id":"https:\/\/www.confagricoltura.org\/piacenza\/#\/schema\/person\/image\/","url":"https:\/\/secure.gravatar.com\/avatar\/9c5f111e417171581853bd0a3ff892ca?s=96&d=mm&r=g","contentUrl":"https:\/\/secure.gravatar.com\/avatar\/9c5f111e417171581853bd0a3ff892ca?s=96&d=mm&r=g","caption":"confagricolturapiacenza"},"url":"https:\/\/www.confagricoltura.org\/piacenza\/author\/confagricolturapiacenza\/"}]}},"_links":{"self":[{"href":"https:\/\/www.confagricoltura.org\/piacenza\/wp-json\/wp\/v2\/posts\/3714","targetHints":{"allow":["GET"]}}],"collection":[{"href":"https:\/\/www.confagricoltura.org\/piacenza\/wp-json\/wp\/v2\/posts"}],"about":[{"href":"https:\/\/www.confagricoltura.org\/piacenza\/wp-json\/wp\/v2\/types\/post"}],"author":[{"embeddable":true,"href":"https:\/\/www.confagricoltura.org\/piacenza\/wp-json\/wp\/v2\/users\/6"}],"replies":[{"embeddable":true,"href":"https:\/\/www.confagricoltura.org\/piacenza\/wp-json\/wp\/v2\/comments?post=3714"}],"version-history":[{"count":1,"href":"https:\/\/www.confagricoltura.org\/piacenza\/wp-json\/wp\/v2\/posts\/3714\/revisions"}],"predecessor-version":[{"id":3716,"href":"https:\/\/www.confagricoltura.org\/piacenza\/wp-json\/wp\/v2\/posts\/3714\/revisions\/3716"}],"wp:featuredmedia":[{"embeddable":true,"href":"https:\/\/www.confagricoltura.org\/piacenza\/wp-json\/wp\/v2\/media\/3715"}],"wp:attachment":[{"href":"https:\/\/www.confagricoltura.org\/piacenza\/wp-json\/wp\/v2\/media?parent=3714"}],"wp:term":[{"taxonomy":"category","embeddable":true,"href":"https:\/\/www.confagricoltura.org\/piacenza\/wp-json\/wp\/v2\/categories?post=3714"},{"taxonomy":"post_tag","embeddable":true,"href":"https:\/\/www.confagricoltura.org\/piacenza\/wp-json\/wp\/v2\/tags?post=3714"}],"curies":[{"name":"wp","href":"https:\/\/api.w.org\/{rel}","templated":true}]}}