{"id":3700,"date":"2022-03-11T12:25:00","date_gmt":"2022-03-11T11:25:00","guid":{"rendered":"https:\/\/www.confagricoltura.org\/piacenza\/?p=3700"},"modified":"2022-03-14T12:27:39","modified_gmt":"2022-03-14T11:27:39","slug":"lattiero-caseario-in-crisi-la-sezione-di-prodotto-di-confagricoltura-piacenza-avanza-proposte","status":"publish","type":"post","link":"https:\/\/www.confagricoltura.org\/piacenza\/lattiero-caseario-in-crisi-la-sezione-di-prodotto-di-confagricoltura-piacenza-avanza-proposte\/","title":{"rendered":"Lattiero Caseario in crisi: la Sezione di Prodotto di Confagricoltura Piacenza avanza proposte"},"content":{"rendered":"\n<p>In considerazione della grave situazione del settore Lattiero-caseario, la sezione di prodotto di Confagricoltura Piacenza si \u00e8 riunita nei giorni scorsi per avanzare sui tavoli nazionali alcune proposte ritenute fondamentali. Solo nella prima settimana di marzo i costi delle razioni per gli animali sono incrementati del 30% rispetto alle quotazioni precedenti gi\u00e0 pericolosamente onerose. A questo si aggiunga che alcuni componenti, come il panello di lino, ormai mancano sul mercato a prescindere dal loro prezzo. La medesima tendenza si registra per i fertilizzanti indispensabili nelle prossime settimane. Anche il costo del gasolio agricolo \u00e8 fuori controllo. Ci\u00f2, in un contesto in cui le aziende registrano pensati livelli di indebitamento, anche conseguentemente agli investimenti effettuati che non hanno portato ad adeguati riscontri dal punto di vista del profitto. \u201cLa situazione \u00e8, se possibile, ulteriormente aggravata dal quadro di profonda incertezza politica \u2013sottolinea Alfredo Lucchini, presidente della sezione -. La maggior parte delle aziende non sar\u00e0 in grado di reggere oltre qualche mese, se non si realizzeranno azioni immediate e se non si pianificheranno quelle strutturali che chiediamo da anni. A fronte delle quotazioni di mais e soia e della mancanza di prodotto, chiediamo la possibilit\u00e0 di approvvigionamento da Paesi extra Ue annullando le barriere all\u2019importazione. Dobbiamo inoltre poter mettere in campo da subito tutte le tecnologie disponibili, le variet\u00e0 di mais e soia Ogm che importiamo e utilizziamo nei mangimi \u2013 spiega Lucchini \u2013 devono poter essere impiegate almeno per la filiera zootecnica. Va accelerata la revisione normativa per lo sviluppo e l\u2019utilizzo delle nuove tecniche Tea. Oggi si possono avere variet\u00e0 resistenti alle fitopatie e allo stress idrico che garantiscono ottime performance di produttivit\u00e0. Questa \u00e8 la strada della vera sostenibilit\u00e0 che fortemente auspichiamo venga intrapresa. Torniamo a chiedere, come gi\u00e0 in passato, un \u201cPiano mais\u201d per valorizzare e difendere questa coltura alla base delle filiere zootecniche limitandone al contempo l\u2019uso nei biodigestori\u201d.\u00a0 Confagricoltura Piacenza chiede, in merito, attenzione anche nella realizzazione degli impianti agroenergetici: devono poter migliorare il potenziale produttivo, non limitarne o vincolare le rese. In particolare, l\u2019associazione degli imprenditori agricoli chiede di incentivare il fotovoltaico sull\u2019enorme disponibilit\u00e0 di tetti dei fabbricati agrari e non sui terreni di cui chiede la riconversione a produttivi anche di quelli incolti. \u201cLa Pac torni ad essere una politica agraria &#8211; prosegue Lucchini &#8211;\u00a0\u00a0 venga tutelata l\u2019agricoltura che produce cibo e con essa gli allevamenti moderni e intensivi\u201d. Confagricoltura Piacenza chiede un drastico taglio alle pratiche pseudo ambientali: si tratta di un milione di ettari, il 10% della Sau nazionale, destinata a coltivazioni non essenziali o alla non produzione. \u201cNon siamo pi\u00f9 soli \u2013 sottolinea Lucchini &#8211; a fronte della necessit\u00e0 di recuperare indipendenza alimentare Confagricoltura Nazionale e altri stakeholder di primo piano in Paesi come la Francia e la Spagna, propongono una sospensione delle pratiche che sottraggono terreno alle colture come le \u201cbuone\u201d pratiche agro-ambientali previste dalla condizionalit\u00e0 rafforzata nella nuova Pac e le aree a focus ecologico della precedente programmazione. Vorremmo che i contributi per queste pratiche inutili fossero dirottati innalzando i contributi per vitello nato e prevedendo dei premi accoppiati per le colture. L\u2019emergenza va considerata tale \u2013 prosegue Lucchini &#8211; si soprassieda sui controlli onerosi su fattori di rilevanza non fondamentale\u201d. La sezione di prodotto lattiero-casearia di Confagricoltura Piacenza ha inoltre focalizzato una serie di richieste specifiche come l\u2019indicizzazione del prezzo del latte ad un\u2019equa correlazione con un paniere di prodotti lattiero-caseari tra cui le pi\u00f9 prestigiose Dop. Nell\u2019ambito del Grana Padano \u2013 hanno evidenziato gli intervenuti &#8211; si rileva la difforme applicazione del punto 1.12 del piano di regolazione dell\u2019offerta che prevede l\u2019equa correlazione del prezzo del latte con quello del formaggio, ma i produttori di latte non sono in grado di far valere singolarmente quanto disposto nei confronti dei caseifici a cui vendono il prodotto. \u201cChiediamo di effettuare un\u2019analisi dei prezzi a livello di filiera \u2013 prosegue Lucchini &#8211; i produttori di latte forniscono i caseifici i quali, invece di trasformarlo, preferiscono a loro volta rivenderlo con interessanti maggiorazioni. Serve la trasparenza sul prezzo finale e un maggior equilibrio di filiera in virt\u00f9 del valore aggiunto che ciascun passaggio effettivamente comporta ponendo fine a pericolose politiche di dumping\u201d. E poi una serie di azioni strategiche di medio periodo, in primis la revoca dei piani di regolazione dell\u2019offerta nella filiera delle DOP o l\u2019eventuale assegnazione delle quote produttive delle DOP stesse del Grana Padano agli allevatori. Ampliando l\u2019orizzonte: il mai sopito appello alla realizzazione di un piano idrico che veda nuovi invasi, nello specifico nell\u2019areale piacentino e reggiano e il potenziamento di quelli esistenti, cos\u00ec da essere in grado, finalmente, di trattenere l\u2019acqua quando c\u2019\u00e8 per disporne quando serve ai campi e alla cittadinanza.<\/p>\n","protected":false},"excerpt":{"rendered":"<p>Lucchini: stralciamo subito tutti gli investimenti improduttivi e si metta in campo un \u201cpiano mais\u201d<\/p>\n","protected":false},"author":6,"featured_media":3589,"comment_status":"closed","ping_status":"closed","sticky":false,"template":"","format":"standard","meta":{"wp_mapbox_gl_js_media":[],"footnotes":""},"categories":[4,15],"tags":[390],"class_list":["post-3700","post","type-post","status-publish","format-standard","has-post-thumbnail","hentry","category-news","category-settore-lattiero-caseario","tag-crisi-latte"],"yoast_head":"<!-- This site is optimized with the Yoast SEO plugin v26.8 - https:\/\/yoast.com\/product\/yoast-seo-wordpress\/ -->\n<title>Lattiero Caseario in crisi: la Sezione di Prodotto di Confagricoltura Piacenza avanza proposte - Confagricoltura Piacenza<\/title>\n<meta name=\"robots\" content=\"index, follow, max-snippet:-1, max-image-preview:large, max-video-preview:-1\" \/>\n<link rel=\"canonical\" href=\"https:\/\/www.confagricoltura.org\/piacenza\/lattiero-caseario-in-crisi-la-sezione-di-prodotto-di-confagricoltura-piacenza-avanza-proposte\/\" \/>\n<meta property=\"og:locale\" content=\"it_IT\" \/>\n<meta property=\"og:type\" content=\"article\" \/>\n<meta property=\"og:title\" content=\"Lattiero Caseario in crisi: la Sezione di Prodotto di Confagricoltura Piacenza avanza proposte - Confagricoltura Piacenza\" \/>\n<meta property=\"og:description\" content=\"Lucchini: stralciamo subito tutti gli investimenti improduttivi e si metta in campo un \u201cpiano mais\u201d\" \/>\n<meta property=\"og:url\" content=\"https:\/\/www.confagricoltura.org\/piacenza\/lattiero-caseario-in-crisi-la-sezione-di-prodotto-di-confagricoltura-piacenza-avanza-proposte\/\" \/>\n<meta property=\"og:site_name\" content=\"Confagricoltura Piacenza\" \/>\n<meta property=\"article:published_time\" content=\"2022-03-11T11:25:00+00:00\" \/>\n<meta property=\"article:modified_time\" content=\"2022-03-14T11:27:39+00:00\" \/>\n<meta property=\"og:image\" content=\"https:\/\/www.confagricoltura.org\/piacenza\/wp-content\/uploads\/sites\/11\/2022\/01\/Alfredo-Lucchini-scaled.jpg\" \/>\n\t<meta property=\"og:image:width\" content=\"1920\" \/>\n\t<meta property=\"og:image:height\" content=\"2560\" \/>\n\t<meta property=\"og:image:type\" content=\"image\/jpeg\" \/>\n<meta name=\"author\" content=\"confagricolturapiacenza\" \/>\n<meta name=\"twitter:card\" content=\"summary_large_image\" \/>\n<meta name=\"twitter:label1\" content=\"Scritto da\" \/>\n\t<meta name=\"twitter:data1\" content=\"confagricolturapiacenza\" \/>\n\t<meta name=\"twitter:label2\" content=\"Tempo di lettura stimato\" \/>\n\t<meta name=\"twitter:data2\" content=\"4 minuti\" \/>\n<script type=\"application\/ld+json\" class=\"yoast-schema-graph\">{\"@context\":\"https:\/\/schema.org\",\"@graph\":[{\"@type\":\"Article\",\"@id\":\"https:\/\/www.confagricoltura.org\/piacenza\/lattiero-caseario-in-crisi-la-sezione-di-prodotto-di-confagricoltura-piacenza-avanza-proposte\/#article\",\"isPartOf\":{\"@id\":\"https:\/\/www.confagricoltura.org\/piacenza\/lattiero-caseario-in-crisi-la-sezione-di-prodotto-di-confagricoltura-piacenza-avanza-proposte\/\"},\"author\":{\"name\":\"confagricolturapiacenza\",\"@id\":\"https:\/\/www.confagricoltura.org\/piacenza\/#\/schema\/person\/be5da25a3117fea4b3bfec9dba09b5e8\"},\"headline\":\"Lattiero Caseario in crisi: la Sezione di Prodotto di Confagricoltura Piacenza avanza proposte\",\"datePublished\":\"2022-03-11T11:25:00+00:00\",\"dateModified\":\"2022-03-14T11:27:39+00:00\",\"mainEntityOfPage\":{\"@id\":\"https:\/\/www.confagricoltura.org\/piacenza\/lattiero-caseario-in-crisi-la-sezione-di-prodotto-di-confagricoltura-piacenza-avanza-proposte\/\"},\"wordCount\":795,\"image\":{\"@id\":\"https:\/\/www.confagricoltura.org\/piacenza\/lattiero-caseario-in-crisi-la-sezione-di-prodotto-di-confagricoltura-piacenza-avanza-proposte\/#primaryimage\"},\"thumbnailUrl\":\"https:\/\/www.confagricoltura.org\/piacenza\/wp-content\/uploads\/sites\/11\/2022\/01\/Alfredo-Lucchini-scaled.jpg\",\"keywords\":[\"crisi latte\"],\"articleSection\":[\"News\",\"Settore lattiero-caseario\"],\"inLanguage\":\"it-IT\"},{\"@type\":\"WebPage\",\"@id\":\"https:\/\/www.confagricoltura.org\/piacenza\/lattiero-caseario-in-crisi-la-sezione-di-prodotto-di-confagricoltura-piacenza-avanza-proposte\/\",\"url\":\"https:\/\/www.confagricoltura.org\/piacenza\/lattiero-caseario-in-crisi-la-sezione-di-prodotto-di-confagricoltura-piacenza-avanza-proposte\/\",\"name\":\"Lattiero Caseario in crisi: la Sezione di Prodotto di Confagricoltura Piacenza avanza proposte - Confagricoltura Piacenza\",\"isPartOf\":{\"@id\":\"https:\/\/www.confagricoltura.org\/piacenza\/#website\"},\"primaryImageOfPage\":{\"@id\":\"https:\/\/www.confagricoltura.org\/piacenza\/lattiero-caseario-in-crisi-la-sezione-di-prodotto-di-confagricoltura-piacenza-avanza-proposte\/#primaryimage\"},\"image\":{\"@id\":\"https:\/\/www.confagricoltura.org\/piacenza\/lattiero-caseario-in-crisi-la-sezione-di-prodotto-di-confagricoltura-piacenza-avanza-proposte\/#primaryimage\"},\"thumbnailUrl\":\"https:\/\/www.confagricoltura.org\/piacenza\/wp-content\/uploads\/sites\/11\/2022\/01\/Alfredo-Lucchini-scaled.jpg\",\"datePublished\":\"2022-03-11T11:25:00+00:00\",\"dateModified\":\"2022-03-14T11:27:39+00:00\",\"author\":{\"@id\":\"https:\/\/www.confagricoltura.org\/piacenza\/#\/schema\/person\/be5da25a3117fea4b3bfec9dba09b5e8\"},\"breadcrumb\":{\"@id\":\"https:\/\/www.confagricoltura.org\/piacenza\/lattiero-caseario-in-crisi-la-sezione-di-prodotto-di-confagricoltura-piacenza-avanza-proposte\/#breadcrumb\"},\"inLanguage\":\"it-IT\",\"potentialAction\":[{\"@type\":\"ReadAction\",\"target\":[\"https:\/\/www.confagricoltura.org\/piacenza\/lattiero-caseario-in-crisi-la-sezione-di-prodotto-di-confagricoltura-piacenza-avanza-proposte\/\"]}]},{\"@type\":\"ImageObject\",\"inLanguage\":\"it-IT\",\"@id\":\"https:\/\/www.confagricoltura.org\/piacenza\/lattiero-caseario-in-crisi-la-sezione-di-prodotto-di-confagricoltura-piacenza-avanza-proposte\/#primaryimage\",\"url\":\"https:\/\/www.confagricoltura.org\/piacenza\/wp-content\/uploads\/sites\/11\/2022\/01\/Alfredo-Lucchini-scaled.jpg\",\"contentUrl\":\"https:\/\/www.confagricoltura.org\/piacenza\/wp-content\/uploads\/sites\/11\/2022\/01\/Alfredo-Lucchini-scaled.jpg\",\"width\":1920,\"height\":2560},{\"@type\":\"BreadcrumbList\",\"@id\":\"https:\/\/www.confagricoltura.org\/piacenza\/lattiero-caseario-in-crisi-la-sezione-di-prodotto-di-confagricoltura-piacenza-avanza-proposte\/#breadcrumb\",\"itemListElement\":[{\"@type\":\"ListItem\",\"position\":1,\"name\":\"Home\",\"item\":\"https:\/\/www.confagricoltura.org\/piacenza\/\"},{\"@type\":\"ListItem\",\"position\":2,\"name\":\"Lattiero Caseario in crisi: la Sezione di Prodotto di Confagricoltura Piacenza avanza proposte\"}]},{\"@type\":\"WebSite\",\"@id\":\"https:\/\/www.confagricoltura.org\/piacenza\/#website\",\"url\":\"https:\/\/www.confagricoltura.org\/piacenza\/\",\"name\":\"Confagricoltura Piacenza\",\"description\":\"Dalla parte degli Agricoltori\",\"potentialAction\":[{\"@type\":\"SearchAction\",\"target\":{\"@type\":\"EntryPoint\",\"urlTemplate\":\"https:\/\/www.confagricoltura.org\/piacenza\/?s={search_term_string}\"},\"query-input\":{\"@type\":\"PropertyValueSpecification\",\"valueRequired\":true,\"valueName\":\"search_term_string\"}}],\"inLanguage\":\"it-IT\"},{\"@type\":\"Person\",\"@id\":\"https:\/\/www.confagricoltura.org\/piacenza\/#\/schema\/person\/be5da25a3117fea4b3bfec9dba09b5e8\",\"name\":\"confagricolturapiacenza\",\"image\":{\"@type\":\"ImageObject\",\"inLanguage\":\"it-IT\",\"@id\":\"https:\/\/www.confagricoltura.org\/piacenza\/#\/schema\/person\/image\/\",\"url\":\"https:\/\/secure.gravatar.com\/avatar\/9c5f111e417171581853bd0a3ff892ca?s=96&d=mm&r=g\",\"contentUrl\":\"https:\/\/secure.gravatar.com\/avatar\/9c5f111e417171581853bd0a3ff892ca?s=96&d=mm&r=g\",\"caption\":\"confagricolturapiacenza\"},\"url\":\"https:\/\/www.confagricoltura.org\/piacenza\/author\/confagricolturapiacenza\/\"}]}<\/script>\n<!-- \/ Yoast SEO plugin. -->","yoast_head_json":{"title":"Lattiero Caseario in crisi: la Sezione di Prodotto di Confagricoltura Piacenza avanza proposte - Confagricoltura Piacenza","robots":{"index":"index","follow":"follow","max-snippet":"max-snippet:-1","max-image-preview":"max-image-preview:large","max-video-preview":"max-video-preview:-1"},"canonical":"https:\/\/www.confagricoltura.org\/piacenza\/lattiero-caseario-in-crisi-la-sezione-di-prodotto-di-confagricoltura-piacenza-avanza-proposte\/","og_locale":"it_IT","og_type":"article","og_title":"Lattiero Caseario in crisi: la Sezione di Prodotto di Confagricoltura Piacenza avanza proposte - Confagricoltura Piacenza","og_description":"Lucchini: stralciamo subito tutti gli investimenti improduttivi e si metta in campo un \u201cpiano mais\u201d","og_url":"https:\/\/www.confagricoltura.org\/piacenza\/lattiero-caseario-in-crisi-la-sezione-di-prodotto-di-confagricoltura-piacenza-avanza-proposte\/","og_site_name":"Confagricoltura Piacenza","article_published_time":"2022-03-11T11:25:00+00:00","article_modified_time":"2022-03-14T11:27:39+00:00","og_image":[{"width":1920,"height":2560,"url":"https:\/\/www.confagricoltura.org\/piacenza\/wp-content\/uploads\/sites\/11\/2022\/01\/Alfredo-Lucchini-scaled.jpg","type":"image\/jpeg"}],"author":"confagricolturapiacenza","twitter_card":"summary_large_image","twitter_misc":{"Scritto da":"confagricolturapiacenza","Tempo di lettura stimato":"4 minuti"},"schema":{"@context":"https:\/\/schema.org","@graph":[{"@type":"Article","@id":"https:\/\/www.confagricoltura.org\/piacenza\/lattiero-caseario-in-crisi-la-sezione-di-prodotto-di-confagricoltura-piacenza-avanza-proposte\/#article","isPartOf":{"@id":"https:\/\/www.confagricoltura.org\/piacenza\/lattiero-caseario-in-crisi-la-sezione-di-prodotto-di-confagricoltura-piacenza-avanza-proposte\/"},"author":{"name":"confagricolturapiacenza","@id":"https:\/\/www.confagricoltura.org\/piacenza\/#\/schema\/person\/be5da25a3117fea4b3bfec9dba09b5e8"},"headline":"Lattiero Caseario in crisi: la Sezione di Prodotto di Confagricoltura Piacenza avanza proposte","datePublished":"2022-03-11T11:25:00+00:00","dateModified":"2022-03-14T11:27:39+00:00","mainEntityOfPage":{"@id":"https:\/\/www.confagricoltura.org\/piacenza\/lattiero-caseario-in-crisi-la-sezione-di-prodotto-di-confagricoltura-piacenza-avanza-proposte\/"},"wordCount":795,"image":{"@id":"https:\/\/www.confagricoltura.org\/piacenza\/lattiero-caseario-in-crisi-la-sezione-di-prodotto-di-confagricoltura-piacenza-avanza-proposte\/#primaryimage"},"thumbnailUrl":"https:\/\/www.confagricoltura.org\/piacenza\/wp-content\/uploads\/sites\/11\/2022\/01\/Alfredo-Lucchini-scaled.jpg","keywords":["crisi latte"],"articleSection":["News","Settore lattiero-caseario"],"inLanguage":"it-IT"},{"@type":"WebPage","@id":"https:\/\/www.confagricoltura.org\/piacenza\/lattiero-caseario-in-crisi-la-sezione-di-prodotto-di-confagricoltura-piacenza-avanza-proposte\/","url":"https:\/\/www.confagricoltura.org\/piacenza\/lattiero-caseario-in-crisi-la-sezione-di-prodotto-di-confagricoltura-piacenza-avanza-proposte\/","name":"Lattiero Caseario in crisi: la Sezione di Prodotto di Confagricoltura Piacenza avanza proposte - Confagricoltura Piacenza","isPartOf":{"@id":"https:\/\/www.confagricoltura.org\/piacenza\/#website"},"primaryImageOfPage":{"@id":"https:\/\/www.confagricoltura.org\/piacenza\/lattiero-caseario-in-crisi-la-sezione-di-prodotto-di-confagricoltura-piacenza-avanza-proposte\/#primaryimage"},"image":{"@id":"https:\/\/www.confagricoltura.org\/piacenza\/lattiero-caseario-in-crisi-la-sezione-di-prodotto-di-confagricoltura-piacenza-avanza-proposte\/#primaryimage"},"thumbnailUrl":"https:\/\/www.confagricoltura.org\/piacenza\/wp-content\/uploads\/sites\/11\/2022\/01\/Alfredo-Lucchini-scaled.jpg","datePublished":"2022-03-11T11:25:00+00:00","dateModified":"2022-03-14T11:27:39+00:00","author":{"@id":"https:\/\/www.confagricoltura.org\/piacenza\/#\/schema\/person\/be5da25a3117fea4b3bfec9dba09b5e8"},"breadcrumb":{"@id":"https:\/\/www.confagricoltura.org\/piacenza\/lattiero-caseario-in-crisi-la-sezione-di-prodotto-di-confagricoltura-piacenza-avanza-proposte\/#breadcrumb"},"inLanguage":"it-IT","potentialAction":[{"@type":"ReadAction","target":["https:\/\/www.confagricoltura.org\/piacenza\/lattiero-caseario-in-crisi-la-sezione-di-prodotto-di-confagricoltura-piacenza-avanza-proposte\/"]}]},{"@type":"ImageObject","inLanguage":"it-IT","@id":"https:\/\/www.confagricoltura.org\/piacenza\/lattiero-caseario-in-crisi-la-sezione-di-prodotto-di-confagricoltura-piacenza-avanza-proposte\/#primaryimage","url":"https:\/\/www.confagricoltura.org\/piacenza\/wp-content\/uploads\/sites\/11\/2022\/01\/Alfredo-Lucchini-scaled.jpg","contentUrl":"https:\/\/www.confagricoltura.org\/piacenza\/wp-content\/uploads\/sites\/11\/2022\/01\/Alfredo-Lucchini-scaled.jpg","width":1920,"height":2560},{"@type":"BreadcrumbList","@id":"https:\/\/www.confagricoltura.org\/piacenza\/lattiero-caseario-in-crisi-la-sezione-di-prodotto-di-confagricoltura-piacenza-avanza-proposte\/#breadcrumb","itemListElement":[{"@type":"ListItem","position":1,"name":"Home","item":"https:\/\/www.confagricoltura.org\/piacenza\/"},{"@type":"ListItem","position":2,"name":"Lattiero Caseario in crisi: la Sezione di Prodotto di Confagricoltura Piacenza avanza proposte"}]},{"@type":"WebSite","@id":"https:\/\/www.confagricoltura.org\/piacenza\/#website","url":"https:\/\/www.confagricoltura.org\/piacenza\/","name":"Confagricoltura Piacenza","description":"Dalla parte degli Agricoltori","potentialAction":[{"@type":"SearchAction","target":{"@type":"EntryPoint","urlTemplate":"https:\/\/www.confagricoltura.org\/piacenza\/?s={search_term_string}"},"query-input":{"@type":"PropertyValueSpecification","valueRequired":true,"valueName":"search_term_string"}}],"inLanguage":"it-IT"},{"@type":"Person","@id":"https:\/\/www.confagricoltura.org\/piacenza\/#\/schema\/person\/be5da25a3117fea4b3bfec9dba09b5e8","name":"confagricolturapiacenza","image":{"@type":"ImageObject","inLanguage":"it-IT","@id":"https:\/\/www.confagricoltura.org\/piacenza\/#\/schema\/person\/image\/","url":"https:\/\/secure.gravatar.com\/avatar\/9c5f111e417171581853bd0a3ff892ca?s=96&d=mm&r=g","contentUrl":"https:\/\/secure.gravatar.com\/avatar\/9c5f111e417171581853bd0a3ff892ca?s=96&d=mm&r=g","caption":"confagricolturapiacenza"},"url":"https:\/\/www.confagricoltura.org\/piacenza\/author\/confagricolturapiacenza\/"}]}},"_links":{"self":[{"href":"https:\/\/www.confagricoltura.org\/piacenza\/wp-json\/wp\/v2\/posts\/3700","targetHints":{"allow":["GET"]}}],"collection":[{"href":"https:\/\/www.confagricoltura.org\/piacenza\/wp-json\/wp\/v2\/posts"}],"about":[{"href":"https:\/\/www.confagricoltura.org\/piacenza\/wp-json\/wp\/v2\/types\/post"}],"author":[{"embeddable":true,"href":"https:\/\/www.confagricoltura.org\/piacenza\/wp-json\/wp\/v2\/users\/6"}],"replies":[{"embeddable":true,"href":"https:\/\/www.confagricoltura.org\/piacenza\/wp-json\/wp\/v2\/comments?post=3700"}],"version-history":[{"count":1,"href":"https:\/\/www.confagricoltura.org\/piacenza\/wp-json\/wp\/v2\/posts\/3700\/revisions"}],"predecessor-version":[{"id":3701,"href":"https:\/\/www.confagricoltura.org\/piacenza\/wp-json\/wp\/v2\/posts\/3700\/revisions\/3701"}],"wp:featuredmedia":[{"embeddable":true,"href":"https:\/\/www.confagricoltura.org\/piacenza\/wp-json\/wp\/v2\/media\/3589"}],"wp:attachment":[{"href":"https:\/\/www.confagricoltura.org\/piacenza\/wp-json\/wp\/v2\/media?parent=3700"}],"wp:term":[{"taxonomy":"category","embeddable":true,"href":"https:\/\/www.confagricoltura.org\/piacenza\/wp-json\/wp\/v2\/categories?post=3700"},{"taxonomy":"post_tag","embeddable":true,"href":"https:\/\/www.confagricoltura.org\/piacenza\/wp-json\/wp\/v2\/tags?post=3700"}],"curies":[{"name":"wp","href":"https:\/\/api.w.org\/{rel}","templated":true}]}}