{"id":3683,"date":"2022-03-07T17:11:38","date_gmt":"2022-03-07T16:11:38","guid":{"rendered":"https:\/\/www.confagricoltura.org\/piacenza\/?p=3683"},"modified":"2022-03-07T17:11:39","modified_gmt":"2022-03-07T16:11:39","slug":"la-discarica-sul-frumento-chi-cura-lambiente","status":"publish","type":"post","link":"https:\/\/www.confagricoltura.org\/piacenza\/la-discarica-sul-frumento-chi-cura-lambiente\/","title":{"rendered":"La discarica sul frumento: chi cura l&#8217;ambiente?"},"content":{"rendered":"\n<p>Riceviamo e pubblichiamo le foto di un\u2019azienda associata nella zona di Monticelli che questa mattina ha dovuto lavorare duramente per decontaminare un proprio campo di frumento da rifiuti sciaguratamente abbondonati sulla coltura. Non si tratta purtroppo di un caso isolato, tant\u2019\u00e8 che qualche settimana fa nella zona di Vigolzone un campo era stato contaminato con bottiglie di birra vuote. \u201cChe sia la noia, l\u2019ignoranza o la sciatteria &#8211; sottolinea il presidente di Confagricoltura Piacenza Filippo Gasparini \u2013 \u00e8 inammissibile che le colture vengano danneggiate da questi comportamenti irresponsabili. Ovviamente a porvi rimedio sono ancora una volta gli agricoltori che da millenni si prendono cura dei campi e dei suoli. I veri custodi dell\u2019ambiente che vivono in simbiosi con la natura e che risentono e soffrono di queste condotte disdicevoli. Viene da chiedersi dove si sia dissipata la coscienza ambientalista dei pi\u00f9 di fronte a un simile scempio. Chi ci giudica male spesso \u00e8 in realt\u00e0 il vero aguzzino dell&#8217;ambiente. La foto \u00e8 il simbolo della dicotomia del mondo rurale che evidenzia la bellezza del paesaggio contrapposta alla deturpazione dei rifiuti di origine civile. Basti vedere cosa viene abbandonato lungo le ciclabili\u201d.<\/p>\n","protected":false},"excerpt":{"rendered":"<p>Confagricoltura Piacenza: gli agricoltori tutelano l\u2019ambiente e c\u2019\u00e8 chi ancora lo rovina abbandonando rifiuti<\/p>\n","protected":false},"author":6,"featured_media":3684,"comment_status":"closed","ping_status":"closed","sticky":false,"template":"","format":"standard","meta":{"wp_mapbox_gl_js_media":[],"footnotes":""},"categories":[4,9],"tags":[421],"class_list":["post-3683","post","type-post","status-publish","format-standard","has-post-thumbnail","hentry","category-news","category-territorio-ambiente","tag-rifiuti"],"yoast_head":"<!-- This site is optimized with the Yoast SEO plugin v26.8 - https:\/\/yoast.com\/product\/yoast-seo-wordpress\/ -->\n<title>La discarica sul frumento: chi cura l&#039;ambiente? - Confagricoltura Piacenza<\/title>\n<meta name=\"robots\" content=\"index, follow, max-snippet:-1, max-image-preview:large, max-video-preview:-1\" \/>\n<link rel=\"canonical\" href=\"https:\/\/www.confagricoltura.org\/piacenza\/la-discarica-sul-frumento-chi-cura-lambiente\/\" \/>\n<meta property=\"og:locale\" content=\"it_IT\" \/>\n<meta property=\"og:type\" content=\"article\" \/>\n<meta property=\"og:title\" content=\"La discarica sul frumento: chi cura l&#039;ambiente? - Confagricoltura Piacenza\" \/>\n<meta property=\"og:description\" content=\"Confagricoltura Piacenza: gli agricoltori tutelano l\u2019ambiente e c\u2019\u00e8 chi ancora lo rovina abbandonando rifiuti\" \/>\n<meta property=\"og:url\" content=\"https:\/\/www.confagricoltura.org\/piacenza\/la-discarica-sul-frumento-chi-cura-lambiente\/\" \/>\n<meta property=\"og:site_name\" content=\"Confagricoltura Piacenza\" \/>\n<meta property=\"article:published_time\" content=\"2022-03-07T16:11:38+00:00\" \/>\n<meta property=\"article:modified_time\" content=\"2022-03-07T16:11:39+00:00\" \/>\n<meta property=\"og:image\" content=\"https:\/\/www.confagricoltura.org\/piacenza\/wp-content\/uploads\/sites\/11\/2022\/03\/rifiuti-su-frumento-a-Monticelli-2.jpg\" \/>\n\t<meta property=\"og:image:width\" content=\"1200\" \/>\n\t<meta property=\"og:image:height\" content=\"1600\" \/>\n\t<meta property=\"og:image:type\" content=\"image\/jpeg\" \/>\n<meta name=\"author\" content=\"confagricolturapiacenza\" \/>\n<meta name=\"twitter:card\" content=\"summary_large_image\" \/>\n<meta name=\"twitter:label1\" content=\"Scritto da\" \/>\n\t<meta name=\"twitter:data1\" content=\"confagricolturapiacenza\" \/>\n\t<meta name=\"twitter:label2\" content=\"Tempo di lettura stimato\" \/>\n\t<meta name=\"twitter:data2\" content=\"1 minuto\" \/>\n<script type=\"application\/ld+json\" class=\"yoast-schema-graph\">{\"@context\":\"https:\/\/schema.org\",\"@graph\":[{\"@type\":\"Article\",\"@id\":\"https:\/\/www.confagricoltura.org\/piacenza\/la-discarica-sul-frumento-chi-cura-lambiente\/#article\",\"isPartOf\":{\"@id\":\"https:\/\/www.confagricoltura.org\/piacenza\/la-discarica-sul-frumento-chi-cura-lambiente\/\"},\"author\":{\"name\":\"confagricolturapiacenza\",\"@id\":\"https:\/\/www.confagricoltura.org\/piacenza\/#\/schema\/person\/be5da25a3117fea4b3bfec9dba09b5e8\"},\"headline\":\"La discarica sul frumento: chi cura l&#8217;ambiente?\",\"datePublished\":\"2022-03-07T16:11:38+00:00\",\"dateModified\":\"2022-03-07T16:11:39+00:00\",\"mainEntityOfPage\":{\"@id\":\"https:\/\/www.confagricoltura.org\/piacenza\/la-discarica-sul-frumento-chi-cura-lambiente\/\"},\"wordCount\":199,\"image\":{\"@id\":\"https:\/\/www.confagricoltura.org\/piacenza\/la-discarica-sul-frumento-chi-cura-lambiente\/#primaryimage\"},\"thumbnailUrl\":\"https:\/\/www.confagricoltura.org\/piacenza\/wp-content\/uploads\/sites\/11\/2022\/03\/rifiuti-su-frumento-a-Monticelli-2.jpg\",\"keywords\":[\"rifiuti\"],\"articleSection\":[\"News\",\"Territorio e Ambiente\"],\"inLanguage\":\"it-IT\"},{\"@type\":\"WebPage\",\"@id\":\"https:\/\/www.confagricoltura.org\/piacenza\/la-discarica-sul-frumento-chi-cura-lambiente\/\",\"url\":\"https:\/\/www.confagricoltura.org\/piacenza\/la-discarica-sul-frumento-chi-cura-lambiente\/\",\"name\":\"La discarica sul frumento: chi cura l'ambiente? - Confagricoltura Piacenza\",\"isPartOf\":{\"@id\":\"https:\/\/www.confagricoltura.org\/piacenza\/#website\"},\"primaryImageOfPage\":{\"@id\":\"https:\/\/www.confagricoltura.org\/piacenza\/la-discarica-sul-frumento-chi-cura-lambiente\/#primaryimage\"},\"image\":{\"@id\":\"https:\/\/www.confagricoltura.org\/piacenza\/la-discarica-sul-frumento-chi-cura-lambiente\/#primaryimage\"},\"thumbnailUrl\":\"https:\/\/www.confagricoltura.org\/piacenza\/wp-content\/uploads\/sites\/11\/2022\/03\/rifiuti-su-frumento-a-Monticelli-2.jpg\",\"datePublished\":\"2022-03-07T16:11:38+00:00\",\"dateModified\":\"2022-03-07T16:11:39+00:00\",\"author\":{\"@id\":\"https:\/\/www.confagricoltura.org\/piacenza\/#\/schema\/person\/be5da25a3117fea4b3bfec9dba09b5e8\"},\"breadcrumb\":{\"@id\":\"https:\/\/www.confagricoltura.org\/piacenza\/la-discarica-sul-frumento-chi-cura-lambiente\/#breadcrumb\"},\"inLanguage\":\"it-IT\",\"potentialAction\":[{\"@type\":\"ReadAction\",\"target\":[\"https:\/\/www.confagricoltura.org\/piacenza\/la-discarica-sul-frumento-chi-cura-lambiente\/\"]}]},{\"@type\":\"ImageObject\",\"inLanguage\":\"it-IT\",\"@id\":\"https:\/\/www.confagricoltura.org\/piacenza\/la-discarica-sul-frumento-chi-cura-lambiente\/#primaryimage\",\"url\":\"https:\/\/www.confagricoltura.org\/piacenza\/wp-content\/uploads\/sites\/11\/2022\/03\/rifiuti-su-frumento-a-Monticelli-2.jpg\",\"contentUrl\":\"https:\/\/www.confagricoltura.org\/piacenza\/wp-content\/uploads\/sites\/11\/2022\/03\/rifiuti-su-frumento-a-Monticelli-2.jpg\",\"width\":1200,\"height\":1600},{\"@type\":\"BreadcrumbList\",\"@id\":\"https:\/\/www.confagricoltura.org\/piacenza\/la-discarica-sul-frumento-chi-cura-lambiente\/#breadcrumb\",\"itemListElement\":[{\"@type\":\"ListItem\",\"position\":1,\"name\":\"Home\",\"item\":\"https:\/\/www.confagricoltura.org\/piacenza\/\"},{\"@type\":\"ListItem\",\"position\":2,\"name\":\"La discarica sul frumento: chi cura l&#8217;ambiente?\"}]},{\"@type\":\"WebSite\",\"@id\":\"https:\/\/www.confagricoltura.org\/piacenza\/#website\",\"url\":\"https:\/\/www.confagricoltura.org\/piacenza\/\",\"name\":\"Confagricoltura Piacenza\",\"description\":\"Dalla parte degli Agricoltori\",\"potentialAction\":[{\"@type\":\"SearchAction\",\"target\":{\"@type\":\"EntryPoint\",\"urlTemplate\":\"https:\/\/www.confagricoltura.org\/piacenza\/?s={search_term_string}\"},\"query-input\":{\"@type\":\"PropertyValueSpecification\",\"valueRequired\":true,\"valueName\":\"search_term_string\"}}],\"inLanguage\":\"it-IT\"},{\"@type\":\"Person\",\"@id\":\"https:\/\/www.confagricoltura.org\/piacenza\/#\/schema\/person\/be5da25a3117fea4b3bfec9dba09b5e8\",\"name\":\"confagricolturapiacenza\",\"image\":{\"@type\":\"ImageObject\",\"inLanguage\":\"it-IT\",\"@id\":\"https:\/\/www.confagricoltura.org\/piacenza\/#\/schema\/person\/image\/\",\"url\":\"https:\/\/secure.gravatar.com\/avatar\/9c5f111e417171581853bd0a3ff892ca?s=96&d=mm&r=g\",\"contentUrl\":\"https:\/\/secure.gravatar.com\/avatar\/9c5f111e417171581853bd0a3ff892ca?s=96&d=mm&r=g\",\"caption\":\"confagricolturapiacenza\"},\"url\":\"https:\/\/www.confagricoltura.org\/piacenza\/author\/confagricolturapiacenza\/\"}]}<\/script>\n<!-- \/ Yoast SEO plugin. -->","yoast_head_json":{"title":"La discarica sul frumento: chi cura l'ambiente? - Confagricoltura Piacenza","robots":{"index":"index","follow":"follow","max-snippet":"max-snippet:-1","max-image-preview":"max-image-preview:large","max-video-preview":"max-video-preview:-1"},"canonical":"https:\/\/www.confagricoltura.org\/piacenza\/la-discarica-sul-frumento-chi-cura-lambiente\/","og_locale":"it_IT","og_type":"article","og_title":"La discarica sul frumento: chi cura l'ambiente? - Confagricoltura Piacenza","og_description":"Confagricoltura Piacenza: gli agricoltori tutelano l\u2019ambiente e c\u2019\u00e8 chi ancora lo rovina abbandonando rifiuti","og_url":"https:\/\/www.confagricoltura.org\/piacenza\/la-discarica-sul-frumento-chi-cura-lambiente\/","og_site_name":"Confagricoltura Piacenza","article_published_time":"2022-03-07T16:11:38+00:00","article_modified_time":"2022-03-07T16:11:39+00:00","og_image":[{"width":1200,"height":1600,"url":"https:\/\/www.confagricoltura.org\/piacenza\/wp-content\/uploads\/sites\/11\/2022\/03\/rifiuti-su-frumento-a-Monticelli-2.jpg","type":"image\/jpeg"}],"author":"confagricolturapiacenza","twitter_card":"summary_large_image","twitter_misc":{"Scritto da":"confagricolturapiacenza","Tempo di lettura stimato":"1 minuto"},"schema":{"@context":"https:\/\/schema.org","@graph":[{"@type":"Article","@id":"https:\/\/www.confagricoltura.org\/piacenza\/la-discarica-sul-frumento-chi-cura-lambiente\/#article","isPartOf":{"@id":"https:\/\/www.confagricoltura.org\/piacenza\/la-discarica-sul-frumento-chi-cura-lambiente\/"},"author":{"name":"confagricolturapiacenza","@id":"https:\/\/www.confagricoltura.org\/piacenza\/#\/schema\/person\/be5da25a3117fea4b3bfec9dba09b5e8"},"headline":"La discarica sul frumento: chi cura l&#8217;ambiente?","datePublished":"2022-03-07T16:11:38+00:00","dateModified":"2022-03-07T16:11:39+00:00","mainEntityOfPage":{"@id":"https:\/\/www.confagricoltura.org\/piacenza\/la-discarica-sul-frumento-chi-cura-lambiente\/"},"wordCount":199,"image":{"@id":"https:\/\/www.confagricoltura.org\/piacenza\/la-discarica-sul-frumento-chi-cura-lambiente\/#primaryimage"},"thumbnailUrl":"https:\/\/www.confagricoltura.org\/piacenza\/wp-content\/uploads\/sites\/11\/2022\/03\/rifiuti-su-frumento-a-Monticelli-2.jpg","keywords":["rifiuti"],"articleSection":["News","Territorio e Ambiente"],"inLanguage":"it-IT"},{"@type":"WebPage","@id":"https:\/\/www.confagricoltura.org\/piacenza\/la-discarica-sul-frumento-chi-cura-lambiente\/","url":"https:\/\/www.confagricoltura.org\/piacenza\/la-discarica-sul-frumento-chi-cura-lambiente\/","name":"La discarica sul frumento: chi cura l'ambiente? - Confagricoltura Piacenza","isPartOf":{"@id":"https:\/\/www.confagricoltura.org\/piacenza\/#website"},"primaryImageOfPage":{"@id":"https:\/\/www.confagricoltura.org\/piacenza\/la-discarica-sul-frumento-chi-cura-lambiente\/#primaryimage"},"image":{"@id":"https:\/\/www.confagricoltura.org\/piacenza\/la-discarica-sul-frumento-chi-cura-lambiente\/#primaryimage"},"thumbnailUrl":"https:\/\/www.confagricoltura.org\/piacenza\/wp-content\/uploads\/sites\/11\/2022\/03\/rifiuti-su-frumento-a-Monticelli-2.jpg","datePublished":"2022-03-07T16:11:38+00:00","dateModified":"2022-03-07T16:11:39+00:00","author":{"@id":"https:\/\/www.confagricoltura.org\/piacenza\/#\/schema\/person\/be5da25a3117fea4b3bfec9dba09b5e8"},"breadcrumb":{"@id":"https:\/\/www.confagricoltura.org\/piacenza\/la-discarica-sul-frumento-chi-cura-lambiente\/#breadcrumb"},"inLanguage":"it-IT","potentialAction":[{"@type":"ReadAction","target":["https:\/\/www.confagricoltura.org\/piacenza\/la-discarica-sul-frumento-chi-cura-lambiente\/"]}]},{"@type":"ImageObject","inLanguage":"it-IT","@id":"https:\/\/www.confagricoltura.org\/piacenza\/la-discarica-sul-frumento-chi-cura-lambiente\/#primaryimage","url":"https:\/\/www.confagricoltura.org\/piacenza\/wp-content\/uploads\/sites\/11\/2022\/03\/rifiuti-su-frumento-a-Monticelli-2.jpg","contentUrl":"https:\/\/www.confagricoltura.org\/piacenza\/wp-content\/uploads\/sites\/11\/2022\/03\/rifiuti-su-frumento-a-Monticelli-2.jpg","width":1200,"height":1600},{"@type":"BreadcrumbList","@id":"https:\/\/www.confagricoltura.org\/piacenza\/la-discarica-sul-frumento-chi-cura-lambiente\/#breadcrumb","itemListElement":[{"@type":"ListItem","position":1,"name":"Home","item":"https:\/\/www.confagricoltura.org\/piacenza\/"},{"@type":"ListItem","position":2,"name":"La discarica sul frumento: chi cura l&#8217;ambiente?"}]},{"@type":"WebSite","@id":"https:\/\/www.confagricoltura.org\/piacenza\/#website","url":"https:\/\/www.confagricoltura.org\/piacenza\/","name":"Confagricoltura Piacenza","description":"Dalla parte degli Agricoltori","potentialAction":[{"@type":"SearchAction","target":{"@type":"EntryPoint","urlTemplate":"https:\/\/www.confagricoltura.org\/piacenza\/?s={search_term_string}"},"query-input":{"@type":"PropertyValueSpecification","valueRequired":true,"valueName":"search_term_string"}}],"inLanguage":"it-IT"},{"@type":"Person","@id":"https:\/\/www.confagricoltura.org\/piacenza\/#\/schema\/person\/be5da25a3117fea4b3bfec9dba09b5e8","name":"confagricolturapiacenza","image":{"@type":"ImageObject","inLanguage":"it-IT","@id":"https:\/\/www.confagricoltura.org\/piacenza\/#\/schema\/person\/image\/","url":"https:\/\/secure.gravatar.com\/avatar\/9c5f111e417171581853bd0a3ff892ca?s=96&d=mm&r=g","contentUrl":"https:\/\/secure.gravatar.com\/avatar\/9c5f111e417171581853bd0a3ff892ca?s=96&d=mm&r=g","caption":"confagricolturapiacenza"},"url":"https:\/\/www.confagricoltura.org\/piacenza\/author\/confagricolturapiacenza\/"}]}},"_links":{"self":[{"href":"https:\/\/www.confagricoltura.org\/piacenza\/wp-json\/wp\/v2\/posts\/3683","targetHints":{"allow":["GET"]}}],"collection":[{"href":"https:\/\/www.confagricoltura.org\/piacenza\/wp-json\/wp\/v2\/posts"}],"about":[{"href":"https:\/\/www.confagricoltura.org\/piacenza\/wp-json\/wp\/v2\/types\/post"}],"author":[{"embeddable":true,"href":"https:\/\/www.confagricoltura.org\/piacenza\/wp-json\/wp\/v2\/users\/6"}],"replies":[{"embeddable":true,"href":"https:\/\/www.confagricoltura.org\/piacenza\/wp-json\/wp\/v2\/comments?post=3683"}],"version-history":[{"count":1,"href":"https:\/\/www.confagricoltura.org\/piacenza\/wp-json\/wp\/v2\/posts\/3683\/revisions"}],"predecessor-version":[{"id":3685,"href":"https:\/\/www.confagricoltura.org\/piacenza\/wp-json\/wp\/v2\/posts\/3683\/revisions\/3685"}],"wp:featuredmedia":[{"embeddable":true,"href":"https:\/\/www.confagricoltura.org\/piacenza\/wp-json\/wp\/v2\/media\/3684"}],"wp:attachment":[{"href":"https:\/\/www.confagricoltura.org\/piacenza\/wp-json\/wp\/v2\/media?parent=3683"}],"wp:term":[{"taxonomy":"category","embeddable":true,"href":"https:\/\/www.confagricoltura.org\/piacenza\/wp-json\/wp\/v2\/categories?post=3683"},{"taxonomy":"post_tag","embeddable":true,"href":"https:\/\/www.confagricoltura.org\/piacenza\/wp-json\/wp\/v2\/tags?post=3683"}],"curies":[{"name":"wp","href":"https:\/\/api.w.org\/{rel}","templated":true}]}}