{"id":3639,"date":"2022-02-08T11:27:00","date_gmt":"2022-02-08T10:27:00","guid":{"rendered":"https:\/\/www.confagricoltura.org\/piacenza\/?p=3639"},"modified":"2022-02-18T11:28:01","modified_gmt":"2022-02-18T10:28:01","slug":"inaccettabile-la-proposta-di-classificare-pericolose-tutte-le-bevande-alcoliche-senza-distinzione","status":"publish","type":"post","link":"https:\/\/www.confagricoltura.org\/piacenza\/inaccettabile-la-proposta-di-classificare-pericolose-tutte-le-bevande-alcoliche-senza-distinzione\/","title":{"rendered":"Inaccettabile la proposta di classificare pericolose tutte le bevande alcoliche, senza distinzione"},"content":{"rendered":"\n<p>\u201cOra abbiamo veramente superato ogni limite. Serve un chiarimento a livello politico considerato che il logo Nutriscore \u00e8 nella titolarit\u00e0 dell\u2019Agenzia nazionale della Sanit\u00e0 pubblica francese\u201d. Lo ha dichiarato il presidente di Confagricoltura, Massimiliano Giansanti, dopo l\u2019ultima presa di posizione di Serge Hercberg, uno degli ideatori del sistema di etichettatura Nutriscore, che ha proposto di \u201cbollare\u201d, di fatto, come pericolose per la salute tutte le bevande alcooliche anche se la presenza di alcool \u00e8 ridotta. \u201cIl limite pi\u00f9 evidente del sistema Nutriscore \u00e8 quello di classificare gli alimenti sulla base di un algoritmo che ignora completamente le quantit\u00e0 che sono normalmente consumate &#8211; sottolinea Giansanti &#8211; Nel caso specifico dei vini non si fa alcun riferimento alla differenza che passa tra abuso e consumo moderato\u201d. \u201cLa contrapposizione tra Nutriscore e Dieta Mediterranea \u00e8 evidente e insanabile &#8211; puntualizza Giansanti &#8211; Non a caso la nostra posizione \u00e8 pienamente condivisa dai produttori di olio d&#8217;oliva in Spagna e da quelli di formaggi in Francia\u201d.&nbsp;<\/p>\n\n\n\n<p>\u201cCondivido il pensiero del presidente nazionale \u2013 dichiara Chiara Azzali, presidente della Sezione di prodotto vitivinicola di Confagricoltura Piacenza \u2013 che ringrazio per la ferma presa di posizione, cos\u00ec come ringrazio l\u2019assessore regionale all\u2019Agricoltura Alessio Mammi per il suo fermo e \u201cNo\u201d. Per Mammi: \u201cIl sistema NutriScore rischia di danneggiare tutti i nostri migliori prodotti e l\u2019intero Made in Italy, disinformando le persone\u201d. \u201cLa recente proposta di inserire anche gli alcolici tra gli alimenti pericolosi colpirebbe gravemente il settore vitivinicolo senza informare i consumatori\u201d \u2013 sottolinea Azzali.<\/p>\n\n\n\n<p>Per l\u2019assessore \u201coccorre costruire un fronte comune nazionale a difesa dei prodotti Dop e Igp. L\u2019idea di un bollino nero per il vino \u00e8 un attacco senza fondamento scientifico a uno dei nostri prodotti pi\u00f9 rappresentativi: il vino in Italia e in Emilia-Romagna \u00e8 un patrimonio economico e sociale. Ma non solo, rappresenta una variet\u00e0 figlia del nostro ecosistema, anche dal punto di vista della sicurezza idrogeologica con la tutela delle colline, della nostra biodiversit\u00e0, di consuetudini e tradizioni che, attraverso una bottiglia, raccontano l\u2019identit\u00e0 e il lavoro quotidiano delle comunit\u00e0\u201d.<\/p>\n\n\n\n<p>&nbsp;\u201cSottoscrivo in pieno le dichiarazioni dell\u2019Assessore \u2013 rincara Azzali &#8211; si tratta di un approccio semplicistico e inadeguato per stabilire il valore nutrizionale di alimenti e bevande, certamente non utilizzabile come sistema generale per informare i consumatori. La dieta mediterranea, con i suoi prodotti, fa parte di un cultura del cibo e di un\u2019educazione alimentare che non possono essere liquidati con un\u2019etichetta\u201d.<\/p>\n\n\n\n<p>\u201cCome Regione Emilia-Romagna \u2013 ha detto l\u2019Assessore Mammi &#8211; stiamo lavorando da tempo sul valore del cibo e sulla promozione dei 44 prodotti Dop e Igp, che rappresentano una parte importante del valore complessivo del nostro export, per oltre 7 miliardi di euro, di prodotti agroalimentari Made in Emilia-Romagna\u201d.<\/p>\n\n\n\n<p>\u201cCome giustamente ha detto anche l\u2019Assessore \u2013 conclude Azzali \u2013 serve, piuttosto del Nutriscore, un impegno continuo sull\u2019educazione alimentare delle famiglie e delle giovani generazioni, sul consumo consapevole e moderato degli alcolici, la provenienza d\u2019origine dei prodotti e l\u2019attenzione alla variet\u00e0 degli alimenti che si portano in tavola. Queste per noi non sono parole vuote, ma un canovaccio di incontri e progetti che stiamo gi\u00e0 realizzando con impegno come produttori e come associazione nel dialogo con le scolaresche prevedendo appuntamenti di formazione in aula, anche in ambito di progetti ministeriali approvati, per comunicare sia le caratteristiche del prodotto che il corretto modo di consumarlo\u201d.<\/p>\n","protected":false},"excerpt":{"rendered":"<p>Azzali: il nostro impegno oggi \u00e8 quello di informare ed educare a un consumo corretto, il Nutriscore \u00e8 disformazione<\/p>\n","protected":false},"author":6,"featured_media":3640,"comment_status":"closed","ping_status":"closed","sticky":false,"template":"","format":"standard","meta":{"wp_mapbox_gl_js_media":[],"footnotes":""},"categories":[4,16],"tags":[416],"class_list":["post-3639","post","type-post","status-publish","format-standard","has-post-thumbnail","hentry","category-news","category-settore-vitivinicolo","tag-bevande-alcoliche"],"yoast_head":"<!-- This site is optimized with the Yoast SEO plugin v26.8 - https:\/\/yoast.com\/product\/yoast-seo-wordpress\/ -->\n<title>Inaccettabile la proposta di classificare pericolose tutte le bevande alcoliche, senza distinzione - Confagricoltura Piacenza<\/title>\n<meta name=\"robots\" content=\"index, follow, max-snippet:-1, max-image-preview:large, max-video-preview:-1\" \/>\n<link rel=\"canonical\" href=\"https:\/\/www.confagricoltura.org\/piacenza\/inaccettabile-la-proposta-di-classificare-pericolose-tutte-le-bevande-alcoliche-senza-distinzione\/\" \/>\n<meta property=\"og:locale\" content=\"it_IT\" \/>\n<meta property=\"og:type\" content=\"article\" \/>\n<meta property=\"og:title\" content=\"Inaccettabile la proposta di classificare pericolose tutte le bevande alcoliche, senza distinzione - Confagricoltura Piacenza\" \/>\n<meta property=\"og:description\" content=\"Azzali: il nostro impegno oggi \u00e8 quello di informare ed educare a un consumo corretto, il Nutriscore \u00e8 disformazione\" \/>\n<meta property=\"og:url\" content=\"https:\/\/www.confagricoltura.org\/piacenza\/inaccettabile-la-proposta-di-classificare-pericolose-tutte-le-bevande-alcoliche-senza-distinzione\/\" \/>\n<meta property=\"og:site_name\" content=\"Confagricoltura Piacenza\" \/>\n<meta property=\"article:published_time\" content=\"2022-02-08T10:27:00+00:00\" \/>\n<meta property=\"article:modified_time\" content=\"2022-02-18T10:28:01+00:00\" \/>\n<meta property=\"og:image\" content=\"https:\/\/www.confagricoltura.org\/piacenza\/wp-content\/uploads\/sites\/11\/2022\/02\/Chiara-Azzali.jpg\" \/>\n\t<meta property=\"og:image:width\" content=\"1543\" \/>\n\t<meta property=\"og:image:height\" content=\"1157\" \/>\n\t<meta property=\"og:image:type\" content=\"image\/jpeg\" \/>\n<meta name=\"author\" content=\"confagricolturapiacenza\" \/>\n<meta name=\"twitter:card\" content=\"summary_large_image\" \/>\n<meta name=\"twitter:label1\" content=\"Scritto da\" \/>\n\t<meta name=\"twitter:data1\" content=\"confagricolturapiacenza\" \/>\n\t<meta name=\"twitter:label2\" content=\"Tempo di lettura stimato\" \/>\n\t<meta name=\"twitter:data2\" content=\"3 minuti\" \/>\n<script type=\"application\/ld+json\" class=\"yoast-schema-graph\">{\"@context\":\"https:\/\/schema.org\",\"@graph\":[{\"@type\":\"Article\",\"@id\":\"https:\/\/www.confagricoltura.org\/piacenza\/inaccettabile-la-proposta-di-classificare-pericolose-tutte-le-bevande-alcoliche-senza-distinzione\/#article\",\"isPartOf\":{\"@id\":\"https:\/\/www.confagricoltura.org\/piacenza\/inaccettabile-la-proposta-di-classificare-pericolose-tutte-le-bevande-alcoliche-senza-distinzione\/\"},\"author\":{\"name\":\"confagricolturapiacenza\",\"@id\":\"https:\/\/www.confagricoltura.org\/piacenza\/#\/schema\/person\/be5da25a3117fea4b3bfec9dba09b5e8\"},\"headline\":\"Inaccettabile la proposta di classificare pericolose tutte le bevande alcoliche, senza distinzione\",\"datePublished\":\"2022-02-08T10:27:00+00:00\",\"dateModified\":\"2022-02-18T10:28:01+00:00\",\"mainEntityOfPage\":{\"@id\":\"https:\/\/www.confagricoltura.org\/piacenza\/inaccettabile-la-proposta-di-classificare-pericolose-tutte-le-bevande-alcoliche-senza-distinzione\/\"},\"wordCount\":571,\"image\":{\"@id\":\"https:\/\/www.confagricoltura.org\/piacenza\/inaccettabile-la-proposta-di-classificare-pericolose-tutte-le-bevande-alcoliche-senza-distinzione\/#primaryimage\"},\"thumbnailUrl\":\"https:\/\/www.confagricoltura.org\/piacenza\/wp-content\/uploads\/sites\/11\/2022\/02\/Chiara-Azzali.jpg\",\"keywords\":[\"bevande alcoliche\"],\"articleSection\":[\"News\",\"Settore vitivinicolo\"],\"inLanguage\":\"it-IT\"},{\"@type\":\"WebPage\",\"@id\":\"https:\/\/www.confagricoltura.org\/piacenza\/inaccettabile-la-proposta-di-classificare-pericolose-tutte-le-bevande-alcoliche-senza-distinzione\/\",\"url\":\"https:\/\/www.confagricoltura.org\/piacenza\/inaccettabile-la-proposta-di-classificare-pericolose-tutte-le-bevande-alcoliche-senza-distinzione\/\",\"name\":\"Inaccettabile la proposta di classificare pericolose tutte le bevande alcoliche, senza distinzione - Confagricoltura Piacenza\",\"isPartOf\":{\"@id\":\"https:\/\/www.confagricoltura.org\/piacenza\/#website\"},\"primaryImageOfPage\":{\"@id\":\"https:\/\/www.confagricoltura.org\/piacenza\/inaccettabile-la-proposta-di-classificare-pericolose-tutte-le-bevande-alcoliche-senza-distinzione\/#primaryimage\"},\"image\":{\"@id\":\"https:\/\/www.confagricoltura.org\/piacenza\/inaccettabile-la-proposta-di-classificare-pericolose-tutte-le-bevande-alcoliche-senza-distinzione\/#primaryimage\"},\"thumbnailUrl\":\"https:\/\/www.confagricoltura.org\/piacenza\/wp-content\/uploads\/sites\/11\/2022\/02\/Chiara-Azzali.jpg\",\"datePublished\":\"2022-02-08T10:27:00+00:00\",\"dateModified\":\"2022-02-18T10:28:01+00:00\",\"author\":{\"@id\":\"https:\/\/www.confagricoltura.org\/piacenza\/#\/schema\/person\/be5da25a3117fea4b3bfec9dba09b5e8\"},\"breadcrumb\":{\"@id\":\"https:\/\/www.confagricoltura.org\/piacenza\/inaccettabile-la-proposta-di-classificare-pericolose-tutte-le-bevande-alcoliche-senza-distinzione\/#breadcrumb\"},\"inLanguage\":\"it-IT\",\"potentialAction\":[{\"@type\":\"ReadAction\",\"target\":[\"https:\/\/www.confagricoltura.org\/piacenza\/inaccettabile-la-proposta-di-classificare-pericolose-tutte-le-bevande-alcoliche-senza-distinzione\/\"]}]},{\"@type\":\"ImageObject\",\"inLanguage\":\"it-IT\",\"@id\":\"https:\/\/www.confagricoltura.org\/piacenza\/inaccettabile-la-proposta-di-classificare-pericolose-tutte-le-bevande-alcoliche-senza-distinzione\/#primaryimage\",\"url\":\"https:\/\/www.confagricoltura.org\/piacenza\/wp-content\/uploads\/sites\/11\/2022\/02\/Chiara-Azzali.jpg\",\"contentUrl\":\"https:\/\/www.confagricoltura.org\/piacenza\/wp-content\/uploads\/sites\/11\/2022\/02\/Chiara-Azzali.jpg\",\"width\":1543,\"height\":1157},{\"@type\":\"BreadcrumbList\",\"@id\":\"https:\/\/www.confagricoltura.org\/piacenza\/inaccettabile-la-proposta-di-classificare-pericolose-tutte-le-bevande-alcoliche-senza-distinzione\/#breadcrumb\",\"itemListElement\":[{\"@type\":\"ListItem\",\"position\":1,\"name\":\"Home\",\"item\":\"https:\/\/www.confagricoltura.org\/piacenza\/\"},{\"@type\":\"ListItem\",\"position\":2,\"name\":\"Inaccettabile la proposta di classificare pericolose tutte le bevande alcoliche, senza distinzione\"}]},{\"@type\":\"WebSite\",\"@id\":\"https:\/\/www.confagricoltura.org\/piacenza\/#website\",\"url\":\"https:\/\/www.confagricoltura.org\/piacenza\/\",\"name\":\"Confagricoltura Piacenza\",\"description\":\"Dalla parte degli Agricoltori\",\"potentialAction\":[{\"@type\":\"SearchAction\",\"target\":{\"@type\":\"EntryPoint\",\"urlTemplate\":\"https:\/\/www.confagricoltura.org\/piacenza\/?s={search_term_string}\"},\"query-input\":{\"@type\":\"PropertyValueSpecification\",\"valueRequired\":true,\"valueName\":\"search_term_string\"}}],\"inLanguage\":\"it-IT\"},{\"@type\":\"Person\",\"@id\":\"https:\/\/www.confagricoltura.org\/piacenza\/#\/schema\/person\/be5da25a3117fea4b3bfec9dba09b5e8\",\"name\":\"confagricolturapiacenza\",\"image\":{\"@type\":\"ImageObject\",\"inLanguage\":\"it-IT\",\"@id\":\"https:\/\/www.confagricoltura.org\/piacenza\/#\/schema\/person\/image\/\",\"url\":\"https:\/\/secure.gravatar.com\/avatar\/9c5f111e417171581853bd0a3ff892ca?s=96&d=mm&r=g\",\"contentUrl\":\"https:\/\/secure.gravatar.com\/avatar\/9c5f111e417171581853bd0a3ff892ca?s=96&d=mm&r=g\",\"caption\":\"confagricolturapiacenza\"},\"url\":\"https:\/\/www.confagricoltura.org\/piacenza\/author\/confagricolturapiacenza\/\"}]}<\/script>\n<!-- \/ Yoast SEO plugin. -->","yoast_head_json":{"title":"Inaccettabile la proposta di classificare pericolose tutte le bevande alcoliche, senza distinzione - Confagricoltura Piacenza","robots":{"index":"index","follow":"follow","max-snippet":"max-snippet:-1","max-image-preview":"max-image-preview:large","max-video-preview":"max-video-preview:-1"},"canonical":"https:\/\/www.confagricoltura.org\/piacenza\/inaccettabile-la-proposta-di-classificare-pericolose-tutte-le-bevande-alcoliche-senza-distinzione\/","og_locale":"it_IT","og_type":"article","og_title":"Inaccettabile la proposta di classificare pericolose tutte le bevande alcoliche, senza distinzione - Confagricoltura Piacenza","og_description":"Azzali: il nostro impegno oggi \u00e8 quello di informare ed educare a un consumo corretto, il Nutriscore \u00e8 disformazione","og_url":"https:\/\/www.confagricoltura.org\/piacenza\/inaccettabile-la-proposta-di-classificare-pericolose-tutte-le-bevande-alcoliche-senza-distinzione\/","og_site_name":"Confagricoltura Piacenza","article_published_time":"2022-02-08T10:27:00+00:00","article_modified_time":"2022-02-18T10:28:01+00:00","og_image":[{"width":1543,"height":1157,"url":"https:\/\/www.confagricoltura.org\/piacenza\/wp-content\/uploads\/sites\/11\/2022\/02\/Chiara-Azzali.jpg","type":"image\/jpeg"}],"author":"confagricolturapiacenza","twitter_card":"summary_large_image","twitter_misc":{"Scritto da":"confagricolturapiacenza","Tempo di lettura stimato":"3 minuti"},"schema":{"@context":"https:\/\/schema.org","@graph":[{"@type":"Article","@id":"https:\/\/www.confagricoltura.org\/piacenza\/inaccettabile-la-proposta-di-classificare-pericolose-tutte-le-bevande-alcoliche-senza-distinzione\/#article","isPartOf":{"@id":"https:\/\/www.confagricoltura.org\/piacenza\/inaccettabile-la-proposta-di-classificare-pericolose-tutte-le-bevande-alcoliche-senza-distinzione\/"},"author":{"name":"confagricolturapiacenza","@id":"https:\/\/www.confagricoltura.org\/piacenza\/#\/schema\/person\/be5da25a3117fea4b3bfec9dba09b5e8"},"headline":"Inaccettabile la proposta di classificare pericolose tutte le bevande alcoliche, senza distinzione","datePublished":"2022-02-08T10:27:00+00:00","dateModified":"2022-02-18T10:28:01+00:00","mainEntityOfPage":{"@id":"https:\/\/www.confagricoltura.org\/piacenza\/inaccettabile-la-proposta-di-classificare-pericolose-tutte-le-bevande-alcoliche-senza-distinzione\/"},"wordCount":571,"image":{"@id":"https:\/\/www.confagricoltura.org\/piacenza\/inaccettabile-la-proposta-di-classificare-pericolose-tutte-le-bevande-alcoliche-senza-distinzione\/#primaryimage"},"thumbnailUrl":"https:\/\/www.confagricoltura.org\/piacenza\/wp-content\/uploads\/sites\/11\/2022\/02\/Chiara-Azzali.jpg","keywords":["bevande alcoliche"],"articleSection":["News","Settore vitivinicolo"],"inLanguage":"it-IT"},{"@type":"WebPage","@id":"https:\/\/www.confagricoltura.org\/piacenza\/inaccettabile-la-proposta-di-classificare-pericolose-tutte-le-bevande-alcoliche-senza-distinzione\/","url":"https:\/\/www.confagricoltura.org\/piacenza\/inaccettabile-la-proposta-di-classificare-pericolose-tutte-le-bevande-alcoliche-senza-distinzione\/","name":"Inaccettabile la proposta di classificare pericolose tutte le bevande alcoliche, senza distinzione - Confagricoltura Piacenza","isPartOf":{"@id":"https:\/\/www.confagricoltura.org\/piacenza\/#website"},"primaryImageOfPage":{"@id":"https:\/\/www.confagricoltura.org\/piacenza\/inaccettabile-la-proposta-di-classificare-pericolose-tutte-le-bevande-alcoliche-senza-distinzione\/#primaryimage"},"image":{"@id":"https:\/\/www.confagricoltura.org\/piacenza\/inaccettabile-la-proposta-di-classificare-pericolose-tutte-le-bevande-alcoliche-senza-distinzione\/#primaryimage"},"thumbnailUrl":"https:\/\/www.confagricoltura.org\/piacenza\/wp-content\/uploads\/sites\/11\/2022\/02\/Chiara-Azzali.jpg","datePublished":"2022-02-08T10:27:00+00:00","dateModified":"2022-02-18T10:28:01+00:00","author":{"@id":"https:\/\/www.confagricoltura.org\/piacenza\/#\/schema\/person\/be5da25a3117fea4b3bfec9dba09b5e8"},"breadcrumb":{"@id":"https:\/\/www.confagricoltura.org\/piacenza\/inaccettabile-la-proposta-di-classificare-pericolose-tutte-le-bevande-alcoliche-senza-distinzione\/#breadcrumb"},"inLanguage":"it-IT","potentialAction":[{"@type":"ReadAction","target":["https:\/\/www.confagricoltura.org\/piacenza\/inaccettabile-la-proposta-di-classificare-pericolose-tutte-le-bevande-alcoliche-senza-distinzione\/"]}]},{"@type":"ImageObject","inLanguage":"it-IT","@id":"https:\/\/www.confagricoltura.org\/piacenza\/inaccettabile-la-proposta-di-classificare-pericolose-tutte-le-bevande-alcoliche-senza-distinzione\/#primaryimage","url":"https:\/\/www.confagricoltura.org\/piacenza\/wp-content\/uploads\/sites\/11\/2022\/02\/Chiara-Azzali.jpg","contentUrl":"https:\/\/www.confagricoltura.org\/piacenza\/wp-content\/uploads\/sites\/11\/2022\/02\/Chiara-Azzali.jpg","width":1543,"height":1157},{"@type":"BreadcrumbList","@id":"https:\/\/www.confagricoltura.org\/piacenza\/inaccettabile-la-proposta-di-classificare-pericolose-tutte-le-bevande-alcoliche-senza-distinzione\/#breadcrumb","itemListElement":[{"@type":"ListItem","position":1,"name":"Home","item":"https:\/\/www.confagricoltura.org\/piacenza\/"},{"@type":"ListItem","position":2,"name":"Inaccettabile la proposta di classificare pericolose tutte le bevande alcoliche, senza distinzione"}]},{"@type":"WebSite","@id":"https:\/\/www.confagricoltura.org\/piacenza\/#website","url":"https:\/\/www.confagricoltura.org\/piacenza\/","name":"Confagricoltura Piacenza","description":"Dalla parte degli Agricoltori","potentialAction":[{"@type":"SearchAction","target":{"@type":"EntryPoint","urlTemplate":"https:\/\/www.confagricoltura.org\/piacenza\/?s={search_term_string}"},"query-input":{"@type":"PropertyValueSpecification","valueRequired":true,"valueName":"search_term_string"}}],"inLanguage":"it-IT"},{"@type":"Person","@id":"https:\/\/www.confagricoltura.org\/piacenza\/#\/schema\/person\/be5da25a3117fea4b3bfec9dba09b5e8","name":"confagricolturapiacenza","image":{"@type":"ImageObject","inLanguage":"it-IT","@id":"https:\/\/www.confagricoltura.org\/piacenza\/#\/schema\/person\/image\/","url":"https:\/\/secure.gravatar.com\/avatar\/9c5f111e417171581853bd0a3ff892ca?s=96&d=mm&r=g","contentUrl":"https:\/\/secure.gravatar.com\/avatar\/9c5f111e417171581853bd0a3ff892ca?s=96&d=mm&r=g","caption":"confagricolturapiacenza"},"url":"https:\/\/www.confagricoltura.org\/piacenza\/author\/confagricolturapiacenza\/"}]}},"_links":{"self":[{"href":"https:\/\/www.confagricoltura.org\/piacenza\/wp-json\/wp\/v2\/posts\/3639","targetHints":{"allow":["GET"]}}],"collection":[{"href":"https:\/\/www.confagricoltura.org\/piacenza\/wp-json\/wp\/v2\/posts"}],"about":[{"href":"https:\/\/www.confagricoltura.org\/piacenza\/wp-json\/wp\/v2\/types\/post"}],"author":[{"embeddable":true,"href":"https:\/\/www.confagricoltura.org\/piacenza\/wp-json\/wp\/v2\/users\/6"}],"replies":[{"embeddable":true,"href":"https:\/\/www.confagricoltura.org\/piacenza\/wp-json\/wp\/v2\/comments?post=3639"}],"version-history":[{"count":1,"href":"https:\/\/www.confagricoltura.org\/piacenza\/wp-json\/wp\/v2\/posts\/3639\/revisions"}],"predecessor-version":[{"id":3641,"href":"https:\/\/www.confagricoltura.org\/piacenza\/wp-json\/wp\/v2\/posts\/3639\/revisions\/3641"}],"wp:featuredmedia":[{"embeddable":true,"href":"https:\/\/www.confagricoltura.org\/piacenza\/wp-json\/wp\/v2\/media\/3640"}],"wp:attachment":[{"href":"https:\/\/www.confagricoltura.org\/piacenza\/wp-json\/wp\/v2\/media?parent=3639"}],"wp:term":[{"taxonomy":"category","embeddable":true,"href":"https:\/\/www.confagricoltura.org\/piacenza\/wp-json\/wp\/v2\/categories?post=3639"},{"taxonomy":"post_tag","embeddable":true,"href":"https:\/\/www.confagricoltura.org\/piacenza\/wp-json\/wp\/v2\/tags?post=3639"}],"curies":[{"name":"wp","href":"https:\/\/api.w.org\/{rel}","templated":true}]}}