{"id":3630,"date":"2022-02-14T12:24:03","date_gmt":"2022-02-14T11:24:03","guid":{"rendered":"https:\/\/www.confagricoltura.org\/piacenza\/?p=3630"},"modified":"2022-02-14T12:24:04","modified_gmt":"2022-02-14T11:24:04","slug":"latte-il-prezzo-minimo-non-e-la-strategia-e-il-riferimento-a-41-cent-ci-danneggia","status":"publish","type":"post","link":"https:\/\/www.confagricoltura.org\/piacenza\/latte-il-prezzo-minimo-non-e-la-strategia-e-il-riferimento-a-41-cent-ci-danneggia\/","title":{"rendered":"Latte: il prezzo minimo non \u00e8 la strategia e il riferimento a 41 cent ci danneggia"},"content":{"rendered":"\n<p>La situazione finanziaria delle stalle da latte \u00e8 al collasso. Complice la forte dipendenza dalle importazioni dei fattori produttivi, i costi di fertilizzanti, energia e mezzi tecnici sono pi\u00f9 che raddoppiati, i costi alimentari per le bovine risultano del 30% superiori rispetto alle ultime campagne. Si registrano aumenti importanti persino per i costi di affitto dei terreni a causa della sempre maggiore scarsit\u00e0 delle superfici per l\u2019agricoltura. \u201cTra costi, adempimenti e vincoli, il mix questa volta \u00e8 senza precedenti\u201d \u2013 tuona Alfredo Lucchini, presidente della sezione di prodotto lattiero Casearia di Confagricoltura Piacenza. \u201cCome avevamo gi\u00e0 previsto e scritto nei mesi scorsi il protocollo di intesa del tavolo politico del latte che aveva stabilito l\u2019obiettivo dei 41 centesimi\/litro come prezzo del latte alla stalla ad oggi risulta inapplicato e inapplicabile, con il rischio in alcuni casi di ancorare al ribasso una quotazione che per la situazione di mercato potrebbe essere superiore\u201d. Lucchini si riferisce alla quotazione del Grana Padano abbondantemente sopra i 7 \u20ac che vede una potenziale remunerazione del latte alla stalla che tende ai 50 centesimi (fonte CLAL).\u00a0 Si tratta un compenso oggi riconosciuto solo a una minima parte del latte prodotto nel comprensorio. \u201cBasti pensare \u2013 precisa Lucchini &#8211; che oggi persino il 30% del latte con contratti di conferimento a caseifici Grana Padano prende altre strade, come peraltro recentemente affermato dai massimi addetti ai lavori del Consorzio di tutela. Nel complesso dunque anche il latte della filiera non viene valorizzato a pieno per le sue potenzialit\u00e0\u201d. E qui il dirigente di Confagricoltura Piacenza torna a puntare il dito sulla politica di crescita troppo prudenziale portata a vanti negli anni dal Consorzio. \u201cRispetto all&#8217;ultimo piano di regolazione si stima servano 1.6 milioni di forme di Grana Padano in pi\u00f9, soltanto per \u201csistemare\u201d il latte delle 4.000 stalle attualmente contrattualizzato con caseifici Grana DOP. A fronte di un\u2019esigenza territoriale di milioni di forme, l\u2019ultimo piano di regolazione ne ha previste poche decine di migliaia in pi\u00f9, a titolo tra l\u2019altro decisamente oneroso, operazione che di fatto ha escluso i piccoli caseifici, particolarmente diffusi nella nostra provincia, contribuendo cos\u00ec ad ampliare nei fatti le quote di quelli pi\u00f9 grandi in grado di acquistare anche la parte dei piccoli. Non menzioniamo poi le altre 8.000 stalle del comprensorio del prestigioso formaggio che, in gran parte certificate, non hanno nemmeno la possibilit\u00e0 di conferire una parte del latte per alla filiera DOP. In questo contesto di &#8220;eccesso&#8221; di latte, anche il principio dell\u2019equa correlazione, previsto dal Piano produttivo, non viene rispettato da parte dei principali caseifici che esercitano talvolta politiche di dumping (con pagamenti anche inferiori al prezzo minimo) nei confronti di allevamenti che risultano oltretutto comunque legati ai caseifici stessi persino mediante piani di filiera\u201d. Per quanto riguarda le destinazioni diverse dalle filiere Dop, il latte italiano risulta oggi particolarmente interessante essendo venuta meno l\u2019attrattiva del latte estero, tradizionalmente pi\u00f9 conveniente, ma oggi importato a quotazioni superiori a quelle del prodotto nazionale. \u201cSe per le filiere delle Dop chiediamo ormai da anni strategie commerciali che siano davvero in grado di valorizzare le potenzialit\u00e0 del prodotto e di redistribuire il valore lungo la filiera andando a ristorare anche i produttori di latte, che \u00e8 poi la finalit\u00e0 alla base dell\u2019istituzione della Dop, per il latte destinato ad altri usi chiediamo che venga valorizzata la qualit\u00e0 del latte nazionale nel momento in cui anche il prezzo di mercato non giustifica pi\u00f9 l\u2019importazione\u201d.\u00a0 Oggi stimiamo 7 milioni di tonnellate di &#8220;equivalente latte&#8221; importato utilizzato nelle diverse filiere di trasformazione italiane. Si tratta del 40% del fabbisogno nazionale. \u201cAnche su questo fronte \u00e8 necessario \u2013 spiega Lucchini &#8211; spingere sui nostri prodotti, rendendo pi\u00f9 competitive le produzioni italiane e distribuendo il valore lungo la filiera, ancor pi\u00f9 dato che anche i prodotti importati sono destinati ad aumentare di prezzo visti i prezzi del latte con cui sono prodotti\u201d. Insomma il prezzo di riferimento a 41 centesimi\/litro, ratificato dal mercato e non dall\u2019accordo, oggi ha ben poco significato non rappresentando n\u00e9 il valore del prodotto n\u00e9 la soglia minima di copertura dei costi individuata attorno ai 45 centesimi\/litro. \u201cCon queste quotazioni sottocosto si potrebbe aprire anche il capitolo delle pratiche sleali \u2013 prosegue Lucchini &#8211; Da imprenditori penso non occorra protestare per il prezzo di riferimento concordato che \u00e8 stato comunque frutto di un impegno collettivo che ha visto in prima linea anche le istituzioni agricole, ma ci tengo a ribadire e i fatti mi danno ragione, che esporsi per un prezzo minimo, non significa manifestare con la giusta cognizione di causa sul mercato. Il prezzo minimo non \u00e8 imprenditorialit\u00e0, ma assistenzialismo. In un Paese in cui si parla di salario minimo, di reddito di cittadinanza ecc ecc, che ha portato i nostri sistemi produttivi allo scatafascio, noi non possiamo, da imprenditori quali siamo, oscurare la nostra identit\u00e0 dietro scelte senza visione. L\u2019aiuto che chiediamo \u2013 conclude Lucchini \u2013 non \u00e8 per avere un prezzo minimo, ma per poterci dotare degli gli strumenti commerciali adatti per arrivare a far ottenere al nostro latte il prezzo che corrisponda al suo valore, per fare in modo che la filiera ce lo riconosca e che il libero mercato lo premi.<\/p>\n","protected":false},"excerpt":{"rendered":"<p>Lucchini: servono strategie commerciali per far riconoscere il valore del nostro latte alla trasformazione e al mercato<\/p>\n","protected":false},"author":6,"featured_media":3589,"comment_status":"closed","ping_status":"closed","sticky":false,"template":"","format":"standard","meta":{"wp_mapbox_gl_js_media":[],"footnotes":""},"categories":[4,15],"tags":[59],"class_list":["post-3630","post","type-post","status-publish","format-standard","has-post-thumbnail","hentry","category-news","category-settore-lattiero-caseario","tag-latte"],"yoast_head":"<!-- This site is optimized with the Yoast SEO plugin v26.8 - https:\/\/yoast.com\/product\/yoast-seo-wordpress\/ -->\n<title>Latte: il prezzo minimo non \u00e8 la strategia e il riferimento a 41 cent ci danneggia - Confagricoltura Piacenza<\/title>\n<meta name=\"robots\" content=\"index, follow, max-snippet:-1, max-image-preview:large, max-video-preview:-1\" \/>\n<link rel=\"canonical\" href=\"https:\/\/www.confagricoltura.org\/piacenza\/latte-il-prezzo-minimo-non-e-la-strategia-e-il-riferimento-a-41-cent-ci-danneggia\/\" \/>\n<meta property=\"og:locale\" content=\"it_IT\" \/>\n<meta property=\"og:type\" content=\"article\" \/>\n<meta property=\"og:title\" content=\"Latte: il prezzo minimo non \u00e8 la strategia e il riferimento a 41 cent ci danneggia - Confagricoltura Piacenza\" \/>\n<meta property=\"og:description\" content=\"Lucchini: servono strategie commerciali per far riconoscere il valore del nostro latte alla trasformazione e al mercato\" \/>\n<meta property=\"og:url\" content=\"https:\/\/www.confagricoltura.org\/piacenza\/latte-il-prezzo-minimo-non-e-la-strategia-e-il-riferimento-a-41-cent-ci-danneggia\/\" \/>\n<meta property=\"og:site_name\" content=\"Confagricoltura Piacenza\" \/>\n<meta property=\"article:published_time\" content=\"2022-02-14T11:24:03+00:00\" \/>\n<meta property=\"article:modified_time\" content=\"2022-02-14T11:24:04+00:00\" \/>\n<meta property=\"og:image\" content=\"https:\/\/www.confagricoltura.org\/piacenza\/wp-content\/uploads\/sites\/11\/2022\/01\/Alfredo-Lucchini-scaled.jpg\" \/>\n\t<meta property=\"og:image:width\" content=\"1920\" \/>\n\t<meta property=\"og:image:height\" content=\"2560\" \/>\n\t<meta property=\"og:image:type\" content=\"image\/jpeg\" \/>\n<meta name=\"author\" content=\"confagricolturapiacenza\" \/>\n<meta name=\"twitter:card\" content=\"summary_large_image\" \/>\n<meta name=\"twitter:label1\" content=\"Scritto da\" \/>\n\t<meta name=\"twitter:data1\" content=\"confagricolturapiacenza\" \/>\n\t<meta name=\"twitter:label2\" content=\"Tempo di lettura stimato\" \/>\n\t<meta name=\"twitter:data2\" content=\"4 minuti\" \/>\n<script type=\"application\/ld+json\" class=\"yoast-schema-graph\">{\"@context\":\"https:\/\/schema.org\",\"@graph\":[{\"@type\":\"Article\",\"@id\":\"https:\/\/www.confagricoltura.org\/piacenza\/latte-il-prezzo-minimo-non-e-la-strategia-e-il-riferimento-a-41-cent-ci-danneggia\/#article\",\"isPartOf\":{\"@id\":\"https:\/\/www.confagricoltura.org\/piacenza\/latte-il-prezzo-minimo-non-e-la-strategia-e-il-riferimento-a-41-cent-ci-danneggia\/\"},\"author\":{\"name\":\"confagricolturapiacenza\",\"@id\":\"https:\/\/www.confagricoltura.org\/piacenza\/#\/schema\/person\/be5da25a3117fea4b3bfec9dba09b5e8\"},\"headline\":\"Latte: il prezzo minimo non \u00e8 la strategia e il riferimento a 41 cent ci danneggia\",\"datePublished\":\"2022-02-14T11:24:03+00:00\",\"dateModified\":\"2022-02-14T11:24:04+00:00\",\"mainEntityOfPage\":{\"@id\":\"https:\/\/www.confagricoltura.org\/piacenza\/latte-il-prezzo-minimo-non-e-la-strategia-e-il-riferimento-a-41-cent-ci-danneggia\/\"},\"wordCount\":865,\"image\":{\"@id\":\"https:\/\/www.confagricoltura.org\/piacenza\/latte-il-prezzo-minimo-non-e-la-strategia-e-il-riferimento-a-41-cent-ci-danneggia\/#primaryimage\"},\"thumbnailUrl\":\"https:\/\/www.confagricoltura.org\/piacenza\/wp-content\/uploads\/sites\/11\/2022\/01\/Alfredo-Lucchini-scaled.jpg\",\"keywords\":[\"LATTE\"],\"articleSection\":[\"News\",\"Settore lattiero-caseario\"],\"inLanguage\":\"it-IT\"},{\"@type\":\"WebPage\",\"@id\":\"https:\/\/www.confagricoltura.org\/piacenza\/latte-il-prezzo-minimo-non-e-la-strategia-e-il-riferimento-a-41-cent-ci-danneggia\/\",\"url\":\"https:\/\/www.confagricoltura.org\/piacenza\/latte-il-prezzo-minimo-non-e-la-strategia-e-il-riferimento-a-41-cent-ci-danneggia\/\",\"name\":\"Latte: il prezzo minimo non \u00e8 la strategia e il riferimento a 41 cent ci danneggia - Confagricoltura Piacenza\",\"isPartOf\":{\"@id\":\"https:\/\/www.confagricoltura.org\/piacenza\/#website\"},\"primaryImageOfPage\":{\"@id\":\"https:\/\/www.confagricoltura.org\/piacenza\/latte-il-prezzo-minimo-non-e-la-strategia-e-il-riferimento-a-41-cent-ci-danneggia\/#primaryimage\"},\"image\":{\"@id\":\"https:\/\/www.confagricoltura.org\/piacenza\/latte-il-prezzo-minimo-non-e-la-strategia-e-il-riferimento-a-41-cent-ci-danneggia\/#primaryimage\"},\"thumbnailUrl\":\"https:\/\/www.confagricoltura.org\/piacenza\/wp-content\/uploads\/sites\/11\/2022\/01\/Alfredo-Lucchini-scaled.jpg\",\"datePublished\":\"2022-02-14T11:24:03+00:00\",\"dateModified\":\"2022-02-14T11:24:04+00:00\",\"author\":{\"@id\":\"https:\/\/www.confagricoltura.org\/piacenza\/#\/schema\/person\/be5da25a3117fea4b3bfec9dba09b5e8\"},\"breadcrumb\":{\"@id\":\"https:\/\/www.confagricoltura.org\/piacenza\/latte-il-prezzo-minimo-non-e-la-strategia-e-il-riferimento-a-41-cent-ci-danneggia\/#breadcrumb\"},\"inLanguage\":\"it-IT\",\"potentialAction\":[{\"@type\":\"ReadAction\",\"target\":[\"https:\/\/www.confagricoltura.org\/piacenza\/latte-il-prezzo-minimo-non-e-la-strategia-e-il-riferimento-a-41-cent-ci-danneggia\/\"]}]},{\"@type\":\"ImageObject\",\"inLanguage\":\"it-IT\",\"@id\":\"https:\/\/www.confagricoltura.org\/piacenza\/latte-il-prezzo-minimo-non-e-la-strategia-e-il-riferimento-a-41-cent-ci-danneggia\/#primaryimage\",\"url\":\"https:\/\/www.confagricoltura.org\/piacenza\/wp-content\/uploads\/sites\/11\/2022\/01\/Alfredo-Lucchini-scaled.jpg\",\"contentUrl\":\"https:\/\/www.confagricoltura.org\/piacenza\/wp-content\/uploads\/sites\/11\/2022\/01\/Alfredo-Lucchini-scaled.jpg\",\"width\":1920,\"height\":2560},{\"@type\":\"BreadcrumbList\",\"@id\":\"https:\/\/www.confagricoltura.org\/piacenza\/latte-il-prezzo-minimo-non-e-la-strategia-e-il-riferimento-a-41-cent-ci-danneggia\/#breadcrumb\",\"itemListElement\":[{\"@type\":\"ListItem\",\"position\":1,\"name\":\"Home\",\"item\":\"https:\/\/www.confagricoltura.org\/piacenza\/\"},{\"@type\":\"ListItem\",\"position\":2,\"name\":\"Latte: il prezzo minimo non \u00e8 la strategia e il riferimento a 41 cent ci danneggia\"}]},{\"@type\":\"WebSite\",\"@id\":\"https:\/\/www.confagricoltura.org\/piacenza\/#website\",\"url\":\"https:\/\/www.confagricoltura.org\/piacenza\/\",\"name\":\"Confagricoltura Piacenza\",\"description\":\"Dalla parte degli Agricoltori\",\"potentialAction\":[{\"@type\":\"SearchAction\",\"target\":{\"@type\":\"EntryPoint\",\"urlTemplate\":\"https:\/\/www.confagricoltura.org\/piacenza\/?s={search_term_string}\"},\"query-input\":{\"@type\":\"PropertyValueSpecification\",\"valueRequired\":true,\"valueName\":\"search_term_string\"}}],\"inLanguage\":\"it-IT\"},{\"@type\":\"Person\",\"@id\":\"https:\/\/www.confagricoltura.org\/piacenza\/#\/schema\/person\/be5da25a3117fea4b3bfec9dba09b5e8\",\"name\":\"confagricolturapiacenza\",\"image\":{\"@type\":\"ImageObject\",\"inLanguage\":\"it-IT\",\"@id\":\"https:\/\/www.confagricoltura.org\/piacenza\/#\/schema\/person\/image\/\",\"url\":\"https:\/\/secure.gravatar.com\/avatar\/9c5f111e417171581853bd0a3ff892ca?s=96&d=mm&r=g\",\"contentUrl\":\"https:\/\/secure.gravatar.com\/avatar\/9c5f111e417171581853bd0a3ff892ca?s=96&d=mm&r=g\",\"caption\":\"confagricolturapiacenza\"},\"url\":\"https:\/\/www.confagricoltura.org\/piacenza\/author\/confagricolturapiacenza\/\"}]}<\/script>\n<!-- \/ Yoast SEO plugin. -->","yoast_head_json":{"title":"Latte: il prezzo minimo non \u00e8 la strategia e il riferimento a 41 cent ci danneggia - Confagricoltura Piacenza","robots":{"index":"index","follow":"follow","max-snippet":"max-snippet:-1","max-image-preview":"max-image-preview:large","max-video-preview":"max-video-preview:-1"},"canonical":"https:\/\/www.confagricoltura.org\/piacenza\/latte-il-prezzo-minimo-non-e-la-strategia-e-il-riferimento-a-41-cent-ci-danneggia\/","og_locale":"it_IT","og_type":"article","og_title":"Latte: il prezzo minimo non \u00e8 la strategia e il riferimento a 41 cent ci danneggia - Confagricoltura Piacenza","og_description":"Lucchini: servono strategie commerciali per far riconoscere il valore del nostro latte alla trasformazione e al mercato","og_url":"https:\/\/www.confagricoltura.org\/piacenza\/latte-il-prezzo-minimo-non-e-la-strategia-e-il-riferimento-a-41-cent-ci-danneggia\/","og_site_name":"Confagricoltura Piacenza","article_published_time":"2022-02-14T11:24:03+00:00","article_modified_time":"2022-02-14T11:24:04+00:00","og_image":[{"width":1920,"height":2560,"url":"https:\/\/www.confagricoltura.org\/piacenza\/wp-content\/uploads\/sites\/11\/2022\/01\/Alfredo-Lucchini-scaled.jpg","type":"image\/jpeg"}],"author":"confagricolturapiacenza","twitter_card":"summary_large_image","twitter_misc":{"Scritto da":"confagricolturapiacenza","Tempo di lettura stimato":"4 minuti"},"schema":{"@context":"https:\/\/schema.org","@graph":[{"@type":"Article","@id":"https:\/\/www.confagricoltura.org\/piacenza\/latte-il-prezzo-minimo-non-e-la-strategia-e-il-riferimento-a-41-cent-ci-danneggia\/#article","isPartOf":{"@id":"https:\/\/www.confagricoltura.org\/piacenza\/latte-il-prezzo-minimo-non-e-la-strategia-e-il-riferimento-a-41-cent-ci-danneggia\/"},"author":{"name":"confagricolturapiacenza","@id":"https:\/\/www.confagricoltura.org\/piacenza\/#\/schema\/person\/be5da25a3117fea4b3bfec9dba09b5e8"},"headline":"Latte: il prezzo minimo non \u00e8 la strategia e il riferimento a 41 cent ci danneggia","datePublished":"2022-02-14T11:24:03+00:00","dateModified":"2022-02-14T11:24:04+00:00","mainEntityOfPage":{"@id":"https:\/\/www.confagricoltura.org\/piacenza\/latte-il-prezzo-minimo-non-e-la-strategia-e-il-riferimento-a-41-cent-ci-danneggia\/"},"wordCount":865,"image":{"@id":"https:\/\/www.confagricoltura.org\/piacenza\/latte-il-prezzo-minimo-non-e-la-strategia-e-il-riferimento-a-41-cent-ci-danneggia\/#primaryimage"},"thumbnailUrl":"https:\/\/www.confagricoltura.org\/piacenza\/wp-content\/uploads\/sites\/11\/2022\/01\/Alfredo-Lucchini-scaled.jpg","keywords":["LATTE"],"articleSection":["News","Settore lattiero-caseario"],"inLanguage":"it-IT"},{"@type":"WebPage","@id":"https:\/\/www.confagricoltura.org\/piacenza\/latte-il-prezzo-minimo-non-e-la-strategia-e-il-riferimento-a-41-cent-ci-danneggia\/","url":"https:\/\/www.confagricoltura.org\/piacenza\/latte-il-prezzo-minimo-non-e-la-strategia-e-il-riferimento-a-41-cent-ci-danneggia\/","name":"Latte: il prezzo minimo non \u00e8 la strategia e il riferimento a 41 cent ci danneggia - Confagricoltura Piacenza","isPartOf":{"@id":"https:\/\/www.confagricoltura.org\/piacenza\/#website"},"primaryImageOfPage":{"@id":"https:\/\/www.confagricoltura.org\/piacenza\/latte-il-prezzo-minimo-non-e-la-strategia-e-il-riferimento-a-41-cent-ci-danneggia\/#primaryimage"},"image":{"@id":"https:\/\/www.confagricoltura.org\/piacenza\/latte-il-prezzo-minimo-non-e-la-strategia-e-il-riferimento-a-41-cent-ci-danneggia\/#primaryimage"},"thumbnailUrl":"https:\/\/www.confagricoltura.org\/piacenza\/wp-content\/uploads\/sites\/11\/2022\/01\/Alfredo-Lucchini-scaled.jpg","datePublished":"2022-02-14T11:24:03+00:00","dateModified":"2022-02-14T11:24:04+00:00","author":{"@id":"https:\/\/www.confagricoltura.org\/piacenza\/#\/schema\/person\/be5da25a3117fea4b3bfec9dba09b5e8"},"breadcrumb":{"@id":"https:\/\/www.confagricoltura.org\/piacenza\/latte-il-prezzo-minimo-non-e-la-strategia-e-il-riferimento-a-41-cent-ci-danneggia\/#breadcrumb"},"inLanguage":"it-IT","potentialAction":[{"@type":"ReadAction","target":["https:\/\/www.confagricoltura.org\/piacenza\/latte-il-prezzo-minimo-non-e-la-strategia-e-il-riferimento-a-41-cent-ci-danneggia\/"]}]},{"@type":"ImageObject","inLanguage":"it-IT","@id":"https:\/\/www.confagricoltura.org\/piacenza\/latte-il-prezzo-minimo-non-e-la-strategia-e-il-riferimento-a-41-cent-ci-danneggia\/#primaryimage","url":"https:\/\/www.confagricoltura.org\/piacenza\/wp-content\/uploads\/sites\/11\/2022\/01\/Alfredo-Lucchini-scaled.jpg","contentUrl":"https:\/\/www.confagricoltura.org\/piacenza\/wp-content\/uploads\/sites\/11\/2022\/01\/Alfredo-Lucchini-scaled.jpg","width":1920,"height":2560},{"@type":"BreadcrumbList","@id":"https:\/\/www.confagricoltura.org\/piacenza\/latte-il-prezzo-minimo-non-e-la-strategia-e-il-riferimento-a-41-cent-ci-danneggia\/#breadcrumb","itemListElement":[{"@type":"ListItem","position":1,"name":"Home","item":"https:\/\/www.confagricoltura.org\/piacenza\/"},{"@type":"ListItem","position":2,"name":"Latte: il prezzo minimo non \u00e8 la strategia e il riferimento a 41 cent ci danneggia"}]},{"@type":"WebSite","@id":"https:\/\/www.confagricoltura.org\/piacenza\/#website","url":"https:\/\/www.confagricoltura.org\/piacenza\/","name":"Confagricoltura Piacenza","description":"Dalla parte degli Agricoltori","potentialAction":[{"@type":"SearchAction","target":{"@type":"EntryPoint","urlTemplate":"https:\/\/www.confagricoltura.org\/piacenza\/?s={search_term_string}"},"query-input":{"@type":"PropertyValueSpecification","valueRequired":true,"valueName":"search_term_string"}}],"inLanguage":"it-IT"},{"@type":"Person","@id":"https:\/\/www.confagricoltura.org\/piacenza\/#\/schema\/person\/be5da25a3117fea4b3bfec9dba09b5e8","name":"confagricolturapiacenza","image":{"@type":"ImageObject","inLanguage":"it-IT","@id":"https:\/\/www.confagricoltura.org\/piacenza\/#\/schema\/person\/image\/","url":"https:\/\/secure.gravatar.com\/avatar\/9c5f111e417171581853bd0a3ff892ca?s=96&d=mm&r=g","contentUrl":"https:\/\/secure.gravatar.com\/avatar\/9c5f111e417171581853bd0a3ff892ca?s=96&d=mm&r=g","caption":"confagricolturapiacenza"},"url":"https:\/\/www.confagricoltura.org\/piacenza\/author\/confagricolturapiacenza\/"}]}},"_links":{"self":[{"href":"https:\/\/www.confagricoltura.org\/piacenza\/wp-json\/wp\/v2\/posts\/3630","targetHints":{"allow":["GET"]}}],"collection":[{"href":"https:\/\/www.confagricoltura.org\/piacenza\/wp-json\/wp\/v2\/posts"}],"about":[{"href":"https:\/\/www.confagricoltura.org\/piacenza\/wp-json\/wp\/v2\/types\/post"}],"author":[{"embeddable":true,"href":"https:\/\/www.confagricoltura.org\/piacenza\/wp-json\/wp\/v2\/users\/6"}],"replies":[{"embeddable":true,"href":"https:\/\/www.confagricoltura.org\/piacenza\/wp-json\/wp\/v2\/comments?post=3630"}],"version-history":[{"count":1,"href":"https:\/\/www.confagricoltura.org\/piacenza\/wp-json\/wp\/v2\/posts\/3630\/revisions"}],"predecessor-version":[{"id":3631,"href":"https:\/\/www.confagricoltura.org\/piacenza\/wp-json\/wp\/v2\/posts\/3630\/revisions\/3631"}],"wp:featuredmedia":[{"embeddable":true,"href":"https:\/\/www.confagricoltura.org\/piacenza\/wp-json\/wp\/v2\/media\/3589"}],"wp:attachment":[{"href":"https:\/\/www.confagricoltura.org\/piacenza\/wp-json\/wp\/v2\/media?parent=3630"}],"wp:term":[{"taxonomy":"category","embeddable":true,"href":"https:\/\/www.confagricoltura.org\/piacenza\/wp-json\/wp\/v2\/categories?post=3630"},{"taxonomy":"post_tag","embeddable":true,"href":"https:\/\/www.confagricoltura.org\/piacenza\/wp-json\/wp\/v2\/tags?post=3630"}],"curies":[{"name":"wp","href":"https:\/\/api.w.org\/{rel}","templated":true}]}}