{"id":3613,"date":"2022-02-07T09:46:26","date_gmt":"2022-02-07T08:46:26","guid":{"rendered":"https:\/\/www.confagricoltura.org\/piacenza\/?p=3613"},"modified":"2022-02-07T10:56:38","modified_gmt":"2022-02-07T09:56:38","slug":"assegno-unico-universale-con-il-caf-e-il-patronato-enapa-di-confagricoltura-piacenza-richiederlo-e-semplice","status":"publish","type":"post","link":"https:\/\/www.confagricoltura.org\/piacenza\/assegno-unico-universale-con-il-caf-e-il-patronato-enapa-di-confagricoltura-piacenza-richiederlo-e-semplice\/","title":{"rendered":"Assegno Unico Universale: con il CAF e il Patronato Enapa di Confagricoltura Piacenza richiederlo \u00e8 semplice"},"content":{"rendered":"\n<p style=\"font-size:25px\">L&#8217; Assegno Unico Universale&nbsp;(AUU) \u00e8 la nuova prestazione di sostegno economico a favore della genitorialit\u00e0 e della natalit\u00e0. E\u2019 concesso dall\u2019Inps in presenza di figli minori a carico.<\/p>\n\n\n\n<p style=\"font-size:25px\">L\u2019AUU \u00e8 riconosciuto anche in caso di un figlio che abbia dai 18 ai 21 anni a determinate condizioni e oltre i 21 anni in caso di disabilit\u00e0.<\/p>\n\n\n\n<p style=\"font-size:25px\">E\u2019 possibile presentare la domanda gi\u00e0 dal 1\u00b0 gennaio 2022.<\/p>\n\n\n\n<p style=\"font-size:25px\">Per la determinazione dell\u2019assegno occorre presentare l\u2019ISEE (Indicatore della Situazione Economica Equivalente) presso il CAF, senza il quale si pu\u00f2 comunque fare richiesta, percependo solo l&#8217;importo minimo previsto dall\u2019INPS.&nbsp;<\/p>\n\n\n\n<p style=\"font-size:25px\">Tutti ne hanno diritto, indipendentemente dalla condizione lavorativa (occupati e disoccupati) e&nbsp;senza limite massimo di reddito.<\/p>\n\n\n\n<p style=\"font-size:25px\">Per maggiori informazioni e assistenza \u00e8 possibile rivolgersi agli uffici del CAF Centro Assistenza Fiscale e del Patronato Enapa di Confagricoltura Piacenza dislocati su tutto il territorio: <\/p>\n\n\n\n<p style=\"font-size:18px\"><strong>Piacenza<\/strong><br>Via Colombo, 35&nbsp;<br>Tel. 0523 596715 \/ 0523 596733&nbsp;<br>E-mail:&nbsp;<a href=\"mailto:enapa2.piacenza@confagripc.it\">enapa2.piacenza@confagripc.it<\/a>&nbsp;<br><br><strong>Monticelli d\u2019Ongina<\/strong><br>Via Martiri della Libert\u00e0, 91<br>Tel. 0523 827237<br>E-mail:&nbsp;<a href=\"mailto:zona.monticelli@confagripc.it\">zona.monticelli@confagripc.it<\/a>;<br><a href=\"mailto:zona2.monticelli@confagripc.it\">zona2.monticelli@confagripc.it<\/a>;&nbsp;<br><br><strong>Cortemaggiore&nbsp;<\/strong><br>Via XX Settembre, 2<br>Tel. 0523 839764<br>E-mail:&nbsp;<a href=\"mailto:zona.corte@confagripc.it\">zona.corte@confagripc.it<\/a>&nbsp;<br><br><strong>Castel San Giovanni<\/strong><br>Via Fratelli Bandiera, 28\/b&nbsp;<br>Tel. 0523 882538<br>E-mail:&nbsp;<a href=\"mailto:zona1.castello@confagripc.it\">zona1.castello@confagripc.it<\/a>&nbsp;<br><br><strong>Agazzano&nbsp;<\/strong><br>Via XXV Aprile, 19<br>E-mail:&nbsp;<a href=\"mailto:zona.agazzano@confagripc.it\">zona.agazzano@confagripc.it<\/a>&nbsp;<br>Tel. 0523 975489<br>E-mail:&nbsp;<a href=\"mailto:zona1.castello@confagripc.it\">zona1.castello@confagripc.it<\/a><br><br><strong>Pianello Val Tidone&nbsp;<\/strong><br>Via Largo dal Verme, 25<br>Tel. 0523 1861142<br>E-mail:&nbsp;<a href=\"mailto:zona1.castello@confagripc.it\">zona1.castello@confagripc.it<\/a>&nbsp;<br><br><strong>Fiorenzuola d\u2019Arda<\/strong>&nbsp;<br>Via Calestani 3\/e<br>Tel. 0523 982386<br>E-mail:&nbsp;<a href=\"mailto:enapa.fiore@confagripc.it\">enapa.fiore@confagripc.it<\/a>&nbsp;<br><br><strong>Recapito di Lugagnano d\u2019Arda<\/strong>&nbsp;<br>Largo Donatori di Sangue, 6 &#8211; marted\u00ec e venerd\u00ec mattina<br>Tel. 0523 891915<br><br><strong>Recapito di Ponte dell\u2019Olio<\/strong><br>Via V. Veneto, 9 &#8211; marted\u00ec mattina<br>Tel. 0523 878786&nbsp;&nbsp;<br>E-mail:&nbsp;<a href=\"mailto:enapa2.piacenza@confagripc.it\">enapa2.piacenza@confagripc.it<\/a><\/p>\n","protected":false},"excerpt":{"rendered":"<p>#AssegnoUnico universale: per il calcolo dell\u2019Isee e la presentazione delle istanze rivolgetevi alla sede pi\u00f9 vicina del nostro Patronato Enapa e al CAF di Confagricoltura Piacenza<\/p>\n","protected":false},"author":6,"featured_media":3614,"comment_status":"closed","ping_status":"closed","sticky":true,"template":"","format":"standard","meta":{"wp_mapbox_gl_js_media":[],"footnotes":""},"categories":[4,360],"tags":[414],"class_list":["post-3613","post","type-post","status-publish","format-standard","has-post-thumbnail","hentry","category-news","category-norme-fiscali-burocratiche","tag-assegno-unico-universale"],"yoast_head":"<!-- This site is optimized with the Yoast SEO plugin v26.8 - https:\/\/yoast.com\/product\/yoast-seo-wordpress\/ -->\n<title>Assegno Unico Universale: con il CAF e il Patronato Enapa di Confagricoltura Piacenza richiederlo \u00e8 semplice - Confagricoltura Piacenza<\/title>\n<meta name=\"robots\" content=\"index, follow, max-snippet:-1, max-image-preview:large, max-video-preview:-1\" \/>\n<link rel=\"canonical\" href=\"https:\/\/www.confagricoltura.org\/piacenza\/assegno-unico-universale-con-il-caf-e-il-patronato-enapa-di-confagricoltura-piacenza-richiederlo-e-semplice\/\" \/>\n<meta property=\"og:locale\" content=\"it_IT\" \/>\n<meta property=\"og:type\" content=\"article\" \/>\n<meta property=\"og:title\" content=\"Assegno Unico Universale: con il CAF e il Patronato Enapa di Confagricoltura Piacenza richiederlo \u00e8 semplice - Confagricoltura Piacenza\" \/>\n<meta property=\"og:description\" content=\"#AssegnoUnico universale: per il calcolo dell\u2019Isee e la presentazione delle istanze rivolgetevi alla sede pi\u00f9 vicina del nostro Patronato Enapa e al CAF di Confagricoltura Piacenza\" \/>\n<meta property=\"og:url\" content=\"https:\/\/www.confagricoltura.org\/piacenza\/assegno-unico-universale-con-il-caf-e-il-patronato-enapa-di-confagricoltura-piacenza-richiederlo-e-semplice\/\" \/>\n<meta property=\"og:site_name\" content=\"Confagricoltura Piacenza\" \/>\n<meta property=\"article:published_time\" content=\"2022-02-07T08:46:26+00:00\" \/>\n<meta property=\"article:modified_time\" content=\"2022-02-07T09:56:38+00:00\" \/>\n<meta property=\"og:image\" content=\"https:\/\/www.confagricoltura.org\/piacenza\/wp-content\/uploads\/sites\/11\/2022\/02\/locandina-nazionale.jpg\" \/>\n\t<meta property=\"og:image:width\" content=\"1433\" \/>\n\t<meta property=\"og:image:height\" content=\"2048\" \/>\n\t<meta property=\"og:image:type\" content=\"image\/jpeg\" \/>\n<meta name=\"author\" content=\"confagricolturapiacenza\" \/>\n<meta name=\"twitter:card\" content=\"summary_large_image\" \/>\n<meta name=\"twitter:label1\" content=\"Scritto da\" \/>\n\t<meta name=\"twitter:data1\" content=\"confagricolturapiacenza\" \/>\n\t<meta name=\"twitter:label2\" content=\"Tempo di lettura stimato\" \/>\n\t<meta name=\"twitter:data2\" content=\"2 minuti\" \/>\n<script type=\"application\/ld+json\" class=\"yoast-schema-graph\">{\"@context\":\"https:\/\/schema.org\",\"@graph\":[{\"@type\":\"Article\",\"@id\":\"https:\/\/www.confagricoltura.org\/piacenza\/assegno-unico-universale-con-il-caf-e-il-patronato-enapa-di-confagricoltura-piacenza-richiederlo-e-semplice\/#article\",\"isPartOf\":{\"@id\":\"https:\/\/www.confagricoltura.org\/piacenza\/assegno-unico-universale-con-il-caf-e-il-patronato-enapa-di-confagricoltura-piacenza-richiederlo-e-semplice\/\"},\"author\":{\"name\":\"confagricolturapiacenza\",\"@id\":\"https:\/\/www.confagricoltura.org\/piacenza\/#\/schema\/person\/be5da25a3117fea4b3bfec9dba09b5e8\"},\"headline\":\"Assegno Unico Universale: con il CAF e il Patronato Enapa di Confagricoltura Piacenza richiederlo \u00e8 semplice\",\"datePublished\":\"2022-02-07T08:46:26+00:00\",\"dateModified\":\"2022-02-07T09:56:38+00:00\",\"mainEntityOfPage\":{\"@id\":\"https:\/\/www.confagricoltura.org\/piacenza\/assegno-unico-universale-con-il-caf-e-il-patronato-enapa-di-confagricoltura-piacenza-richiederlo-e-semplice\/\"},\"wordCount\":300,\"image\":{\"@id\":\"https:\/\/www.confagricoltura.org\/piacenza\/assegno-unico-universale-con-il-caf-e-il-patronato-enapa-di-confagricoltura-piacenza-richiederlo-e-semplice\/#primaryimage\"},\"thumbnailUrl\":\"https:\/\/www.confagricoltura.org\/piacenza\/wp-content\/uploads\/sites\/11\/2022\/02\/locandina-nazionale.jpg\",\"keywords\":[\"assegno unico universale\"],\"articleSection\":[\"News\",\"Norme fiscali e burocratiche\"],\"inLanguage\":\"it-IT\"},{\"@type\":\"WebPage\",\"@id\":\"https:\/\/www.confagricoltura.org\/piacenza\/assegno-unico-universale-con-il-caf-e-il-patronato-enapa-di-confagricoltura-piacenza-richiederlo-e-semplice\/\",\"url\":\"https:\/\/www.confagricoltura.org\/piacenza\/assegno-unico-universale-con-il-caf-e-il-patronato-enapa-di-confagricoltura-piacenza-richiederlo-e-semplice\/\",\"name\":\"Assegno Unico Universale: con il CAF e il Patronato Enapa di Confagricoltura Piacenza richiederlo \u00e8 semplice - Confagricoltura Piacenza\",\"isPartOf\":{\"@id\":\"https:\/\/www.confagricoltura.org\/piacenza\/#website\"},\"primaryImageOfPage\":{\"@id\":\"https:\/\/www.confagricoltura.org\/piacenza\/assegno-unico-universale-con-il-caf-e-il-patronato-enapa-di-confagricoltura-piacenza-richiederlo-e-semplice\/#primaryimage\"},\"image\":{\"@id\":\"https:\/\/www.confagricoltura.org\/piacenza\/assegno-unico-universale-con-il-caf-e-il-patronato-enapa-di-confagricoltura-piacenza-richiederlo-e-semplice\/#primaryimage\"},\"thumbnailUrl\":\"https:\/\/www.confagricoltura.org\/piacenza\/wp-content\/uploads\/sites\/11\/2022\/02\/locandina-nazionale.jpg\",\"datePublished\":\"2022-02-07T08:46:26+00:00\",\"dateModified\":\"2022-02-07T09:56:38+00:00\",\"author\":{\"@id\":\"https:\/\/www.confagricoltura.org\/piacenza\/#\/schema\/person\/be5da25a3117fea4b3bfec9dba09b5e8\"},\"breadcrumb\":{\"@id\":\"https:\/\/www.confagricoltura.org\/piacenza\/assegno-unico-universale-con-il-caf-e-il-patronato-enapa-di-confagricoltura-piacenza-richiederlo-e-semplice\/#breadcrumb\"},\"inLanguage\":\"it-IT\",\"potentialAction\":[{\"@type\":\"ReadAction\",\"target\":[\"https:\/\/www.confagricoltura.org\/piacenza\/assegno-unico-universale-con-il-caf-e-il-patronato-enapa-di-confagricoltura-piacenza-richiederlo-e-semplice\/\"]}]},{\"@type\":\"ImageObject\",\"inLanguage\":\"it-IT\",\"@id\":\"https:\/\/www.confagricoltura.org\/piacenza\/assegno-unico-universale-con-il-caf-e-il-patronato-enapa-di-confagricoltura-piacenza-richiederlo-e-semplice\/#primaryimage\",\"url\":\"https:\/\/www.confagricoltura.org\/piacenza\/wp-content\/uploads\/sites\/11\/2022\/02\/locandina-nazionale.jpg\",\"contentUrl\":\"https:\/\/www.confagricoltura.org\/piacenza\/wp-content\/uploads\/sites\/11\/2022\/02\/locandina-nazionale.jpg\",\"width\":1433,\"height\":2048},{\"@type\":\"BreadcrumbList\",\"@id\":\"https:\/\/www.confagricoltura.org\/piacenza\/assegno-unico-universale-con-il-caf-e-il-patronato-enapa-di-confagricoltura-piacenza-richiederlo-e-semplice\/#breadcrumb\",\"itemListElement\":[{\"@type\":\"ListItem\",\"position\":1,\"name\":\"Home\",\"item\":\"https:\/\/www.confagricoltura.org\/piacenza\/\"},{\"@type\":\"ListItem\",\"position\":2,\"name\":\"Assegno Unico Universale: con il CAF e il Patronato Enapa di Confagricoltura Piacenza richiederlo \u00e8 semplice\"}]},{\"@type\":\"WebSite\",\"@id\":\"https:\/\/www.confagricoltura.org\/piacenza\/#website\",\"url\":\"https:\/\/www.confagricoltura.org\/piacenza\/\",\"name\":\"Confagricoltura Piacenza\",\"description\":\"Dalla parte degli Agricoltori\",\"potentialAction\":[{\"@type\":\"SearchAction\",\"target\":{\"@type\":\"EntryPoint\",\"urlTemplate\":\"https:\/\/www.confagricoltura.org\/piacenza\/?s={search_term_string}\"},\"query-input\":{\"@type\":\"PropertyValueSpecification\",\"valueRequired\":true,\"valueName\":\"search_term_string\"}}],\"inLanguage\":\"it-IT\"},{\"@type\":\"Person\",\"@id\":\"https:\/\/www.confagricoltura.org\/piacenza\/#\/schema\/person\/be5da25a3117fea4b3bfec9dba09b5e8\",\"name\":\"confagricolturapiacenza\",\"image\":{\"@type\":\"ImageObject\",\"inLanguage\":\"it-IT\",\"@id\":\"https:\/\/www.confagricoltura.org\/piacenza\/#\/schema\/person\/image\/\",\"url\":\"https:\/\/secure.gravatar.com\/avatar\/9c5f111e417171581853bd0a3ff892ca?s=96&d=mm&r=g\",\"contentUrl\":\"https:\/\/secure.gravatar.com\/avatar\/9c5f111e417171581853bd0a3ff892ca?s=96&d=mm&r=g\",\"caption\":\"confagricolturapiacenza\"},\"url\":\"https:\/\/www.confagricoltura.org\/piacenza\/author\/confagricolturapiacenza\/\"}]}<\/script>\n<!-- \/ Yoast SEO plugin. -->","yoast_head_json":{"title":"Assegno Unico Universale: con il CAF e il Patronato Enapa di Confagricoltura Piacenza richiederlo \u00e8 semplice - Confagricoltura Piacenza","robots":{"index":"index","follow":"follow","max-snippet":"max-snippet:-1","max-image-preview":"max-image-preview:large","max-video-preview":"max-video-preview:-1"},"canonical":"https:\/\/www.confagricoltura.org\/piacenza\/assegno-unico-universale-con-il-caf-e-il-patronato-enapa-di-confagricoltura-piacenza-richiederlo-e-semplice\/","og_locale":"it_IT","og_type":"article","og_title":"Assegno Unico Universale: con il CAF e il Patronato Enapa di Confagricoltura Piacenza richiederlo \u00e8 semplice - Confagricoltura Piacenza","og_description":"#AssegnoUnico universale: per il calcolo dell\u2019Isee e la presentazione delle istanze rivolgetevi alla sede pi\u00f9 vicina del nostro Patronato Enapa e al CAF di Confagricoltura Piacenza","og_url":"https:\/\/www.confagricoltura.org\/piacenza\/assegno-unico-universale-con-il-caf-e-il-patronato-enapa-di-confagricoltura-piacenza-richiederlo-e-semplice\/","og_site_name":"Confagricoltura Piacenza","article_published_time":"2022-02-07T08:46:26+00:00","article_modified_time":"2022-02-07T09:56:38+00:00","og_image":[{"width":1433,"height":2048,"url":"https:\/\/www.confagricoltura.org\/piacenza\/wp-content\/uploads\/sites\/11\/2022\/02\/locandina-nazionale.jpg","type":"image\/jpeg"}],"author":"confagricolturapiacenza","twitter_card":"summary_large_image","twitter_misc":{"Scritto da":"confagricolturapiacenza","Tempo di lettura stimato":"2 minuti"},"schema":{"@context":"https:\/\/schema.org","@graph":[{"@type":"Article","@id":"https:\/\/www.confagricoltura.org\/piacenza\/assegno-unico-universale-con-il-caf-e-il-patronato-enapa-di-confagricoltura-piacenza-richiederlo-e-semplice\/#article","isPartOf":{"@id":"https:\/\/www.confagricoltura.org\/piacenza\/assegno-unico-universale-con-il-caf-e-il-patronato-enapa-di-confagricoltura-piacenza-richiederlo-e-semplice\/"},"author":{"name":"confagricolturapiacenza","@id":"https:\/\/www.confagricoltura.org\/piacenza\/#\/schema\/person\/be5da25a3117fea4b3bfec9dba09b5e8"},"headline":"Assegno Unico Universale: con il CAF e il Patronato Enapa di Confagricoltura Piacenza richiederlo \u00e8 semplice","datePublished":"2022-02-07T08:46:26+00:00","dateModified":"2022-02-07T09:56:38+00:00","mainEntityOfPage":{"@id":"https:\/\/www.confagricoltura.org\/piacenza\/assegno-unico-universale-con-il-caf-e-il-patronato-enapa-di-confagricoltura-piacenza-richiederlo-e-semplice\/"},"wordCount":300,"image":{"@id":"https:\/\/www.confagricoltura.org\/piacenza\/assegno-unico-universale-con-il-caf-e-il-patronato-enapa-di-confagricoltura-piacenza-richiederlo-e-semplice\/#primaryimage"},"thumbnailUrl":"https:\/\/www.confagricoltura.org\/piacenza\/wp-content\/uploads\/sites\/11\/2022\/02\/locandina-nazionale.jpg","keywords":["assegno unico universale"],"articleSection":["News","Norme fiscali e burocratiche"],"inLanguage":"it-IT"},{"@type":"WebPage","@id":"https:\/\/www.confagricoltura.org\/piacenza\/assegno-unico-universale-con-il-caf-e-il-patronato-enapa-di-confagricoltura-piacenza-richiederlo-e-semplice\/","url":"https:\/\/www.confagricoltura.org\/piacenza\/assegno-unico-universale-con-il-caf-e-il-patronato-enapa-di-confagricoltura-piacenza-richiederlo-e-semplice\/","name":"Assegno Unico Universale: con il CAF e il Patronato Enapa di Confagricoltura Piacenza richiederlo \u00e8 semplice - Confagricoltura Piacenza","isPartOf":{"@id":"https:\/\/www.confagricoltura.org\/piacenza\/#website"},"primaryImageOfPage":{"@id":"https:\/\/www.confagricoltura.org\/piacenza\/assegno-unico-universale-con-il-caf-e-il-patronato-enapa-di-confagricoltura-piacenza-richiederlo-e-semplice\/#primaryimage"},"image":{"@id":"https:\/\/www.confagricoltura.org\/piacenza\/assegno-unico-universale-con-il-caf-e-il-patronato-enapa-di-confagricoltura-piacenza-richiederlo-e-semplice\/#primaryimage"},"thumbnailUrl":"https:\/\/www.confagricoltura.org\/piacenza\/wp-content\/uploads\/sites\/11\/2022\/02\/locandina-nazionale.jpg","datePublished":"2022-02-07T08:46:26+00:00","dateModified":"2022-02-07T09:56:38+00:00","author":{"@id":"https:\/\/www.confagricoltura.org\/piacenza\/#\/schema\/person\/be5da25a3117fea4b3bfec9dba09b5e8"},"breadcrumb":{"@id":"https:\/\/www.confagricoltura.org\/piacenza\/assegno-unico-universale-con-il-caf-e-il-patronato-enapa-di-confagricoltura-piacenza-richiederlo-e-semplice\/#breadcrumb"},"inLanguage":"it-IT","potentialAction":[{"@type":"ReadAction","target":["https:\/\/www.confagricoltura.org\/piacenza\/assegno-unico-universale-con-il-caf-e-il-patronato-enapa-di-confagricoltura-piacenza-richiederlo-e-semplice\/"]}]},{"@type":"ImageObject","inLanguage":"it-IT","@id":"https:\/\/www.confagricoltura.org\/piacenza\/assegno-unico-universale-con-il-caf-e-il-patronato-enapa-di-confagricoltura-piacenza-richiederlo-e-semplice\/#primaryimage","url":"https:\/\/www.confagricoltura.org\/piacenza\/wp-content\/uploads\/sites\/11\/2022\/02\/locandina-nazionale.jpg","contentUrl":"https:\/\/www.confagricoltura.org\/piacenza\/wp-content\/uploads\/sites\/11\/2022\/02\/locandina-nazionale.jpg","width":1433,"height":2048},{"@type":"BreadcrumbList","@id":"https:\/\/www.confagricoltura.org\/piacenza\/assegno-unico-universale-con-il-caf-e-il-patronato-enapa-di-confagricoltura-piacenza-richiederlo-e-semplice\/#breadcrumb","itemListElement":[{"@type":"ListItem","position":1,"name":"Home","item":"https:\/\/www.confagricoltura.org\/piacenza\/"},{"@type":"ListItem","position":2,"name":"Assegno Unico Universale: con il CAF e il Patronato Enapa di Confagricoltura Piacenza richiederlo \u00e8 semplice"}]},{"@type":"WebSite","@id":"https:\/\/www.confagricoltura.org\/piacenza\/#website","url":"https:\/\/www.confagricoltura.org\/piacenza\/","name":"Confagricoltura Piacenza","description":"Dalla parte degli Agricoltori","potentialAction":[{"@type":"SearchAction","target":{"@type":"EntryPoint","urlTemplate":"https:\/\/www.confagricoltura.org\/piacenza\/?s={search_term_string}"},"query-input":{"@type":"PropertyValueSpecification","valueRequired":true,"valueName":"search_term_string"}}],"inLanguage":"it-IT"},{"@type":"Person","@id":"https:\/\/www.confagricoltura.org\/piacenza\/#\/schema\/person\/be5da25a3117fea4b3bfec9dba09b5e8","name":"confagricolturapiacenza","image":{"@type":"ImageObject","inLanguage":"it-IT","@id":"https:\/\/www.confagricoltura.org\/piacenza\/#\/schema\/person\/image\/","url":"https:\/\/secure.gravatar.com\/avatar\/9c5f111e417171581853bd0a3ff892ca?s=96&d=mm&r=g","contentUrl":"https:\/\/secure.gravatar.com\/avatar\/9c5f111e417171581853bd0a3ff892ca?s=96&d=mm&r=g","caption":"confagricolturapiacenza"},"url":"https:\/\/www.confagricoltura.org\/piacenza\/author\/confagricolturapiacenza\/"}]}},"_links":{"self":[{"href":"https:\/\/www.confagricoltura.org\/piacenza\/wp-json\/wp\/v2\/posts\/3613","targetHints":{"allow":["GET"]}}],"collection":[{"href":"https:\/\/www.confagricoltura.org\/piacenza\/wp-json\/wp\/v2\/posts"}],"about":[{"href":"https:\/\/www.confagricoltura.org\/piacenza\/wp-json\/wp\/v2\/types\/post"}],"author":[{"embeddable":true,"href":"https:\/\/www.confagricoltura.org\/piacenza\/wp-json\/wp\/v2\/users\/6"}],"replies":[{"embeddable":true,"href":"https:\/\/www.confagricoltura.org\/piacenza\/wp-json\/wp\/v2\/comments?post=3613"}],"version-history":[{"count":6,"href":"https:\/\/www.confagricoltura.org\/piacenza\/wp-json\/wp\/v2\/posts\/3613\/revisions"}],"predecessor-version":[{"id":3626,"href":"https:\/\/www.confagricoltura.org\/piacenza\/wp-json\/wp\/v2\/posts\/3613\/revisions\/3626"}],"wp:featuredmedia":[{"embeddable":true,"href":"https:\/\/www.confagricoltura.org\/piacenza\/wp-json\/wp\/v2\/media\/3614"}],"wp:attachment":[{"href":"https:\/\/www.confagricoltura.org\/piacenza\/wp-json\/wp\/v2\/media?parent=3613"}],"wp:term":[{"taxonomy":"category","embeddable":true,"href":"https:\/\/www.confagricoltura.org\/piacenza\/wp-json\/wp\/v2\/categories?post=3613"},{"taxonomy":"post_tag","embeddable":true,"href":"https:\/\/www.confagricoltura.org\/piacenza\/wp-json\/wp\/v2\/tags?post=3613"}],"curies":[{"name":"wp","href":"https:\/\/api.w.org\/{rel}","templated":true}]}}