{"id":3604,"date":"2022-01-27T12:20:35","date_gmt":"2022-01-27T11:20:35","guid":{"rendered":"https:\/\/www.confagricoltura.org\/piacenza\/?p=3604"},"modified":"2022-01-27T12:20:37","modified_gmt":"2022-01-27T11:20:37","slug":"allevamenti-sotto-scacco-le-aziende-chiudono","status":"publish","type":"post","link":"https:\/\/www.confagricoltura.org\/piacenza\/allevamenti-sotto-scacco-le-aziende-chiudono\/","title":{"rendered":"Allevamenti sotto scacco: le aziende chiudono"},"content":{"rendered":"\n<p>Sono diverse le telefonate di allarme che giungono a Confagricoltura Piacenza da parte degli associati.&nbsp; Gli ostacoli delle attivit\u00e0 nei campi sono molteplici, preoccupano soprattutto i rincari (raddoppiati e in alcuni casi triplicati) dei fattori produttivi: luce, gasolio, fertilizzanti e agrofarmaci, a cui si aggiunge anche il loro difficile reperimento dall\u2019estero (in particolare non arrivano i concimi azotati, potassici e fosfatici, che sono quasi tutti di importazione), mentre persino gli stabilimenti locali di fertilizzanti a base di urea sono costretti a sospendere l\u2019attivit\u00e0 a causa dell\u2019aumento dei costi energetici.&nbsp; In diversi comparti l\u2019incremento dei costi procura una crisi di liquidit\u00e0 che, oltretutto, blocca gli investimenti aziendali previsti.&nbsp; \u201cPer l\u2019agricoltura, il caro energia ha un duplice effetto negativo. Ha fatto salire con percentuali senza precedenti i costi di produzione, dai fertilizzanti ai mangimi. Per effetto del prezzo del gas, cresciuto di oltre il 700%, potrebbe risultare insufficiente l\u2019offerta di alcuni beni intermedi fondamentali per le prossime semine. Inoltre, &#8211; ha dichiarato il presidente di Confagricoltura, Massimiliano Giansanti &#8211; aumenta ogni giorno il numero delle imprese di trasformazione che riducono o bloccano il normale ciclo di lavorazione. Con il risultato di limitare le possibilit\u00e0 di collocamento dei nostri prodotti\u201d.<\/p>\n\n\n\n<p>\u201cGli allevamenti sono sotto scacco \u2013 dichiara Filippo Gasparini, presidente di Confagricoltura Piacenza &#8211; i fattori economici sono la goccia che fa traboccare il vaso di una situazione in cui l\u2019imprenditore \u00e8 inchiavardato nell\u2019impossibilit\u00e0 di agire da una serie di contraddizioni continue. La situazione di oggi esce dall\u2019imbuto di tutto quello che abbiamo creato negli ultimi cinquant\u2019anni\u201d.<\/p>\n\n\n\n<p>Solo nel biennio 2020-2021 nella nostra provincia hanno cessato l\u2019attivit\u00e0 23 allevamenti bovini e 6 allevamenti suini.<\/p>\n\n\n\n<p>\u201cNel bel mezzo di una pandemia \u2013 prosegue Gasparini &#8211; diventa obbligatorio coprire le vasche dei reflui per emettere meno gas serra. La fauna selvatica contaminando i campi \u00e8 fonte di malattie in stalla, \u00e8 portatrice di zoonosi per debellare le quali viene disposto l\u2019abbattimento totale in allevamento al solo rilevamento del primo caso. Il tollerato assalto degli animali selvatici alle nostre aziende e alle nostre stalle lede dunque le cinque libert\u00e0 del benessere animale tanto sbandierate. Mentre ai suini diamo le palle per giocare, la peste suina si trasmette nei cinghiali che ci limitiamo a monitorare attentamente.&nbsp; Da anni chiediamo l\u2019eradicazione degli ungulati dalle zone di collina e pianura dove non sono autoctoni.<\/p>\n\n\n\n<p>\u00c8 impedito all\u2019imprenditore di fare l\u2019allevatore, \u00e8 l\u2019ideologia che blocca. Le norme che arrivano &#8211; incalza Gasparini &#8211; sono a disfatta dell\u2019allevatore. Viviamo un dramma quotidiano senza che nessuno se ne renda conto. Non possiamo limitare i costi perch\u00e9 non li determiniamo. I Psr non sono nemmeno pi\u00f9 orientati al benessere animale, figuriamoci alla produttivit\u00e0, ma all\u2019ambiente, o meglio all\u2019ambientalismo. Viviamo nei nostri riguardi l\u2019ostilit\u00e0 del nostro Paese che mostra un\u2019interna e infinita contraddizione di norme incoerenti che causano la chiusura delle imprese. Il lavoro ha totalmente perso l\u2019etica della fatica, la produttivit\u00e0 non \u00e8 pi\u00f9 considerata un valore ed \u00e8 stato dimenticato che senza di essa non ci sono utili da poter redistribuire.<\/p>\n\n\n\n<p>Ci hanno chiesto di aver fiducia nei trattati europei, nei trattati di commercio mondiali e nella PAC come strumenti di equilibrio dei prezzi e quindi dei mercati, poi ci troviamo incrementi del 300% sui concimi e il raddoppio dei mangimi?&nbsp; Quello che vediamo oggi \u00e8 un Paese allo sbando che non sa dare alcuna garanzia o protezione in chi ha creduto di avere una guida. \u00c8 un Paese che non sa discernere perch\u00e9 non conosce la realt\u00e0 dei campi. Questi accrocchi di norme che causano la chiusura delle aziende hanno dei responsabili in Italia e in Europa ed \u00e8 giunto il momento della consapevolezza, l\u2019azzeramento delle imprese &#8211; conclude amaramente il presidente di Confagricoltura Piacenza &#8211; non \u00e8 un incidente di percorso e ci chiediamo se i responsabili pagheranno\u201d.&nbsp;<\/p>\n","protected":false},"excerpt":{"rendered":"<p>Gasparini: tuteliamo la fauna selvatica e svuotiamo gli allevamenti per le malattie che la prima ci porta. Non c\u2019\u00e8 alcuna visione politica, o peggio \u00e8 distorta.<\/p>\n","protected":false},"author":6,"featured_media":3605,"comment_status":"closed","ping_status":"closed","sticky":false,"template":"","format":"standard","meta":{"wp_mapbox_gl_js_media":[],"footnotes":""},"categories":[4,13],"tags":[413],"class_list":["post-3604","post","type-post","status-publish","format-standard","has-post-thumbnail","hentry","category-news","category-settore-bovino","tag-allevamenti"],"yoast_head":"<!-- This site is optimized with the Yoast SEO plugin v26.8 - https:\/\/yoast.com\/product\/yoast-seo-wordpress\/ -->\n<title>Allevamenti sotto scacco: le aziende chiudono - Confagricoltura Piacenza<\/title>\n<meta name=\"robots\" content=\"index, follow, max-snippet:-1, max-image-preview:large, max-video-preview:-1\" \/>\n<link rel=\"canonical\" href=\"https:\/\/www.confagricoltura.org\/piacenza\/allevamenti-sotto-scacco-le-aziende-chiudono\/\" \/>\n<meta property=\"og:locale\" content=\"it_IT\" \/>\n<meta property=\"og:type\" content=\"article\" \/>\n<meta property=\"og:title\" content=\"Allevamenti sotto scacco: le aziende chiudono - Confagricoltura Piacenza\" \/>\n<meta property=\"og:description\" content=\"Gasparini: tuteliamo la fauna selvatica e svuotiamo gli allevamenti per le malattie che la prima ci porta. Non c\u2019\u00e8 alcuna visione politica, o peggio \u00e8 distorta.\" \/>\n<meta property=\"og:url\" content=\"https:\/\/www.confagricoltura.org\/piacenza\/allevamenti-sotto-scacco-le-aziende-chiudono\/\" \/>\n<meta property=\"og:site_name\" content=\"Confagricoltura Piacenza\" \/>\n<meta property=\"article:published_time\" content=\"2022-01-27T11:20:35+00:00\" \/>\n<meta property=\"article:modified_time\" content=\"2022-01-27T11:20:37+00:00\" \/>\n<meta property=\"og:image\" content=\"https:\/\/www.confagricoltura.org\/piacenza\/wp-content\/uploads\/sites\/11\/2022\/01\/Gasparini-in-stalla-2.jpg\" \/>\n\t<meta property=\"og:image:width\" content=\"1200\" \/>\n\t<meta property=\"og:image:height\" content=\"1600\" \/>\n\t<meta property=\"og:image:type\" content=\"image\/jpeg\" \/>\n<meta name=\"author\" content=\"confagricolturapiacenza\" \/>\n<meta name=\"twitter:card\" content=\"summary_large_image\" \/>\n<meta name=\"twitter:label1\" content=\"Scritto da\" \/>\n\t<meta name=\"twitter:data1\" content=\"confagricolturapiacenza\" \/>\n\t<meta name=\"twitter:label2\" content=\"Tempo di lettura stimato\" \/>\n\t<meta name=\"twitter:data2\" content=\"3 minuti\" \/>\n<script type=\"application\/ld+json\" class=\"yoast-schema-graph\">{\"@context\":\"https:\/\/schema.org\",\"@graph\":[{\"@type\":\"Article\",\"@id\":\"https:\/\/www.confagricoltura.org\/piacenza\/allevamenti-sotto-scacco-le-aziende-chiudono\/#article\",\"isPartOf\":{\"@id\":\"https:\/\/www.confagricoltura.org\/piacenza\/allevamenti-sotto-scacco-le-aziende-chiudono\/\"},\"author\":{\"name\":\"confagricolturapiacenza\",\"@id\":\"https:\/\/www.confagricoltura.org\/piacenza\/#\/schema\/person\/be5da25a3117fea4b3bfec9dba09b5e8\"},\"headline\":\"Allevamenti sotto scacco: le aziende chiudono\",\"datePublished\":\"2022-01-27T11:20:35+00:00\",\"dateModified\":\"2022-01-27T11:20:37+00:00\",\"mainEntityOfPage\":{\"@id\":\"https:\/\/www.confagricoltura.org\/piacenza\/allevamenti-sotto-scacco-le-aziende-chiudono\/\"},\"wordCount\":646,\"image\":{\"@id\":\"https:\/\/www.confagricoltura.org\/piacenza\/allevamenti-sotto-scacco-le-aziende-chiudono\/#primaryimage\"},\"thumbnailUrl\":\"https:\/\/www.confagricoltura.org\/piacenza\/wp-content\/uploads\/sites\/11\/2022\/01\/Gasparini-in-stalla-2.jpg\",\"keywords\":[\"allevamenti\"],\"articleSection\":[\"News\",\"Settore bovino\"],\"inLanguage\":\"it-IT\"},{\"@type\":\"WebPage\",\"@id\":\"https:\/\/www.confagricoltura.org\/piacenza\/allevamenti-sotto-scacco-le-aziende-chiudono\/\",\"url\":\"https:\/\/www.confagricoltura.org\/piacenza\/allevamenti-sotto-scacco-le-aziende-chiudono\/\",\"name\":\"Allevamenti sotto scacco: le aziende chiudono - Confagricoltura Piacenza\",\"isPartOf\":{\"@id\":\"https:\/\/www.confagricoltura.org\/piacenza\/#website\"},\"primaryImageOfPage\":{\"@id\":\"https:\/\/www.confagricoltura.org\/piacenza\/allevamenti-sotto-scacco-le-aziende-chiudono\/#primaryimage\"},\"image\":{\"@id\":\"https:\/\/www.confagricoltura.org\/piacenza\/allevamenti-sotto-scacco-le-aziende-chiudono\/#primaryimage\"},\"thumbnailUrl\":\"https:\/\/www.confagricoltura.org\/piacenza\/wp-content\/uploads\/sites\/11\/2022\/01\/Gasparini-in-stalla-2.jpg\",\"datePublished\":\"2022-01-27T11:20:35+00:00\",\"dateModified\":\"2022-01-27T11:20:37+00:00\",\"author\":{\"@id\":\"https:\/\/www.confagricoltura.org\/piacenza\/#\/schema\/person\/be5da25a3117fea4b3bfec9dba09b5e8\"},\"breadcrumb\":{\"@id\":\"https:\/\/www.confagricoltura.org\/piacenza\/allevamenti-sotto-scacco-le-aziende-chiudono\/#breadcrumb\"},\"inLanguage\":\"it-IT\",\"potentialAction\":[{\"@type\":\"ReadAction\",\"target\":[\"https:\/\/www.confagricoltura.org\/piacenza\/allevamenti-sotto-scacco-le-aziende-chiudono\/\"]}]},{\"@type\":\"ImageObject\",\"inLanguage\":\"it-IT\",\"@id\":\"https:\/\/www.confagricoltura.org\/piacenza\/allevamenti-sotto-scacco-le-aziende-chiudono\/#primaryimage\",\"url\":\"https:\/\/www.confagricoltura.org\/piacenza\/wp-content\/uploads\/sites\/11\/2022\/01\/Gasparini-in-stalla-2.jpg\",\"contentUrl\":\"https:\/\/www.confagricoltura.org\/piacenza\/wp-content\/uploads\/sites\/11\/2022\/01\/Gasparini-in-stalla-2.jpg\",\"width\":1200,\"height\":1600},{\"@type\":\"BreadcrumbList\",\"@id\":\"https:\/\/www.confagricoltura.org\/piacenza\/allevamenti-sotto-scacco-le-aziende-chiudono\/#breadcrumb\",\"itemListElement\":[{\"@type\":\"ListItem\",\"position\":1,\"name\":\"Home\",\"item\":\"https:\/\/www.confagricoltura.org\/piacenza\/\"},{\"@type\":\"ListItem\",\"position\":2,\"name\":\"Allevamenti sotto scacco: le aziende chiudono\"}]},{\"@type\":\"WebSite\",\"@id\":\"https:\/\/www.confagricoltura.org\/piacenza\/#website\",\"url\":\"https:\/\/www.confagricoltura.org\/piacenza\/\",\"name\":\"Confagricoltura Piacenza\",\"description\":\"Dalla parte degli Agricoltori\",\"potentialAction\":[{\"@type\":\"SearchAction\",\"target\":{\"@type\":\"EntryPoint\",\"urlTemplate\":\"https:\/\/www.confagricoltura.org\/piacenza\/?s={search_term_string}\"},\"query-input\":{\"@type\":\"PropertyValueSpecification\",\"valueRequired\":true,\"valueName\":\"search_term_string\"}}],\"inLanguage\":\"it-IT\"},{\"@type\":\"Person\",\"@id\":\"https:\/\/www.confagricoltura.org\/piacenza\/#\/schema\/person\/be5da25a3117fea4b3bfec9dba09b5e8\",\"name\":\"confagricolturapiacenza\",\"image\":{\"@type\":\"ImageObject\",\"inLanguage\":\"it-IT\",\"@id\":\"https:\/\/www.confagricoltura.org\/piacenza\/#\/schema\/person\/image\/\",\"url\":\"https:\/\/secure.gravatar.com\/avatar\/9c5f111e417171581853bd0a3ff892ca?s=96&d=mm&r=g\",\"contentUrl\":\"https:\/\/secure.gravatar.com\/avatar\/9c5f111e417171581853bd0a3ff892ca?s=96&d=mm&r=g\",\"caption\":\"confagricolturapiacenza\"},\"url\":\"https:\/\/www.confagricoltura.org\/piacenza\/author\/confagricolturapiacenza\/\"}]}<\/script>\n<!-- \/ Yoast SEO plugin. -->","yoast_head_json":{"title":"Allevamenti sotto scacco: le aziende chiudono - Confagricoltura Piacenza","robots":{"index":"index","follow":"follow","max-snippet":"max-snippet:-1","max-image-preview":"max-image-preview:large","max-video-preview":"max-video-preview:-1"},"canonical":"https:\/\/www.confagricoltura.org\/piacenza\/allevamenti-sotto-scacco-le-aziende-chiudono\/","og_locale":"it_IT","og_type":"article","og_title":"Allevamenti sotto scacco: le aziende chiudono - Confagricoltura Piacenza","og_description":"Gasparini: tuteliamo la fauna selvatica e svuotiamo gli allevamenti per le malattie che la prima ci porta. Non c\u2019\u00e8 alcuna visione politica, o peggio \u00e8 distorta.","og_url":"https:\/\/www.confagricoltura.org\/piacenza\/allevamenti-sotto-scacco-le-aziende-chiudono\/","og_site_name":"Confagricoltura Piacenza","article_published_time":"2022-01-27T11:20:35+00:00","article_modified_time":"2022-01-27T11:20:37+00:00","og_image":[{"width":1200,"height":1600,"url":"https:\/\/www.confagricoltura.org\/piacenza\/wp-content\/uploads\/sites\/11\/2022\/01\/Gasparini-in-stalla-2.jpg","type":"image\/jpeg"}],"author":"confagricolturapiacenza","twitter_card":"summary_large_image","twitter_misc":{"Scritto da":"confagricolturapiacenza","Tempo di lettura stimato":"3 minuti"},"schema":{"@context":"https:\/\/schema.org","@graph":[{"@type":"Article","@id":"https:\/\/www.confagricoltura.org\/piacenza\/allevamenti-sotto-scacco-le-aziende-chiudono\/#article","isPartOf":{"@id":"https:\/\/www.confagricoltura.org\/piacenza\/allevamenti-sotto-scacco-le-aziende-chiudono\/"},"author":{"name":"confagricolturapiacenza","@id":"https:\/\/www.confagricoltura.org\/piacenza\/#\/schema\/person\/be5da25a3117fea4b3bfec9dba09b5e8"},"headline":"Allevamenti sotto scacco: le aziende chiudono","datePublished":"2022-01-27T11:20:35+00:00","dateModified":"2022-01-27T11:20:37+00:00","mainEntityOfPage":{"@id":"https:\/\/www.confagricoltura.org\/piacenza\/allevamenti-sotto-scacco-le-aziende-chiudono\/"},"wordCount":646,"image":{"@id":"https:\/\/www.confagricoltura.org\/piacenza\/allevamenti-sotto-scacco-le-aziende-chiudono\/#primaryimage"},"thumbnailUrl":"https:\/\/www.confagricoltura.org\/piacenza\/wp-content\/uploads\/sites\/11\/2022\/01\/Gasparini-in-stalla-2.jpg","keywords":["allevamenti"],"articleSection":["News","Settore bovino"],"inLanguage":"it-IT"},{"@type":"WebPage","@id":"https:\/\/www.confagricoltura.org\/piacenza\/allevamenti-sotto-scacco-le-aziende-chiudono\/","url":"https:\/\/www.confagricoltura.org\/piacenza\/allevamenti-sotto-scacco-le-aziende-chiudono\/","name":"Allevamenti sotto scacco: le aziende chiudono - Confagricoltura Piacenza","isPartOf":{"@id":"https:\/\/www.confagricoltura.org\/piacenza\/#website"},"primaryImageOfPage":{"@id":"https:\/\/www.confagricoltura.org\/piacenza\/allevamenti-sotto-scacco-le-aziende-chiudono\/#primaryimage"},"image":{"@id":"https:\/\/www.confagricoltura.org\/piacenza\/allevamenti-sotto-scacco-le-aziende-chiudono\/#primaryimage"},"thumbnailUrl":"https:\/\/www.confagricoltura.org\/piacenza\/wp-content\/uploads\/sites\/11\/2022\/01\/Gasparini-in-stalla-2.jpg","datePublished":"2022-01-27T11:20:35+00:00","dateModified":"2022-01-27T11:20:37+00:00","author":{"@id":"https:\/\/www.confagricoltura.org\/piacenza\/#\/schema\/person\/be5da25a3117fea4b3bfec9dba09b5e8"},"breadcrumb":{"@id":"https:\/\/www.confagricoltura.org\/piacenza\/allevamenti-sotto-scacco-le-aziende-chiudono\/#breadcrumb"},"inLanguage":"it-IT","potentialAction":[{"@type":"ReadAction","target":["https:\/\/www.confagricoltura.org\/piacenza\/allevamenti-sotto-scacco-le-aziende-chiudono\/"]}]},{"@type":"ImageObject","inLanguage":"it-IT","@id":"https:\/\/www.confagricoltura.org\/piacenza\/allevamenti-sotto-scacco-le-aziende-chiudono\/#primaryimage","url":"https:\/\/www.confagricoltura.org\/piacenza\/wp-content\/uploads\/sites\/11\/2022\/01\/Gasparini-in-stalla-2.jpg","contentUrl":"https:\/\/www.confagricoltura.org\/piacenza\/wp-content\/uploads\/sites\/11\/2022\/01\/Gasparini-in-stalla-2.jpg","width":1200,"height":1600},{"@type":"BreadcrumbList","@id":"https:\/\/www.confagricoltura.org\/piacenza\/allevamenti-sotto-scacco-le-aziende-chiudono\/#breadcrumb","itemListElement":[{"@type":"ListItem","position":1,"name":"Home","item":"https:\/\/www.confagricoltura.org\/piacenza\/"},{"@type":"ListItem","position":2,"name":"Allevamenti sotto scacco: le aziende chiudono"}]},{"@type":"WebSite","@id":"https:\/\/www.confagricoltura.org\/piacenza\/#website","url":"https:\/\/www.confagricoltura.org\/piacenza\/","name":"Confagricoltura Piacenza","description":"Dalla parte degli Agricoltori","potentialAction":[{"@type":"SearchAction","target":{"@type":"EntryPoint","urlTemplate":"https:\/\/www.confagricoltura.org\/piacenza\/?s={search_term_string}"},"query-input":{"@type":"PropertyValueSpecification","valueRequired":true,"valueName":"search_term_string"}}],"inLanguage":"it-IT"},{"@type":"Person","@id":"https:\/\/www.confagricoltura.org\/piacenza\/#\/schema\/person\/be5da25a3117fea4b3bfec9dba09b5e8","name":"confagricolturapiacenza","image":{"@type":"ImageObject","inLanguage":"it-IT","@id":"https:\/\/www.confagricoltura.org\/piacenza\/#\/schema\/person\/image\/","url":"https:\/\/secure.gravatar.com\/avatar\/9c5f111e417171581853bd0a3ff892ca?s=96&d=mm&r=g","contentUrl":"https:\/\/secure.gravatar.com\/avatar\/9c5f111e417171581853bd0a3ff892ca?s=96&d=mm&r=g","caption":"confagricolturapiacenza"},"url":"https:\/\/www.confagricoltura.org\/piacenza\/author\/confagricolturapiacenza\/"}]}},"_links":{"self":[{"href":"https:\/\/www.confagricoltura.org\/piacenza\/wp-json\/wp\/v2\/posts\/3604","targetHints":{"allow":["GET"]}}],"collection":[{"href":"https:\/\/www.confagricoltura.org\/piacenza\/wp-json\/wp\/v2\/posts"}],"about":[{"href":"https:\/\/www.confagricoltura.org\/piacenza\/wp-json\/wp\/v2\/types\/post"}],"author":[{"embeddable":true,"href":"https:\/\/www.confagricoltura.org\/piacenza\/wp-json\/wp\/v2\/users\/6"}],"replies":[{"embeddable":true,"href":"https:\/\/www.confagricoltura.org\/piacenza\/wp-json\/wp\/v2\/comments?post=3604"}],"version-history":[{"count":1,"href":"https:\/\/www.confagricoltura.org\/piacenza\/wp-json\/wp\/v2\/posts\/3604\/revisions"}],"predecessor-version":[{"id":3606,"href":"https:\/\/www.confagricoltura.org\/piacenza\/wp-json\/wp\/v2\/posts\/3604\/revisions\/3606"}],"wp:featuredmedia":[{"embeddable":true,"href":"https:\/\/www.confagricoltura.org\/piacenza\/wp-json\/wp\/v2\/media\/3605"}],"wp:attachment":[{"href":"https:\/\/www.confagricoltura.org\/piacenza\/wp-json\/wp\/v2\/media?parent=3604"}],"wp:term":[{"taxonomy":"category","embeddable":true,"href":"https:\/\/www.confagricoltura.org\/piacenza\/wp-json\/wp\/v2\/categories?post=3604"},{"taxonomy":"post_tag","embeddable":true,"href":"https:\/\/www.confagricoltura.org\/piacenza\/wp-json\/wp\/v2\/tags?post=3604"}],"curies":[{"name":"wp","href":"https:\/\/api.w.org\/{rel}","templated":true}]}}