{"id":3580,"date":"2021-12-27T11:53:00","date_gmt":"2021-12-27T10:53:00","guid":{"rendered":"https:\/\/www.confagricoltura.org\/piacenza\/?p=3580"},"modified":"2021-12-30T11:56:33","modified_gmt":"2021-12-30T10:56:33","slug":"libretto-uma-digitale","status":"publish","type":"post","link":"https:\/\/www.confagricoltura.org\/piacenza\/libretto-uma-digitale\/","title":{"rendered":"Libretto UMA digitale"},"content":{"rendered":"\n<p>Le aziende dovranno rivolgersi all\u2019ufficio competente (servizio UMA dell\u2019associazione) come sempre avvenuto per le scorse campagne.<br>A differenza degli anni passati non verr\u00e0 pi\u00f9 consegnato un libretto cartaceo ma una ricevuta, che verr\u00e0 inviata anche tramite PEC, riportante le informazioni principali della assegnazione di gasolio agricolo.<\/p>\n\n\n\n<ol class=\"wp-block-list\"><li>Intestazione azienda<\/li><li>Quantit\u00e0 di carburante assegnato<\/li><li>Data di rilascio<\/li><li>N. di protocollo <strong>DATO IMPORTANTE DA COMUNICARE AL DISTRIBUTORE<\/strong><\/li><li>Link di collegamento per visualizzare il proprio libretto (solo per chi \u00e8 in possesso di credenziali SPID &#8211; Sistema Pubblico di Identit\u00e0 Digitale)<\/li><li>QR code (non ancora funzionante)<br>Per ordinare il gasolio:<\/li><li>Contattare il distributore comunicando <strong>CUAA, N. PROTOCOLLO, NOME AZIENDA<\/strong><\/li><li>Il distributore prenota e consegna il carburante richiesto<\/li><li>Il distributore registra l\u2019avvenuta consegna del quantitativo prenotato<\/li><li>Alla registrazione del quantitativo viene inviata comunicazione via PEC all\u2019agricoltore con i dati del prelievo<\/li><li>Il distributore vede in tempo reale tutti i dati relativi al libretto UMA<br>Gli uffici UMA della associazione possono visualizzare in qualsiasi momento il libretto digitale dell\u2019azienda, costantemente aggiornato di tutti i prelievi effettuati ed inoltre avr\u00e0 sempre a disposizione la ricevuta rilasciata, pertanto in caso di smarrimento \u00e8 sufficiente contattarci.<br>La modalit\u00e0 digitale offre la possibilit\u00e0 di una migliore e pi\u00f9 specifica assistenza all\u2019agricoltore, ma sopratutto riduce gli errori di prelievo del carburante in eccesso evitando cos\u00ec autodenunce a dogane e sanzioni.<\/li><\/ol>\n","protected":false},"excerpt":{"rendered":"<p>Dal 1 gennaio 2022 il libretto UMA per il gasolio agricolo sar\u00e0 digitale.<\/p>\n","protected":false},"author":6,"featured_media":3581,"comment_status":"closed","ping_status":"closed","sticky":false,"template":"","format":"standard","meta":{"wp_mapbox_gl_js_media":[],"footnotes":""},"categories":[21,4],"tags":[408],"class_list":["post-3580","post","type-post","status-publish","format-standard","has-post-thumbnail","hentry","category-eventi","category-news","tag-lubretto-uma-digitale"],"yoast_head":"<!-- This site is optimized with the Yoast SEO plugin v26.8 - https:\/\/yoast.com\/product\/yoast-seo-wordpress\/ -->\n<title>Libretto UMA digitale - Confagricoltura Piacenza<\/title>\n<meta name=\"robots\" content=\"index, follow, max-snippet:-1, max-image-preview:large, max-video-preview:-1\" \/>\n<link rel=\"canonical\" href=\"https:\/\/www.confagricoltura.org\/piacenza\/libretto-uma-digitale\/\" \/>\n<meta property=\"og:locale\" content=\"it_IT\" \/>\n<meta property=\"og:type\" content=\"article\" \/>\n<meta property=\"og:title\" content=\"Libretto UMA digitale - Confagricoltura Piacenza\" \/>\n<meta property=\"og:description\" content=\"Dal 1 gennaio 2022 il libretto UMA per il gasolio agricolo sar\u00e0 digitale.\" \/>\n<meta property=\"og:url\" content=\"https:\/\/www.confagricoltura.org\/piacenza\/libretto-uma-digitale\/\" \/>\n<meta property=\"og:site_name\" content=\"Confagricoltura Piacenza\" \/>\n<meta property=\"article:published_time\" content=\"2021-12-27T10:53:00+00:00\" \/>\n<meta property=\"article:modified_time\" content=\"2021-12-30T10:56:33+00:00\" \/>\n<meta property=\"og:image\" content=\"https:\/\/www.confagricoltura.org\/piacenza\/wp-content\/uploads\/sites\/11\/2021\/12\/Trattore-nei-campi-2.jpg\" \/>\n\t<meta property=\"og:image:width\" content=\"980\" \/>\n\t<meta property=\"og:image:height\" content=\"723\" \/>\n\t<meta property=\"og:image:type\" content=\"image\/jpeg\" \/>\n<meta name=\"author\" content=\"confagricolturapiacenza\" \/>\n<meta name=\"twitter:card\" content=\"summary_large_image\" \/>\n<meta name=\"twitter:label1\" content=\"Scritto da\" \/>\n\t<meta name=\"twitter:data1\" content=\"confagricolturapiacenza\" \/>\n\t<meta name=\"twitter:label2\" content=\"Tempo di lettura stimato\" \/>\n\t<meta name=\"twitter:data2\" content=\"1 minuto\" \/>\n<script type=\"application\/ld+json\" class=\"yoast-schema-graph\">{\"@context\":\"https:\/\/schema.org\",\"@graph\":[{\"@type\":\"Article\",\"@id\":\"https:\/\/www.confagricoltura.org\/piacenza\/libretto-uma-digitale\/#article\",\"isPartOf\":{\"@id\":\"https:\/\/www.confagricoltura.org\/piacenza\/libretto-uma-digitale\/\"},\"author\":{\"name\":\"confagricolturapiacenza\",\"@id\":\"https:\/\/www.confagricoltura.org\/piacenza\/#\/schema\/person\/be5da25a3117fea4b3bfec9dba09b5e8\"},\"headline\":\"Libretto UMA digitale\",\"datePublished\":\"2021-12-27T10:53:00+00:00\",\"dateModified\":\"2021-12-30T10:56:33+00:00\",\"mainEntityOfPage\":{\"@id\":\"https:\/\/www.confagricoltura.org\/piacenza\/libretto-uma-digitale\/\"},\"wordCount\":225,\"image\":{\"@id\":\"https:\/\/www.confagricoltura.org\/piacenza\/libretto-uma-digitale\/#primaryimage\"},\"thumbnailUrl\":\"https:\/\/www.confagricoltura.org\/piacenza\/wp-content\/uploads\/sites\/11\/2021\/12\/Trattore-nei-campi-2.jpg\",\"keywords\":[\"lubretto uma digitale\"],\"articleSection\":[\"Eventi\",\"News\"],\"inLanguage\":\"it-IT\"},{\"@type\":\"WebPage\",\"@id\":\"https:\/\/www.confagricoltura.org\/piacenza\/libretto-uma-digitale\/\",\"url\":\"https:\/\/www.confagricoltura.org\/piacenza\/libretto-uma-digitale\/\",\"name\":\"Libretto UMA digitale - Confagricoltura Piacenza\",\"isPartOf\":{\"@id\":\"https:\/\/www.confagricoltura.org\/piacenza\/#website\"},\"primaryImageOfPage\":{\"@id\":\"https:\/\/www.confagricoltura.org\/piacenza\/libretto-uma-digitale\/#primaryimage\"},\"image\":{\"@id\":\"https:\/\/www.confagricoltura.org\/piacenza\/libretto-uma-digitale\/#primaryimage\"},\"thumbnailUrl\":\"https:\/\/www.confagricoltura.org\/piacenza\/wp-content\/uploads\/sites\/11\/2021\/12\/Trattore-nei-campi-2.jpg\",\"datePublished\":\"2021-12-27T10:53:00+00:00\",\"dateModified\":\"2021-12-30T10:56:33+00:00\",\"author\":{\"@id\":\"https:\/\/www.confagricoltura.org\/piacenza\/#\/schema\/person\/be5da25a3117fea4b3bfec9dba09b5e8\"},\"breadcrumb\":{\"@id\":\"https:\/\/www.confagricoltura.org\/piacenza\/libretto-uma-digitale\/#breadcrumb\"},\"inLanguage\":\"it-IT\",\"potentialAction\":[{\"@type\":\"ReadAction\",\"target\":[\"https:\/\/www.confagricoltura.org\/piacenza\/libretto-uma-digitale\/\"]}]},{\"@type\":\"ImageObject\",\"inLanguage\":\"it-IT\",\"@id\":\"https:\/\/www.confagricoltura.org\/piacenza\/libretto-uma-digitale\/#primaryimage\",\"url\":\"https:\/\/www.confagricoltura.org\/piacenza\/wp-content\/uploads\/sites\/11\/2021\/12\/Trattore-nei-campi-2.jpg\",\"contentUrl\":\"https:\/\/www.confagricoltura.org\/piacenza\/wp-content\/uploads\/sites\/11\/2021\/12\/Trattore-nei-campi-2.jpg\",\"width\":980,\"height\":723},{\"@type\":\"BreadcrumbList\",\"@id\":\"https:\/\/www.confagricoltura.org\/piacenza\/libretto-uma-digitale\/#breadcrumb\",\"itemListElement\":[{\"@type\":\"ListItem\",\"position\":1,\"name\":\"Home\",\"item\":\"https:\/\/www.confagricoltura.org\/piacenza\/\"},{\"@type\":\"ListItem\",\"position\":2,\"name\":\"Libretto UMA digitale\"}]},{\"@type\":\"WebSite\",\"@id\":\"https:\/\/www.confagricoltura.org\/piacenza\/#website\",\"url\":\"https:\/\/www.confagricoltura.org\/piacenza\/\",\"name\":\"Confagricoltura Piacenza\",\"description\":\"Dalla parte degli Agricoltori\",\"potentialAction\":[{\"@type\":\"SearchAction\",\"target\":{\"@type\":\"EntryPoint\",\"urlTemplate\":\"https:\/\/www.confagricoltura.org\/piacenza\/?s={search_term_string}\"},\"query-input\":{\"@type\":\"PropertyValueSpecification\",\"valueRequired\":true,\"valueName\":\"search_term_string\"}}],\"inLanguage\":\"it-IT\"},{\"@type\":\"Person\",\"@id\":\"https:\/\/www.confagricoltura.org\/piacenza\/#\/schema\/person\/be5da25a3117fea4b3bfec9dba09b5e8\",\"name\":\"confagricolturapiacenza\",\"image\":{\"@type\":\"ImageObject\",\"inLanguage\":\"it-IT\",\"@id\":\"https:\/\/www.confagricoltura.org\/piacenza\/#\/schema\/person\/image\/\",\"url\":\"https:\/\/secure.gravatar.com\/avatar\/9c5f111e417171581853bd0a3ff892ca?s=96&d=mm&r=g\",\"contentUrl\":\"https:\/\/secure.gravatar.com\/avatar\/9c5f111e417171581853bd0a3ff892ca?s=96&d=mm&r=g\",\"caption\":\"confagricolturapiacenza\"},\"url\":\"https:\/\/www.confagricoltura.org\/piacenza\/author\/confagricolturapiacenza\/\"}]}<\/script>\n<!-- \/ Yoast SEO plugin. -->","yoast_head_json":{"title":"Libretto UMA digitale - Confagricoltura Piacenza","robots":{"index":"index","follow":"follow","max-snippet":"max-snippet:-1","max-image-preview":"max-image-preview:large","max-video-preview":"max-video-preview:-1"},"canonical":"https:\/\/www.confagricoltura.org\/piacenza\/libretto-uma-digitale\/","og_locale":"it_IT","og_type":"article","og_title":"Libretto UMA digitale - Confagricoltura Piacenza","og_description":"Dal 1 gennaio 2022 il libretto UMA per il gasolio agricolo sar\u00e0 digitale.","og_url":"https:\/\/www.confagricoltura.org\/piacenza\/libretto-uma-digitale\/","og_site_name":"Confagricoltura Piacenza","article_published_time":"2021-12-27T10:53:00+00:00","article_modified_time":"2021-12-30T10:56:33+00:00","og_image":[{"width":980,"height":723,"url":"https:\/\/www.confagricoltura.org\/piacenza\/wp-content\/uploads\/sites\/11\/2021\/12\/Trattore-nei-campi-2.jpg","type":"image\/jpeg"}],"author":"confagricolturapiacenza","twitter_card":"summary_large_image","twitter_misc":{"Scritto da":"confagricolturapiacenza","Tempo di lettura stimato":"1 minuto"},"schema":{"@context":"https:\/\/schema.org","@graph":[{"@type":"Article","@id":"https:\/\/www.confagricoltura.org\/piacenza\/libretto-uma-digitale\/#article","isPartOf":{"@id":"https:\/\/www.confagricoltura.org\/piacenza\/libretto-uma-digitale\/"},"author":{"name":"confagricolturapiacenza","@id":"https:\/\/www.confagricoltura.org\/piacenza\/#\/schema\/person\/be5da25a3117fea4b3bfec9dba09b5e8"},"headline":"Libretto UMA digitale","datePublished":"2021-12-27T10:53:00+00:00","dateModified":"2021-12-30T10:56:33+00:00","mainEntityOfPage":{"@id":"https:\/\/www.confagricoltura.org\/piacenza\/libretto-uma-digitale\/"},"wordCount":225,"image":{"@id":"https:\/\/www.confagricoltura.org\/piacenza\/libretto-uma-digitale\/#primaryimage"},"thumbnailUrl":"https:\/\/www.confagricoltura.org\/piacenza\/wp-content\/uploads\/sites\/11\/2021\/12\/Trattore-nei-campi-2.jpg","keywords":["lubretto uma digitale"],"articleSection":["Eventi","News"],"inLanguage":"it-IT"},{"@type":"WebPage","@id":"https:\/\/www.confagricoltura.org\/piacenza\/libretto-uma-digitale\/","url":"https:\/\/www.confagricoltura.org\/piacenza\/libretto-uma-digitale\/","name":"Libretto UMA digitale - Confagricoltura Piacenza","isPartOf":{"@id":"https:\/\/www.confagricoltura.org\/piacenza\/#website"},"primaryImageOfPage":{"@id":"https:\/\/www.confagricoltura.org\/piacenza\/libretto-uma-digitale\/#primaryimage"},"image":{"@id":"https:\/\/www.confagricoltura.org\/piacenza\/libretto-uma-digitale\/#primaryimage"},"thumbnailUrl":"https:\/\/www.confagricoltura.org\/piacenza\/wp-content\/uploads\/sites\/11\/2021\/12\/Trattore-nei-campi-2.jpg","datePublished":"2021-12-27T10:53:00+00:00","dateModified":"2021-12-30T10:56:33+00:00","author":{"@id":"https:\/\/www.confagricoltura.org\/piacenza\/#\/schema\/person\/be5da25a3117fea4b3bfec9dba09b5e8"},"breadcrumb":{"@id":"https:\/\/www.confagricoltura.org\/piacenza\/libretto-uma-digitale\/#breadcrumb"},"inLanguage":"it-IT","potentialAction":[{"@type":"ReadAction","target":["https:\/\/www.confagricoltura.org\/piacenza\/libretto-uma-digitale\/"]}]},{"@type":"ImageObject","inLanguage":"it-IT","@id":"https:\/\/www.confagricoltura.org\/piacenza\/libretto-uma-digitale\/#primaryimage","url":"https:\/\/www.confagricoltura.org\/piacenza\/wp-content\/uploads\/sites\/11\/2021\/12\/Trattore-nei-campi-2.jpg","contentUrl":"https:\/\/www.confagricoltura.org\/piacenza\/wp-content\/uploads\/sites\/11\/2021\/12\/Trattore-nei-campi-2.jpg","width":980,"height":723},{"@type":"BreadcrumbList","@id":"https:\/\/www.confagricoltura.org\/piacenza\/libretto-uma-digitale\/#breadcrumb","itemListElement":[{"@type":"ListItem","position":1,"name":"Home","item":"https:\/\/www.confagricoltura.org\/piacenza\/"},{"@type":"ListItem","position":2,"name":"Libretto UMA digitale"}]},{"@type":"WebSite","@id":"https:\/\/www.confagricoltura.org\/piacenza\/#website","url":"https:\/\/www.confagricoltura.org\/piacenza\/","name":"Confagricoltura Piacenza","description":"Dalla parte degli Agricoltori","potentialAction":[{"@type":"SearchAction","target":{"@type":"EntryPoint","urlTemplate":"https:\/\/www.confagricoltura.org\/piacenza\/?s={search_term_string}"},"query-input":{"@type":"PropertyValueSpecification","valueRequired":true,"valueName":"search_term_string"}}],"inLanguage":"it-IT"},{"@type":"Person","@id":"https:\/\/www.confagricoltura.org\/piacenza\/#\/schema\/person\/be5da25a3117fea4b3bfec9dba09b5e8","name":"confagricolturapiacenza","image":{"@type":"ImageObject","inLanguage":"it-IT","@id":"https:\/\/www.confagricoltura.org\/piacenza\/#\/schema\/person\/image\/","url":"https:\/\/secure.gravatar.com\/avatar\/9c5f111e417171581853bd0a3ff892ca?s=96&d=mm&r=g","contentUrl":"https:\/\/secure.gravatar.com\/avatar\/9c5f111e417171581853bd0a3ff892ca?s=96&d=mm&r=g","caption":"confagricolturapiacenza"},"url":"https:\/\/www.confagricoltura.org\/piacenza\/author\/confagricolturapiacenza\/"}]}},"_links":{"self":[{"href":"https:\/\/www.confagricoltura.org\/piacenza\/wp-json\/wp\/v2\/posts\/3580","targetHints":{"allow":["GET"]}}],"collection":[{"href":"https:\/\/www.confagricoltura.org\/piacenza\/wp-json\/wp\/v2\/posts"}],"about":[{"href":"https:\/\/www.confagricoltura.org\/piacenza\/wp-json\/wp\/v2\/types\/post"}],"author":[{"embeddable":true,"href":"https:\/\/www.confagricoltura.org\/piacenza\/wp-json\/wp\/v2\/users\/6"}],"replies":[{"embeddable":true,"href":"https:\/\/www.confagricoltura.org\/piacenza\/wp-json\/wp\/v2\/comments?post=3580"}],"version-history":[{"count":1,"href":"https:\/\/www.confagricoltura.org\/piacenza\/wp-json\/wp\/v2\/posts\/3580\/revisions"}],"predecessor-version":[{"id":3582,"href":"https:\/\/www.confagricoltura.org\/piacenza\/wp-json\/wp\/v2\/posts\/3580\/revisions\/3582"}],"wp:featuredmedia":[{"embeddable":true,"href":"https:\/\/www.confagricoltura.org\/piacenza\/wp-json\/wp\/v2\/media\/3581"}],"wp:attachment":[{"href":"https:\/\/www.confagricoltura.org\/piacenza\/wp-json\/wp\/v2\/media?parent=3580"}],"wp:term":[{"taxonomy":"category","embeddable":true,"href":"https:\/\/www.confagricoltura.org\/piacenza\/wp-json\/wp\/v2\/categories?post=3580"},{"taxonomy":"post_tag","embeddable":true,"href":"https:\/\/www.confagricoltura.org\/piacenza\/wp-json\/wp\/v2\/tags?post=3580"}],"curies":[{"name":"wp","href":"https:\/\/api.w.org\/{rel}","templated":true}]}}