{"id":3524,"date":"2021-11-03T11:11:00","date_gmt":"2021-11-03T10:11:00","guid":{"rendered":"https:\/\/www.confagricoltura.org\/piacenza\/?p=3524"},"modified":"2021-11-04T11:19:40","modified_gmt":"2021-11-04T10:19:40","slug":"confagricoltura-piacenza-fa-il-punto-su-mercato-e-prospettive-del-vino","status":"publish","type":"post","link":"https:\/\/www.confagricoltura.org\/piacenza\/confagricoltura-piacenza-fa-il-punto-su-mercato-e-prospettive-del-vino\/","title":{"rendered":"Confagricoltura Piacenza fa il punto su mercato e prospettive del vino"},"content":{"rendered":"\n<p>Confagricoltura Piacenza ha voluto fare il punto sui dati richiesti al Consorzio Vini Doc Colli Piacentini sulle giacenze del vino sfuso atto a diventare doc ed ha convocato una sezione di prodotto allargata a tutti i suoi vitivinicoltori. All\u2019incontro, che si \u00e8 tenuto presso la sede di Confagricoltura Piacenza nei giorni scorsi, sono intervenuti anche il presidente del Consorzio Vini Doc Colli Piacentini, Marco Profumo e la responsabile dell\u2019Ufficio tecnico, Mia Pighi.<\/p>\n\n\n\n<p>Chiara Azzali, presidente della sezione vitivinicola di Confagricoltura Piacenza ha sottolineato: \u201cRingrazio il Consorzio Vini che ha accolto una richiesta della nostra associazione e specificatamente della nostra sezione di prodotto vitivinicola che pi\u00f9 volte ha mostrato l\u2019esigenza di conoscere i dati delle giacenze sui vini doc. Il Consiglio del Consorzio ha accolto questa richiesta che non era mai tata presentata in precedenza e ha deliberato di fornire i dati trimestralmente. Ritengo che il consorzio vini doc sia la massima espressione del comparto vitivinicolo di Piacenza e delle sue doc, \u00e8 una mia convinzione personale \u2013 ha precisato Azzali &#8211; ci sono aziende importanti che non sono socie del Consorzio, ma se \u00e8 vero che la storia \u00e8 importante, \u00e8 importante anche apprezzare i cambiamenti. Confagricoltura oggi \u00e8 ottimamente rappresentata in seno al Consiglio direttivo del Consorzio con consiglieri che portano il loro contributo propulsivo con impegno e convinzione\u201d. Tra gli associati di Confagricoltura, oltre a Chiara Azzali, siedono in Consiglio Giovannella Fugazza, Davide Valla e Stefano Pizzamiglio, che in particolare sta coordinando il tavolo per la revisione dei disciplinari delle doc. \u201cLe aziende vitivinicole associate a Confagricoltura \u2013 ha proseguito Azzali \u2013 sono realt\u00e0 importanti, consapevoli del valore del loro prodotto e delle specificit\u00e0 del comparto. Se negli altri settori esistono organizzazioni pi\u00f9 o meno strutturate che forniscono dati e indicazioni su prezzi e quantitativi prodotti, da noi non \u00e8 ancora un\u2019abitudine. Abbiamo necessit\u00e0 di sapere e credo che con l\u2019intervento del Consorzio, con la massima trasparenza da un lato e nel rispetto della privacy dall\u2019altro, questi dati consentiranno al comparto di svecchiarsi\u201d.<\/p>\n\n\n\n<p>Gli intervenuti hanno dunque condiviso i dati esposti con dovizia di particolari da Mia Pighi, ne \u00e8 scaturito un dialogo per focalizzare quali informazioni possono essere aggregate e semplificate in modo da risultare accessibili e di facile lettura in tempo utile.&nbsp; Tra i presenti Alberico Barattieri, Francesco Monteverdi e Filippo Zerioli. \u201cQuesto \u00e8 un esordio \u2013 hanno detto \u2013 un momento sperimentale\u201d.<\/p>\n\n\n\n<p>Ha fatto sintesi Eugenio Gandolfi: \u201cA noi interessa sapere quanto vino c\u2019\u00e8 in cantina e quanto viene certificato, per capire come sta andando il mercato. Servono i dati che indichino i trend negli anni cos\u00ec da sapere, di anno in anno, se giacenze e vendite sono aumentate o diminuite per meglio incidere sulla definizione dei prezzi. Sono convinto che se avessimo conosciuto i dati della giacenza ad agosto avremmo potuto negoziare meglio anche i prezzi delle uve. Penso che i dati di mercato\u201d.&nbsp; Per tutti \u00e8 emerso che sarebbe importante avere i dati in alcuni momenti dell\u2019anno: conoscere la giacenza al 31 luglio, prima dell\u2019inizio della vendemmia e della fissazione di prezzi delle uve e i dati sulla produzione consolidati disponibili a met\u00e0 febbraio.<\/p>\n\n\n\n<p>\u201cOggi \u00e8 prematuro fare un commento sui dati \u2013 ha evidenziato Profumo \u2013 ma ci attiviamo per condividerli. Abbiamo dato seguito a questa richiesta di Confagricoltura Piacenza perch\u00e9 \u00e8 nell\u2019interesse di tutti poter avere dati aggregati attendibili che ci rendano periodicamente la situazione dell\u2019andamento del comparto\u201d.<\/p>\n\n\n\n<p>\u201cCondivideremo anche le analisi \u2013 gli ha fatto eco Chiara Azzali &#8211; potremo arrivare alle conclusioni quando avremo i trend e comprendere meglio gli andamenti di mercato, noi produttori tutti insieme. Sarebbe in proposito utile avere anche i dati sulle superfici vitate. Abbiamo avviato un percorso grazie alla richiesta di Confagricoltura Piacenza che giova a tutti ed \u00e8 avendo in cuore l\u2019interesse di tutti che il Consorzio sta lavorando anche alla revisione dei disciplinari di produzione\u201d.<\/p>\n\n\n\n<p>\u201cAbbiamo iniziato un lavoro sui disciplinari \u2013 ha aggiornato Profumo &#8211; a breve coinvolgeremo le organizzazioni di categoria per poter fare incontri nelle vallate tra novembre e dicembre, per discutere con i produttori in modo da dialogare direttamente con loro \u201c. \u201cLe aziende vitivinicole di Confagricoltura Piacenza sono interessate e a disposizione \u2013 ha concluso Azzali \u2013 il mercato lo si governa conoscendolo e muovendosi insieme\u201d.<\/p>\n","protected":false},"excerpt":{"rendered":"<p>Sezione vino convocata in forma allargata a dialogo con il presidente e con gli uffici tecnici del Consorzio Vini doc Colli Piacentini (in foto da sinistra: Marco Casagrande, Marco Profumo, Chiara Azzali, Mia Pighi, Francesco Monteverdi, Eugenio Gandolfi). <\/p>\n","protected":false},"author":6,"featured_media":3525,"comment_status":"closed","ping_status":"closed","sticky":false,"template":"","format":"standard","meta":{"wp_mapbox_gl_js_media":[],"footnotes":""},"categories":[4,16],"tags":[397],"class_list":["post-3524","post","type-post","status-publish","format-standard","has-post-thumbnail","hentry","category-news","category-settore-vitivinicolo","tag-mercato-vino"],"yoast_head":"<!-- This site is optimized with the Yoast SEO plugin v26.8 - https:\/\/yoast.com\/product\/yoast-seo-wordpress\/ -->\n<title>Confagricoltura Piacenza fa il punto su mercato e prospettive del vino - Confagricoltura Piacenza<\/title>\n<meta name=\"robots\" content=\"index, follow, max-snippet:-1, max-image-preview:large, max-video-preview:-1\" \/>\n<link rel=\"canonical\" href=\"https:\/\/www.confagricoltura.org\/piacenza\/confagricoltura-piacenza-fa-il-punto-su-mercato-e-prospettive-del-vino\/\" \/>\n<meta property=\"og:locale\" content=\"it_IT\" \/>\n<meta property=\"og:type\" content=\"article\" \/>\n<meta property=\"og:title\" content=\"Confagricoltura Piacenza fa il punto su mercato e prospettive del vino - Confagricoltura Piacenza\" \/>\n<meta property=\"og:description\" content=\"Sezione vino convocata in forma allargata a dialogo con il presidente e con gli uffici tecnici del Consorzio Vini doc Colli Piacentini (in foto da sinistra: Marco Casagrande, Marco Profumo, Chiara Azzali, Mia Pighi, Francesco Monteverdi, Eugenio Gandolfi).\" \/>\n<meta property=\"og:url\" content=\"https:\/\/www.confagricoltura.org\/piacenza\/confagricoltura-piacenza-fa-il-punto-su-mercato-e-prospettive-del-vino\/\" \/>\n<meta property=\"og:site_name\" content=\"Confagricoltura Piacenza\" \/>\n<meta property=\"article:published_time\" content=\"2021-11-03T10:11:00+00:00\" \/>\n<meta property=\"article:modified_time\" content=\"2021-11-04T10:19:40+00:00\" \/>\n<meta property=\"og:image\" content=\"https:\/\/www.confagricoltura.org\/piacenza\/wp-content\/uploads\/sites\/11\/2021\/11\/Casagrande-Profumo-Azzali-Pighi-Monteverdi-Gandolfi-senza-mascherina.jpg\" \/>\n\t<meta property=\"og:image:width\" content=\"2048\" \/>\n\t<meta property=\"og:image:height\" content=\"1536\" \/>\n\t<meta property=\"og:image:type\" content=\"image\/jpeg\" \/>\n<meta name=\"author\" content=\"confagricolturapiacenza\" \/>\n<meta name=\"twitter:card\" content=\"summary_large_image\" \/>\n<meta name=\"twitter:label1\" content=\"Scritto da\" \/>\n\t<meta name=\"twitter:data1\" content=\"confagricolturapiacenza\" \/>\n\t<meta name=\"twitter:label2\" content=\"Tempo di lettura stimato\" \/>\n\t<meta name=\"twitter:data2\" content=\"4 minuti\" \/>\n<script type=\"application\/ld+json\" class=\"yoast-schema-graph\">{\"@context\":\"https:\/\/schema.org\",\"@graph\":[{\"@type\":\"Article\",\"@id\":\"https:\/\/www.confagricoltura.org\/piacenza\/confagricoltura-piacenza-fa-il-punto-su-mercato-e-prospettive-del-vino\/#article\",\"isPartOf\":{\"@id\":\"https:\/\/www.confagricoltura.org\/piacenza\/confagricoltura-piacenza-fa-il-punto-su-mercato-e-prospettive-del-vino\/\"},\"author\":{\"name\":\"confagricolturapiacenza\",\"@id\":\"https:\/\/www.confagricoltura.org\/piacenza\/#\/schema\/person\/be5da25a3117fea4b3bfec9dba09b5e8\"},\"headline\":\"Confagricoltura Piacenza fa il punto su mercato e prospettive del vino\",\"datePublished\":\"2021-11-03T10:11:00+00:00\",\"dateModified\":\"2021-11-04T10:19:40+00:00\",\"mainEntityOfPage\":{\"@id\":\"https:\/\/www.confagricoltura.org\/piacenza\/confagricoltura-piacenza-fa-il-punto-su-mercato-e-prospettive-del-vino\/\"},\"wordCount\":707,\"image\":{\"@id\":\"https:\/\/www.confagricoltura.org\/piacenza\/confagricoltura-piacenza-fa-il-punto-su-mercato-e-prospettive-del-vino\/#primaryimage\"},\"thumbnailUrl\":\"https:\/\/www.confagricoltura.org\/piacenza\/wp-content\/uploads\/sites\/11\/2021\/11\/Casagrande-Profumo-Azzali-Pighi-Monteverdi-Gandolfi-senza-mascherina.jpg\",\"keywords\":[\"mercato vino\"],\"articleSection\":[\"News\",\"Settore vitivinicolo\"],\"inLanguage\":\"it-IT\"},{\"@type\":\"WebPage\",\"@id\":\"https:\/\/www.confagricoltura.org\/piacenza\/confagricoltura-piacenza-fa-il-punto-su-mercato-e-prospettive-del-vino\/\",\"url\":\"https:\/\/www.confagricoltura.org\/piacenza\/confagricoltura-piacenza-fa-il-punto-su-mercato-e-prospettive-del-vino\/\",\"name\":\"Confagricoltura Piacenza fa il punto su mercato e prospettive del vino - Confagricoltura Piacenza\",\"isPartOf\":{\"@id\":\"https:\/\/www.confagricoltura.org\/piacenza\/#website\"},\"primaryImageOfPage\":{\"@id\":\"https:\/\/www.confagricoltura.org\/piacenza\/confagricoltura-piacenza-fa-il-punto-su-mercato-e-prospettive-del-vino\/#primaryimage\"},\"image\":{\"@id\":\"https:\/\/www.confagricoltura.org\/piacenza\/confagricoltura-piacenza-fa-il-punto-su-mercato-e-prospettive-del-vino\/#primaryimage\"},\"thumbnailUrl\":\"https:\/\/www.confagricoltura.org\/piacenza\/wp-content\/uploads\/sites\/11\/2021\/11\/Casagrande-Profumo-Azzali-Pighi-Monteverdi-Gandolfi-senza-mascherina.jpg\",\"datePublished\":\"2021-11-03T10:11:00+00:00\",\"dateModified\":\"2021-11-04T10:19:40+00:00\",\"author\":{\"@id\":\"https:\/\/www.confagricoltura.org\/piacenza\/#\/schema\/person\/be5da25a3117fea4b3bfec9dba09b5e8\"},\"breadcrumb\":{\"@id\":\"https:\/\/www.confagricoltura.org\/piacenza\/confagricoltura-piacenza-fa-il-punto-su-mercato-e-prospettive-del-vino\/#breadcrumb\"},\"inLanguage\":\"it-IT\",\"potentialAction\":[{\"@type\":\"ReadAction\",\"target\":[\"https:\/\/www.confagricoltura.org\/piacenza\/confagricoltura-piacenza-fa-il-punto-su-mercato-e-prospettive-del-vino\/\"]}]},{\"@type\":\"ImageObject\",\"inLanguage\":\"it-IT\",\"@id\":\"https:\/\/www.confagricoltura.org\/piacenza\/confagricoltura-piacenza-fa-il-punto-su-mercato-e-prospettive-del-vino\/#primaryimage\",\"url\":\"https:\/\/www.confagricoltura.org\/piacenza\/wp-content\/uploads\/sites\/11\/2021\/11\/Casagrande-Profumo-Azzali-Pighi-Monteverdi-Gandolfi-senza-mascherina.jpg\",\"contentUrl\":\"https:\/\/www.confagricoltura.org\/piacenza\/wp-content\/uploads\/sites\/11\/2021\/11\/Casagrande-Profumo-Azzali-Pighi-Monteverdi-Gandolfi-senza-mascherina.jpg\",\"width\":2048,\"height\":1536},{\"@type\":\"BreadcrumbList\",\"@id\":\"https:\/\/www.confagricoltura.org\/piacenza\/confagricoltura-piacenza-fa-il-punto-su-mercato-e-prospettive-del-vino\/#breadcrumb\",\"itemListElement\":[{\"@type\":\"ListItem\",\"position\":1,\"name\":\"Home\",\"item\":\"https:\/\/www.confagricoltura.org\/piacenza\/\"},{\"@type\":\"ListItem\",\"position\":2,\"name\":\"Confagricoltura Piacenza fa il punto su mercato e prospettive del vino\"}]},{\"@type\":\"WebSite\",\"@id\":\"https:\/\/www.confagricoltura.org\/piacenza\/#website\",\"url\":\"https:\/\/www.confagricoltura.org\/piacenza\/\",\"name\":\"Confagricoltura Piacenza\",\"description\":\"Dalla parte degli Agricoltori\",\"potentialAction\":[{\"@type\":\"SearchAction\",\"target\":{\"@type\":\"EntryPoint\",\"urlTemplate\":\"https:\/\/www.confagricoltura.org\/piacenza\/?s={search_term_string}\"},\"query-input\":{\"@type\":\"PropertyValueSpecification\",\"valueRequired\":true,\"valueName\":\"search_term_string\"}}],\"inLanguage\":\"it-IT\"},{\"@type\":\"Person\",\"@id\":\"https:\/\/www.confagricoltura.org\/piacenza\/#\/schema\/person\/be5da25a3117fea4b3bfec9dba09b5e8\",\"name\":\"confagricolturapiacenza\",\"image\":{\"@type\":\"ImageObject\",\"inLanguage\":\"it-IT\",\"@id\":\"https:\/\/www.confagricoltura.org\/piacenza\/#\/schema\/person\/image\/\",\"url\":\"https:\/\/secure.gravatar.com\/avatar\/9c5f111e417171581853bd0a3ff892ca?s=96&d=mm&r=g\",\"contentUrl\":\"https:\/\/secure.gravatar.com\/avatar\/9c5f111e417171581853bd0a3ff892ca?s=96&d=mm&r=g\",\"caption\":\"confagricolturapiacenza\"},\"url\":\"https:\/\/www.confagricoltura.org\/piacenza\/author\/confagricolturapiacenza\/\"}]}<\/script>\n<!-- \/ Yoast SEO plugin. -->","yoast_head_json":{"title":"Confagricoltura Piacenza fa il punto su mercato e prospettive del vino - Confagricoltura Piacenza","robots":{"index":"index","follow":"follow","max-snippet":"max-snippet:-1","max-image-preview":"max-image-preview:large","max-video-preview":"max-video-preview:-1"},"canonical":"https:\/\/www.confagricoltura.org\/piacenza\/confagricoltura-piacenza-fa-il-punto-su-mercato-e-prospettive-del-vino\/","og_locale":"it_IT","og_type":"article","og_title":"Confagricoltura Piacenza fa il punto su mercato e prospettive del vino - Confagricoltura Piacenza","og_description":"Sezione vino convocata in forma allargata a dialogo con il presidente e con gli uffici tecnici del Consorzio Vini doc Colli Piacentini (in foto da sinistra: Marco Casagrande, Marco Profumo, Chiara Azzali, Mia Pighi, Francesco Monteverdi, Eugenio Gandolfi).","og_url":"https:\/\/www.confagricoltura.org\/piacenza\/confagricoltura-piacenza-fa-il-punto-su-mercato-e-prospettive-del-vino\/","og_site_name":"Confagricoltura Piacenza","article_published_time":"2021-11-03T10:11:00+00:00","article_modified_time":"2021-11-04T10:19:40+00:00","og_image":[{"width":2048,"height":1536,"url":"https:\/\/www.confagricoltura.org\/piacenza\/wp-content\/uploads\/sites\/11\/2021\/11\/Casagrande-Profumo-Azzali-Pighi-Monteverdi-Gandolfi-senza-mascherina.jpg","type":"image\/jpeg"}],"author":"confagricolturapiacenza","twitter_card":"summary_large_image","twitter_misc":{"Scritto da":"confagricolturapiacenza","Tempo di lettura stimato":"4 minuti"},"schema":{"@context":"https:\/\/schema.org","@graph":[{"@type":"Article","@id":"https:\/\/www.confagricoltura.org\/piacenza\/confagricoltura-piacenza-fa-il-punto-su-mercato-e-prospettive-del-vino\/#article","isPartOf":{"@id":"https:\/\/www.confagricoltura.org\/piacenza\/confagricoltura-piacenza-fa-il-punto-su-mercato-e-prospettive-del-vino\/"},"author":{"name":"confagricolturapiacenza","@id":"https:\/\/www.confagricoltura.org\/piacenza\/#\/schema\/person\/be5da25a3117fea4b3bfec9dba09b5e8"},"headline":"Confagricoltura Piacenza fa il punto su mercato e prospettive del vino","datePublished":"2021-11-03T10:11:00+00:00","dateModified":"2021-11-04T10:19:40+00:00","mainEntityOfPage":{"@id":"https:\/\/www.confagricoltura.org\/piacenza\/confagricoltura-piacenza-fa-il-punto-su-mercato-e-prospettive-del-vino\/"},"wordCount":707,"image":{"@id":"https:\/\/www.confagricoltura.org\/piacenza\/confagricoltura-piacenza-fa-il-punto-su-mercato-e-prospettive-del-vino\/#primaryimage"},"thumbnailUrl":"https:\/\/www.confagricoltura.org\/piacenza\/wp-content\/uploads\/sites\/11\/2021\/11\/Casagrande-Profumo-Azzali-Pighi-Monteverdi-Gandolfi-senza-mascherina.jpg","keywords":["mercato vino"],"articleSection":["News","Settore vitivinicolo"],"inLanguage":"it-IT"},{"@type":"WebPage","@id":"https:\/\/www.confagricoltura.org\/piacenza\/confagricoltura-piacenza-fa-il-punto-su-mercato-e-prospettive-del-vino\/","url":"https:\/\/www.confagricoltura.org\/piacenza\/confagricoltura-piacenza-fa-il-punto-su-mercato-e-prospettive-del-vino\/","name":"Confagricoltura Piacenza fa il punto su mercato e prospettive del vino - Confagricoltura Piacenza","isPartOf":{"@id":"https:\/\/www.confagricoltura.org\/piacenza\/#website"},"primaryImageOfPage":{"@id":"https:\/\/www.confagricoltura.org\/piacenza\/confagricoltura-piacenza-fa-il-punto-su-mercato-e-prospettive-del-vino\/#primaryimage"},"image":{"@id":"https:\/\/www.confagricoltura.org\/piacenza\/confagricoltura-piacenza-fa-il-punto-su-mercato-e-prospettive-del-vino\/#primaryimage"},"thumbnailUrl":"https:\/\/www.confagricoltura.org\/piacenza\/wp-content\/uploads\/sites\/11\/2021\/11\/Casagrande-Profumo-Azzali-Pighi-Monteverdi-Gandolfi-senza-mascherina.jpg","datePublished":"2021-11-03T10:11:00+00:00","dateModified":"2021-11-04T10:19:40+00:00","author":{"@id":"https:\/\/www.confagricoltura.org\/piacenza\/#\/schema\/person\/be5da25a3117fea4b3bfec9dba09b5e8"},"breadcrumb":{"@id":"https:\/\/www.confagricoltura.org\/piacenza\/confagricoltura-piacenza-fa-il-punto-su-mercato-e-prospettive-del-vino\/#breadcrumb"},"inLanguage":"it-IT","potentialAction":[{"@type":"ReadAction","target":["https:\/\/www.confagricoltura.org\/piacenza\/confagricoltura-piacenza-fa-il-punto-su-mercato-e-prospettive-del-vino\/"]}]},{"@type":"ImageObject","inLanguage":"it-IT","@id":"https:\/\/www.confagricoltura.org\/piacenza\/confagricoltura-piacenza-fa-il-punto-su-mercato-e-prospettive-del-vino\/#primaryimage","url":"https:\/\/www.confagricoltura.org\/piacenza\/wp-content\/uploads\/sites\/11\/2021\/11\/Casagrande-Profumo-Azzali-Pighi-Monteverdi-Gandolfi-senza-mascherina.jpg","contentUrl":"https:\/\/www.confagricoltura.org\/piacenza\/wp-content\/uploads\/sites\/11\/2021\/11\/Casagrande-Profumo-Azzali-Pighi-Monteverdi-Gandolfi-senza-mascherina.jpg","width":2048,"height":1536},{"@type":"BreadcrumbList","@id":"https:\/\/www.confagricoltura.org\/piacenza\/confagricoltura-piacenza-fa-il-punto-su-mercato-e-prospettive-del-vino\/#breadcrumb","itemListElement":[{"@type":"ListItem","position":1,"name":"Home","item":"https:\/\/www.confagricoltura.org\/piacenza\/"},{"@type":"ListItem","position":2,"name":"Confagricoltura Piacenza fa il punto su mercato e prospettive del vino"}]},{"@type":"WebSite","@id":"https:\/\/www.confagricoltura.org\/piacenza\/#website","url":"https:\/\/www.confagricoltura.org\/piacenza\/","name":"Confagricoltura Piacenza","description":"Dalla parte degli Agricoltori","potentialAction":[{"@type":"SearchAction","target":{"@type":"EntryPoint","urlTemplate":"https:\/\/www.confagricoltura.org\/piacenza\/?s={search_term_string}"},"query-input":{"@type":"PropertyValueSpecification","valueRequired":true,"valueName":"search_term_string"}}],"inLanguage":"it-IT"},{"@type":"Person","@id":"https:\/\/www.confagricoltura.org\/piacenza\/#\/schema\/person\/be5da25a3117fea4b3bfec9dba09b5e8","name":"confagricolturapiacenza","image":{"@type":"ImageObject","inLanguage":"it-IT","@id":"https:\/\/www.confagricoltura.org\/piacenza\/#\/schema\/person\/image\/","url":"https:\/\/secure.gravatar.com\/avatar\/9c5f111e417171581853bd0a3ff892ca?s=96&d=mm&r=g","contentUrl":"https:\/\/secure.gravatar.com\/avatar\/9c5f111e417171581853bd0a3ff892ca?s=96&d=mm&r=g","caption":"confagricolturapiacenza"},"url":"https:\/\/www.confagricoltura.org\/piacenza\/author\/confagricolturapiacenza\/"}]}},"_links":{"self":[{"href":"https:\/\/www.confagricoltura.org\/piacenza\/wp-json\/wp\/v2\/posts\/3524","targetHints":{"allow":["GET"]}}],"collection":[{"href":"https:\/\/www.confagricoltura.org\/piacenza\/wp-json\/wp\/v2\/posts"}],"about":[{"href":"https:\/\/www.confagricoltura.org\/piacenza\/wp-json\/wp\/v2\/types\/post"}],"author":[{"embeddable":true,"href":"https:\/\/www.confagricoltura.org\/piacenza\/wp-json\/wp\/v2\/users\/6"}],"replies":[{"embeddable":true,"href":"https:\/\/www.confagricoltura.org\/piacenza\/wp-json\/wp\/v2\/comments?post=3524"}],"version-history":[{"count":3,"href":"https:\/\/www.confagricoltura.org\/piacenza\/wp-json\/wp\/v2\/posts\/3524\/revisions"}],"predecessor-version":[{"id":3528,"href":"https:\/\/www.confagricoltura.org\/piacenza\/wp-json\/wp\/v2\/posts\/3524\/revisions\/3528"}],"wp:featuredmedia":[{"embeddable":true,"href":"https:\/\/www.confagricoltura.org\/piacenza\/wp-json\/wp\/v2\/media\/3525"}],"wp:attachment":[{"href":"https:\/\/www.confagricoltura.org\/piacenza\/wp-json\/wp\/v2\/media?parent=3524"}],"wp:term":[{"taxonomy":"category","embeddable":true,"href":"https:\/\/www.confagricoltura.org\/piacenza\/wp-json\/wp\/v2\/categories?post=3524"},{"taxonomy":"post_tag","embeddable":true,"href":"https:\/\/www.confagricoltura.org\/piacenza\/wp-json\/wp\/v2\/tags?post=3524"}],"curies":[{"name":"wp","href":"https:\/\/api.w.org\/{rel}","templated":true}]}}