{"id":3521,"date":"2021-10-27T17:12:45","date_gmt":"2021-10-27T15:12:45","guid":{"rendered":"https:\/\/www.confagricoltura.org\/piacenza\/?p=3521"},"modified":"2021-10-27T17:12:46","modified_gmt":"2021-10-27T15:12:46","slug":"confagricoltura-fa-il-punto-sullenoturismo","status":"publish","type":"post","link":"https:\/\/www.confagricoltura.org\/piacenza\/confagricoltura-fa-il-punto-sullenoturismo\/","title":{"rendered":"Confagricoltura fa il punto sull&#8217;enoturismo"},"content":{"rendered":"\n<p>La definitiva uscita dalla pandemia si accompagna, finalmente, con la ripresa di una serie di attivit\u00e0 legate all\u2019enogastronomia e al turismo locale che coinvolgono direttamente le aziende agricole. Confagricoltura Piacenza, da anni, offre un servizio di assistenza per le imprese che intendono avviare o implementare le attivit\u00e0 legate alla multifunzionalit\u00e0 dell\u2019azienda agricola e specificatamente in ambito agrituristico. Nel 2019 \u00e8 stata inoltre approvata la determina regionale sull\u2019enoturismo, la quale disciplina le attivit\u00e0 che le imprese agricole vitivinicole possono svolgere per promuovere e far conoscere la realt\u00e0 e i prodotti aziendali. \u00c8 dunque con l\u2019intento di fornire supporto alle imprese che nei giorni scorsi si \u00e8 tenuto un in contro, in parte in presenza in parte on line.\u00a0 Presenti i responsabili dei vari aspetti che queste norme cerniera racchiudono, il referente tecnico di Confagricoltura Emilia Romagna, Elia Ferroni e la referente di Confagricoltura Piacenza per il settore agrituristico ed enoturistico, Lara Sartori. \u201cLa determina regionale \u2013 hanno convenuto i presenti &#8211; regolamenta l\u2019enoturismo concependolo come un ampliamento delle attivit\u00e0 dell\u2019azienda vitivinicola. \u00c8 dunque necessario presentare una Scia e frequentare un corso di formazione, a meno che non si sia in possesso di un\u2019esperienza pregressa\u201d. Nelle attivit\u00e0 enoturistiche sono inclusi i percorsi di promozione enoturistica che migliorano la conoscenza delle produzioni vitivinicole locali e attivit\u00e0 di degustazione nelle quali i vini aziendali possono essere accompagnati a prodotti locali. \u201cCi\u00f2 che all\u2019apparenza sembra intuitivo \u2013 ha spiegato la consulente fiscale di Confagricoltura Piacenza, Michela Filippi \u2013 \u00e8 stato approfondito perch\u00e9 alcuni cibi possono essere manipolati ai fini della degustazione, altri no e quando le aziende chiedono specificatamente cosa sia ammesso o meno il discernimento, nelle pieghe della direttiva, non era sempre immediato. Anche per questo motivo abbiamo voluto confrontarci con il referente regionale cos\u00ec da poter offrire riscontri chiari e precisi\u201d. \u201cIn questo settore, come per le attivit\u00e0 agrituristiche \u2013 ha commentato Lara Sartori &#8211; \u00e8 necessario interfacciarsi costantemente con i colleghi responsabili dei diversi aspetti perch\u00e9 l\u2019ambito fiscale \u00e8 fortemente collegato con quello tecnico-produttivo e con quello autorizzativo-sanitario. Da parte mia sono a disposizione degli associati e in costante raccordo con i colleghi per implementare il servizio di assistenza in un filone di attivit\u00e0 attivo da anni e nel quale le aziende agricole hanno ragione di continuare a crescere. Non \u00e8 un caso \u2013 ha concluso Sartori \u2013 che Confagricoltura, ormai nel lontano 1965, abbia patrocinato e promosso la nascita della prima associazione degli agriturismi: Agriturist\u201d.<\/p>\n","protected":false},"excerpt":{"rendered":"<p>Al fianco degli imprenditori con un\u2019assistenza dedicata: Lara Sartori referente tecnica<\/p>\n","protected":false},"author":6,"featured_media":3522,"comment_status":"closed","ping_status":"closed","sticky":false,"template":"","format":"standard","meta":{"wp_mapbox_gl_js_media":[],"footnotes":""},"categories":[4,16],"tags":[396],"class_list":["post-3521","post","type-post","status-publish","format-standard","has-post-thumbnail","hentry","category-news","category-settore-vitivinicolo","tag-enoturismo"],"yoast_head":"<!-- This site is optimized with the Yoast SEO plugin v26.8 - https:\/\/yoast.com\/product\/yoast-seo-wordpress\/ -->\n<title>Confagricoltura fa il punto sull&#039;enoturismo - Confagricoltura Piacenza<\/title>\n<meta name=\"robots\" content=\"index, follow, max-snippet:-1, max-image-preview:large, max-video-preview:-1\" \/>\n<link rel=\"canonical\" href=\"https:\/\/www.confagricoltura.org\/piacenza\/confagricoltura-fa-il-punto-sullenoturismo\/\" \/>\n<meta property=\"og:locale\" content=\"it_IT\" \/>\n<meta property=\"og:type\" content=\"article\" \/>\n<meta property=\"og:title\" content=\"Confagricoltura fa il punto sull&#039;enoturismo - Confagricoltura Piacenza\" \/>\n<meta property=\"og:description\" content=\"Al fianco degli imprenditori con un\u2019assistenza dedicata: Lara Sartori referente tecnica\" \/>\n<meta property=\"og:url\" content=\"https:\/\/www.confagricoltura.org\/piacenza\/confagricoltura-fa-il-punto-sullenoturismo\/\" \/>\n<meta property=\"og:site_name\" content=\"Confagricoltura Piacenza\" \/>\n<meta property=\"article:published_time\" content=\"2021-10-27T15:12:45+00:00\" \/>\n<meta property=\"article:modified_time\" content=\"2021-10-27T15:12:46+00:00\" \/>\n<meta property=\"og:image\" content=\"https:\/\/www.confagricoltura.org\/piacenza\/wp-content\/uploads\/sites\/11\/2021\/10\/Lara-Sartori.jpg\" \/>\n\t<meta property=\"og:image:width\" content=\"665\" \/>\n\t<meta property=\"og:image:height\" content=\"887\" \/>\n\t<meta property=\"og:image:type\" content=\"image\/jpeg\" \/>\n<meta name=\"author\" content=\"confagricolturapiacenza\" \/>\n<meta name=\"twitter:card\" content=\"summary_large_image\" \/>\n<meta name=\"twitter:label1\" content=\"Scritto da\" \/>\n\t<meta name=\"twitter:data1\" content=\"confagricolturapiacenza\" \/>\n\t<meta name=\"twitter:label2\" content=\"Tempo di lettura stimato\" \/>\n\t<meta name=\"twitter:data2\" content=\"2 minuti\" \/>\n<script type=\"application\/ld+json\" class=\"yoast-schema-graph\">{\"@context\":\"https:\/\/schema.org\",\"@graph\":[{\"@type\":\"Article\",\"@id\":\"https:\/\/www.confagricoltura.org\/piacenza\/confagricoltura-fa-il-punto-sullenoturismo\/#article\",\"isPartOf\":{\"@id\":\"https:\/\/www.confagricoltura.org\/piacenza\/confagricoltura-fa-il-punto-sullenoturismo\/\"},\"author\":{\"name\":\"confagricolturapiacenza\",\"@id\":\"https:\/\/www.confagricoltura.org\/piacenza\/#\/schema\/person\/be5da25a3117fea4b3bfec9dba09b5e8\"},\"headline\":\"Confagricoltura fa il punto sull&#8217;enoturismo\",\"datePublished\":\"2021-10-27T15:12:45+00:00\",\"dateModified\":\"2021-10-27T15:12:46+00:00\",\"mainEntityOfPage\":{\"@id\":\"https:\/\/www.confagricoltura.org\/piacenza\/confagricoltura-fa-il-punto-sullenoturismo\/\"},\"wordCount\":403,\"image\":{\"@id\":\"https:\/\/www.confagricoltura.org\/piacenza\/confagricoltura-fa-il-punto-sullenoturismo\/#primaryimage\"},\"thumbnailUrl\":\"https:\/\/www.confagricoltura.org\/piacenza\/wp-content\/uploads\/sites\/11\/2021\/10\/Lara-Sartori.jpg\",\"keywords\":[\"enoturismo\"],\"articleSection\":[\"News\",\"Settore vitivinicolo\"],\"inLanguage\":\"it-IT\"},{\"@type\":\"WebPage\",\"@id\":\"https:\/\/www.confagricoltura.org\/piacenza\/confagricoltura-fa-il-punto-sullenoturismo\/\",\"url\":\"https:\/\/www.confagricoltura.org\/piacenza\/confagricoltura-fa-il-punto-sullenoturismo\/\",\"name\":\"Confagricoltura fa il punto sull'enoturismo - Confagricoltura Piacenza\",\"isPartOf\":{\"@id\":\"https:\/\/www.confagricoltura.org\/piacenza\/#website\"},\"primaryImageOfPage\":{\"@id\":\"https:\/\/www.confagricoltura.org\/piacenza\/confagricoltura-fa-il-punto-sullenoturismo\/#primaryimage\"},\"image\":{\"@id\":\"https:\/\/www.confagricoltura.org\/piacenza\/confagricoltura-fa-il-punto-sullenoturismo\/#primaryimage\"},\"thumbnailUrl\":\"https:\/\/www.confagricoltura.org\/piacenza\/wp-content\/uploads\/sites\/11\/2021\/10\/Lara-Sartori.jpg\",\"datePublished\":\"2021-10-27T15:12:45+00:00\",\"dateModified\":\"2021-10-27T15:12:46+00:00\",\"author\":{\"@id\":\"https:\/\/www.confagricoltura.org\/piacenza\/#\/schema\/person\/be5da25a3117fea4b3bfec9dba09b5e8\"},\"breadcrumb\":{\"@id\":\"https:\/\/www.confagricoltura.org\/piacenza\/confagricoltura-fa-il-punto-sullenoturismo\/#breadcrumb\"},\"inLanguage\":\"it-IT\",\"potentialAction\":[{\"@type\":\"ReadAction\",\"target\":[\"https:\/\/www.confagricoltura.org\/piacenza\/confagricoltura-fa-il-punto-sullenoturismo\/\"]}]},{\"@type\":\"ImageObject\",\"inLanguage\":\"it-IT\",\"@id\":\"https:\/\/www.confagricoltura.org\/piacenza\/confagricoltura-fa-il-punto-sullenoturismo\/#primaryimage\",\"url\":\"https:\/\/www.confagricoltura.org\/piacenza\/wp-content\/uploads\/sites\/11\/2021\/10\/Lara-Sartori.jpg\",\"contentUrl\":\"https:\/\/www.confagricoltura.org\/piacenza\/wp-content\/uploads\/sites\/11\/2021\/10\/Lara-Sartori.jpg\",\"width\":665,\"height\":887},{\"@type\":\"BreadcrumbList\",\"@id\":\"https:\/\/www.confagricoltura.org\/piacenza\/confagricoltura-fa-il-punto-sullenoturismo\/#breadcrumb\",\"itemListElement\":[{\"@type\":\"ListItem\",\"position\":1,\"name\":\"Home\",\"item\":\"https:\/\/www.confagricoltura.org\/piacenza\/\"},{\"@type\":\"ListItem\",\"position\":2,\"name\":\"Confagricoltura fa il punto sull&#8217;enoturismo\"}]},{\"@type\":\"WebSite\",\"@id\":\"https:\/\/www.confagricoltura.org\/piacenza\/#website\",\"url\":\"https:\/\/www.confagricoltura.org\/piacenza\/\",\"name\":\"Confagricoltura Piacenza\",\"description\":\"Dalla parte degli Agricoltori\",\"potentialAction\":[{\"@type\":\"SearchAction\",\"target\":{\"@type\":\"EntryPoint\",\"urlTemplate\":\"https:\/\/www.confagricoltura.org\/piacenza\/?s={search_term_string}\"},\"query-input\":{\"@type\":\"PropertyValueSpecification\",\"valueRequired\":true,\"valueName\":\"search_term_string\"}}],\"inLanguage\":\"it-IT\"},{\"@type\":\"Person\",\"@id\":\"https:\/\/www.confagricoltura.org\/piacenza\/#\/schema\/person\/be5da25a3117fea4b3bfec9dba09b5e8\",\"name\":\"confagricolturapiacenza\",\"image\":{\"@type\":\"ImageObject\",\"inLanguage\":\"it-IT\",\"@id\":\"https:\/\/www.confagricoltura.org\/piacenza\/#\/schema\/person\/image\/\",\"url\":\"https:\/\/secure.gravatar.com\/avatar\/9c5f111e417171581853bd0a3ff892ca?s=96&d=mm&r=g\",\"contentUrl\":\"https:\/\/secure.gravatar.com\/avatar\/9c5f111e417171581853bd0a3ff892ca?s=96&d=mm&r=g\",\"caption\":\"confagricolturapiacenza\"},\"url\":\"https:\/\/www.confagricoltura.org\/piacenza\/author\/confagricolturapiacenza\/\"}]}<\/script>\n<!-- \/ Yoast SEO plugin. -->","yoast_head_json":{"title":"Confagricoltura fa il punto sull'enoturismo - Confagricoltura Piacenza","robots":{"index":"index","follow":"follow","max-snippet":"max-snippet:-1","max-image-preview":"max-image-preview:large","max-video-preview":"max-video-preview:-1"},"canonical":"https:\/\/www.confagricoltura.org\/piacenza\/confagricoltura-fa-il-punto-sullenoturismo\/","og_locale":"it_IT","og_type":"article","og_title":"Confagricoltura fa il punto sull'enoturismo - Confagricoltura Piacenza","og_description":"Al fianco degli imprenditori con un\u2019assistenza dedicata: Lara Sartori referente tecnica","og_url":"https:\/\/www.confagricoltura.org\/piacenza\/confagricoltura-fa-il-punto-sullenoturismo\/","og_site_name":"Confagricoltura Piacenza","article_published_time":"2021-10-27T15:12:45+00:00","article_modified_time":"2021-10-27T15:12:46+00:00","og_image":[{"width":665,"height":887,"url":"https:\/\/www.confagricoltura.org\/piacenza\/wp-content\/uploads\/sites\/11\/2021\/10\/Lara-Sartori.jpg","type":"image\/jpeg"}],"author":"confagricolturapiacenza","twitter_card":"summary_large_image","twitter_misc":{"Scritto da":"confagricolturapiacenza","Tempo di lettura stimato":"2 minuti"},"schema":{"@context":"https:\/\/schema.org","@graph":[{"@type":"Article","@id":"https:\/\/www.confagricoltura.org\/piacenza\/confagricoltura-fa-il-punto-sullenoturismo\/#article","isPartOf":{"@id":"https:\/\/www.confagricoltura.org\/piacenza\/confagricoltura-fa-il-punto-sullenoturismo\/"},"author":{"name":"confagricolturapiacenza","@id":"https:\/\/www.confagricoltura.org\/piacenza\/#\/schema\/person\/be5da25a3117fea4b3bfec9dba09b5e8"},"headline":"Confagricoltura fa il punto sull&#8217;enoturismo","datePublished":"2021-10-27T15:12:45+00:00","dateModified":"2021-10-27T15:12:46+00:00","mainEntityOfPage":{"@id":"https:\/\/www.confagricoltura.org\/piacenza\/confagricoltura-fa-il-punto-sullenoturismo\/"},"wordCount":403,"image":{"@id":"https:\/\/www.confagricoltura.org\/piacenza\/confagricoltura-fa-il-punto-sullenoturismo\/#primaryimage"},"thumbnailUrl":"https:\/\/www.confagricoltura.org\/piacenza\/wp-content\/uploads\/sites\/11\/2021\/10\/Lara-Sartori.jpg","keywords":["enoturismo"],"articleSection":["News","Settore vitivinicolo"],"inLanguage":"it-IT"},{"@type":"WebPage","@id":"https:\/\/www.confagricoltura.org\/piacenza\/confagricoltura-fa-il-punto-sullenoturismo\/","url":"https:\/\/www.confagricoltura.org\/piacenza\/confagricoltura-fa-il-punto-sullenoturismo\/","name":"Confagricoltura fa il punto sull'enoturismo - Confagricoltura Piacenza","isPartOf":{"@id":"https:\/\/www.confagricoltura.org\/piacenza\/#website"},"primaryImageOfPage":{"@id":"https:\/\/www.confagricoltura.org\/piacenza\/confagricoltura-fa-il-punto-sullenoturismo\/#primaryimage"},"image":{"@id":"https:\/\/www.confagricoltura.org\/piacenza\/confagricoltura-fa-il-punto-sullenoturismo\/#primaryimage"},"thumbnailUrl":"https:\/\/www.confagricoltura.org\/piacenza\/wp-content\/uploads\/sites\/11\/2021\/10\/Lara-Sartori.jpg","datePublished":"2021-10-27T15:12:45+00:00","dateModified":"2021-10-27T15:12:46+00:00","author":{"@id":"https:\/\/www.confagricoltura.org\/piacenza\/#\/schema\/person\/be5da25a3117fea4b3bfec9dba09b5e8"},"breadcrumb":{"@id":"https:\/\/www.confagricoltura.org\/piacenza\/confagricoltura-fa-il-punto-sullenoturismo\/#breadcrumb"},"inLanguage":"it-IT","potentialAction":[{"@type":"ReadAction","target":["https:\/\/www.confagricoltura.org\/piacenza\/confagricoltura-fa-il-punto-sullenoturismo\/"]}]},{"@type":"ImageObject","inLanguage":"it-IT","@id":"https:\/\/www.confagricoltura.org\/piacenza\/confagricoltura-fa-il-punto-sullenoturismo\/#primaryimage","url":"https:\/\/www.confagricoltura.org\/piacenza\/wp-content\/uploads\/sites\/11\/2021\/10\/Lara-Sartori.jpg","contentUrl":"https:\/\/www.confagricoltura.org\/piacenza\/wp-content\/uploads\/sites\/11\/2021\/10\/Lara-Sartori.jpg","width":665,"height":887},{"@type":"BreadcrumbList","@id":"https:\/\/www.confagricoltura.org\/piacenza\/confagricoltura-fa-il-punto-sullenoturismo\/#breadcrumb","itemListElement":[{"@type":"ListItem","position":1,"name":"Home","item":"https:\/\/www.confagricoltura.org\/piacenza\/"},{"@type":"ListItem","position":2,"name":"Confagricoltura fa il punto sull&#8217;enoturismo"}]},{"@type":"WebSite","@id":"https:\/\/www.confagricoltura.org\/piacenza\/#website","url":"https:\/\/www.confagricoltura.org\/piacenza\/","name":"Confagricoltura Piacenza","description":"Dalla parte degli Agricoltori","potentialAction":[{"@type":"SearchAction","target":{"@type":"EntryPoint","urlTemplate":"https:\/\/www.confagricoltura.org\/piacenza\/?s={search_term_string}"},"query-input":{"@type":"PropertyValueSpecification","valueRequired":true,"valueName":"search_term_string"}}],"inLanguage":"it-IT"},{"@type":"Person","@id":"https:\/\/www.confagricoltura.org\/piacenza\/#\/schema\/person\/be5da25a3117fea4b3bfec9dba09b5e8","name":"confagricolturapiacenza","image":{"@type":"ImageObject","inLanguage":"it-IT","@id":"https:\/\/www.confagricoltura.org\/piacenza\/#\/schema\/person\/image\/","url":"https:\/\/secure.gravatar.com\/avatar\/9c5f111e417171581853bd0a3ff892ca?s=96&d=mm&r=g","contentUrl":"https:\/\/secure.gravatar.com\/avatar\/9c5f111e417171581853bd0a3ff892ca?s=96&d=mm&r=g","caption":"confagricolturapiacenza"},"url":"https:\/\/www.confagricoltura.org\/piacenza\/author\/confagricolturapiacenza\/"}]}},"_links":{"self":[{"href":"https:\/\/www.confagricoltura.org\/piacenza\/wp-json\/wp\/v2\/posts\/3521","targetHints":{"allow":["GET"]}}],"collection":[{"href":"https:\/\/www.confagricoltura.org\/piacenza\/wp-json\/wp\/v2\/posts"}],"about":[{"href":"https:\/\/www.confagricoltura.org\/piacenza\/wp-json\/wp\/v2\/types\/post"}],"author":[{"embeddable":true,"href":"https:\/\/www.confagricoltura.org\/piacenza\/wp-json\/wp\/v2\/users\/6"}],"replies":[{"embeddable":true,"href":"https:\/\/www.confagricoltura.org\/piacenza\/wp-json\/wp\/v2\/comments?post=3521"}],"version-history":[{"count":1,"href":"https:\/\/www.confagricoltura.org\/piacenza\/wp-json\/wp\/v2\/posts\/3521\/revisions"}],"predecessor-version":[{"id":3523,"href":"https:\/\/www.confagricoltura.org\/piacenza\/wp-json\/wp\/v2\/posts\/3521\/revisions\/3523"}],"wp:featuredmedia":[{"embeddable":true,"href":"https:\/\/www.confagricoltura.org\/piacenza\/wp-json\/wp\/v2\/media\/3522"}],"wp:attachment":[{"href":"https:\/\/www.confagricoltura.org\/piacenza\/wp-json\/wp\/v2\/media?parent=3521"}],"wp:term":[{"taxonomy":"category","embeddable":true,"href":"https:\/\/www.confagricoltura.org\/piacenza\/wp-json\/wp\/v2\/categories?post=3521"},{"taxonomy":"post_tag","embeddable":true,"href":"https:\/\/www.confagricoltura.org\/piacenza\/wp-json\/wp\/v2\/tags?post=3521"}],"curies":[{"name":"wp","href":"https:\/\/api.w.org\/{rel}","templated":true}]}}