{"id":3519,"date":"2021-10-21T17:03:00","date_gmt":"2021-10-21T15:03:00","guid":{"rendered":"https:\/\/www.confagricoltura.org\/piacenza\/?p=3519"},"modified":"2021-10-27T17:09:28","modified_gmt":"2021-10-27T15:09:28","slug":"agrinsieme-acqua-deflusso-ecologico-fiumi-e-torrenti-da-tarare-su-realta-italiana-audizione-del-coordinamento-in-comagri-senato","status":"publish","type":"post","link":"https:\/\/www.confagricoltura.org\/piacenza\/agrinsieme-acqua-deflusso-ecologico-fiumi-e-torrenti-da-tarare-su-realta-italiana-audizione-del-coordinamento-in-comagri-senato\/","title":{"rendered":"Agrinsieme: acqua, deflusso ecologico fiumi e torrenti da tarare su realt\u00e0 italiana. Audizione del Coordinamento in Comagri Senato"},"content":{"rendered":"\n<p>Il deflusso ecologico per <strong>fiumi e torrenti<\/strong> \u00e8 un obiettivo apprezzabile sulla carta, ma concretamente non attuabile nella realt\u00e0 italiana; attualmente, infatti, la data prevista per l\u2019attuazione della nuova disciplina, ovvero il 1\u00b0 gennaio 2022, non \u00e8 percorribile senza l\u2019introduzione di specifici correttivi\u201d. Lo ha sottolineato la componente della giunta di Confagricoltura Giovanna Parmigiani, intervenendo per <strong>Agrinsieme<\/strong> in audizione in Commissione Agricoltura del Senato, nell\u2019ambito dell\u2019esame dell\u2019affare assegnato sulle problematiche relative al deflusso minimo vitale dei fiumi e dei torrenti.<\/p>\n\n\n\n<p>\u201cDeterminare dei deflussi minimi, basandosi su calcoli effettuati soltanto con un algoritmo che non tiene conto dei diversi regimi che caratterizzano i fiumi, \u00e8 impraticabile nelle nostre realt\u00e0, perch\u00e9 calibrato sulle condizioni idrologiche dei paesi dell\u2019Europa centro-settentrionale e difficilmente applicabile in tutti i paesi del continente. In particolare, non \u00e8 assolutamente adeguato a molti fiumi italiani, soprattutto a carattere torrentizio, che in alcuni mesi dell\u2019anno sono carichi d\u2019acqua, ad esempio in primavera con il disgelo e in autunno nella stagione delle grandi piogge, mentre in altri sono quasi asciutti\u201d, ha evidenziato la rappresentante del coordinamento che riunisce <strong>Cia-Agricoltori italiani<\/strong>, <strong>Confagricoltura<\/strong>, <strong>Copagri<\/strong> e <strong>Alleanza delle Cooperative Agroalimentari<\/strong>.<\/p>\n\n\n\n<p>\u201cSeguendo quanto previsto dalla Direttiva Europea 2000\/60\/CE, la cosiddetta \u2018Direttiva Quadro Acque\u2019, si arriverebbe ad un risultato paradossale, perch\u00e9 in molte situazioni del territorio nazionale occorrerebbe addirittura rilasciare un quantitativo d\u2019acqua nei fiumi molto superiore rispetto all\u2019attuale, riducendo il livello di riempimento dei laghi e avendo meno disponibilit\u00e0 di acqua per l\u2019irrigazione e per le reti di canali\u201d, ha osservato Parmigiani.<\/p>\n\n\n\n<p>Per il Coordinamento, quindi, \u201coccorre agire contemporaneamente su pi\u00f9 fronti: da una parte, il Ministero della Transizione Ecologica e l\u2019Ispra devono avviare le procedure di deroga previste dalla Direttiva UE, per dare la possibilit\u00e0 ai distretti idrografici di definire il deflusso ecologico in relazione alla specificit\u00e0 dei vari contesti; dall\u2019altra, occorre rivedere alcuni aspetti della Direttiva UE sui valori dei quantitativi d\u2019acqua da rilasciare in alveo. Fermo restando che, a livello nazionale, va accelerata la realizzazione e l\u2019ammodernamento delle infrastrutture idriche, per aumentare la capacit\u00e0 di acqua piovana trattenuta dai bacini idrici, contribuendo alla corretta gestione del deflusso ecologico\u201d.<\/p>\n\n\n\n<p>\u201cSolo cos\u00ec &#8211; ha concluso Parmigiani per Agrinsieme &#8211; si potr\u00e0 coniugare realmente la salvaguardia dei fiumi con le esigenze del territorio dei Paesi dell\u2019Europa meridionale\u201d.<\/p>\n","protected":false},"excerpt":{"rendered":"<p>Comunicato di Agrinsieme che rende note le dichiarazioni della piacentina Giovanna Parmigiani, componente della giunta nazionale di Confagricoltura sulle problematiche relative al deflusso minimo vitale dei fiumi e dei torrenti.<\/p>\n","protected":false},"author":6,"featured_media":3433,"comment_status":"closed","ping_status":"closed","sticky":false,"template":"","format":"standard","meta":{"wp_mapbox_gl_js_media":[],"footnotes":""},"categories":[4,9],"tags":[395],"class_list":["post-3519","post","type-post","status-publish","format-standard","has-post-thumbnail","hentry","category-news","category-territorio-ambiente","tag-agrinsieme"],"yoast_head":"<!-- This site is optimized with the Yoast SEO plugin v26.8 - https:\/\/yoast.com\/product\/yoast-seo-wordpress\/ -->\n<title>Agrinsieme: acqua, deflusso ecologico fiumi e torrenti da tarare su realt\u00e0 italiana. Audizione del Coordinamento in Comagri Senato - Confagricoltura Piacenza<\/title>\n<meta name=\"robots\" content=\"index, follow, max-snippet:-1, max-image-preview:large, max-video-preview:-1\" \/>\n<link rel=\"canonical\" href=\"https:\/\/www.confagricoltura.org\/piacenza\/agrinsieme-acqua-deflusso-ecologico-fiumi-e-torrenti-da-tarare-su-realta-italiana-audizione-del-coordinamento-in-comagri-senato\/\" \/>\n<meta property=\"og:locale\" content=\"it_IT\" \/>\n<meta property=\"og:type\" content=\"article\" \/>\n<meta property=\"og:title\" content=\"Agrinsieme: acqua, deflusso ecologico fiumi e torrenti da tarare su realt\u00e0 italiana. Audizione del Coordinamento in Comagri Senato - Confagricoltura Piacenza\" \/>\n<meta property=\"og:description\" content=\"Comunicato di Agrinsieme che rende note le dichiarazioni della piacentina Giovanna Parmigiani, componente della giunta nazionale di Confagricoltura sulle problematiche relative al deflusso minimo vitale dei fiumi e dei torrenti.\" \/>\n<meta property=\"og:url\" content=\"https:\/\/www.confagricoltura.org\/piacenza\/agrinsieme-acqua-deflusso-ecologico-fiumi-e-torrenti-da-tarare-su-realta-italiana-audizione-del-coordinamento-in-comagri-senato\/\" \/>\n<meta property=\"og:site_name\" content=\"Confagricoltura Piacenza\" \/>\n<meta property=\"article:published_time\" content=\"2021-10-21T15:03:00+00:00\" \/>\n<meta property=\"article:modified_time\" content=\"2021-10-27T15:09:28+00:00\" \/>\n<meta property=\"og:image\" content=\"https:\/\/www.confagricoltura.org\/piacenza\/wp-content\/uploads\/sites\/11\/2021\/07\/Giovanna-Parmigiani-scaled.jpg\" \/>\n\t<meta property=\"og:image:width\" content=\"1703\" \/>\n\t<meta property=\"og:image:height\" content=\"2560\" \/>\n\t<meta property=\"og:image:type\" content=\"image\/jpeg\" \/>\n<meta name=\"author\" content=\"confagricolturapiacenza\" \/>\n<meta name=\"twitter:card\" content=\"summary_large_image\" \/>\n<meta name=\"twitter:label1\" content=\"Scritto da\" \/>\n\t<meta name=\"twitter:data1\" content=\"confagricolturapiacenza\" \/>\n\t<meta name=\"twitter:label2\" content=\"Tempo di lettura stimato\" \/>\n\t<meta name=\"twitter:data2\" content=\"2 minuti\" \/>\n<script type=\"application\/ld+json\" class=\"yoast-schema-graph\">{\"@context\":\"https:\/\/schema.org\",\"@graph\":[{\"@type\":\"Article\",\"@id\":\"https:\/\/www.confagricoltura.org\/piacenza\/agrinsieme-acqua-deflusso-ecologico-fiumi-e-torrenti-da-tarare-su-realta-italiana-audizione-del-coordinamento-in-comagri-senato\/#article\",\"isPartOf\":{\"@id\":\"https:\/\/www.confagricoltura.org\/piacenza\/agrinsieme-acqua-deflusso-ecologico-fiumi-e-torrenti-da-tarare-su-realta-italiana-audizione-del-coordinamento-in-comagri-senato\/\"},\"author\":{\"name\":\"confagricolturapiacenza\",\"@id\":\"https:\/\/www.confagricoltura.org\/piacenza\/#\/schema\/person\/be5da25a3117fea4b3bfec9dba09b5e8\"},\"headline\":\"Agrinsieme: acqua, deflusso ecologico fiumi e torrenti da tarare su realt\u00e0 italiana. Audizione del Coordinamento in Comagri Senato\",\"datePublished\":\"2021-10-21T15:03:00+00:00\",\"dateModified\":\"2021-10-27T15:09:28+00:00\",\"mainEntityOfPage\":{\"@id\":\"https:\/\/www.confagricoltura.org\/piacenza\/agrinsieme-acqua-deflusso-ecologico-fiumi-e-torrenti-da-tarare-su-realta-italiana-audizione-del-coordinamento-in-comagri-senato\/\"},\"wordCount\":400,\"image\":{\"@id\":\"https:\/\/www.confagricoltura.org\/piacenza\/agrinsieme-acqua-deflusso-ecologico-fiumi-e-torrenti-da-tarare-su-realta-italiana-audizione-del-coordinamento-in-comagri-senato\/#primaryimage\"},\"thumbnailUrl\":\"https:\/\/www.confagricoltura.org\/piacenza\/wp-content\/uploads\/sites\/11\/2021\/07\/Giovanna-Parmigiani-scaled.jpg\",\"keywords\":[\"agrinsieme\"],\"articleSection\":[\"News\",\"Territorio e Ambiente\"],\"inLanguage\":\"it-IT\"},{\"@type\":\"WebPage\",\"@id\":\"https:\/\/www.confagricoltura.org\/piacenza\/agrinsieme-acqua-deflusso-ecologico-fiumi-e-torrenti-da-tarare-su-realta-italiana-audizione-del-coordinamento-in-comagri-senato\/\",\"url\":\"https:\/\/www.confagricoltura.org\/piacenza\/agrinsieme-acqua-deflusso-ecologico-fiumi-e-torrenti-da-tarare-su-realta-italiana-audizione-del-coordinamento-in-comagri-senato\/\",\"name\":\"Agrinsieme: acqua, deflusso ecologico fiumi e torrenti da tarare su realt\u00e0 italiana. Audizione del Coordinamento in Comagri Senato - Confagricoltura Piacenza\",\"isPartOf\":{\"@id\":\"https:\/\/www.confagricoltura.org\/piacenza\/#website\"},\"primaryImageOfPage\":{\"@id\":\"https:\/\/www.confagricoltura.org\/piacenza\/agrinsieme-acqua-deflusso-ecologico-fiumi-e-torrenti-da-tarare-su-realta-italiana-audizione-del-coordinamento-in-comagri-senato\/#primaryimage\"},\"image\":{\"@id\":\"https:\/\/www.confagricoltura.org\/piacenza\/agrinsieme-acqua-deflusso-ecologico-fiumi-e-torrenti-da-tarare-su-realta-italiana-audizione-del-coordinamento-in-comagri-senato\/#primaryimage\"},\"thumbnailUrl\":\"https:\/\/www.confagricoltura.org\/piacenza\/wp-content\/uploads\/sites\/11\/2021\/07\/Giovanna-Parmigiani-scaled.jpg\",\"datePublished\":\"2021-10-21T15:03:00+00:00\",\"dateModified\":\"2021-10-27T15:09:28+00:00\",\"author\":{\"@id\":\"https:\/\/www.confagricoltura.org\/piacenza\/#\/schema\/person\/be5da25a3117fea4b3bfec9dba09b5e8\"},\"breadcrumb\":{\"@id\":\"https:\/\/www.confagricoltura.org\/piacenza\/agrinsieme-acqua-deflusso-ecologico-fiumi-e-torrenti-da-tarare-su-realta-italiana-audizione-del-coordinamento-in-comagri-senato\/#breadcrumb\"},\"inLanguage\":\"it-IT\",\"potentialAction\":[{\"@type\":\"ReadAction\",\"target\":[\"https:\/\/www.confagricoltura.org\/piacenza\/agrinsieme-acqua-deflusso-ecologico-fiumi-e-torrenti-da-tarare-su-realta-italiana-audizione-del-coordinamento-in-comagri-senato\/\"]}]},{\"@type\":\"ImageObject\",\"inLanguage\":\"it-IT\",\"@id\":\"https:\/\/www.confagricoltura.org\/piacenza\/agrinsieme-acqua-deflusso-ecologico-fiumi-e-torrenti-da-tarare-su-realta-italiana-audizione-del-coordinamento-in-comagri-senato\/#primaryimage\",\"url\":\"https:\/\/www.confagricoltura.org\/piacenza\/wp-content\/uploads\/sites\/11\/2021\/07\/Giovanna-Parmigiani-scaled.jpg\",\"contentUrl\":\"https:\/\/www.confagricoltura.org\/piacenza\/wp-content\/uploads\/sites\/11\/2021\/07\/Giovanna-Parmigiani-scaled.jpg\",\"width\":1703,\"height\":2560},{\"@type\":\"BreadcrumbList\",\"@id\":\"https:\/\/www.confagricoltura.org\/piacenza\/agrinsieme-acqua-deflusso-ecologico-fiumi-e-torrenti-da-tarare-su-realta-italiana-audizione-del-coordinamento-in-comagri-senato\/#breadcrumb\",\"itemListElement\":[{\"@type\":\"ListItem\",\"position\":1,\"name\":\"Home\",\"item\":\"https:\/\/www.confagricoltura.org\/piacenza\/\"},{\"@type\":\"ListItem\",\"position\":2,\"name\":\"Agrinsieme: acqua, deflusso ecologico fiumi e torrenti da tarare su realt\u00e0 italiana. Audizione del Coordinamento in Comagri Senato\"}]},{\"@type\":\"WebSite\",\"@id\":\"https:\/\/www.confagricoltura.org\/piacenza\/#website\",\"url\":\"https:\/\/www.confagricoltura.org\/piacenza\/\",\"name\":\"Confagricoltura Piacenza\",\"description\":\"Dalla parte degli Agricoltori\",\"potentialAction\":[{\"@type\":\"SearchAction\",\"target\":{\"@type\":\"EntryPoint\",\"urlTemplate\":\"https:\/\/www.confagricoltura.org\/piacenza\/?s={search_term_string}\"},\"query-input\":{\"@type\":\"PropertyValueSpecification\",\"valueRequired\":true,\"valueName\":\"search_term_string\"}}],\"inLanguage\":\"it-IT\"},{\"@type\":\"Person\",\"@id\":\"https:\/\/www.confagricoltura.org\/piacenza\/#\/schema\/person\/be5da25a3117fea4b3bfec9dba09b5e8\",\"name\":\"confagricolturapiacenza\",\"image\":{\"@type\":\"ImageObject\",\"inLanguage\":\"it-IT\",\"@id\":\"https:\/\/www.confagricoltura.org\/piacenza\/#\/schema\/person\/image\/\",\"url\":\"https:\/\/secure.gravatar.com\/avatar\/9c5f111e417171581853bd0a3ff892ca?s=96&d=mm&r=g\",\"contentUrl\":\"https:\/\/secure.gravatar.com\/avatar\/9c5f111e417171581853bd0a3ff892ca?s=96&d=mm&r=g\",\"caption\":\"confagricolturapiacenza\"},\"url\":\"https:\/\/www.confagricoltura.org\/piacenza\/author\/confagricolturapiacenza\/\"}]}<\/script>\n<!-- \/ Yoast SEO plugin. -->","yoast_head_json":{"title":"Agrinsieme: acqua, deflusso ecologico fiumi e torrenti da tarare su realt\u00e0 italiana. Audizione del Coordinamento in Comagri Senato - Confagricoltura Piacenza","robots":{"index":"index","follow":"follow","max-snippet":"max-snippet:-1","max-image-preview":"max-image-preview:large","max-video-preview":"max-video-preview:-1"},"canonical":"https:\/\/www.confagricoltura.org\/piacenza\/agrinsieme-acqua-deflusso-ecologico-fiumi-e-torrenti-da-tarare-su-realta-italiana-audizione-del-coordinamento-in-comagri-senato\/","og_locale":"it_IT","og_type":"article","og_title":"Agrinsieme: acqua, deflusso ecologico fiumi e torrenti da tarare su realt\u00e0 italiana. Audizione del Coordinamento in Comagri Senato - Confagricoltura Piacenza","og_description":"Comunicato di Agrinsieme che rende note le dichiarazioni della piacentina Giovanna Parmigiani, componente della giunta nazionale di Confagricoltura sulle problematiche relative al deflusso minimo vitale dei fiumi e dei torrenti.","og_url":"https:\/\/www.confagricoltura.org\/piacenza\/agrinsieme-acqua-deflusso-ecologico-fiumi-e-torrenti-da-tarare-su-realta-italiana-audizione-del-coordinamento-in-comagri-senato\/","og_site_name":"Confagricoltura Piacenza","article_published_time":"2021-10-21T15:03:00+00:00","article_modified_time":"2021-10-27T15:09:28+00:00","og_image":[{"width":1703,"height":2560,"url":"https:\/\/www.confagricoltura.org\/piacenza\/wp-content\/uploads\/sites\/11\/2021\/07\/Giovanna-Parmigiani-scaled.jpg","type":"image\/jpeg"}],"author":"confagricolturapiacenza","twitter_card":"summary_large_image","twitter_misc":{"Scritto da":"confagricolturapiacenza","Tempo di lettura stimato":"2 minuti"},"schema":{"@context":"https:\/\/schema.org","@graph":[{"@type":"Article","@id":"https:\/\/www.confagricoltura.org\/piacenza\/agrinsieme-acqua-deflusso-ecologico-fiumi-e-torrenti-da-tarare-su-realta-italiana-audizione-del-coordinamento-in-comagri-senato\/#article","isPartOf":{"@id":"https:\/\/www.confagricoltura.org\/piacenza\/agrinsieme-acqua-deflusso-ecologico-fiumi-e-torrenti-da-tarare-su-realta-italiana-audizione-del-coordinamento-in-comagri-senato\/"},"author":{"name":"confagricolturapiacenza","@id":"https:\/\/www.confagricoltura.org\/piacenza\/#\/schema\/person\/be5da25a3117fea4b3bfec9dba09b5e8"},"headline":"Agrinsieme: acqua, deflusso ecologico fiumi e torrenti da tarare su realt\u00e0 italiana. Audizione del Coordinamento in Comagri Senato","datePublished":"2021-10-21T15:03:00+00:00","dateModified":"2021-10-27T15:09:28+00:00","mainEntityOfPage":{"@id":"https:\/\/www.confagricoltura.org\/piacenza\/agrinsieme-acqua-deflusso-ecologico-fiumi-e-torrenti-da-tarare-su-realta-italiana-audizione-del-coordinamento-in-comagri-senato\/"},"wordCount":400,"image":{"@id":"https:\/\/www.confagricoltura.org\/piacenza\/agrinsieme-acqua-deflusso-ecologico-fiumi-e-torrenti-da-tarare-su-realta-italiana-audizione-del-coordinamento-in-comagri-senato\/#primaryimage"},"thumbnailUrl":"https:\/\/www.confagricoltura.org\/piacenza\/wp-content\/uploads\/sites\/11\/2021\/07\/Giovanna-Parmigiani-scaled.jpg","keywords":["agrinsieme"],"articleSection":["News","Territorio e Ambiente"],"inLanguage":"it-IT"},{"@type":"WebPage","@id":"https:\/\/www.confagricoltura.org\/piacenza\/agrinsieme-acqua-deflusso-ecologico-fiumi-e-torrenti-da-tarare-su-realta-italiana-audizione-del-coordinamento-in-comagri-senato\/","url":"https:\/\/www.confagricoltura.org\/piacenza\/agrinsieme-acqua-deflusso-ecologico-fiumi-e-torrenti-da-tarare-su-realta-italiana-audizione-del-coordinamento-in-comagri-senato\/","name":"Agrinsieme: acqua, deflusso ecologico fiumi e torrenti da tarare su realt\u00e0 italiana. Audizione del Coordinamento in Comagri Senato - Confagricoltura Piacenza","isPartOf":{"@id":"https:\/\/www.confagricoltura.org\/piacenza\/#website"},"primaryImageOfPage":{"@id":"https:\/\/www.confagricoltura.org\/piacenza\/agrinsieme-acqua-deflusso-ecologico-fiumi-e-torrenti-da-tarare-su-realta-italiana-audizione-del-coordinamento-in-comagri-senato\/#primaryimage"},"image":{"@id":"https:\/\/www.confagricoltura.org\/piacenza\/agrinsieme-acqua-deflusso-ecologico-fiumi-e-torrenti-da-tarare-su-realta-italiana-audizione-del-coordinamento-in-comagri-senato\/#primaryimage"},"thumbnailUrl":"https:\/\/www.confagricoltura.org\/piacenza\/wp-content\/uploads\/sites\/11\/2021\/07\/Giovanna-Parmigiani-scaled.jpg","datePublished":"2021-10-21T15:03:00+00:00","dateModified":"2021-10-27T15:09:28+00:00","author":{"@id":"https:\/\/www.confagricoltura.org\/piacenza\/#\/schema\/person\/be5da25a3117fea4b3bfec9dba09b5e8"},"breadcrumb":{"@id":"https:\/\/www.confagricoltura.org\/piacenza\/agrinsieme-acqua-deflusso-ecologico-fiumi-e-torrenti-da-tarare-su-realta-italiana-audizione-del-coordinamento-in-comagri-senato\/#breadcrumb"},"inLanguage":"it-IT","potentialAction":[{"@type":"ReadAction","target":["https:\/\/www.confagricoltura.org\/piacenza\/agrinsieme-acqua-deflusso-ecologico-fiumi-e-torrenti-da-tarare-su-realta-italiana-audizione-del-coordinamento-in-comagri-senato\/"]}]},{"@type":"ImageObject","inLanguage":"it-IT","@id":"https:\/\/www.confagricoltura.org\/piacenza\/agrinsieme-acqua-deflusso-ecologico-fiumi-e-torrenti-da-tarare-su-realta-italiana-audizione-del-coordinamento-in-comagri-senato\/#primaryimage","url":"https:\/\/www.confagricoltura.org\/piacenza\/wp-content\/uploads\/sites\/11\/2021\/07\/Giovanna-Parmigiani-scaled.jpg","contentUrl":"https:\/\/www.confagricoltura.org\/piacenza\/wp-content\/uploads\/sites\/11\/2021\/07\/Giovanna-Parmigiani-scaled.jpg","width":1703,"height":2560},{"@type":"BreadcrumbList","@id":"https:\/\/www.confagricoltura.org\/piacenza\/agrinsieme-acqua-deflusso-ecologico-fiumi-e-torrenti-da-tarare-su-realta-italiana-audizione-del-coordinamento-in-comagri-senato\/#breadcrumb","itemListElement":[{"@type":"ListItem","position":1,"name":"Home","item":"https:\/\/www.confagricoltura.org\/piacenza\/"},{"@type":"ListItem","position":2,"name":"Agrinsieme: acqua, deflusso ecologico fiumi e torrenti da tarare su realt\u00e0 italiana. Audizione del Coordinamento in Comagri Senato"}]},{"@type":"WebSite","@id":"https:\/\/www.confagricoltura.org\/piacenza\/#website","url":"https:\/\/www.confagricoltura.org\/piacenza\/","name":"Confagricoltura Piacenza","description":"Dalla parte degli Agricoltori","potentialAction":[{"@type":"SearchAction","target":{"@type":"EntryPoint","urlTemplate":"https:\/\/www.confagricoltura.org\/piacenza\/?s={search_term_string}"},"query-input":{"@type":"PropertyValueSpecification","valueRequired":true,"valueName":"search_term_string"}}],"inLanguage":"it-IT"},{"@type":"Person","@id":"https:\/\/www.confagricoltura.org\/piacenza\/#\/schema\/person\/be5da25a3117fea4b3bfec9dba09b5e8","name":"confagricolturapiacenza","image":{"@type":"ImageObject","inLanguage":"it-IT","@id":"https:\/\/www.confagricoltura.org\/piacenza\/#\/schema\/person\/image\/","url":"https:\/\/secure.gravatar.com\/avatar\/9c5f111e417171581853bd0a3ff892ca?s=96&d=mm&r=g","contentUrl":"https:\/\/secure.gravatar.com\/avatar\/9c5f111e417171581853bd0a3ff892ca?s=96&d=mm&r=g","caption":"confagricolturapiacenza"},"url":"https:\/\/www.confagricoltura.org\/piacenza\/author\/confagricolturapiacenza\/"}]}},"_links":{"self":[{"href":"https:\/\/www.confagricoltura.org\/piacenza\/wp-json\/wp\/v2\/posts\/3519","targetHints":{"allow":["GET"]}}],"collection":[{"href":"https:\/\/www.confagricoltura.org\/piacenza\/wp-json\/wp\/v2\/posts"}],"about":[{"href":"https:\/\/www.confagricoltura.org\/piacenza\/wp-json\/wp\/v2\/types\/post"}],"author":[{"embeddable":true,"href":"https:\/\/www.confagricoltura.org\/piacenza\/wp-json\/wp\/v2\/users\/6"}],"replies":[{"embeddable":true,"href":"https:\/\/www.confagricoltura.org\/piacenza\/wp-json\/wp\/v2\/comments?post=3519"}],"version-history":[{"count":1,"href":"https:\/\/www.confagricoltura.org\/piacenza\/wp-json\/wp\/v2\/posts\/3519\/revisions"}],"predecessor-version":[{"id":3520,"href":"https:\/\/www.confagricoltura.org\/piacenza\/wp-json\/wp\/v2\/posts\/3519\/revisions\/3520"}],"wp:featuredmedia":[{"embeddable":true,"href":"https:\/\/www.confagricoltura.org\/piacenza\/wp-json\/wp\/v2\/media\/3433"}],"wp:attachment":[{"href":"https:\/\/www.confagricoltura.org\/piacenza\/wp-json\/wp\/v2\/media?parent=3519"}],"wp:term":[{"taxonomy":"category","embeddable":true,"href":"https:\/\/www.confagricoltura.org\/piacenza\/wp-json\/wp\/v2\/categories?post=3519"},{"taxonomy":"post_tag","embeddable":true,"href":"https:\/\/www.confagricoltura.org\/piacenza\/wp-json\/wp\/v2\/tags?post=3519"}],"curies":[{"name":"wp","href":"https:\/\/api.w.org\/{rel}","templated":true}]}}