{"id":3499,"date":"2021-10-08T12:06:00","date_gmt":"2021-10-08T10:06:00","guid":{"rendered":"https:\/\/www.confagricoltura.org\/piacenza\/?p=3499"},"modified":"2021-10-12T12:15:00","modified_gmt":"2021-10-12T10:15:00","slug":"logistica-a-gossolengo-ancora-consumo-di-suolo","status":"publish","type":"post","link":"https:\/\/www.confagricoltura.org\/piacenza\/logistica-a-gossolengo-ancora-consumo-di-suolo\/","title":{"rendered":"Logistica a Gossolengo: ancora consumo di suolo"},"content":{"rendered":"\n<p>A Gossolengo sorger\u00e0 un nuovo polo logistico: 150mila metri quadrati con la strada Regina che si appresta a diventare, da poco pi\u00f9 che stradello di campagna, ad asse per il trasporto pesante, con buona pace della lotta al consumo di suolo, della mobilit\u00e0 sostenibile e del contrasto alle emissioni di Co2. Confagricoltura Piacenza interviene ancora una volta sul tema. \u201cChe sia il nuovo ospedale di Piacenza alla Farnesiana, il parco fotovoltaico di Cadeo o questo nuovo scempio \u2013 tuona Filippo Gasparini, presidente di Confagricoltura Piacenza \u2013 non possiamo rimanere inermi di fronte a un consumo di suolo agricolo in una delle zone agricole pi\u00f9 vocate del nostro Paese, strategica e caratterizzata da coltivazioni di pregio.\u00a0 Gli ettari che saranno cancellati renderanno pi\u00f9 difficoltosa la sempre pi\u00f9 ampia rotazione colturale richiesta e faranno collassare sistemi su cui si regge buona parte del Pil del territorio. Mi riferisco alla filiera del pomodoro da industria, a quella lattiero-casearia e anche ad altre produzioni agroalimentari che senza terreno non avranno pi\u00f9 la possibilit\u00e0 di produrre in loco materia prima in adeguate quantit\u00e0. Cos\u00ec si decreta la morte di realt\u00e0 imprenditoriali che non possono, per natura, delocalizzare\u201d. La scelta confligge, se non formalmente nella sostanza, con la legge urbanistica regionale LR. 21 dicembre 2017 n. 24 che vuole definitivamente chiusa l&#8217;epoca del consumo del suolo vergine e a fronte delle priorit\u00e0 di una comunit\u00e0 indica la via di una crescita armonica e intelligente. \u201c\u00c8 una scelta in evidente contraddizione con i crismi dello sviluppo sostenibile, tanto sbandierati da divenire abusati. Le attivit\u00e0 produttive, anche quelle agricole finalizzate all\u2019economia circolare e alla valorizzazione dei sottoprodotti, vengono sottoposte a valutazioni di ogni sorta e continui controlli. Lascia perplessi che siano state fatte valutazioni favorevoli per un\u2019opera il cui impatto ambientale pare palese e permanente ai pi\u00f9\u201d. Con questi interventi si stanno impermeabilizzando e cementificando, pezzo a pezzo, terreni indicati come tra i pi\u00f9 fertili d\u2019Europa. Quanto allo sviluppo territoriale, l\u2019insediamento si pone all\u2019imbocco della Val Trebbia la cui bellezza ha ispirato pittori e scrittori. \u201cLe nostre non sono ragioni di parte, ma di chi davvero e da millenni, si prende cura del territorio. E non si dica che le alluvioni non hanno una ragione: in quest\u2019area si cementificherebbero terreni permeabili che sono a protezione della citt\u00e0 minando un prezioso equilibrio idrogeologico. Non possiamo permetterlo \u2013 prosegue Gasparini &#8211; stiamo lasciando ai nostri figli uno scempio non pi\u00f9 rimediabile. Abbiamo la fortuna di poter avere un territorio ricco, con vocazioni ben delimitate: una zona metropolitana di insediamenti intensivi e uno stacco fuori dalla tangenziale che deve rimanere rurale, che poi vuol dire anche naturalistico, e per che per nostra fortuna \u00e8 anche fortemente produttivo, data la vocazione dell\u2019economia in cui agricoltura e agroalimentare hanno grande rilievo. \u00c8 incredibile che andiamo ad antropizzare le campagne quando abbiamo un territorio, ci piaccia o no, gi\u00e0 ben caratterizzato da una chiara distinzione tra zone industriali ancora sviluppabili e vicine a tangenziali e autostrade e una zona rurale con i terreni fertilissimi e di grande pregio. Possiamo aver tutto senza consumo di suolo, \u00e8 determinate la pianificazione: per gli insediamenti fotovoltaici abbiamo i tetti, per l\u2019ospedale aree preziose da riqualificare e anche la logistica ha alternative a questa follia. Oltretutto cos\u00ec si porterebbe in valle un lavoro dequalificato, in sostituzione di quello agricolo che invece crea grande valore aggiunto ed \u00e8 esso stesso di valore, in definitiva per favorire l\u2019import e creare strutture di transizione per prodotti che arrivano da non si sa dove\u201d.<\/p>\n","protected":false},"excerpt":{"rendered":"<p>Gasparini: imperdonabile la cieca ostinazione a usare suolo fertile di fronte ad alternative<\/p>\n","protected":false},"author":6,"featured_media":3288,"comment_status":"closed","ping_status":"closed","sticky":false,"template":"","format":"standard","meta":{"wp_mapbox_gl_js_media":[],"footnotes":""},"categories":[21,4,9],"tags":[192],"class_list":["post-3499","post","type-post","status-publish","format-standard","has-post-thumbnail","hentry","category-eventi","category-news","category-territorio-ambiente","tag-logistica"],"yoast_head":"<!-- This site is optimized with the Yoast SEO plugin v26.8 - https:\/\/yoast.com\/product\/yoast-seo-wordpress\/ -->\n<title>Logistica a Gossolengo: ancora consumo di suolo - Confagricoltura Piacenza<\/title>\n<meta name=\"robots\" content=\"index, follow, max-snippet:-1, max-image-preview:large, max-video-preview:-1\" \/>\n<link rel=\"canonical\" href=\"https:\/\/www.confagricoltura.org\/piacenza\/logistica-a-gossolengo-ancora-consumo-di-suolo\/\" \/>\n<meta property=\"og:locale\" content=\"it_IT\" \/>\n<meta property=\"og:type\" content=\"article\" \/>\n<meta property=\"og:title\" content=\"Logistica a Gossolengo: ancora consumo di suolo - Confagricoltura Piacenza\" \/>\n<meta property=\"og:description\" content=\"Gasparini: imperdonabile la cieca ostinazione a usare suolo fertile di fronte ad alternative\" \/>\n<meta property=\"og:url\" content=\"https:\/\/www.confagricoltura.org\/piacenza\/logistica-a-gossolengo-ancora-consumo-di-suolo\/\" \/>\n<meta property=\"og:site_name\" content=\"Confagricoltura Piacenza\" \/>\n<meta property=\"article:published_time\" content=\"2021-10-08T10:06:00+00:00\" \/>\n<meta property=\"article:modified_time\" content=\"2021-10-12T10:15:00+00:00\" \/>\n<meta property=\"og:image\" content=\"https:\/\/www.confagricoltura.org\/piacenza\/wp-content\/uploads\/sites\/11\/2021\/04\/Filippo-Gasparini2.jpg\" \/>\n\t<meta property=\"og:image:width\" content=\"1157\" \/>\n\t<meta property=\"og:image:height\" content=\"1543\" \/>\n\t<meta property=\"og:image:type\" content=\"image\/jpeg\" \/>\n<meta name=\"author\" content=\"confagricolturapiacenza\" \/>\n<meta name=\"twitter:card\" content=\"summary_large_image\" \/>\n<meta name=\"twitter:label1\" content=\"Scritto da\" \/>\n\t<meta name=\"twitter:data1\" content=\"confagricolturapiacenza\" \/>\n\t<meta name=\"twitter:label2\" content=\"Tempo di lettura stimato\" \/>\n\t<meta name=\"twitter:data2\" content=\"3 minuti\" \/>\n<script type=\"application\/ld+json\" class=\"yoast-schema-graph\">{\"@context\":\"https:\/\/schema.org\",\"@graph\":[{\"@type\":\"Article\",\"@id\":\"https:\/\/www.confagricoltura.org\/piacenza\/logistica-a-gossolengo-ancora-consumo-di-suolo\/#article\",\"isPartOf\":{\"@id\":\"https:\/\/www.confagricoltura.org\/piacenza\/logistica-a-gossolengo-ancora-consumo-di-suolo\/\"},\"author\":{\"name\":\"confagricolturapiacenza\",\"@id\":\"https:\/\/www.confagricoltura.org\/piacenza\/#\/schema\/person\/be5da25a3117fea4b3bfec9dba09b5e8\"},\"headline\":\"Logistica a Gossolengo: ancora consumo di suolo\",\"datePublished\":\"2021-10-08T10:06:00+00:00\",\"dateModified\":\"2021-10-12T10:15:00+00:00\",\"mainEntityOfPage\":{\"@id\":\"https:\/\/www.confagricoltura.org\/piacenza\/logistica-a-gossolengo-ancora-consumo-di-suolo\/\"},\"wordCount\":588,\"image\":{\"@id\":\"https:\/\/www.confagricoltura.org\/piacenza\/logistica-a-gossolengo-ancora-consumo-di-suolo\/#primaryimage\"},\"thumbnailUrl\":\"https:\/\/www.confagricoltura.org\/piacenza\/wp-content\/uploads\/sites\/11\/2021\/04\/Filippo-Gasparini2.jpg\",\"keywords\":[\"LOGISTICA\"],\"articleSection\":[\"Eventi\",\"News\",\"Territorio e Ambiente\"],\"inLanguage\":\"it-IT\"},{\"@type\":\"WebPage\",\"@id\":\"https:\/\/www.confagricoltura.org\/piacenza\/logistica-a-gossolengo-ancora-consumo-di-suolo\/\",\"url\":\"https:\/\/www.confagricoltura.org\/piacenza\/logistica-a-gossolengo-ancora-consumo-di-suolo\/\",\"name\":\"Logistica a Gossolengo: ancora consumo di suolo - Confagricoltura Piacenza\",\"isPartOf\":{\"@id\":\"https:\/\/www.confagricoltura.org\/piacenza\/#website\"},\"primaryImageOfPage\":{\"@id\":\"https:\/\/www.confagricoltura.org\/piacenza\/logistica-a-gossolengo-ancora-consumo-di-suolo\/#primaryimage\"},\"image\":{\"@id\":\"https:\/\/www.confagricoltura.org\/piacenza\/logistica-a-gossolengo-ancora-consumo-di-suolo\/#primaryimage\"},\"thumbnailUrl\":\"https:\/\/www.confagricoltura.org\/piacenza\/wp-content\/uploads\/sites\/11\/2021\/04\/Filippo-Gasparini2.jpg\",\"datePublished\":\"2021-10-08T10:06:00+00:00\",\"dateModified\":\"2021-10-12T10:15:00+00:00\",\"author\":{\"@id\":\"https:\/\/www.confagricoltura.org\/piacenza\/#\/schema\/person\/be5da25a3117fea4b3bfec9dba09b5e8\"},\"breadcrumb\":{\"@id\":\"https:\/\/www.confagricoltura.org\/piacenza\/logistica-a-gossolengo-ancora-consumo-di-suolo\/#breadcrumb\"},\"inLanguage\":\"it-IT\",\"potentialAction\":[{\"@type\":\"ReadAction\",\"target\":[\"https:\/\/www.confagricoltura.org\/piacenza\/logistica-a-gossolengo-ancora-consumo-di-suolo\/\"]}]},{\"@type\":\"ImageObject\",\"inLanguage\":\"it-IT\",\"@id\":\"https:\/\/www.confagricoltura.org\/piacenza\/logistica-a-gossolengo-ancora-consumo-di-suolo\/#primaryimage\",\"url\":\"https:\/\/www.confagricoltura.org\/piacenza\/wp-content\/uploads\/sites\/11\/2021\/04\/Filippo-Gasparini2.jpg\",\"contentUrl\":\"https:\/\/www.confagricoltura.org\/piacenza\/wp-content\/uploads\/sites\/11\/2021\/04\/Filippo-Gasparini2.jpg\",\"width\":1157,\"height\":1543},{\"@type\":\"BreadcrumbList\",\"@id\":\"https:\/\/www.confagricoltura.org\/piacenza\/logistica-a-gossolengo-ancora-consumo-di-suolo\/#breadcrumb\",\"itemListElement\":[{\"@type\":\"ListItem\",\"position\":1,\"name\":\"Home\",\"item\":\"https:\/\/www.confagricoltura.org\/piacenza\/\"},{\"@type\":\"ListItem\",\"position\":2,\"name\":\"Logistica a Gossolengo: ancora consumo di suolo\"}]},{\"@type\":\"WebSite\",\"@id\":\"https:\/\/www.confagricoltura.org\/piacenza\/#website\",\"url\":\"https:\/\/www.confagricoltura.org\/piacenza\/\",\"name\":\"Confagricoltura Piacenza\",\"description\":\"Dalla parte degli Agricoltori\",\"potentialAction\":[{\"@type\":\"SearchAction\",\"target\":{\"@type\":\"EntryPoint\",\"urlTemplate\":\"https:\/\/www.confagricoltura.org\/piacenza\/?s={search_term_string}\"},\"query-input\":{\"@type\":\"PropertyValueSpecification\",\"valueRequired\":true,\"valueName\":\"search_term_string\"}}],\"inLanguage\":\"it-IT\"},{\"@type\":\"Person\",\"@id\":\"https:\/\/www.confagricoltura.org\/piacenza\/#\/schema\/person\/be5da25a3117fea4b3bfec9dba09b5e8\",\"name\":\"confagricolturapiacenza\",\"image\":{\"@type\":\"ImageObject\",\"inLanguage\":\"it-IT\",\"@id\":\"https:\/\/www.confagricoltura.org\/piacenza\/#\/schema\/person\/image\/\",\"url\":\"https:\/\/secure.gravatar.com\/avatar\/9c5f111e417171581853bd0a3ff892ca?s=96&d=mm&r=g\",\"contentUrl\":\"https:\/\/secure.gravatar.com\/avatar\/9c5f111e417171581853bd0a3ff892ca?s=96&d=mm&r=g\",\"caption\":\"confagricolturapiacenza\"},\"url\":\"https:\/\/www.confagricoltura.org\/piacenza\/author\/confagricolturapiacenza\/\"}]}<\/script>\n<!-- \/ Yoast SEO plugin. -->","yoast_head_json":{"title":"Logistica a Gossolengo: ancora consumo di suolo - Confagricoltura Piacenza","robots":{"index":"index","follow":"follow","max-snippet":"max-snippet:-1","max-image-preview":"max-image-preview:large","max-video-preview":"max-video-preview:-1"},"canonical":"https:\/\/www.confagricoltura.org\/piacenza\/logistica-a-gossolengo-ancora-consumo-di-suolo\/","og_locale":"it_IT","og_type":"article","og_title":"Logistica a Gossolengo: ancora consumo di suolo - Confagricoltura Piacenza","og_description":"Gasparini: imperdonabile la cieca ostinazione a usare suolo fertile di fronte ad alternative","og_url":"https:\/\/www.confagricoltura.org\/piacenza\/logistica-a-gossolengo-ancora-consumo-di-suolo\/","og_site_name":"Confagricoltura Piacenza","article_published_time":"2021-10-08T10:06:00+00:00","article_modified_time":"2021-10-12T10:15:00+00:00","og_image":[{"width":1157,"height":1543,"url":"https:\/\/www.confagricoltura.org\/piacenza\/wp-content\/uploads\/sites\/11\/2021\/04\/Filippo-Gasparini2.jpg","type":"image\/jpeg"}],"author":"confagricolturapiacenza","twitter_card":"summary_large_image","twitter_misc":{"Scritto da":"confagricolturapiacenza","Tempo di lettura stimato":"3 minuti"},"schema":{"@context":"https:\/\/schema.org","@graph":[{"@type":"Article","@id":"https:\/\/www.confagricoltura.org\/piacenza\/logistica-a-gossolengo-ancora-consumo-di-suolo\/#article","isPartOf":{"@id":"https:\/\/www.confagricoltura.org\/piacenza\/logistica-a-gossolengo-ancora-consumo-di-suolo\/"},"author":{"name":"confagricolturapiacenza","@id":"https:\/\/www.confagricoltura.org\/piacenza\/#\/schema\/person\/be5da25a3117fea4b3bfec9dba09b5e8"},"headline":"Logistica a Gossolengo: ancora consumo di suolo","datePublished":"2021-10-08T10:06:00+00:00","dateModified":"2021-10-12T10:15:00+00:00","mainEntityOfPage":{"@id":"https:\/\/www.confagricoltura.org\/piacenza\/logistica-a-gossolengo-ancora-consumo-di-suolo\/"},"wordCount":588,"image":{"@id":"https:\/\/www.confagricoltura.org\/piacenza\/logistica-a-gossolengo-ancora-consumo-di-suolo\/#primaryimage"},"thumbnailUrl":"https:\/\/www.confagricoltura.org\/piacenza\/wp-content\/uploads\/sites\/11\/2021\/04\/Filippo-Gasparini2.jpg","keywords":["LOGISTICA"],"articleSection":["Eventi","News","Territorio e Ambiente"],"inLanguage":"it-IT"},{"@type":"WebPage","@id":"https:\/\/www.confagricoltura.org\/piacenza\/logistica-a-gossolengo-ancora-consumo-di-suolo\/","url":"https:\/\/www.confagricoltura.org\/piacenza\/logistica-a-gossolengo-ancora-consumo-di-suolo\/","name":"Logistica a Gossolengo: ancora consumo di suolo - Confagricoltura Piacenza","isPartOf":{"@id":"https:\/\/www.confagricoltura.org\/piacenza\/#website"},"primaryImageOfPage":{"@id":"https:\/\/www.confagricoltura.org\/piacenza\/logistica-a-gossolengo-ancora-consumo-di-suolo\/#primaryimage"},"image":{"@id":"https:\/\/www.confagricoltura.org\/piacenza\/logistica-a-gossolengo-ancora-consumo-di-suolo\/#primaryimage"},"thumbnailUrl":"https:\/\/www.confagricoltura.org\/piacenza\/wp-content\/uploads\/sites\/11\/2021\/04\/Filippo-Gasparini2.jpg","datePublished":"2021-10-08T10:06:00+00:00","dateModified":"2021-10-12T10:15:00+00:00","author":{"@id":"https:\/\/www.confagricoltura.org\/piacenza\/#\/schema\/person\/be5da25a3117fea4b3bfec9dba09b5e8"},"breadcrumb":{"@id":"https:\/\/www.confagricoltura.org\/piacenza\/logistica-a-gossolengo-ancora-consumo-di-suolo\/#breadcrumb"},"inLanguage":"it-IT","potentialAction":[{"@type":"ReadAction","target":["https:\/\/www.confagricoltura.org\/piacenza\/logistica-a-gossolengo-ancora-consumo-di-suolo\/"]}]},{"@type":"ImageObject","inLanguage":"it-IT","@id":"https:\/\/www.confagricoltura.org\/piacenza\/logistica-a-gossolengo-ancora-consumo-di-suolo\/#primaryimage","url":"https:\/\/www.confagricoltura.org\/piacenza\/wp-content\/uploads\/sites\/11\/2021\/04\/Filippo-Gasparini2.jpg","contentUrl":"https:\/\/www.confagricoltura.org\/piacenza\/wp-content\/uploads\/sites\/11\/2021\/04\/Filippo-Gasparini2.jpg","width":1157,"height":1543},{"@type":"BreadcrumbList","@id":"https:\/\/www.confagricoltura.org\/piacenza\/logistica-a-gossolengo-ancora-consumo-di-suolo\/#breadcrumb","itemListElement":[{"@type":"ListItem","position":1,"name":"Home","item":"https:\/\/www.confagricoltura.org\/piacenza\/"},{"@type":"ListItem","position":2,"name":"Logistica a Gossolengo: ancora consumo di suolo"}]},{"@type":"WebSite","@id":"https:\/\/www.confagricoltura.org\/piacenza\/#website","url":"https:\/\/www.confagricoltura.org\/piacenza\/","name":"Confagricoltura Piacenza","description":"Dalla parte degli Agricoltori","potentialAction":[{"@type":"SearchAction","target":{"@type":"EntryPoint","urlTemplate":"https:\/\/www.confagricoltura.org\/piacenza\/?s={search_term_string}"},"query-input":{"@type":"PropertyValueSpecification","valueRequired":true,"valueName":"search_term_string"}}],"inLanguage":"it-IT"},{"@type":"Person","@id":"https:\/\/www.confagricoltura.org\/piacenza\/#\/schema\/person\/be5da25a3117fea4b3bfec9dba09b5e8","name":"confagricolturapiacenza","image":{"@type":"ImageObject","inLanguage":"it-IT","@id":"https:\/\/www.confagricoltura.org\/piacenza\/#\/schema\/person\/image\/","url":"https:\/\/secure.gravatar.com\/avatar\/9c5f111e417171581853bd0a3ff892ca?s=96&d=mm&r=g","contentUrl":"https:\/\/secure.gravatar.com\/avatar\/9c5f111e417171581853bd0a3ff892ca?s=96&d=mm&r=g","caption":"confagricolturapiacenza"},"url":"https:\/\/www.confagricoltura.org\/piacenza\/author\/confagricolturapiacenza\/"}]}},"_links":{"self":[{"href":"https:\/\/www.confagricoltura.org\/piacenza\/wp-json\/wp\/v2\/posts\/3499","targetHints":{"allow":["GET"]}}],"collection":[{"href":"https:\/\/www.confagricoltura.org\/piacenza\/wp-json\/wp\/v2\/posts"}],"about":[{"href":"https:\/\/www.confagricoltura.org\/piacenza\/wp-json\/wp\/v2\/types\/post"}],"author":[{"embeddable":true,"href":"https:\/\/www.confagricoltura.org\/piacenza\/wp-json\/wp\/v2\/users\/6"}],"replies":[{"embeddable":true,"href":"https:\/\/www.confagricoltura.org\/piacenza\/wp-json\/wp\/v2\/comments?post=3499"}],"version-history":[{"count":1,"href":"https:\/\/www.confagricoltura.org\/piacenza\/wp-json\/wp\/v2\/posts\/3499\/revisions"}],"predecessor-version":[{"id":3500,"href":"https:\/\/www.confagricoltura.org\/piacenza\/wp-json\/wp\/v2\/posts\/3499\/revisions\/3500"}],"wp:featuredmedia":[{"embeddable":true,"href":"https:\/\/www.confagricoltura.org\/piacenza\/wp-json\/wp\/v2\/media\/3288"}],"wp:attachment":[{"href":"https:\/\/www.confagricoltura.org\/piacenza\/wp-json\/wp\/v2\/media?parent=3499"}],"wp:term":[{"taxonomy":"category","embeddable":true,"href":"https:\/\/www.confagricoltura.org\/piacenza\/wp-json\/wp\/v2\/categories?post=3499"},{"taxonomy":"post_tag","embeddable":true,"href":"https:\/\/www.confagricoltura.org\/piacenza\/wp-json\/wp\/v2\/tags?post=3499"}],"curies":[{"name":"wp","href":"https:\/\/api.w.org\/{rel}","templated":true}]}}