{"id":3493,"date":"2021-10-06T13:04:27","date_gmt":"2021-10-06T11:04:27","guid":{"rendered":"https:\/\/www.confagricoltura.org\/piacenza\/?p=3493"},"modified":"2021-10-06T13:04:29","modified_gmt":"2021-10-06T11:04:29","slug":"confagricoltura-piacenza-con-mutua-fima-amplia-i-servizi-di-assistenza-sanitaria-e-welfare-aziendale","status":"publish","type":"post","link":"https:\/\/www.confagricoltura.org\/piacenza\/confagricoltura-piacenza-con-mutua-fima-amplia-i-servizi-di-assistenza-sanitaria-e-welfare-aziendale\/","title":{"rendered":"Confagricoltura Piacenza con Mutua Fima amplia i servizi di assistenza sanitaria e welfare aziendale"},"content":{"rendered":"\n<p>Nei giorni scorsi i responsabili nazionali di Mutua Fima hanno incontrato le addette del Patronato Enapa di Confagricoltura Piacenza per una mattinata formativa presso la sede dell\u2019Associazione. Obiettivo dell\u2019incontro: illustrare nel dettaglio i pacchetti di assistenza sanitaria e welfare aziendale che Mutua Fima pu\u00f2 offrire agli imprenditori, alle imprese associate a Confagricoltura e ai loro dipendenti.\u00a0 \u201cCon Mutua Fima possiamo offrire un ulteriore e prezioso servizio\u201d \u2013 ha spiegato Angelo Santori presidente di Mutua Fima e dirigente di lungo corso di Confagricoltura nazionale, molto noto anche per la sua attivit\u00e0 di segretario nazionale di Anpa, l\u2019associazione dei pensionati di Confagricoltura. \u201cMutua Fima \u00e8 una societ\u00e0 di mutuo soccorso promossa da Confagricoltura e dall\u2019ANPA \u2013 ha proseguito Santori &#8211; \u00e8 iscritta all\u2019anagrafe fondi sanitari del Ministero della Salute e fornisce ai soci tutela per la salute, l\u2019assistenza e la non autosufficienza. Gestisce direttamente tutte le fasi dall\u2019acquisizione del Socio all\u2019assistenza in caso di prestazione sanitaria, anche con l\u2019ausilio del call center di Blue Assistance\u201d. \u201cLa Mutua offre sussidi a \u201cvita intera\u201d \u2013 ha spiegato Federica Cernigliaro, responsabile nazionale di Mutua Fima \u2013 si pu\u00f2 aderire sino al compimento del 79\u00b0 anno e, a differenza delle compagnie assicurative, i servizi non sono disdettabili unilateralmente da parte della Mutua, inoltre il pagamento del sussidio annuale alla Mutua \u00e8 detraibile fiscalmente nella misura del 19%\u201d.\u00a0 La mattinata ha dunque approfondito le peculiarit\u00e0 dei pacchetti offerti: \u201cVerde Salute\u201d per un\u2019assistenza a 360\u00b0 con la possibilit\u00e0 di assistenza diretta presso i centri convenzionati oppure indiretta con il rimborso dell\u201980% delle spese sostenute, per una gamma veramente ampia di spese sanitarie, e copertura per ogni tipo di ricovero sia esso ordinario, in day hospital, in day surgery e per spese extra ospedaliere. \u201cVerde Salute &#8211; ha spiegato Cernigliaro \u2013 in caso di ricovero prevede anche la retta dell\u2019accompagnatore, diaria sostitutiva, retta differenziata in SSN, trasporto del socio. Il massimale \u00e8 di 300.000,00 \u20ac per anno e per nucleo. Nel pacchetto sono compresi anche Check Up cardiovascolare od oncologico, long term care e assistenza infermieristica a domicilio. Ciascun associato ha diritto ad un rimborso annuale fino a \u20ac 1.800,00 per ticket, diagnostica semplice, visite specialistiche, alta diagnostica e interventi ambulatoriali\u201d.\u00a0 \u201cPrevengo\u201d invece \u00e8 un pacchetto pi\u00f9 snello e quindi pi\u00f9 economico che tuttavia copre una vasta gamma di grandi interventi chirurgici; visite specialistiche ed accertamenti diagnostici pre e post intervento ed un una tantum in caso di non autosufficienza. Il prodotto \u00e8 offerto in versione base e in versione plus. Quest\u2019ultima risulta particolarmente interessante come forma di welfare aziendale per i dipendenti delle aziende. \u201cNel caso di welfare aziendale \u2013 ha spiegato Federica Cernigliaro supportata da Leonardo Menichelli, anch\u2019egli operatore di Mutua Fima &#8211; il datore di lavoro di un\u2019azienda, che fornisce ai propri dipendenti la copertura sanitaria collettiva con la Mutua Fima, pu\u00f2 dedurre fino ad \u20ac 3.615,20 per dipendente. L\u2019offerta di welfare sanitario \u00e8 poi in linea con le novit\u00e0 proposte dalla legge di stabilit\u00e0 2016 che prevede che i premi di produttivit\u00e0 possono essere sostituiti da coperture sanitarie con beneficio della completa deducibilit\u00e0. Questo \u00e8 possibile perch\u00e9 Mutua Fima \u00e8 iscritta all\u2019anagrafe fondi del Ministero della Salute e pu\u00f2 fungere da cassa di assistenza sanitaria.\u00a0 Quando i pacchetti di Mutua Fima vengono attivati come forma di welfare aziendale &#8211; ha spiegato ancora Federica Cernigliaro \u2013 il benefit ha un effetto moltiplicatore dell\u2019investimento, sia per l\u2019azienda che recupera la spesa, sia per il dipendente che ha un benefit non tassato e che gli consente di recuperare spese sanitarie, come quelle per le prestazioni della sanit\u00e0 privata, voce oggi sempre pi\u00f9 gravosa sui bilanci familiari\u201d. Va infine ricordato che, limitatamente alla parte di spesa rimasta effettivamente a carico del dipendente e non rimborsata dalla cassa di assistenza, il lavoratore potr\u00e0 avvalersi, in sede di dichiarazione personale dei redditi, della detrazione d\u2019imposta nella misura del 19% che spetta sull\u2019importo che eccede 129,11 euro\u201d. \u201cL\u2019adesione alla Mutua \u2013 ha concluso Angelo Santori &#8211; \u00e8 semplice e veloce e le formalit\u00e0 sono minime. Sul sito \u00e8 on line la modulistica. Ai fini dell\u2019iscrizione non \u00e8 richiesta la compilazione di alcun questionario anamnestico. Grazie alla rete territoriale di Confagricoltura, la Mutua ha uffici propri con cui i soci possono avere sempre rapporti diretti con persone di fiducia e questo assicura facilit\u00e0 nella gestione della documentazione e puntualit\u00e0 nella liquidazione dei rimborsi che in media avviene nei 15 giorni successivi alla richiesta\u201d. \u201c\u00c8 un servizio molto interessante \u2013 hanno apprezzato il direttore di Confagricoltura Piacenza, Marco Casagrande e la responsabile provinciale del patronato, Cristina Modenesi \u2013 da oggi i nostri uffici lo proporranno agli associati, in particolar modo agli Imprenditori Agricoli Professionali che proprio per inquadramento professionale non hanno la copertura Inail in caso di infortuni. Da parte dei datori di lavoro \u00e8 inoltre da non trascurare la possibilit\u00e0 di offrire come benefit l\u2019assistenza sanitaria ai dipendenti avendo la possibilit\u00e0 recuperare i costi dell\u2019investimento\u201d.<\/p>\n","protected":false},"excerpt":{"rendered":"<p>Al via il nuovo servizio con la formazione sul territorio da parte dei responsabili nazionali <\/p>\n","protected":false},"author":6,"featured_media":3494,"comment_status":"closed","ping_status":"closed","sticky":false,"template":"","format":"standard","meta":{"wp_mapbox_gl_js_media":[],"footnotes":""},"categories":[21,4],"tags":[],"class_list":["post-3493","post","type-post","status-publish","format-standard","has-post-thumbnail","hentry","category-eventi","category-news"],"yoast_head":"<!-- This site is optimized with the Yoast SEO plugin v26.8 - https:\/\/yoast.com\/product\/yoast-seo-wordpress\/ -->\n<title>Confagricoltura Piacenza con Mutua Fima amplia i servizi di assistenza sanitaria e welfare aziendale - Confagricoltura Piacenza<\/title>\n<meta name=\"robots\" content=\"index, follow, max-snippet:-1, max-image-preview:large, max-video-preview:-1\" \/>\n<link rel=\"canonical\" href=\"https:\/\/www.confagricoltura.org\/piacenza\/confagricoltura-piacenza-con-mutua-fima-amplia-i-servizi-di-assistenza-sanitaria-e-welfare-aziendale\/\" \/>\n<meta property=\"og:locale\" content=\"it_IT\" \/>\n<meta property=\"og:type\" content=\"article\" \/>\n<meta property=\"og:title\" content=\"Confagricoltura Piacenza con Mutua Fima amplia i servizi di assistenza sanitaria e welfare aziendale - Confagricoltura Piacenza\" \/>\n<meta property=\"og:description\" content=\"Al via il nuovo servizio con la formazione sul territorio da parte dei responsabili nazionali\" \/>\n<meta property=\"og:url\" content=\"https:\/\/www.confagricoltura.org\/piacenza\/confagricoltura-piacenza-con-mutua-fima-amplia-i-servizi-di-assistenza-sanitaria-e-welfare-aziendale\/\" \/>\n<meta property=\"og:site_name\" content=\"Confagricoltura Piacenza\" \/>\n<meta property=\"article:published_time\" content=\"2021-10-06T11:04:27+00:00\" \/>\n<meta property=\"article:modified_time\" content=\"2021-10-06T11:04:29+00:00\" \/>\n<meta property=\"og:image\" content=\"https:\/\/www.confagricoltura.org\/piacenza\/wp-content\/uploads\/sites\/11\/2021\/10\/Santori-Cernigliaro-Menichelli.jpg\" \/>\n\t<meta property=\"og:image:width\" content=\"1543\" \/>\n\t<meta property=\"og:image:height\" content=\"1157\" \/>\n\t<meta property=\"og:image:type\" content=\"image\/jpeg\" \/>\n<meta name=\"author\" content=\"confagricolturapiacenza\" \/>\n<meta name=\"twitter:card\" content=\"summary_large_image\" \/>\n<meta name=\"twitter:label1\" content=\"Scritto da\" \/>\n\t<meta name=\"twitter:data1\" content=\"confagricolturapiacenza\" \/>\n\t<meta name=\"twitter:label2\" content=\"Tempo di lettura stimato\" \/>\n\t<meta name=\"twitter:data2\" content=\"4 minuti\" \/>\n<script type=\"application\/ld+json\" class=\"yoast-schema-graph\">{\"@context\":\"https:\/\/schema.org\",\"@graph\":[{\"@type\":\"Article\",\"@id\":\"https:\/\/www.confagricoltura.org\/piacenza\/confagricoltura-piacenza-con-mutua-fima-amplia-i-servizi-di-assistenza-sanitaria-e-welfare-aziendale\/#article\",\"isPartOf\":{\"@id\":\"https:\/\/www.confagricoltura.org\/piacenza\/confagricoltura-piacenza-con-mutua-fima-amplia-i-servizi-di-assistenza-sanitaria-e-welfare-aziendale\/\"},\"author\":{\"name\":\"confagricolturapiacenza\",\"@id\":\"https:\/\/www.confagricoltura.org\/piacenza\/#\/schema\/person\/be5da25a3117fea4b3bfec9dba09b5e8\"},\"headline\":\"Confagricoltura Piacenza con Mutua Fima amplia i servizi di assistenza sanitaria e welfare aziendale\",\"datePublished\":\"2021-10-06T11:04:27+00:00\",\"dateModified\":\"2021-10-06T11:04:29+00:00\",\"mainEntityOfPage\":{\"@id\":\"https:\/\/www.confagricoltura.org\/piacenza\/confagricoltura-piacenza-con-mutua-fima-amplia-i-servizi-di-assistenza-sanitaria-e-welfare-aziendale\/\"},\"wordCount\":813,\"image\":{\"@id\":\"https:\/\/www.confagricoltura.org\/piacenza\/confagricoltura-piacenza-con-mutua-fima-amplia-i-servizi-di-assistenza-sanitaria-e-welfare-aziendale\/#primaryimage\"},\"thumbnailUrl\":\"https:\/\/www.confagricoltura.org\/piacenza\/wp-content\/uploads\/sites\/11\/2021\/10\/Santori-Cernigliaro-Menichelli.jpg\",\"articleSection\":[\"Eventi\",\"News\"],\"inLanguage\":\"it-IT\"},{\"@type\":\"WebPage\",\"@id\":\"https:\/\/www.confagricoltura.org\/piacenza\/confagricoltura-piacenza-con-mutua-fima-amplia-i-servizi-di-assistenza-sanitaria-e-welfare-aziendale\/\",\"url\":\"https:\/\/www.confagricoltura.org\/piacenza\/confagricoltura-piacenza-con-mutua-fima-amplia-i-servizi-di-assistenza-sanitaria-e-welfare-aziendale\/\",\"name\":\"Confagricoltura Piacenza con Mutua Fima amplia i servizi di assistenza sanitaria e welfare aziendale - Confagricoltura Piacenza\",\"isPartOf\":{\"@id\":\"https:\/\/www.confagricoltura.org\/piacenza\/#website\"},\"primaryImageOfPage\":{\"@id\":\"https:\/\/www.confagricoltura.org\/piacenza\/confagricoltura-piacenza-con-mutua-fima-amplia-i-servizi-di-assistenza-sanitaria-e-welfare-aziendale\/#primaryimage\"},\"image\":{\"@id\":\"https:\/\/www.confagricoltura.org\/piacenza\/confagricoltura-piacenza-con-mutua-fima-amplia-i-servizi-di-assistenza-sanitaria-e-welfare-aziendale\/#primaryimage\"},\"thumbnailUrl\":\"https:\/\/www.confagricoltura.org\/piacenza\/wp-content\/uploads\/sites\/11\/2021\/10\/Santori-Cernigliaro-Menichelli.jpg\",\"datePublished\":\"2021-10-06T11:04:27+00:00\",\"dateModified\":\"2021-10-06T11:04:29+00:00\",\"author\":{\"@id\":\"https:\/\/www.confagricoltura.org\/piacenza\/#\/schema\/person\/be5da25a3117fea4b3bfec9dba09b5e8\"},\"breadcrumb\":{\"@id\":\"https:\/\/www.confagricoltura.org\/piacenza\/confagricoltura-piacenza-con-mutua-fima-amplia-i-servizi-di-assistenza-sanitaria-e-welfare-aziendale\/#breadcrumb\"},\"inLanguage\":\"it-IT\",\"potentialAction\":[{\"@type\":\"ReadAction\",\"target\":[\"https:\/\/www.confagricoltura.org\/piacenza\/confagricoltura-piacenza-con-mutua-fima-amplia-i-servizi-di-assistenza-sanitaria-e-welfare-aziendale\/\"]}]},{\"@type\":\"ImageObject\",\"inLanguage\":\"it-IT\",\"@id\":\"https:\/\/www.confagricoltura.org\/piacenza\/confagricoltura-piacenza-con-mutua-fima-amplia-i-servizi-di-assistenza-sanitaria-e-welfare-aziendale\/#primaryimage\",\"url\":\"https:\/\/www.confagricoltura.org\/piacenza\/wp-content\/uploads\/sites\/11\/2021\/10\/Santori-Cernigliaro-Menichelli.jpg\",\"contentUrl\":\"https:\/\/www.confagricoltura.org\/piacenza\/wp-content\/uploads\/sites\/11\/2021\/10\/Santori-Cernigliaro-Menichelli.jpg\",\"width\":1543,\"height\":1157},{\"@type\":\"BreadcrumbList\",\"@id\":\"https:\/\/www.confagricoltura.org\/piacenza\/confagricoltura-piacenza-con-mutua-fima-amplia-i-servizi-di-assistenza-sanitaria-e-welfare-aziendale\/#breadcrumb\",\"itemListElement\":[{\"@type\":\"ListItem\",\"position\":1,\"name\":\"Home\",\"item\":\"https:\/\/www.confagricoltura.org\/piacenza\/\"},{\"@type\":\"ListItem\",\"position\":2,\"name\":\"Confagricoltura Piacenza con Mutua Fima amplia i servizi di assistenza sanitaria e welfare aziendale\"}]},{\"@type\":\"WebSite\",\"@id\":\"https:\/\/www.confagricoltura.org\/piacenza\/#website\",\"url\":\"https:\/\/www.confagricoltura.org\/piacenza\/\",\"name\":\"Confagricoltura Piacenza\",\"description\":\"Dalla parte degli Agricoltori\",\"potentialAction\":[{\"@type\":\"SearchAction\",\"target\":{\"@type\":\"EntryPoint\",\"urlTemplate\":\"https:\/\/www.confagricoltura.org\/piacenza\/?s={search_term_string}\"},\"query-input\":{\"@type\":\"PropertyValueSpecification\",\"valueRequired\":true,\"valueName\":\"search_term_string\"}}],\"inLanguage\":\"it-IT\"},{\"@type\":\"Person\",\"@id\":\"https:\/\/www.confagricoltura.org\/piacenza\/#\/schema\/person\/be5da25a3117fea4b3bfec9dba09b5e8\",\"name\":\"confagricolturapiacenza\",\"image\":{\"@type\":\"ImageObject\",\"inLanguage\":\"it-IT\",\"@id\":\"https:\/\/www.confagricoltura.org\/piacenza\/#\/schema\/person\/image\/\",\"url\":\"https:\/\/secure.gravatar.com\/avatar\/9c5f111e417171581853bd0a3ff892ca?s=96&d=mm&r=g\",\"contentUrl\":\"https:\/\/secure.gravatar.com\/avatar\/9c5f111e417171581853bd0a3ff892ca?s=96&d=mm&r=g\",\"caption\":\"confagricolturapiacenza\"},\"url\":\"https:\/\/www.confagricoltura.org\/piacenza\/author\/confagricolturapiacenza\/\"}]}<\/script>\n<!-- \/ Yoast SEO plugin. -->","yoast_head_json":{"title":"Confagricoltura Piacenza con Mutua Fima amplia i servizi di assistenza sanitaria e welfare aziendale - Confagricoltura Piacenza","robots":{"index":"index","follow":"follow","max-snippet":"max-snippet:-1","max-image-preview":"max-image-preview:large","max-video-preview":"max-video-preview:-1"},"canonical":"https:\/\/www.confagricoltura.org\/piacenza\/confagricoltura-piacenza-con-mutua-fima-amplia-i-servizi-di-assistenza-sanitaria-e-welfare-aziendale\/","og_locale":"it_IT","og_type":"article","og_title":"Confagricoltura Piacenza con Mutua Fima amplia i servizi di assistenza sanitaria e welfare aziendale - Confagricoltura Piacenza","og_description":"Al via il nuovo servizio con la formazione sul territorio da parte dei responsabili nazionali","og_url":"https:\/\/www.confagricoltura.org\/piacenza\/confagricoltura-piacenza-con-mutua-fima-amplia-i-servizi-di-assistenza-sanitaria-e-welfare-aziendale\/","og_site_name":"Confagricoltura Piacenza","article_published_time":"2021-10-06T11:04:27+00:00","article_modified_time":"2021-10-06T11:04:29+00:00","og_image":[{"width":1543,"height":1157,"url":"https:\/\/www.confagricoltura.org\/piacenza\/wp-content\/uploads\/sites\/11\/2021\/10\/Santori-Cernigliaro-Menichelli.jpg","type":"image\/jpeg"}],"author":"confagricolturapiacenza","twitter_card":"summary_large_image","twitter_misc":{"Scritto da":"confagricolturapiacenza","Tempo di lettura stimato":"4 minuti"},"schema":{"@context":"https:\/\/schema.org","@graph":[{"@type":"Article","@id":"https:\/\/www.confagricoltura.org\/piacenza\/confagricoltura-piacenza-con-mutua-fima-amplia-i-servizi-di-assistenza-sanitaria-e-welfare-aziendale\/#article","isPartOf":{"@id":"https:\/\/www.confagricoltura.org\/piacenza\/confagricoltura-piacenza-con-mutua-fima-amplia-i-servizi-di-assistenza-sanitaria-e-welfare-aziendale\/"},"author":{"name":"confagricolturapiacenza","@id":"https:\/\/www.confagricoltura.org\/piacenza\/#\/schema\/person\/be5da25a3117fea4b3bfec9dba09b5e8"},"headline":"Confagricoltura Piacenza con Mutua Fima amplia i servizi di assistenza sanitaria e welfare aziendale","datePublished":"2021-10-06T11:04:27+00:00","dateModified":"2021-10-06T11:04:29+00:00","mainEntityOfPage":{"@id":"https:\/\/www.confagricoltura.org\/piacenza\/confagricoltura-piacenza-con-mutua-fima-amplia-i-servizi-di-assistenza-sanitaria-e-welfare-aziendale\/"},"wordCount":813,"image":{"@id":"https:\/\/www.confagricoltura.org\/piacenza\/confagricoltura-piacenza-con-mutua-fima-amplia-i-servizi-di-assistenza-sanitaria-e-welfare-aziendale\/#primaryimage"},"thumbnailUrl":"https:\/\/www.confagricoltura.org\/piacenza\/wp-content\/uploads\/sites\/11\/2021\/10\/Santori-Cernigliaro-Menichelli.jpg","articleSection":["Eventi","News"],"inLanguage":"it-IT"},{"@type":"WebPage","@id":"https:\/\/www.confagricoltura.org\/piacenza\/confagricoltura-piacenza-con-mutua-fima-amplia-i-servizi-di-assistenza-sanitaria-e-welfare-aziendale\/","url":"https:\/\/www.confagricoltura.org\/piacenza\/confagricoltura-piacenza-con-mutua-fima-amplia-i-servizi-di-assistenza-sanitaria-e-welfare-aziendale\/","name":"Confagricoltura Piacenza con Mutua Fima amplia i servizi di assistenza sanitaria e welfare aziendale - Confagricoltura Piacenza","isPartOf":{"@id":"https:\/\/www.confagricoltura.org\/piacenza\/#website"},"primaryImageOfPage":{"@id":"https:\/\/www.confagricoltura.org\/piacenza\/confagricoltura-piacenza-con-mutua-fima-amplia-i-servizi-di-assistenza-sanitaria-e-welfare-aziendale\/#primaryimage"},"image":{"@id":"https:\/\/www.confagricoltura.org\/piacenza\/confagricoltura-piacenza-con-mutua-fima-amplia-i-servizi-di-assistenza-sanitaria-e-welfare-aziendale\/#primaryimage"},"thumbnailUrl":"https:\/\/www.confagricoltura.org\/piacenza\/wp-content\/uploads\/sites\/11\/2021\/10\/Santori-Cernigliaro-Menichelli.jpg","datePublished":"2021-10-06T11:04:27+00:00","dateModified":"2021-10-06T11:04:29+00:00","author":{"@id":"https:\/\/www.confagricoltura.org\/piacenza\/#\/schema\/person\/be5da25a3117fea4b3bfec9dba09b5e8"},"breadcrumb":{"@id":"https:\/\/www.confagricoltura.org\/piacenza\/confagricoltura-piacenza-con-mutua-fima-amplia-i-servizi-di-assistenza-sanitaria-e-welfare-aziendale\/#breadcrumb"},"inLanguage":"it-IT","potentialAction":[{"@type":"ReadAction","target":["https:\/\/www.confagricoltura.org\/piacenza\/confagricoltura-piacenza-con-mutua-fima-amplia-i-servizi-di-assistenza-sanitaria-e-welfare-aziendale\/"]}]},{"@type":"ImageObject","inLanguage":"it-IT","@id":"https:\/\/www.confagricoltura.org\/piacenza\/confagricoltura-piacenza-con-mutua-fima-amplia-i-servizi-di-assistenza-sanitaria-e-welfare-aziendale\/#primaryimage","url":"https:\/\/www.confagricoltura.org\/piacenza\/wp-content\/uploads\/sites\/11\/2021\/10\/Santori-Cernigliaro-Menichelli.jpg","contentUrl":"https:\/\/www.confagricoltura.org\/piacenza\/wp-content\/uploads\/sites\/11\/2021\/10\/Santori-Cernigliaro-Menichelli.jpg","width":1543,"height":1157},{"@type":"BreadcrumbList","@id":"https:\/\/www.confagricoltura.org\/piacenza\/confagricoltura-piacenza-con-mutua-fima-amplia-i-servizi-di-assistenza-sanitaria-e-welfare-aziendale\/#breadcrumb","itemListElement":[{"@type":"ListItem","position":1,"name":"Home","item":"https:\/\/www.confagricoltura.org\/piacenza\/"},{"@type":"ListItem","position":2,"name":"Confagricoltura Piacenza con Mutua Fima amplia i servizi di assistenza sanitaria e welfare aziendale"}]},{"@type":"WebSite","@id":"https:\/\/www.confagricoltura.org\/piacenza\/#website","url":"https:\/\/www.confagricoltura.org\/piacenza\/","name":"Confagricoltura Piacenza","description":"Dalla parte degli Agricoltori","potentialAction":[{"@type":"SearchAction","target":{"@type":"EntryPoint","urlTemplate":"https:\/\/www.confagricoltura.org\/piacenza\/?s={search_term_string}"},"query-input":{"@type":"PropertyValueSpecification","valueRequired":true,"valueName":"search_term_string"}}],"inLanguage":"it-IT"},{"@type":"Person","@id":"https:\/\/www.confagricoltura.org\/piacenza\/#\/schema\/person\/be5da25a3117fea4b3bfec9dba09b5e8","name":"confagricolturapiacenza","image":{"@type":"ImageObject","inLanguage":"it-IT","@id":"https:\/\/www.confagricoltura.org\/piacenza\/#\/schema\/person\/image\/","url":"https:\/\/secure.gravatar.com\/avatar\/9c5f111e417171581853bd0a3ff892ca?s=96&d=mm&r=g","contentUrl":"https:\/\/secure.gravatar.com\/avatar\/9c5f111e417171581853bd0a3ff892ca?s=96&d=mm&r=g","caption":"confagricolturapiacenza"},"url":"https:\/\/www.confagricoltura.org\/piacenza\/author\/confagricolturapiacenza\/"}]}},"_links":{"self":[{"href":"https:\/\/www.confagricoltura.org\/piacenza\/wp-json\/wp\/v2\/posts\/3493","targetHints":{"allow":["GET"]}}],"collection":[{"href":"https:\/\/www.confagricoltura.org\/piacenza\/wp-json\/wp\/v2\/posts"}],"about":[{"href":"https:\/\/www.confagricoltura.org\/piacenza\/wp-json\/wp\/v2\/types\/post"}],"author":[{"embeddable":true,"href":"https:\/\/www.confagricoltura.org\/piacenza\/wp-json\/wp\/v2\/users\/6"}],"replies":[{"embeddable":true,"href":"https:\/\/www.confagricoltura.org\/piacenza\/wp-json\/wp\/v2\/comments?post=3493"}],"version-history":[{"count":1,"href":"https:\/\/www.confagricoltura.org\/piacenza\/wp-json\/wp\/v2\/posts\/3493\/revisions"}],"predecessor-version":[{"id":3495,"href":"https:\/\/www.confagricoltura.org\/piacenza\/wp-json\/wp\/v2\/posts\/3493\/revisions\/3495"}],"wp:featuredmedia":[{"embeddable":true,"href":"https:\/\/www.confagricoltura.org\/piacenza\/wp-json\/wp\/v2\/media\/3494"}],"wp:attachment":[{"href":"https:\/\/www.confagricoltura.org\/piacenza\/wp-json\/wp\/v2\/media?parent=3493"}],"wp:term":[{"taxonomy":"category","embeddable":true,"href":"https:\/\/www.confagricoltura.org\/piacenza\/wp-json\/wp\/v2\/categories?post=3493"},{"taxonomy":"post_tag","embeddable":true,"href":"https:\/\/www.confagricoltura.org\/piacenza\/wp-json\/wp\/v2\/tags?post=3493"}],"curies":[{"name":"wp","href":"https:\/\/api.w.org\/{rel}","templated":true}]}}