{"id":3481,"date":"2021-09-20T12:37:00","date_gmt":"2021-09-20T10:37:00","guid":{"rendered":"https:\/\/www.confagricoltura.org\/piacenza\/?p=3481"},"modified":"2021-09-24T12:40:16","modified_gmt":"2021-09-24T10:40:16","slug":"il-parlamento-ue-boccia-la-mozione-che-voleva-impedire-luso-degli-antibiotici-per-gli-animali","status":"publish","type":"post","link":"https:\/\/www.confagricoltura.org\/piacenza\/il-parlamento-ue-boccia-la-mozione-che-voleva-impedire-luso-degli-antibiotici-per-gli-animali\/","title":{"rendered":"Il Parlamento UE boccia la mozione che voleva impedire l&#8217;uso degli antibiotici per gli animali"},"content":{"rendered":"\n<p>Durante la plenaria del 15 settembre, il Parlamento europeo \u00e8 stato chiamato a votare sul futuro della terapia antimicrobica negli animali.&nbsp; Il voto ha deciso il respingimento della mozione 2021\/2718 proposta dell\u2019europarlamentare Martin H\u00e4usling lo scorso luglio ed approvata in via preliminare dalla Commissione ENVI del PE. La mozione avrebbe comportato una restrizione significativa dell\u2019accesso agli antibiotici come medicinali veterinari per gli animali perch\u00e9 rigettava la proposta di regolamento delegato della Commissione europea chiedendone la riscrittura in base alle raccomandazioni dell\u2019OMS per riservare la massima priorit\u00e0 agli antimicrobici di importanza critica esclusivamente per uso umano. Contro il rischio di un\u2019approvazione sono state diffuse numerose petizioni e lettere inviate ai parlamentari europei da parte di diverse organizzazioni che si occupano di salute animale. Contro la proposta H\u00e4usling si \u00e8 mobilitata anche ANMVI (Associazione nazionale dei medici veterinari) con una petizione sottoscritta pure da diversi associati di Confagricoltura Piacenza, in primis dagli allevatori che hanno levato gli scudi insieme ai veterinari con cui condividono la responsabilit\u00e0 di cura e benessere del patrimonio zootecnico. La proposta H\u00e4usling avrebbe seriamente compromesso la possibilit\u00e0 di continuare a curare gli animali con trattamenti antibiotici essenziali.&nbsp; \u201c\u00c8 paradossale che si sia dovuto arrivare a sottoscrivere petizioni per difendere l\u2019ovvio\u201d \u2013 commentano Filippo Gasparini, noto allevatore di bovine da latte e presidente di Confagricoltura Piacenza e Giovanna Parmigiani, allevatrice suinicola piacentina e Componente di Giunta nazionale di Confagricoltura. \u201cI medici veterinari sono impegnati a utilizzare con prudenza gli antibiotici insieme ai proprietari degli animali. Quando serve, quanto serve. Tra le 5 libert\u00e0 del benessere animale c\u2019\u00e8 anche quella dalle malattie e dalle ferite. Essere curati \u00e8 un loro diritto.&nbsp; In stalla abbiamo tutte le procedure per una gestione ottimale, ma pu\u00f2 succedere che gli animali si ammalino, cos\u00ec come accade anche a noi. Una polmonite pu\u00f2 venire a chiunque e certe problematiche fanno parte della natura. Un\u2019infezione post partum o a un piede pu\u00f2 verificarsi anche in natura, oltretutto negli allevamenti c\u2019\u00e8 grande attenzione all\u2019uso delle analisi, alla somministrazione mirata degli antibiotici e al monitoraggio della loro efficacia. Dovremmo lasciar soffrire a lungo, o peggio morire, un animale malato? Che gente saremmo?!\u201d Ad avviso dei due dirigenti di Confagricoltura \u00e8 svilente anche il solo fatto che professionisti come i veterinari debbano mobilitarsi per affermare la loro competenza e il diritto di autonomia professionale. \u201cL\u2019uso razionale degli antibiotici \u2013 proseguono Gasparini e Parmigiani \u2013 \u00e8 un principio inderogabile. Nei nostri allevamenti siamo abituati a lavorare in tandem con i veterinari e la somministrazione \u00e8 sotto il loro stretto controllo ed estremamente prudente. Condividiamo che, sulla base di dati scientifici, si riservino gli antibiotici di ultima generazione alla medicina umana, ma una cosa \u00e8 lasciare priorit\u00e0 alle cure umane, ben altra \u00e8 togliere strumenti fondamentali alla cura e al benessere degli animali\u201d. Secondo Gasparini un altro segno della schizofrenia del sistema \u00e8 anche il fatto che siano stati tolti dal mercato antibiotici a basso impatto. \u201cPer contrastare le mastiti \u2013 precisa Gasparini \u2013 siamo abituati a protocolli di intervento che prevedono gli antibiogrammi per agire in modo mirato. Il fatto che sia stata tolta la possibilit\u00e0 di utilizzare, sotto stretto controllo medico, il Trimetoprim in associazione con il sulfametossazolo&nbsp;conferma che qualcosa non quadra e che certe decisioni vengono assunte non su base scientifica, ma sono condizionate nella migliore da logiche commerciali (che dovrebbero essere controllate) e nella peggiore da un disegno. \u00c8 incredibile che siano stati ritirati\u201d.<\/p>\n\n\n\n<p>\u201cNoi vediamo una strana volont\u00e0 di demolire la scienza e usare del gran populismo \u2013 concludono i due allevatori -. Intere classi di imprenditori e di professionisti, tra cui anche quelli che questa volta si sono mobilitati con la petizione, si stanno rendendo conto che abbiamo dato in mano le nostre vite a un pensiero dominante che non ha pi\u00f9 niente di scientifico. Scienziati e tecnici vedono sfilarsi l\u2019egida delle cose. In questa presa di posizione siamo totalmente a fianco dei veterinari, cos\u00ec come siamo con loro tutti i giorni nelle nostre aziende. Pretendiamo che le decisioni che incidono sulla salute e il benessere degli animali, siano prese basandosi sui pareri scientifici e cercando un attento equilibrio nella protezione della salute umana e animale, nonch\u00e9 del nostro ambiente\u201d.<\/p>\n","protected":false},"excerpt":{"rendered":"<p>Confagricoltura Piacenza: plaudiamo alla decisione, clamoroso che si sia dovuta organizzare una petizione<\/p>\n","protected":false},"author":6,"featured_media":3482,"comment_status":"closed","ping_status":"closed","sticky":false,"template":"","format":"standard","meta":{"wp_mapbox_gl_js_media":[],"footnotes":""},"categories":[4,13],"tags":[389],"class_list":["post-3481","post","type-post","status-publish","format-standard","has-post-thumbnail","hentry","category-news","category-settore-bovino","tag-antibiotici"],"yoast_head":"<!-- This site is optimized with the Yoast SEO plugin v26.8 - https:\/\/yoast.com\/product\/yoast-seo-wordpress\/ -->\n<title>Il Parlamento UE boccia la mozione che voleva impedire l&#039;uso degli antibiotici per gli animali - Confagricoltura Piacenza<\/title>\n<meta name=\"robots\" content=\"index, follow, max-snippet:-1, max-image-preview:large, max-video-preview:-1\" \/>\n<link rel=\"canonical\" href=\"https:\/\/www.confagricoltura.org\/piacenza\/il-parlamento-ue-boccia-la-mozione-che-voleva-impedire-luso-degli-antibiotici-per-gli-animali\/\" \/>\n<meta property=\"og:locale\" content=\"it_IT\" \/>\n<meta property=\"og:type\" content=\"article\" \/>\n<meta property=\"og:title\" content=\"Il Parlamento UE boccia la mozione che voleva impedire l&#039;uso degli antibiotici per gli animali - Confagricoltura Piacenza\" \/>\n<meta property=\"og:description\" content=\"Confagricoltura Piacenza: plaudiamo alla decisione, clamoroso che si sia dovuta organizzare una petizione\" \/>\n<meta property=\"og:url\" content=\"https:\/\/www.confagricoltura.org\/piacenza\/il-parlamento-ue-boccia-la-mozione-che-voleva-impedire-luso-degli-antibiotici-per-gli-animali\/\" \/>\n<meta property=\"og:site_name\" content=\"Confagricoltura Piacenza\" \/>\n<meta property=\"article:published_time\" content=\"2021-09-20T10:37:00+00:00\" \/>\n<meta property=\"article:modified_time\" content=\"2021-09-24T10:40:16+00:00\" \/>\n<meta property=\"og:image\" content=\"https:\/\/www.confagricoltura.org\/piacenza\/wp-content\/uploads\/sites\/11\/2021\/09\/Casagrande-Parmigiani-Gasparini.jpg\" \/>\n\t<meta property=\"og:image:width\" content=\"1080\" \/>\n\t<meta property=\"og:image:height\" content=\"1111\" \/>\n\t<meta property=\"og:image:type\" content=\"image\/jpeg\" \/>\n<meta name=\"author\" content=\"confagricolturapiacenza\" \/>\n<meta name=\"twitter:card\" content=\"summary_large_image\" \/>\n<meta name=\"twitter:label1\" content=\"Scritto da\" \/>\n\t<meta name=\"twitter:data1\" content=\"confagricolturapiacenza\" \/>\n\t<meta name=\"twitter:label2\" content=\"Tempo di lettura stimato\" \/>\n\t<meta name=\"twitter:data2\" content=\"4 minuti\" \/>\n<script type=\"application\/ld+json\" class=\"yoast-schema-graph\">{\"@context\":\"https:\/\/schema.org\",\"@graph\":[{\"@type\":\"Article\",\"@id\":\"https:\/\/www.confagricoltura.org\/piacenza\/il-parlamento-ue-boccia-la-mozione-che-voleva-impedire-luso-degli-antibiotici-per-gli-animali\/#article\",\"isPartOf\":{\"@id\":\"https:\/\/www.confagricoltura.org\/piacenza\/il-parlamento-ue-boccia-la-mozione-che-voleva-impedire-luso-degli-antibiotici-per-gli-animali\/\"},\"author\":{\"name\":\"confagricolturapiacenza\",\"@id\":\"https:\/\/www.confagricoltura.org\/piacenza\/#\/schema\/person\/be5da25a3117fea4b3bfec9dba09b5e8\"},\"headline\":\"Il Parlamento UE boccia la mozione che voleva impedire l&#8217;uso degli antibiotici per gli animali\",\"datePublished\":\"2021-09-20T10:37:00+00:00\",\"dateModified\":\"2021-09-24T10:40:16+00:00\",\"mainEntityOfPage\":{\"@id\":\"https:\/\/www.confagricoltura.org\/piacenza\/il-parlamento-ue-boccia-la-mozione-che-voleva-impedire-luso-degli-antibiotici-per-gli-animali\/\"},\"wordCount\":708,\"image\":{\"@id\":\"https:\/\/www.confagricoltura.org\/piacenza\/il-parlamento-ue-boccia-la-mozione-che-voleva-impedire-luso-degli-antibiotici-per-gli-animali\/#primaryimage\"},\"thumbnailUrl\":\"https:\/\/www.confagricoltura.org\/piacenza\/wp-content\/uploads\/sites\/11\/2021\/09\/Casagrande-Parmigiani-Gasparini.jpg\",\"keywords\":[\"antibiotici\"],\"articleSection\":[\"News\",\"Settore bovino\"],\"inLanguage\":\"it-IT\"},{\"@type\":\"WebPage\",\"@id\":\"https:\/\/www.confagricoltura.org\/piacenza\/il-parlamento-ue-boccia-la-mozione-che-voleva-impedire-luso-degli-antibiotici-per-gli-animali\/\",\"url\":\"https:\/\/www.confagricoltura.org\/piacenza\/il-parlamento-ue-boccia-la-mozione-che-voleva-impedire-luso-degli-antibiotici-per-gli-animali\/\",\"name\":\"Il Parlamento UE boccia la mozione che voleva impedire l'uso degli antibiotici per gli animali - Confagricoltura Piacenza\",\"isPartOf\":{\"@id\":\"https:\/\/www.confagricoltura.org\/piacenza\/#website\"},\"primaryImageOfPage\":{\"@id\":\"https:\/\/www.confagricoltura.org\/piacenza\/il-parlamento-ue-boccia-la-mozione-che-voleva-impedire-luso-degli-antibiotici-per-gli-animali\/#primaryimage\"},\"image\":{\"@id\":\"https:\/\/www.confagricoltura.org\/piacenza\/il-parlamento-ue-boccia-la-mozione-che-voleva-impedire-luso-degli-antibiotici-per-gli-animali\/#primaryimage\"},\"thumbnailUrl\":\"https:\/\/www.confagricoltura.org\/piacenza\/wp-content\/uploads\/sites\/11\/2021\/09\/Casagrande-Parmigiani-Gasparini.jpg\",\"datePublished\":\"2021-09-20T10:37:00+00:00\",\"dateModified\":\"2021-09-24T10:40:16+00:00\",\"author\":{\"@id\":\"https:\/\/www.confagricoltura.org\/piacenza\/#\/schema\/person\/be5da25a3117fea4b3bfec9dba09b5e8\"},\"breadcrumb\":{\"@id\":\"https:\/\/www.confagricoltura.org\/piacenza\/il-parlamento-ue-boccia-la-mozione-che-voleva-impedire-luso-degli-antibiotici-per-gli-animali\/#breadcrumb\"},\"inLanguage\":\"it-IT\",\"potentialAction\":[{\"@type\":\"ReadAction\",\"target\":[\"https:\/\/www.confagricoltura.org\/piacenza\/il-parlamento-ue-boccia-la-mozione-che-voleva-impedire-luso-degli-antibiotici-per-gli-animali\/\"]}]},{\"@type\":\"ImageObject\",\"inLanguage\":\"it-IT\",\"@id\":\"https:\/\/www.confagricoltura.org\/piacenza\/il-parlamento-ue-boccia-la-mozione-che-voleva-impedire-luso-degli-antibiotici-per-gli-animali\/#primaryimage\",\"url\":\"https:\/\/www.confagricoltura.org\/piacenza\/wp-content\/uploads\/sites\/11\/2021\/09\/Casagrande-Parmigiani-Gasparini.jpg\",\"contentUrl\":\"https:\/\/www.confagricoltura.org\/piacenza\/wp-content\/uploads\/sites\/11\/2021\/09\/Casagrande-Parmigiani-Gasparini.jpg\",\"width\":1080,\"height\":1111},{\"@type\":\"BreadcrumbList\",\"@id\":\"https:\/\/www.confagricoltura.org\/piacenza\/il-parlamento-ue-boccia-la-mozione-che-voleva-impedire-luso-degli-antibiotici-per-gli-animali\/#breadcrumb\",\"itemListElement\":[{\"@type\":\"ListItem\",\"position\":1,\"name\":\"Home\",\"item\":\"https:\/\/www.confagricoltura.org\/piacenza\/\"},{\"@type\":\"ListItem\",\"position\":2,\"name\":\"Il Parlamento UE boccia la mozione che voleva impedire l&#8217;uso degli antibiotici per gli animali\"}]},{\"@type\":\"WebSite\",\"@id\":\"https:\/\/www.confagricoltura.org\/piacenza\/#website\",\"url\":\"https:\/\/www.confagricoltura.org\/piacenza\/\",\"name\":\"Confagricoltura Piacenza\",\"description\":\"Dalla parte degli Agricoltori\",\"potentialAction\":[{\"@type\":\"SearchAction\",\"target\":{\"@type\":\"EntryPoint\",\"urlTemplate\":\"https:\/\/www.confagricoltura.org\/piacenza\/?s={search_term_string}\"},\"query-input\":{\"@type\":\"PropertyValueSpecification\",\"valueRequired\":true,\"valueName\":\"search_term_string\"}}],\"inLanguage\":\"it-IT\"},{\"@type\":\"Person\",\"@id\":\"https:\/\/www.confagricoltura.org\/piacenza\/#\/schema\/person\/be5da25a3117fea4b3bfec9dba09b5e8\",\"name\":\"confagricolturapiacenza\",\"image\":{\"@type\":\"ImageObject\",\"inLanguage\":\"it-IT\",\"@id\":\"https:\/\/www.confagricoltura.org\/piacenza\/#\/schema\/person\/image\/\",\"url\":\"https:\/\/secure.gravatar.com\/avatar\/9c5f111e417171581853bd0a3ff892ca?s=96&d=mm&r=g\",\"contentUrl\":\"https:\/\/secure.gravatar.com\/avatar\/9c5f111e417171581853bd0a3ff892ca?s=96&d=mm&r=g\",\"caption\":\"confagricolturapiacenza\"},\"url\":\"https:\/\/www.confagricoltura.org\/piacenza\/author\/confagricolturapiacenza\/\"}]}<\/script>\n<!-- \/ Yoast SEO plugin. -->","yoast_head_json":{"title":"Il Parlamento UE boccia la mozione che voleva impedire l'uso degli antibiotici per gli animali - Confagricoltura Piacenza","robots":{"index":"index","follow":"follow","max-snippet":"max-snippet:-1","max-image-preview":"max-image-preview:large","max-video-preview":"max-video-preview:-1"},"canonical":"https:\/\/www.confagricoltura.org\/piacenza\/il-parlamento-ue-boccia-la-mozione-che-voleva-impedire-luso-degli-antibiotici-per-gli-animali\/","og_locale":"it_IT","og_type":"article","og_title":"Il Parlamento UE boccia la mozione che voleva impedire l'uso degli antibiotici per gli animali - Confagricoltura Piacenza","og_description":"Confagricoltura Piacenza: plaudiamo alla decisione, clamoroso che si sia dovuta organizzare una petizione","og_url":"https:\/\/www.confagricoltura.org\/piacenza\/il-parlamento-ue-boccia-la-mozione-che-voleva-impedire-luso-degli-antibiotici-per-gli-animali\/","og_site_name":"Confagricoltura Piacenza","article_published_time":"2021-09-20T10:37:00+00:00","article_modified_time":"2021-09-24T10:40:16+00:00","og_image":[{"width":1080,"height":1111,"url":"https:\/\/www.confagricoltura.org\/piacenza\/wp-content\/uploads\/sites\/11\/2021\/09\/Casagrande-Parmigiani-Gasparini.jpg","type":"image\/jpeg"}],"author":"confagricolturapiacenza","twitter_card":"summary_large_image","twitter_misc":{"Scritto da":"confagricolturapiacenza","Tempo di lettura stimato":"4 minuti"},"schema":{"@context":"https:\/\/schema.org","@graph":[{"@type":"Article","@id":"https:\/\/www.confagricoltura.org\/piacenza\/il-parlamento-ue-boccia-la-mozione-che-voleva-impedire-luso-degli-antibiotici-per-gli-animali\/#article","isPartOf":{"@id":"https:\/\/www.confagricoltura.org\/piacenza\/il-parlamento-ue-boccia-la-mozione-che-voleva-impedire-luso-degli-antibiotici-per-gli-animali\/"},"author":{"name":"confagricolturapiacenza","@id":"https:\/\/www.confagricoltura.org\/piacenza\/#\/schema\/person\/be5da25a3117fea4b3bfec9dba09b5e8"},"headline":"Il Parlamento UE boccia la mozione che voleva impedire l&#8217;uso degli antibiotici per gli animali","datePublished":"2021-09-20T10:37:00+00:00","dateModified":"2021-09-24T10:40:16+00:00","mainEntityOfPage":{"@id":"https:\/\/www.confagricoltura.org\/piacenza\/il-parlamento-ue-boccia-la-mozione-che-voleva-impedire-luso-degli-antibiotici-per-gli-animali\/"},"wordCount":708,"image":{"@id":"https:\/\/www.confagricoltura.org\/piacenza\/il-parlamento-ue-boccia-la-mozione-che-voleva-impedire-luso-degli-antibiotici-per-gli-animali\/#primaryimage"},"thumbnailUrl":"https:\/\/www.confagricoltura.org\/piacenza\/wp-content\/uploads\/sites\/11\/2021\/09\/Casagrande-Parmigiani-Gasparini.jpg","keywords":["antibiotici"],"articleSection":["News","Settore bovino"],"inLanguage":"it-IT"},{"@type":"WebPage","@id":"https:\/\/www.confagricoltura.org\/piacenza\/il-parlamento-ue-boccia-la-mozione-che-voleva-impedire-luso-degli-antibiotici-per-gli-animali\/","url":"https:\/\/www.confagricoltura.org\/piacenza\/il-parlamento-ue-boccia-la-mozione-che-voleva-impedire-luso-degli-antibiotici-per-gli-animali\/","name":"Il Parlamento UE boccia la mozione che voleva impedire l'uso degli antibiotici per gli animali - Confagricoltura Piacenza","isPartOf":{"@id":"https:\/\/www.confagricoltura.org\/piacenza\/#website"},"primaryImageOfPage":{"@id":"https:\/\/www.confagricoltura.org\/piacenza\/il-parlamento-ue-boccia-la-mozione-che-voleva-impedire-luso-degli-antibiotici-per-gli-animali\/#primaryimage"},"image":{"@id":"https:\/\/www.confagricoltura.org\/piacenza\/il-parlamento-ue-boccia-la-mozione-che-voleva-impedire-luso-degli-antibiotici-per-gli-animali\/#primaryimage"},"thumbnailUrl":"https:\/\/www.confagricoltura.org\/piacenza\/wp-content\/uploads\/sites\/11\/2021\/09\/Casagrande-Parmigiani-Gasparini.jpg","datePublished":"2021-09-20T10:37:00+00:00","dateModified":"2021-09-24T10:40:16+00:00","author":{"@id":"https:\/\/www.confagricoltura.org\/piacenza\/#\/schema\/person\/be5da25a3117fea4b3bfec9dba09b5e8"},"breadcrumb":{"@id":"https:\/\/www.confagricoltura.org\/piacenza\/il-parlamento-ue-boccia-la-mozione-che-voleva-impedire-luso-degli-antibiotici-per-gli-animali\/#breadcrumb"},"inLanguage":"it-IT","potentialAction":[{"@type":"ReadAction","target":["https:\/\/www.confagricoltura.org\/piacenza\/il-parlamento-ue-boccia-la-mozione-che-voleva-impedire-luso-degli-antibiotici-per-gli-animali\/"]}]},{"@type":"ImageObject","inLanguage":"it-IT","@id":"https:\/\/www.confagricoltura.org\/piacenza\/il-parlamento-ue-boccia-la-mozione-che-voleva-impedire-luso-degli-antibiotici-per-gli-animali\/#primaryimage","url":"https:\/\/www.confagricoltura.org\/piacenza\/wp-content\/uploads\/sites\/11\/2021\/09\/Casagrande-Parmigiani-Gasparini.jpg","contentUrl":"https:\/\/www.confagricoltura.org\/piacenza\/wp-content\/uploads\/sites\/11\/2021\/09\/Casagrande-Parmigiani-Gasparini.jpg","width":1080,"height":1111},{"@type":"BreadcrumbList","@id":"https:\/\/www.confagricoltura.org\/piacenza\/il-parlamento-ue-boccia-la-mozione-che-voleva-impedire-luso-degli-antibiotici-per-gli-animali\/#breadcrumb","itemListElement":[{"@type":"ListItem","position":1,"name":"Home","item":"https:\/\/www.confagricoltura.org\/piacenza\/"},{"@type":"ListItem","position":2,"name":"Il Parlamento UE boccia la mozione che voleva impedire l&#8217;uso degli antibiotici per gli animali"}]},{"@type":"WebSite","@id":"https:\/\/www.confagricoltura.org\/piacenza\/#website","url":"https:\/\/www.confagricoltura.org\/piacenza\/","name":"Confagricoltura Piacenza","description":"Dalla parte degli Agricoltori","potentialAction":[{"@type":"SearchAction","target":{"@type":"EntryPoint","urlTemplate":"https:\/\/www.confagricoltura.org\/piacenza\/?s={search_term_string}"},"query-input":{"@type":"PropertyValueSpecification","valueRequired":true,"valueName":"search_term_string"}}],"inLanguage":"it-IT"},{"@type":"Person","@id":"https:\/\/www.confagricoltura.org\/piacenza\/#\/schema\/person\/be5da25a3117fea4b3bfec9dba09b5e8","name":"confagricolturapiacenza","image":{"@type":"ImageObject","inLanguage":"it-IT","@id":"https:\/\/www.confagricoltura.org\/piacenza\/#\/schema\/person\/image\/","url":"https:\/\/secure.gravatar.com\/avatar\/9c5f111e417171581853bd0a3ff892ca?s=96&d=mm&r=g","contentUrl":"https:\/\/secure.gravatar.com\/avatar\/9c5f111e417171581853bd0a3ff892ca?s=96&d=mm&r=g","caption":"confagricolturapiacenza"},"url":"https:\/\/www.confagricoltura.org\/piacenza\/author\/confagricolturapiacenza\/"}]}},"_links":{"self":[{"href":"https:\/\/www.confagricoltura.org\/piacenza\/wp-json\/wp\/v2\/posts\/3481","targetHints":{"allow":["GET"]}}],"collection":[{"href":"https:\/\/www.confagricoltura.org\/piacenza\/wp-json\/wp\/v2\/posts"}],"about":[{"href":"https:\/\/www.confagricoltura.org\/piacenza\/wp-json\/wp\/v2\/types\/post"}],"author":[{"embeddable":true,"href":"https:\/\/www.confagricoltura.org\/piacenza\/wp-json\/wp\/v2\/users\/6"}],"replies":[{"embeddable":true,"href":"https:\/\/www.confagricoltura.org\/piacenza\/wp-json\/wp\/v2\/comments?post=3481"}],"version-history":[{"count":1,"href":"https:\/\/www.confagricoltura.org\/piacenza\/wp-json\/wp\/v2\/posts\/3481\/revisions"}],"predecessor-version":[{"id":3483,"href":"https:\/\/www.confagricoltura.org\/piacenza\/wp-json\/wp\/v2\/posts\/3481\/revisions\/3483"}],"wp:featuredmedia":[{"embeddable":true,"href":"https:\/\/www.confagricoltura.org\/piacenza\/wp-json\/wp\/v2\/media\/3482"}],"wp:attachment":[{"href":"https:\/\/www.confagricoltura.org\/piacenza\/wp-json\/wp\/v2\/media?parent=3481"}],"wp:term":[{"taxonomy":"category","embeddable":true,"href":"https:\/\/www.confagricoltura.org\/piacenza\/wp-json\/wp\/v2\/categories?post=3481"},{"taxonomy":"post_tag","embeddable":true,"href":"https:\/\/www.confagricoltura.org\/piacenza\/wp-json\/wp\/v2\/tags?post=3481"}],"curies":[{"name":"wp","href":"https:\/\/api.w.org\/{rel}","templated":true}]}}