{"id":348,"date":"2016-05-18T12:49:20","date_gmt":"2016-05-18T10:49:20","guid":{"rendered":"http:\/\/www.confagricoltura.org\/piacenza\/?p=348"},"modified":"2021-03-11T13:15:00","modified_gmt":"2021-03-11T12:15:00","slug":"pomodoro-ce-laccordo","status":"publish","type":"post","link":"https:\/\/www.confagricoltura.org\/piacenza\/pomodoro-ce-laccordo\/","title":{"rendered":"POMODORO: C\u2019E\u2019 L\u2019ACCORDO"},"content":{"rendered":"<h4><em><strong>Chiesa: le tabelle qualitative saranno ancora il pretesto per non riconoscere il giusto prezzo<\/strong><\/em><\/h4>\n<p>&nbsp;<\/p>\n<p>La trattativa per il contratto quadro del settore del pomodoro da industria si \u00e8 conclusa nella notte del 17 maggio. Il prezzo di riferimento dopo un estenuante braccio di ferro tra le parti \u00e8 stato definito: 85.20 euro\/tonnellata. Confagricoltura Piacenza \u00e8 critica sull\u2019accordo. \u201cAncora una volta le revisione, in peggio, delle tabelle qualitative sar\u00e0 occasione per introdurre aleatoriet\u00e0 nei pagamenti\u201d. \u2013 commenta Enrico Chiesa, presidente di Confagricoltura Piacenza che prosegue: \u201cil prezzo di riferimento di per s\u00e9 non \u00e8 molto soddisfacente, se si considera che i pagamenti effettivi risulteranno ulteriormente decurtati, \u00e8 un contratto non dignitoso per la parte agricola. Le Op \u2013 prosegue Chiesa \u2013 non avrebbero dovuto accettare le penali sui quantitativi conferiti oltre la soglia dei 25 milioni e mezzo di quintali potenzialmente prodotti dal bacino del Nord Italia. Non ha senso accettare una penalit\u00e0 sul prodotto quando l\u2019industria sembra essere disposta a lavorarne di pi\u00f9. Si tratta di una penale che ricadr\u00e0 su tutto il quantitativo consegnato: \u00e8 un\u2019ammissione di incapacit\u00e0, da parte delle Op, di saper organizzare una corretta programmazione nei periodi e nei quantitativi. Cos\u00ec, l\u2019eventuale perdita di ricavi da parte dell\u2019industria viene ancora una volta fatta ricadere sulla produzione, in un anno, non dimentichiamo \u2013 conclude Chiesa \u2013 in cui sono state dedicate alla coltura minori superfici e le condizioni meteo della scorsa settimana hanno gi\u00e0 determinato un danno ai primi trapianti in alcune zone nel piacentino e del mantovano. Quest\u2019accordo era inaccettabile\u201d.<\/p>\n<p><img loading=\"lazy\" decoding=\"async\" class=\"alignnone size-full wp-image-78 img-responsive\" src=\"http:\/\/www.confagricoltura.org\/piacenza\/wp-content\/uploads\/sites\/3\/2016\/02\/pomodoro.jpg\" alt=\"pomodoro\" width=\"709\" height=\"658\" \/><\/p>\n","protected":false},"excerpt":{"rendered":"<p>Chiesa: le tabelle qualitative saranno ancora il pretesto per non riconoscere il giusto prezzo &nbsp; La trattativa per il contratto quadro del settore del pomodoro da industria si \u00e8 conclusa nella notte del 17 maggio. Il prezzo di riferimento dopo un estenuante braccio di ferro tra le parti \u00e8 stato definito: 85.20 euro\/tonnellata. Confagricoltura Piacenza<\/p>\n","protected":false},"author":6,"featured_media":0,"comment_status":"open","ping_status":"open","sticky":true,"template":"","format":"standard","meta":{"wp_mapbox_gl_js_media":[],"footnotes":""},"categories":[335],"tags":[],"class_list":["post-348","post","type-post","status-publish","format-standard","hentry","category-archivio"],"yoast_head":"<!-- This site is optimized with the Yoast SEO plugin v26.8 - https:\/\/yoast.com\/product\/yoast-seo-wordpress\/ -->\n<title>POMODORO: C\u2019E\u2019 L\u2019ACCORDO - Confagricoltura Piacenza<\/title>\n<meta name=\"robots\" content=\"index, follow, max-snippet:-1, max-image-preview:large, max-video-preview:-1\" \/>\n<link rel=\"canonical\" href=\"https:\/\/www.confagricoltura.org\/piacenza\/pomodoro-ce-laccordo\/\" \/>\n<meta property=\"og:locale\" content=\"it_IT\" \/>\n<meta property=\"og:type\" content=\"article\" \/>\n<meta property=\"og:title\" content=\"POMODORO: C\u2019E\u2019 L\u2019ACCORDO - Confagricoltura Piacenza\" \/>\n<meta property=\"og:description\" content=\"Chiesa: le tabelle qualitative saranno ancora il pretesto per non riconoscere il giusto prezzo &nbsp; La trattativa per il contratto quadro del settore del pomodoro da industria si \u00e8 conclusa nella notte del 17 maggio. Il prezzo di riferimento dopo un estenuante braccio di ferro tra le parti \u00e8 stato definito: 85.20 euro\/tonnellata. Confagricoltura Piacenza\" \/>\n<meta property=\"og:url\" content=\"https:\/\/www.confagricoltura.org\/piacenza\/pomodoro-ce-laccordo\/\" \/>\n<meta property=\"og:site_name\" content=\"Confagricoltura Piacenza\" \/>\n<meta property=\"article:published_time\" content=\"2016-05-18T10:49:20+00:00\" \/>\n<meta property=\"article:modified_time\" content=\"2021-03-11T12:15:00+00:00\" \/>\n<meta property=\"og:image\" content=\"http:\/\/www.confagricoltura.org\/piacenza\/wp-content\/uploads\/sites\/3\/2016\/02\/pomodoro.jpg\" \/>\n<meta name=\"author\" content=\"confagricolturapiacenza\" \/>\n<meta name=\"twitter:card\" content=\"summary_large_image\" \/>\n<meta name=\"twitter:label1\" content=\"Scritto da\" \/>\n\t<meta name=\"twitter:data1\" content=\"confagricolturapiacenza\" \/>\n\t<meta name=\"twitter:label2\" content=\"Tempo di lettura stimato\" \/>\n\t<meta name=\"twitter:data2\" content=\"1 minuto\" \/>\n<script type=\"application\/ld+json\" class=\"yoast-schema-graph\">{\"@context\":\"https:\/\/schema.org\",\"@graph\":[{\"@type\":\"Article\",\"@id\":\"https:\/\/www.confagricoltura.org\/piacenza\/pomodoro-ce-laccordo\/#article\",\"isPartOf\":{\"@id\":\"https:\/\/www.confagricoltura.org\/piacenza\/pomodoro-ce-laccordo\/\"},\"author\":{\"name\":\"confagricolturapiacenza\",\"@id\":\"https:\/\/www.confagricoltura.org\/piacenza\/#\/schema\/person\/be5da25a3117fea4b3bfec9dba09b5e8\"},\"headline\":\"POMODORO: C\u2019E\u2019 L\u2019ACCORDO\",\"datePublished\":\"2016-05-18T10:49:20+00:00\",\"dateModified\":\"2021-03-11T12:15:00+00:00\",\"mainEntityOfPage\":{\"@id\":\"https:\/\/www.confagricoltura.org\/piacenza\/pomodoro-ce-laccordo\/\"},\"wordCount\":253,\"commentCount\":0,\"image\":{\"@id\":\"https:\/\/www.confagricoltura.org\/piacenza\/pomodoro-ce-laccordo\/#primaryimage\"},\"thumbnailUrl\":\"http:\/\/www.confagricoltura.org\/piacenza\/wp-content\/uploads\/sites\/3\/2016\/02\/pomodoro.jpg\",\"articleSection\":[\"Archivio\"],\"inLanguage\":\"it-IT\"},{\"@type\":\"WebPage\",\"@id\":\"https:\/\/www.confagricoltura.org\/piacenza\/pomodoro-ce-laccordo\/\",\"url\":\"https:\/\/www.confagricoltura.org\/piacenza\/pomodoro-ce-laccordo\/\",\"name\":\"POMODORO: C\u2019E\u2019 L\u2019ACCORDO - Confagricoltura Piacenza\",\"isPartOf\":{\"@id\":\"https:\/\/www.confagricoltura.org\/piacenza\/#website\"},\"primaryImageOfPage\":{\"@id\":\"https:\/\/www.confagricoltura.org\/piacenza\/pomodoro-ce-laccordo\/#primaryimage\"},\"image\":{\"@id\":\"https:\/\/www.confagricoltura.org\/piacenza\/pomodoro-ce-laccordo\/#primaryimage\"},\"thumbnailUrl\":\"http:\/\/www.confagricoltura.org\/piacenza\/wp-content\/uploads\/sites\/3\/2016\/02\/pomodoro.jpg\",\"datePublished\":\"2016-05-18T10:49:20+00:00\",\"dateModified\":\"2021-03-11T12:15:00+00:00\",\"author\":{\"@id\":\"https:\/\/www.confagricoltura.org\/piacenza\/#\/schema\/person\/be5da25a3117fea4b3bfec9dba09b5e8\"},\"breadcrumb\":{\"@id\":\"https:\/\/www.confagricoltura.org\/piacenza\/pomodoro-ce-laccordo\/#breadcrumb\"},\"inLanguage\":\"it-IT\",\"potentialAction\":[{\"@type\":\"ReadAction\",\"target\":[\"https:\/\/www.confagricoltura.org\/piacenza\/pomodoro-ce-laccordo\/\"]}]},{\"@type\":\"ImageObject\",\"inLanguage\":\"it-IT\",\"@id\":\"https:\/\/www.confagricoltura.org\/piacenza\/pomodoro-ce-laccordo\/#primaryimage\",\"url\":\"http:\/\/www.confagricoltura.org\/piacenza\/wp-content\/uploads\/sites\/3\/2016\/02\/pomodoro.jpg\",\"contentUrl\":\"http:\/\/www.confagricoltura.org\/piacenza\/wp-content\/uploads\/sites\/3\/2016\/02\/pomodoro.jpg\"},{\"@type\":\"BreadcrumbList\",\"@id\":\"https:\/\/www.confagricoltura.org\/piacenza\/pomodoro-ce-laccordo\/#breadcrumb\",\"itemListElement\":[{\"@type\":\"ListItem\",\"position\":1,\"name\":\"Home\",\"item\":\"https:\/\/www.confagricoltura.org\/piacenza\/\"},{\"@type\":\"ListItem\",\"position\":2,\"name\":\"POMODORO: C\u2019E\u2019 L\u2019ACCORDO\"}]},{\"@type\":\"WebSite\",\"@id\":\"https:\/\/www.confagricoltura.org\/piacenza\/#website\",\"url\":\"https:\/\/www.confagricoltura.org\/piacenza\/\",\"name\":\"Confagricoltura Piacenza\",\"description\":\"Dalla parte degli Agricoltori\",\"potentialAction\":[{\"@type\":\"SearchAction\",\"target\":{\"@type\":\"EntryPoint\",\"urlTemplate\":\"https:\/\/www.confagricoltura.org\/piacenza\/?s={search_term_string}\"},\"query-input\":{\"@type\":\"PropertyValueSpecification\",\"valueRequired\":true,\"valueName\":\"search_term_string\"}}],\"inLanguage\":\"it-IT\"},{\"@type\":\"Person\",\"@id\":\"https:\/\/www.confagricoltura.org\/piacenza\/#\/schema\/person\/be5da25a3117fea4b3bfec9dba09b5e8\",\"name\":\"confagricolturapiacenza\",\"image\":{\"@type\":\"ImageObject\",\"inLanguage\":\"it-IT\",\"@id\":\"https:\/\/www.confagricoltura.org\/piacenza\/#\/schema\/person\/image\/\",\"url\":\"https:\/\/secure.gravatar.com\/avatar\/9c5f111e417171581853bd0a3ff892ca?s=96&d=mm&r=g\",\"contentUrl\":\"https:\/\/secure.gravatar.com\/avatar\/9c5f111e417171581853bd0a3ff892ca?s=96&d=mm&r=g\",\"caption\":\"confagricolturapiacenza\"},\"url\":\"https:\/\/www.confagricoltura.org\/piacenza\/author\/confagricolturapiacenza\/\"}]}<\/script>\n<!-- \/ Yoast SEO plugin. -->","yoast_head_json":{"title":"POMODORO: C\u2019E\u2019 L\u2019ACCORDO - Confagricoltura Piacenza","robots":{"index":"index","follow":"follow","max-snippet":"max-snippet:-1","max-image-preview":"max-image-preview:large","max-video-preview":"max-video-preview:-1"},"canonical":"https:\/\/www.confagricoltura.org\/piacenza\/pomodoro-ce-laccordo\/","og_locale":"it_IT","og_type":"article","og_title":"POMODORO: C\u2019E\u2019 L\u2019ACCORDO - Confagricoltura Piacenza","og_description":"Chiesa: le tabelle qualitative saranno ancora il pretesto per non riconoscere il giusto prezzo &nbsp; La trattativa per il contratto quadro del settore del pomodoro da industria si \u00e8 conclusa nella notte del 17 maggio. Il prezzo di riferimento dopo un estenuante braccio di ferro tra le parti \u00e8 stato definito: 85.20 euro\/tonnellata. Confagricoltura Piacenza","og_url":"https:\/\/www.confagricoltura.org\/piacenza\/pomodoro-ce-laccordo\/","og_site_name":"Confagricoltura Piacenza","article_published_time":"2016-05-18T10:49:20+00:00","article_modified_time":"2021-03-11T12:15:00+00:00","og_image":[{"url":"http:\/\/www.confagricoltura.org\/piacenza\/wp-content\/uploads\/sites\/3\/2016\/02\/pomodoro.jpg","type":"","width":"","height":""}],"author":"confagricolturapiacenza","twitter_card":"summary_large_image","twitter_misc":{"Scritto da":"confagricolturapiacenza","Tempo di lettura stimato":"1 minuto"},"schema":{"@context":"https:\/\/schema.org","@graph":[{"@type":"Article","@id":"https:\/\/www.confagricoltura.org\/piacenza\/pomodoro-ce-laccordo\/#article","isPartOf":{"@id":"https:\/\/www.confagricoltura.org\/piacenza\/pomodoro-ce-laccordo\/"},"author":{"name":"confagricolturapiacenza","@id":"https:\/\/www.confagricoltura.org\/piacenza\/#\/schema\/person\/be5da25a3117fea4b3bfec9dba09b5e8"},"headline":"POMODORO: C\u2019E\u2019 L\u2019ACCORDO","datePublished":"2016-05-18T10:49:20+00:00","dateModified":"2021-03-11T12:15:00+00:00","mainEntityOfPage":{"@id":"https:\/\/www.confagricoltura.org\/piacenza\/pomodoro-ce-laccordo\/"},"wordCount":253,"commentCount":0,"image":{"@id":"https:\/\/www.confagricoltura.org\/piacenza\/pomodoro-ce-laccordo\/#primaryimage"},"thumbnailUrl":"http:\/\/www.confagricoltura.org\/piacenza\/wp-content\/uploads\/sites\/3\/2016\/02\/pomodoro.jpg","articleSection":["Archivio"],"inLanguage":"it-IT"},{"@type":"WebPage","@id":"https:\/\/www.confagricoltura.org\/piacenza\/pomodoro-ce-laccordo\/","url":"https:\/\/www.confagricoltura.org\/piacenza\/pomodoro-ce-laccordo\/","name":"POMODORO: C\u2019E\u2019 L\u2019ACCORDO - Confagricoltura Piacenza","isPartOf":{"@id":"https:\/\/www.confagricoltura.org\/piacenza\/#website"},"primaryImageOfPage":{"@id":"https:\/\/www.confagricoltura.org\/piacenza\/pomodoro-ce-laccordo\/#primaryimage"},"image":{"@id":"https:\/\/www.confagricoltura.org\/piacenza\/pomodoro-ce-laccordo\/#primaryimage"},"thumbnailUrl":"http:\/\/www.confagricoltura.org\/piacenza\/wp-content\/uploads\/sites\/3\/2016\/02\/pomodoro.jpg","datePublished":"2016-05-18T10:49:20+00:00","dateModified":"2021-03-11T12:15:00+00:00","author":{"@id":"https:\/\/www.confagricoltura.org\/piacenza\/#\/schema\/person\/be5da25a3117fea4b3bfec9dba09b5e8"},"breadcrumb":{"@id":"https:\/\/www.confagricoltura.org\/piacenza\/pomodoro-ce-laccordo\/#breadcrumb"},"inLanguage":"it-IT","potentialAction":[{"@type":"ReadAction","target":["https:\/\/www.confagricoltura.org\/piacenza\/pomodoro-ce-laccordo\/"]}]},{"@type":"ImageObject","inLanguage":"it-IT","@id":"https:\/\/www.confagricoltura.org\/piacenza\/pomodoro-ce-laccordo\/#primaryimage","url":"http:\/\/www.confagricoltura.org\/piacenza\/wp-content\/uploads\/sites\/3\/2016\/02\/pomodoro.jpg","contentUrl":"http:\/\/www.confagricoltura.org\/piacenza\/wp-content\/uploads\/sites\/3\/2016\/02\/pomodoro.jpg"},{"@type":"BreadcrumbList","@id":"https:\/\/www.confagricoltura.org\/piacenza\/pomodoro-ce-laccordo\/#breadcrumb","itemListElement":[{"@type":"ListItem","position":1,"name":"Home","item":"https:\/\/www.confagricoltura.org\/piacenza\/"},{"@type":"ListItem","position":2,"name":"POMODORO: C\u2019E\u2019 L\u2019ACCORDO"}]},{"@type":"WebSite","@id":"https:\/\/www.confagricoltura.org\/piacenza\/#website","url":"https:\/\/www.confagricoltura.org\/piacenza\/","name":"Confagricoltura Piacenza","description":"Dalla parte degli Agricoltori","potentialAction":[{"@type":"SearchAction","target":{"@type":"EntryPoint","urlTemplate":"https:\/\/www.confagricoltura.org\/piacenza\/?s={search_term_string}"},"query-input":{"@type":"PropertyValueSpecification","valueRequired":true,"valueName":"search_term_string"}}],"inLanguage":"it-IT"},{"@type":"Person","@id":"https:\/\/www.confagricoltura.org\/piacenza\/#\/schema\/person\/be5da25a3117fea4b3bfec9dba09b5e8","name":"confagricolturapiacenza","image":{"@type":"ImageObject","inLanguage":"it-IT","@id":"https:\/\/www.confagricoltura.org\/piacenza\/#\/schema\/person\/image\/","url":"https:\/\/secure.gravatar.com\/avatar\/9c5f111e417171581853bd0a3ff892ca?s=96&d=mm&r=g","contentUrl":"https:\/\/secure.gravatar.com\/avatar\/9c5f111e417171581853bd0a3ff892ca?s=96&d=mm&r=g","caption":"confagricolturapiacenza"},"url":"https:\/\/www.confagricoltura.org\/piacenza\/author\/confagricolturapiacenza\/"}]}},"_links":{"self":[{"href":"https:\/\/www.confagricoltura.org\/piacenza\/wp-json\/wp\/v2\/posts\/348","targetHints":{"allow":["GET"]}}],"collection":[{"href":"https:\/\/www.confagricoltura.org\/piacenza\/wp-json\/wp\/v2\/posts"}],"about":[{"href":"https:\/\/www.confagricoltura.org\/piacenza\/wp-json\/wp\/v2\/types\/post"}],"author":[{"embeddable":true,"href":"https:\/\/www.confagricoltura.org\/piacenza\/wp-json\/wp\/v2\/users\/6"}],"replies":[{"embeddable":true,"href":"https:\/\/www.confagricoltura.org\/piacenza\/wp-json\/wp\/v2\/comments?post=348"}],"version-history":[{"count":1,"href":"https:\/\/www.confagricoltura.org\/piacenza\/wp-json\/wp\/v2\/posts\/348\/revisions"}],"predecessor-version":[{"id":2989,"href":"https:\/\/www.confagricoltura.org\/piacenza\/wp-json\/wp\/v2\/posts\/348\/revisions\/2989"}],"wp:attachment":[{"href":"https:\/\/www.confagricoltura.org\/piacenza\/wp-json\/wp\/v2\/media?parent=348"}],"wp:term":[{"taxonomy":"category","embeddable":true,"href":"https:\/\/www.confagricoltura.org\/piacenza\/wp-json\/wp\/v2\/categories?post=348"},{"taxonomy":"post_tag","embeddable":true,"href":"https:\/\/www.confagricoltura.org\/piacenza\/wp-json\/wp\/v2\/tags?post=348"}],"curies":[{"name":"wp","href":"https:\/\/api.w.org\/{rel}","templated":true}]}}