{"id":3468,"date":"2021-09-14T12:23:01","date_gmt":"2021-09-14T10:23:01","guid":{"rendered":"https:\/\/www.confagricoltura.org\/piacenza\/?p=3468"},"modified":"2021-09-24T08:55:53","modified_gmt":"2021-09-24T06:55:53","slug":"elena-cattaneo-a-cena-con-la-scienza-porta-in-tavola-sapere-e-umanita","status":"publish","type":"post","link":"https:\/\/www.confagricoltura.org\/piacenza\/elena-cattaneo-a-cena-con-la-scienza-porta-in-tavola-sapere-e-umanita\/","title":{"rendered":"Elena Cattaneo A cena con la scienza  porta in tavola sapere e umanit\u00e0"},"content":{"rendered":"\n<p>\u201cPenso proprio che questo appuntamento con la senatrice e scienziata Elena Cattaneo si possa collocare per bellezza, profondit\u00e0 ed emozione in cima alla classifica dei nostri ormai numerosi incontri con la Scienza\u201d \u2013 commenta cos\u00ec, con soddisfazione, Michele Lodigiani coordinatore del ciclo di incontri che Confagricoltura Piacenza ed Agriturist organizzano da ormai dodici anni. Emoziona, coinvolge ed appassiona, Elena Cattaneo che di fronte agli oltre cento intervenuti nel grande spazio verde dell\u2019Agriturismo Battibue di Fiorenzuola inizia la sua narrazione ricordando la scoperta delle onde gravitazionali. Sottolinea lo sforzo e il costante lavoro fatto di fatica e perseveranza dei ricercatori: \u201cuomini che si recano quotidianamente nei loro laboratori per anni per trovare una conferma alla loro ipotesi che potrebbe non giungere mai o essere smentita\u201d.&nbsp; \u00c8 di questo lavoro, rigoroso e strettamente basato sul metodo scientifico, che \u00e8 fatta la strada dell\u2019uomo verso la conoscenza. \u201cSenza scienza non c\u2019\u00e8 conoscenza \u2013 sottolinea Cattaneo \u2013 e senza conoscenza l\u2019uomo finisce col fare del male a s\u00e9 stesso\u201d. Passa dunque alla storia che ha influenzato la sua vita come ricercatrice e persona: il suo incontro, quando ancora era una giovane ricercatrice al MIT, con Nancy Wexler. Racconta al pubblico la storia di questa donna che decide di approfondire la conoscenza di un disturbo neurologico che presentano i membri della sua famiglia. Dedica il proprio dottorato di ricerca a quella che grazie a lei viene identificata come Malattia di Huntington (lo studioso che a fine ottocento ne ha per primo descritto i sintomi). \u201cPartendo dai suoi studi \u2013 spiega Cattaneo \u2013 Nancy riesce a coinvolgere un gruppo crescente di ricercatori che si occupano di questa malattia e lo fa uscendo dal laboratorio e organizzando per anni conferenze pubbliche, come quella a cui ho partecipato. Nancy \u00e8 riuscita a creare un gruppo di ricerca andando nelle universit\u00e0 e coinvolgendo i colleghi con questo appello: \u2018Let\u2019s go to Venezuela!\u2019 Perch\u00e9? Perch\u00e9 \u00e8 proprio in una parte remota del Venezuela dove la malattia \u00e8 prevalente\u201d. Il gruppo di ricerca guidato da Nancy Wexler ha raccolto campioni di DNA (acido desossiribonucleico) dalle famiglie con la maggioranza dei membri affetti dalla malattia di Huntington. I campioni raccolti sono stati poi fondamentali per consentire al gruppo di ricerca, di cui Cattaneo fa parte e divenuto un team a livello globale, di individuare il gene che causa la malattia. E con l\u2019esempio della Wexler, Cattaneo parla di s\u00e9, e chi l\u2019ascolta vede una donna che unisce conoscenza e intelligenza a passione e umanit\u00e0. \u201cLo sforzo successivo \u00e8 stato quello di creare un test cromosomico per identificare i portatori della malattia di Huntington. In questo gene \u2013 spiega Cattaneo \u2013 dove tutti noi abbiamo un numero di triplette ACG che varia da 9 a 35, chi ha la malattia di Hungtinton ne ha in numero superiore. Eppure la presenza di queste triplette \u00e8 correlata allo sviluppo della materia grigia. Forse, queste persone pagano per tutti noi lo sforzo della natura verso l\u2019evoluzione, uno sforzo, che in questo caso arriva all\u2019espressione non voluta di una malattia. Oggi non c\u2019\u00e8 cura, ma c\u2019\u00e8 una grande speranza per il futuro ed \u00e8 quella del silenziamento genico. Nel mentre ci siamo chiesti \u2013 spiega Cattaneo \u2013 cosa potevamo umanamente fare per queste persone che vivono oltre al dramma della malattia anche l\u2019onta dell\u2019isolamento sociale generato, spesso dall\u2019ignoranza e dunque dalla mancanza di conoscenza. \u00c8 nata cos\u00ec Factor H: l\u2019associazione a supporto dei malati di Hungtinton e delle loro famiglie\u201d. La serata non poteva riuscire meglio ed Elena Cattaneo ha mostrato anche infinita pazienza nel firmare i volumi del su libro \u201cArmati di scienza\u201d in regalo ai presenti previa un\u2019offerta all\u2019Associazione Factor H. Grande soddisfazione anche da parte di Confagricoltura Piacenza che con la scienziata condivide la battaglia contro le derive ideologiche di un ambientalismo non supportato da basi scientifiche e l\u2019azione di contrasto al disegno di legge che mira ad assegnare fondi pubblici all\u2019agricoltura biodinamica (le cui pratiche non hanno nulla a che vedere con la scienza) equiparandola erroneamente a quella biologica. Per questo Confagricoltura Piacenza ha plaudito alla Cattaneo anche quando, qualche mese fa, unica in Senato, ha espresso voto contrario al disegno di legge in questione.<\/p>\n\n\n\n<p><\/p>\n\n\n\n<p><\/p>\n","protected":false},"excerpt":{"rendered":"<p>Bisagni, Lodigiani, Cattaneo e Casagrande.<br \/>\nOltre cento persone a Battibue per l\u2019appuntamento di Agriturist e Confagricoltura<\/p>\n","protected":false},"author":6,"featured_media":3469,"comment_status":"closed","ping_status":"closed","sticky":false,"template":"","format":"standard","meta":{"wp_mapbox_gl_js_media":[],"footnotes":""},"categories":[21,4],"tags":[97],"class_list":["post-3468","post","type-post","status-publish","format-standard","has-post-thumbnail","hentry","category-eventi","category-news","tag-a-cena-con-la-scienza"],"yoast_head":"<!-- This site is optimized with the Yoast SEO plugin v26.8 - https:\/\/yoast.com\/product\/yoast-seo-wordpress\/ -->\n<title>Elena Cattaneo A cena con la scienza porta in tavola sapere e umanit\u00e0 - Confagricoltura Piacenza<\/title>\n<meta name=\"robots\" content=\"index, follow, max-snippet:-1, max-image-preview:large, max-video-preview:-1\" \/>\n<link rel=\"canonical\" href=\"https:\/\/www.confagricoltura.org\/piacenza\/elena-cattaneo-a-cena-con-la-scienza-porta-in-tavola-sapere-e-umanita\/\" \/>\n<meta property=\"og:locale\" content=\"it_IT\" \/>\n<meta property=\"og:type\" content=\"article\" \/>\n<meta property=\"og:title\" content=\"Elena Cattaneo A cena con la scienza porta in tavola sapere e umanit\u00e0 - Confagricoltura Piacenza\" \/>\n<meta property=\"og:description\" content=\"Bisagni, Lodigiani, Cattaneo e Casagrande. Oltre cento persone a Battibue per l\u2019appuntamento di Agriturist e Confagricoltura\" \/>\n<meta property=\"og:url\" content=\"https:\/\/www.confagricoltura.org\/piacenza\/elena-cattaneo-a-cena-con-la-scienza-porta-in-tavola-sapere-e-umanita\/\" \/>\n<meta property=\"og:site_name\" content=\"Confagricoltura Piacenza\" \/>\n<meta property=\"article:published_time\" content=\"2021-09-14T10:23:01+00:00\" \/>\n<meta property=\"article:modified_time\" content=\"2021-09-24T06:55:53+00:00\" \/>\n<meta property=\"og:image\" content=\"https:\/\/www.confagricoltura.org\/piacenza\/wp-content\/uploads\/sites\/11\/2021\/09\/Bisagni-Lodigiani-Cattaneo-Casagrande.jpg\" \/>\n\t<meta property=\"og:image:width\" content=\"1417\" \/>\n\t<meta property=\"og:image:height\" content=\"1063\" \/>\n\t<meta property=\"og:image:type\" content=\"image\/jpeg\" \/>\n<meta name=\"author\" content=\"confagricolturapiacenza\" \/>\n<meta name=\"twitter:card\" content=\"summary_large_image\" \/>\n<meta name=\"twitter:label1\" content=\"Scritto da\" \/>\n\t<meta name=\"twitter:data1\" content=\"confagricolturapiacenza\" \/>\n\t<meta name=\"twitter:label2\" content=\"Tempo di lettura stimato\" \/>\n\t<meta name=\"twitter:data2\" content=\"3 minuti\" \/>\n<script type=\"application\/ld+json\" class=\"yoast-schema-graph\">{\"@context\":\"https:\/\/schema.org\",\"@graph\":[{\"@type\":\"Article\",\"@id\":\"https:\/\/www.confagricoltura.org\/piacenza\/elena-cattaneo-a-cena-con-la-scienza-porta-in-tavola-sapere-e-umanita\/#article\",\"isPartOf\":{\"@id\":\"https:\/\/www.confagricoltura.org\/piacenza\/elena-cattaneo-a-cena-con-la-scienza-porta-in-tavola-sapere-e-umanita\/\"},\"author\":{\"name\":\"confagricolturapiacenza\",\"@id\":\"https:\/\/www.confagricoltura.org\/piacenza\/#\/schema\/person\/be5da25a3117fea4b3bfec9dba09b5e8\"},\"headline\":\"Elena Cattaneo A cena con la scienza porta in tavola sapere e umanit\u00e0\",\"datePublished\":\"2021-09-14T10:23:01+00:00\",\"dateModified\":\"2021-09-24T06:55:53+00:00\",\"mainEntityOfPage\":{\"@id\":\"https:\/\/www.confagricoltura.org\/piacenza\/elena-cattaneo-a-cena-con-la-scienza-porta-in-tavola-sapere-e-umanita\/\"},\"wordCount\":702,\"image\":{\"@id\":\"https:\/\/www.confagricoltura.org\/piacenza\/elena-cattaneo-a-cena-con-la-scienza-porta-in-tavola-sapere-e-umanita\/#primaryimage\"},\"thumbnailUrl\":\"https:\/\/www.confagricoltura.org\/piacenza\/wp-content\/uploads\/sites\/11\/2021\/09\/Bisagni-Lodigiani-Cattaneo-Casagrande.jpg\",\"keywords\":[\"A CENA CON LA SCIENZA\"],\"articleSection\":[\"Eventi\",\"News\"],\"inLanguage\":\"it-IT\"},{\"@type\":\"WebPage\",\"@id\":\"https:\/\/www.confagricoltura.org\/piacenza\/elena-cattaneo-a-cena-con-la-scienza-porta-in-tavola-sapere-e-umanita\/\",\"url\":\"https:\/\/www.confagricoltura.org\/piacenza\/elena-cattaneo-a-cena-con-la-scienza-porta-in-tavola-sapere-e-umanita\/\",\"name\":\"Elena Cattaneo A cena con la scienza porta in tavola sapere e umanit\u00e0 - Confagricoltura Piacenza\",\"isPartOf\":{\"@id\":\"https:\/\/www.confagricoltura.org\/piacenza\/#website\"},\"primaryImageOfPage\":{\"@id\":\"https:\/\/www.confagricoltura.org\/piacenza\/elena-cattaneo-a-cena-con-la-scienza-porta-in-tavola-sapere-e-umanita\/#primaryimage\"},\"image\":{\"@id\":\"https:\/\/www.confagricoltura.org\/piacenza\/elena-cattaneo-a-cena-con-la-scienza-porta-in-tavola-sapere-e-umanita\/#primaryimage\"},\"thumbnailUrl\":\"https:\/\/www.confagricoltura.org\/piacenza\/wp-content\/uploads\/sites\/11\/2021\/09\/Bisagni-Lodigiani-Cattaneo-Casagrande.jpg\",\"datePublished\":\"2021-09-14T10:23:01+00:00\",\"dateModified\":\"2021-09-24T06:55:53+00:00\",\"author\":{\"@id\":\"https:\/\/www.confagricoltura.org\/piacenza\/#\/schema\/person\/be5da25a3117fea4b3bfec9dba09b5e8\"},\"breadcrumb\":{\"@id\":\"https:\/\/www.confagricoltura.org\/piacenza\/elena-cattaneo-a-cena-con-la-scienza-porta-in-tavola-sapere-e-umanita\/#breadcrumb\"},\"inLanguage\":\"it-IT\",\"potentialAction\":[{\"@type\":\"ReadAction\",\"target\":[\"https:\/\/www.confagricoltura.org\/piacenza\/elena-cattaneo-a-cena-con-la-scienza-porta-in-tavola-sapere-e-umanita\/\"]}]},{\"@type\":\"ImageObject\",\"inLanguage\":\"it-IT\",\"@id\":\"https:\/\/www.confagricoltura.org\/piacenza\/elena-cattaneo-a-cena-con-la-scienza-porta-in-tavola-sapere-e-umanita\/#primaryimage\",\"url\":\"https:\/\/www.confagricoltura.org\/piacenza\/wp-content\/uploads\/sites\/11\/2021\/09\/Bisagni-Lodigiani-Cattaneo-Casagrande.jpg\",\"contentUrl\":\"https:\/\/www.confagricoltura.org\/piacenza\/wp-content\/uploads\/sites\/11\/2021\/09\/Bisagni-Lodigiani-Cattaneo-Casagrande.jpg\",\"width\":1417,\"height\":1063},{\"@type\":\"BreadcrumbList\",\"@id\":\"https:\/\/www.confagricoltura.org\/piacenza\/elena-cattaneo-a-cena-con-la-scienza-porta-in-tavola-sapere-e-umanita\/#breadcrumb\",\"itemListElement\":[{\"@type\":\"ListItem\",\"position\":1,\"name\":\"Home\",\"item\":\"https:\/\/www.confagricoltura.org\/piacenza\/\"},{\"@type\":\"ListItem\",\"position\":2,\"name\":\"Elena Cattaneo A cena con la scienza porta in tavola sapere e umanit\u00e0\"}]},{\"@type\":\"WebSite\",\"@id\":\"https:\/\/www.confagricoltura.org\/piacenza\/#website\",\"url\":\"https:\/\/www.confagricoltura.org\/piacenza\/\",\"name\":\"Confagricoltura Piacenza\",\"description\":\"Dalla parte degli Agricoltori\",\"potentialAction\":[{\"@type\":\"SearchAction\",\"target\":{\"@type\":\"EntryPoint\",\"urlTemplate\":\"https:\/\/www.confagricoltura.org\/piacenza\/?s={search_term_string}\"},\"query-input\":{\"@type\":\"PropertyValueSpecification\",\"valueRequired\":true,\"valueName\":\"search_term_string\"}}],\"inLanguage\":\"it-IT\"},{\"@type\":\"Person\",\"@id\":\"https:\/\/www.confagricoltura.org\/piacenza\/#\/schema\/person\/be5da25a3117fea4b3bfec9dba09b5e8\",\"name\":\"confagricolturapiacenza\",\"image\":{\"@type\":\"ImageObject\",\"inLanguage\":\"it-IT\",\"@id\":\"https:\/\/www.confagricoltura.org\/piacenza\/#\/schema\/person\/image\/\",\"url\":\"https:\/\/secure.gravatar.com\/avatar\/9c5f111e417171581853bd0a3ff892ca?s=96&d=mm&r=g\",\"contentUrl\":\"https:\/\/secure.gravatar.com\/avatar\/9c5f111e417171581853bd0a3ff892ca?s=96&d=mm&r=g\",\"caption\":\"confagricolturapiacenza\"},\"url\":\"https:\/\/www.confagricoltura.org\/piacenza\/author\/confagricolturapiacenza\/\"}]}<\/script>\n<!-- \/ Yoast SEO plugin. -->","yoast_head_json":{"title":"Elena Cattaneo A cena con la scienza porta in tavola sapere e umanit\u00e0 - Confagricoltura Piacenza","robots":{"index":"index","follow":"follow","max-snippet":"max-snippet:-1","max-image-preview":"max-image-preview:large","max-video-preview":"max-video-preview:-1"},"canonical":"https:\/\/www.confagricoltura.org\/piacenza\/elena-cattaneo-a-cena-con-la-scienza-porta-in-tavola-sapere-e-umanita\/","og_locale":"it_IT","og_type":"article","og_title":"Elena Cattaneo A cena con la scienza porta in tavola sapere e umanit\u00e0 - Confagricoltura Piacenza","og_description":"Bisagni, Lodigiani, Cattaneo e Casagrande. Oltre cento persone a Battibue per l\u2019appuntamento di Agriturist e Confagricoltura","og_url":"https:\/\/www.confagricoltura.org\/piacenza\/elena-cattaneo-a-cena-con-la-scienza-porta-in-tavola-sapere-e-umanita\/","og_site_name":"Confagricoltura Piacenza","article_published_time":"2021-09-14T10:23:01+00:00","article_modified_time":"2021-09-24T06:55:53+00:00","og_image":[{"width":1417,"height":1063,"url":"https:\/\/www.confagricoltura.org\/piacenza\/wp-content\/uploads\/sites\/11\/2021\/09\/Bisagni-Lodigiani-Cattaneo-Casagrande.jpg","type":"image\/jpeg"}],"author":"confagricolturapiacenza","twitter_card":"summary_large_image","twitter_misc":{"Scritto da":"confagricolturapiacenza","Tempo di lettura stimato":"3 minuti"},"schema":{"@context":"https:\/\/schema.org","@graph":[{"@type":"Article","@id":"https:\/\/www.confagricoltura.org\/piacenza\/elena-cattaneo-a-cena-con-la-scienza-porta-in-tavola-sapere-e-umanita\/#article","isPartOf":{"@id":"https:\/\/www.confagricoltura.org\/piacenza\/elena-cattaneo-a-cena-con-la-scienza-porta-in-tavola-sapere-e-umanita\/"},"author":{"name":"confagricolturapiacenza","@id":"https:\/\/www.confagricoltura.org\/piacenza\/#\/schema\/person\/be5da25a3117fea4b3bfec9dba09b5e8"},"headline":"Elena Cattaneo A cena con la scienza porta in tavola sapere e umanit\u00e0","datePublished":"2021-09-14T10:23:01+00:00","dateModified":"2021-09-24T06:55:53+00:00","mainEntityOfPage":{"@id":"https:\/\/www.confagricoltura.org\/piacenza\/elena-cattaneo-a-cena-con-la-scienza-porta-in-tavola-sapere-e-umanita\/"},"wordCount":702,"image":{"@id":"https:\/\/www.confagricoltura.org\/piacenza\/elena-cattaneo-a-cena-con-la-scienza-porta-in-tavola-sapere-e-umanita\/#primaryimage"},"thumbnailUrl":"https:\/\/www.confagricoltura.org\/piacenza\/wp-content\/uploads\/sites\/11\/2021\/09\/Bisagni-Lodigiani-Cattaneo-Casagrande.jpg","keywords":["A CENA CON LA SCIENZA"],"articleSection":["Eventi","News"],"inLanguage":"it-IT"},{"@type":"WebPage","@id":"https:\/\/www.confagricoltura.org\/piacenza\/elena-cattaneo-a-cena-con-la-scienza-porta-in-tavola-sapere-e-umanita\/","url":"https:\/\/www.confagricoltura.org\/piacenza\/elena-cattaneo-a-cena-con-la-scienza-porta-in-tavola-sapere-e-umanita\/","name":"Elena Cattaneo A cena con la scienza porta in tavola sapere e umanit\u00e0 - Confagricoltura Piacenza","isPartOf":{"@id":"https:\/\/www.confagricoltura.org\/piacenza\/#website"},"primaryImageOfPage":{"@id":"https:\/\/www.confagricoltura.org\/piacenza\/elena-cattaneo-a-cena-con-la-scienza-porta-in-tavola-sapere-e-umanita\/#primaryimage"},"image":{"@id":"https:\/\/www.confagricoltura.org\/piacenza\/elena-cattaneo-a-cena-con-la-scienza-porta-in-tavola-sapere-e-umanita\/#primaryimage"},"thumbnailUrl":"https:\/\/www.confagricoltura.org\/piacenza\/wp-content\/uploads\/sites\/11\/2021\/09\/Bisagni-Lodigiani-Cattaneo-Casagrande.jpg","datePublished":"2021-09-14T10:23:01+00:00","dateModified":"2021-09-24T06:55:53+00:00","author":{"@id":"https:\/\/www.confagricoltura.org\/piacenza\/#\/schema\/person\/be5da25a3117fea4b3bfec9dba09b5e8"},"breadcrumb":{"@id":"https:\/\/www.confagricoltura.org\/piacenza\/elena-cattaneo-a-cena-con-la-scienza-porta-in-tavola-sapere-e-umanita\/#breadcrumb"},"inLanguage":"it-IT","potentialAction":[{"@type":"ReadAction","target":["https:\/\/www.confagricoltura.org\/piacenza\/elena-cattaneo-a-cena-con-la-scienza-porta-in-tavola-sapere-e-umanita\/"]}]},{"@type":"ImageObject","inLanguage":"it-IT","@id":"https:\/\/www.confagricoltura.org\/piacenza\/elena-cattaneo-a-cena-con-la-scienza-porta-in-tavola-sapere-e-umanita\/#primaryimage","url":"https:\/\/www.confagricoltura.org\/piacenza\/wp-content\/uploads\/sites\/11\/2021\/09\/Bisagni-Lodigiani-Cattaneo-Casagrande.jpg","contentUrl":"https:\/\/www.confagricoltura.org\/piacenza\/wp-content\/uploads\/sites\/11\/2021\/09\/Bisagni-Lodigiani-Cattaneo-Casagrande.jpg","width":1417,"height":1063},{"@type":"BreadcrumbList","@id":"https:\/\/www.confagricoltura.org\/piacenza\/elena-cattaneo-a-cena-con-la-scienza-porta-in-tavola-sapere-e-umanita\/#breadcrumb","itemListElement":[{"@type":"ListItem","position":1,"name":"Home","item":"https:\/\/www.confagricoltura.org\/piacenza\/"},{"@type":"ListItem","position":2,"name":"Elena Cattaneo A cena con la scienza porta in tavola sapere e umanit\u00e0"}]},{"@type":"WebSite","@id":"https:\/\/www.confagricoltura.org\/piacenza\/#website","url":"https:\/\/www.confagricoltura.org\/piacenza\/","name":"Confagricoltura Piacenza","description":"Dalla parte degli Agricoltori","potentialAction":[{"@type":"SearchAction","target":{"@type":"EntryPoint","urlTemplate":"https:\/\/www.confagricoltura.org\/piacenza\/?s={search_term_string}"},"query-input":{"@type":"PropertyValueSpecification","valueRequired":true,"valueName":"search_term_string"}}],"inLanguage":"it-IT"},{"@type":"Person","@id":"https:\/\/www.confagricoltura.org\/piacenza\/#\/schema\/person\/be5da25a3117fea4b3bfec9dba09b5e8","name":"confagricolturapiacenza","image":{"@type":"ImageObject","inLanguage":"it-IT","@id":"https:\/\/www.confagricoltura.org\/piacenza\/#\/schema\/person\/image\/","url":"https:\/\/secure.gravatar.com\/avatar\/9c5f111e417171581853bd0a3ff892ca?s=96&d=mm&r=g","contentUrl":"https:\/\/secure.gravatar.com\/avatar\/9c5f111e417171581853bd0a3ff892ca?s=96&d=mm&r=g","caption":"confagricolturapiacenza"},"url":"https:\/\/www.confagricoltura.org\/piacenza\/author\/confagricolturapiacenza\/"}]}},"_links":{"self":[{"href":"https:\/\/www.confagricoltura.org\/piacenza\/wp-json\/wp\/v2\/posts\/3468","targetHints":{"allow":["GET"]}}],"collection":[{"href":"https:\/\/www.confagricoltura.org\/piacenza\/wp-json\/wp\/v2\/posts"}],"about":[{"href":"https:\/\/www.confagricoltura.org\/piacenza\/wp-json\/wp\/v2\/types\/post"}],"author":[{"embeddable":true,"href":"https:\/\/www.confagricoltura.org\/piacenza\/wp-json\/wp\/v2\/users\/6"}],"replies":[{"embeddable":true,"href":"https:\/\/www.confagricoltura.org\/piacenza\/wp-json\/wp\/v2\/comments?post=3468"}],"version-history":[{"count":3,"href":"https:\/\/www.confagricoltura.org\/piacenza\/wp-json\/wp\/v2\/posts\/3468\/revisions"}],"predecessor-version":[{"id":3477,"href":"https:\/\/www.confagricoltura.org\/piacenza\/wp-json\/wp\/v2\/posts\/3468\/revisions\/3477"}],"wp:featuredmedia":[{"embeddable":true,"href":"https:\/\/www.confagricoltura.org\/piacenza\/wp-json\/wp\/v2\/media\/3469"}],"wp:attachment":[{"href":"https:\/\/www.confagricoltura.org\/piacenza\/wp-json\/wp\/v2\/media?parent=3468"}],"wp:term":[{"taxonomy":"category","embeddable":true,"href":"https:\/\/www.confagricoltura.org\/piacenza\/wp-json\/wp\/v2\/categories?post=3468"},{"taxonomy":"post_tag","embeddable":true,"href":"https:\/\/www.confagricoltura.org\/piacenza\/wp-json\/wp\/v2\/tags?post=3468"}],"curies":[{"name":"wp","href":"https:\/\/api.w.org\/{rel}","templated":true}]}}