{"id":3432,"date":"2021-07-30T13:17:15","date_gmt":"2021-07-30T11:17:15","guid":{"rendered":"https:\/\/www.confagricoltura.org\/piacenza\/?p=3432"},"modified":"2021-07-30T13:17:17","modified_gmt":"2021-07-30T11:17:17","slug":"giovanna-parmigiani-componente-del-consiglio-anbi","status":"publish","type":"post","link":"https:\/\/www.confagricoltura.org\/piacenza\/giovanna-parmigiani-componente-del-consiglio-anbi\/","title":{"rendered":"Giovanna Parmigiani componente del consiglio ANBI"},"content":{"rendered":"\n<p>La piacentina Giovanna Parmigiani, gi\u00e0 membro di giunta nazionale di Confagricoltura, \u00e8 stata nominata nei giorni scorsi componente del Consiglio direttivo dell\u2019ANBI &#8211; Associazione Nazionale dei Consorzi per la Gestione e la Tutela del Territorio e delle Acque Irrigue che in occasione dell\u2019assemblea ha rinnovato i propri organi. L\u2019importante riconoscimento, ottenuto in quanto esperta sul tema della gestione della risorsa idrica, avvalora le gi\u00e0 comprovate competenze dell\u2019imprenditrice che in Giunta confederale ha delega per tutte le tematiche ambientali. \u201cL\u2019accesso all\u2019acqua \u00e8 vitale sia per l\u2019agricoltura che per la societ\u00e0 civile \u2013 ha commentato Giovanna Parmigiani \u2013 da anni Confagricoltura nazionale chiede un piano idrico che tenga conto dei diversificati fabbisogni dei territori. Le aziende hanno compiuto enormi passi avanti per una razionale gestione dell\u2019oro blu, ma ancora oggi si confrontano con normative obsolete, pensate a livello europeo e mal calate sulla specifica situazione del nostro Paese e soprattutto con la mancanza di un piano infrastrutture adeguato\u201d.<\/p>\n\n\n\n<p>\u201cCongratulazioni a Giovanna che \u00e8 una collega e un\u2019amica \u2013 commenta il presidente di Confagricoltura Piacenza, Filippo Gasparini -. Congratulazioni anche a nome di tutta l\u2019associazione piacentina da cui \u00e8 iniziata la sua carriera sindacale. Grazie alle battaglie che abbiamo combattuto lavorando insieme e in sinergia con gli altri stakeholder, oggi a Piacenza non \u00e8 pi\u00f9 un tab\u00f9 parlare di dighe. La nomina di Giovanna Parmigiani \u2013 prosegue Gasparini &#8211; arriva in un momento in cui l\u2019acqua per i campi viene centellinata con un sistema a semaforo, ovviato da deroghe per l\u2019irrigazione di soccorso. L\u2019agricoltura fa la sua parte, ma noi chiediamo che a tutti i livelli il problema della gestione della risorsa idrica, che \u00e8 fondamentale per assicurare la capacit\u00e0 produttiva delle aziende agricole, venga affrontato nei tavoli opportuni e vengano portate soluzioni adeguate a partire da analisi fattuali. Perch\u00e9 oggi sull\u2019acqua c\u2019\u00e8 uno scontro ideologico che genera immobilismo e ostacola ogni progettualit\u00e0 propositiva indipendentemente dall\u2019uso che se ne vorrebbe fare.&nbsp; Congratulazioni, dunque e buon lavoro\u201d.<\/p>\n\n\n\n<p>Insieme a Giovanna Parmigiani, Confagricoltura esprime anche il vicepresidente Vittorio Viora, gi\u00e0 presidente di Confagricoltura Torino, Confagricoltura Piemonte e componente della Giunta nazionale di Confagricoltura.<\/p>\n\n\n\n<p>Gli altri due vicepresidenti sono Vito Busillo (Campania) e Stefano Calderoni (Emilia Romagna), affiancheranno il presidente Francesco Vincenzi di Modena confermato al vertice dell\u2019associazione.<\/p>\n","protected":false},"excerpt":{"rendered":"<p>Gasparini: Congratulazioni. Continueremo a lavorare uniti per rivendicare la centralit\u00e0 dell\u2019uso irriguo dell\u2019acqua.  <\/p>\n","protected":false},"author":6,"featured_media":3433,"comment_status":"closed","ping_status":"closed","sticky":false,"template":"","format":"standard","meta":{"wp_mapbox_gl_js_media":[],"footnotes":""},"categories":[21,4],"tags":[381],"class_list":["post-3432","post","type-post","status-publish","format-standard","has-post-thumbnail","hentry","category-eventi","category-news","tag-parmigiani"],"yoast_head":"<!-- This site is optimized with the Yoast SEO plugin v26.8 - https:\/\/yoast.com\/product\/yoast-seo-wordpress\/ -->\n<title>Giovanna Parmigiani componente del consiglio ANBI - Confagricoltura Piacenza<\/title>\n<meta name=\"robots\" content=\"index, follow, max-snippet:-1, max-image-preview:large, max-video-preview:-1\" \/>\n<link rel=\"canonical\" href=\"https:\/\/www.confagricoltura.org\/piacenza\/giovanna-parmigiani-componente-del-consiglio-anbi\/\" \/>\n<meta property=\"og:locale\" content=\"it_IT\" \/>\n<meta property=\"og:type\" content=\"article\" \/>\n<meta property=\"og:title\" content=\"Giovanna Parmigiani componente del consiglio ANBI - Confagricoltura Piacenza\" \/>\n<meta property=\"og:description\" content=\"Gasparini: Congratulazioni. Continueremo a lavorare uniti per rivendicare la centralit\u00e0 dell\u2019uso irriguo dell\u2019acqua.\" \/>\n<meta property=\"og:url\" content=\"https:\/\/www.confagricoltura.org\/piacenza\/giovanna-parmigiani-componente-del-consiglio-anbi\/\" \/>\n<meta property=\"og:site_name\" content=\"Confagricoltura Piacenza\" \/>\n<meta property=\"article:published_time\" content=\"2021-07-30T11:17:15+00:00\" \/>\n<meta property=\"article:modified_time\" content=\"2021-07-30T11:17:17+00:00\" \/>\n<meta property=\"og:image\" content=\"https:\/\/www.confagricoltura.org\/piacenza\/wp-content\/uploads\/sites\/11\/2021\/07\/Giovanna-Parmigiani-scaled.jpg\" \/>\n\t<meta property=\"og:image:width\" content=\"1703\" \/>\n\t<meta property=\"og:image:height\" content=\"2560\" \/>\n\t<meta property=\"og:image:type\" content=\"image\/jpeg\" \/>\n<meta name=\"author\" content=\"confagricolturapiacenza\" \/>\n<meta name=\"twitter:card\" content=\"summary_large_image\" \/>\n<meta name=\"twitter:label1\" content=\"Scritto da\" \/>\n\t<meta name=\"twitter:data1\" content=\"confagricolturapiacenza\" \/>\n\t<meta name=\"twitter:label2\" content=\"Tempo di lettura stimato\" \/>\n\t<meta name=\"twitter:data2\" content=\"2 minuti\" \/>\n<script type=\"application\/ld+json\" class=\"yoast-schema-graph\">{\"@context\":\"https:\/\/schema.org\",\"@graph\":[{\"@type\":\"Article\",\"@id\":\"https:\/\/www.confagricoltura.org\/piacenza\/giovanna-parmigiani-componente-del-consiglio-anbi\/#article\",\"isPartOf\":{\"@id\":\"https:\/\/www.confagricoltura.org\/piacenza\/giovanna-parmigiani-componente-del-consiglio-anbi\/\"},\"author\":{\"name\":\"confagricolturapiacenza\",\"@id\":\"https:\/\/www.confagricoltura.org\/piacenza\/#\/schema\/person\/be5da25a3117fea4b3bfec9dba09b5e8\"},\"headline\":\"Giovanna Parmigiani componente del consiglio ANBI\",\"datePublished\":\"2021-07-30T11:17:15+00:00\",\"dateModified\":\"2021-07-30T11:17:17+00:00\",\"mainEntityOfPage\":{\"@id\":\"https:\/\/www.confagricoltura.org\/piacenza\/giovanna-parmigiani-componente-del-consiglio-anbi\/\"},\"wordCount\":385,\"image\":{\"@id\":\"https:\/\/www.confagricoltura.org\/piacenza\/giovanna-parmigiani-componente-del-consiglio-anbi\/#primaryimage\"},\"thumbnailUrl\":\"https:\/\/www.confagricoltura.org\/piacenza\/wp-content\/uploads\/sites\/11\/2021\/07\/Giovanna-Parmigiani-scaled.jpg\",\"keywords\":[\"Parmigiani\"],\"articleSection\":[\"Eventi\",\"News\"],\"inLanguage\":\"it-IT\"},{\"@type\":\"WebPage\",\"@id\":\"https:\/\/www.confagricoltura.org\/piacenza\/giovanna-parmigiani-componente-del-consiglio-anbi\/\",\"url\":\"https:\/\/www.confagricoltura.org\/piacenza\/giovanna-parmigiani-componente-del-consiglio-anbi\/\",\"name\":\"Giovanna Parmigiani componente del consiglio ANBI - Confagricoltura Piacenza\",\"isPartOf\":{\"@id\":\"https:\/\/www.confagricoltura.org\/piacenza\/#website\"},\"primaryImageOfPage\":{\"@id\":\"https:\/\/www.confagricoltura.org\/piacenza\/giovanna-parmigiani-componente-del-consiglio-anbi\/#primaryimage\"},\"image\":{\"@id\":\"https:\/\/www.confagricoltura.org\/piacenza\/giovanna-parmigiani-componente-del-consiglio-anbi\/#primaryimage\"},\"thumbnailUrl\":\"https:\/\/www.confagricoltura.org\/piacenza\/wp-content\/uploads\/sites\/11\/2021\/07\/Giovanna-Parmigiani-scaled.jpg\",\"datePublished\":\"2021-07-30T11:17:15+00:00\",\"dateModified\":\"2021-07-30T11:17:17+00:00\",\"author\":{\"@id\":\"https:\/\/www.confagricoltura.org\/piacenza\/#\/schema\/person\/be5da25a3117fea4b3bfec9dba09b5e8\"},\"breadcrumb\":{\"@id\":\"https:\/\/www.confagricoltura.org\/piacenza\/giovanna-parmigiani-componente-del-consiglio-anbi\/#breadcrumb\"},\"inLanguage\":\"it-IT\",\"potentialAction\":[{\"@type\":\"ReadAction\",\"target\":[\"https:\/\/www.confagricoltura.org\/piacenza\/giovanna-parmigiani-componente-del-consiglio-anbi\/\"]}]},{\"@type\":\"ImageObject\",\"inLanguage\":\"it-IT\",\"@id\":\"https:\/\/www.confagricoltura.org\/piacenza\/giovanna-parmigiani-componente-del-consiglio-anbi\/#primaryimage\",\"url\":\"https:\/\/www.confagricoltura.org\/piacenza\/wp-content\/uploads\/sites\/11\/2021\/07\/Giovanna-Parmigiani-scaled.jpg\",\"contentUrl\":\"https:\/\/www.confagricoltura.org\/piacenza\/wp-content\/uploads\/sites\/11\/2021\/07\/Giovanna-Parmigiani-scaled.jpg\",\"width\":1703,\"height\":2560},{\"@type\":\"BreadcrumbList\",\"@id\":\"https:\/\/www.confagricoltura.org\/piacenza\/giovanna-parmigiani-componente-del-consiglio-anbi\/#breadcrumb\",\"itemListElement\":[{\"@type\":\"ListItem\",\"position\":1,\"name\":\"Home\",\"item\":\"https:\/\/www.confagricoltura.org\/piacenza\/\"},{\"@type\":\"ListItem\",\"position\":2,\"name\":\"Giovanna Parmigiani componente del consiglio ANBI\"}]},{\"@type\":\"WebSite\",\"@id\":\"https:\/\/www.confagricoltura.org\/piacenza\/#website\",\"url\":\"https:\/\/www.confagricoltura.org\/piacenza\/\",\"name\":\"Confagricoltura Piacenza\",\"description\":\"Dalla parte degli Agricoltori\",\"potentialAction\":[{\"@type\":\"SearchAction\",\"target\":{\"@type\":\"EntryPoint\",\"urlTemplate\":\"https:\/\/www.confagricoltura.org\/piacenza\/?s={search_term_string}\"},\"query-input\":{\"@type\":\"PropertyValueSpecification\",\"valueRequired\":true,\"valueName\":\"search_term_string\"}}],\"inLanguage\":\"it-IT\"},{\"@type\":\"Person\",\"@id\":\"https:\/\/www.confagricoltura.org\/piacenza\/#\/schema\/person\/be5da25a3117fea4b3bfec9dba09b5e8\",\"name\":\"confagricolturapiacenza\",\"image\":{\"@type\":\"ImageObject\",\"inLanguage\":\"it-IT\",\"@id\":\"https:\/\/www.confagricoltura.org\/piacenza\/#\/schema\/person\/image\/\",\"url\":\"https:\/\/secure.gravatar.com\/avatar\/9c5f111e417171581853bd0a3ff892ca?s=96&d=mm&r=g\",\"contentUrl\":\"https:\/\/secure.gravatar.com\/avatar\/9c5f111e417171581853bd0a3ff892ca?s=96&d=mm&r=g\",\"caption\":\"confagricolturapiacenza\"},\"url\":\"https:\/\/www.confagricoltura.org\/piacenza\/author\/confagricolturapiacenza\/\"}]}<\/script>\n<!-- \/ Yoast SEO plugin. -->","yoast_head_json":{"title":"Giovanna Parmigiani componente del consiglio ANBI - Confagricoltura Piacenza","robots":{"index":"index","follow":"follow","max-snippet":"max-snippet:-1","max-image-preview":"max-image-preview:large","max-video-preview":"max-video-preview:-1"},"canonical":"https:\/\/www.confagricoltura.org\/piacenza\/giovanna-parmigiani-componente-del-consiglio-anbi\/","og_locale":"it_IT","og_type":"article","og_title":"Giovanna Parmigiani componente del consiglio ANBI - Confagricoltura Piacenza","og_description":"Gasparini: Congratulazioni. Continueremo a lavorare uniti per rivendicare la centralit\u00e0 dell\u2019uso irriguo dell\u2019acqua.","og_url":"https:\/\/www.confagricoltura.org\/piacenza\/giovanna-parmigiani-componente-del-consiglio-anbi\/","og_site_name":"Confagricoltura Piacenza","article_published_time":"2021-07-30T11:17:15+00:00","article_modified_time":"2021-07-30T11:17:17+00:00","og_image":[{"width":1703,"height":2560,"url":"https:\/\/www.confagricoltura.org\/piacenza\/wp-content\/uploads\/sites\/11\/2021\/07\/Giovanna-Parmigiani-scaled.jpg","type":"image\/jpeg"}],"author":"confagricolturapiacenza","twitter_card":"summary_large_image","twitter_misc":{"Scritto da":"confagricolturapiacenza","Tempo di lettura stimato":"2 minuti"},"schema":{"@context":"https:\/\/schema.org","@graph":[{"@type":"Article","@id":"https:\/\/www.confagricoltura.org\/piacenza\/giovanna-parmigiani-componente-del-consiglio-anbi\/#article","isPartOf":{"@id":"https:\/\/www.confagricoltura.org\/piacenza\/giovanna-parmigiani-componente-del-consiglio-anbi\/"},"author":{"name":"confagricolturapiacenza","@id":"https:\/\/www.confagricoltura.org\/piacenza\/#\/schema\/person\/be5da25a3117fea4b3bfec9dba09b5e8"},"headline":"Giovanna Parmigiani componente del consiglio ANBI","datePublished":"2021-07-30T11:17:15+00:00","dateModified":"2021-07-30T11:17:17+00:00","mainEntityOfPage":{"@id":"https:\/\/www.confagricoltura.org\/piacenza\/giovanna-parmigiani-componente-del-consiglio-anbi\/"},"wordCount":385,"image":{"@id":"https:\/\/www.confagricoltura.org\/piacenza\/giovanna-parmigiani-componente-del-consiglio-anbi\/#primaryimage"},"thumbnailUrl":"https:\/\/www.confagricoltura.org\/piacenza\/wp-content\/uploads\/sites\/11\/2021\/07\/Giovanna-Parmigiani-scaled.jpg","keywords":["Parmigiani"],"articleSection":["Eventi","News"],"inLanguage":"it-IT"},{"@type":"WebPage","@id":"https:\/\/www.confagricoltura.org\/piacenza\/giovanna-parmigiani-componente-del-consiglio-anbi\/","url":"https:\/\/www.confagricoltura.org\/piacenza\/giovanna-parmigiani-componente-del-consiglio-anbi\/","name":"Giovanna Parmigiani componente del consiglio ANBI - Confagricoltura Piacenza","isPartOf":{"@id":"https:\/\/www.confagricoltura.org\/piacenza\/#website"},"primaryImageOfPage":{"@id":"https:\/\/www.confagricoltura.org\/piacenza\/giovanna-parmigiani-componente-del-consiglio-anbi\/#primaryimage"},"image":{"@id":"https:\/\/www.confagricoltura.org\/piacenza\/giovanna-parmigiani-componente-del-consiglio-anbi\/#primaryimage"},"thumbnailUrl":"https:\/\/www.confagricoltura.org\/piacenza\/wp-content\/uploads\/sites\/11\/2021\/07\/Giovanna-Parmigiani-scaled.jpg","datePublished":"2021-07-30T11:17:15+00:00","dateModified":"2021-07-30T11:17:17+00:00","author":{"@id":"https:\/\/www.confagricoltura.org\/piacenza\/#\/schema\/person\/be5da25a3117fea4b3bfec9dba09b5e8"},"breadcrumb":{"@id":"https:\/\/www.confagricoltura.org\/piacenza\/giovanna-parmigiani-componente-del-consiglio-anbi\/#breadcrumb"},"inLanguage":"it-IT","potentialAction":[{"@type":"ReadAction","target":["https:\/\/www.confagricoltura.org\/piacenza\/giovanna-parmigiani-componente-del-consiglio-anbi\/"]}]},{"@type":"ImageObject","inLanguage":"it-IT","@id":"https:\/\/www.confagricoltura.org\/piacenza\/giovanna-parmigiani-componente-del-consiglio-anbi\/#primaryimage","url":"https:\/\/www.confagricoltura.org\/piacenza\/wp-content\/uploads\/sites\/11\/2021\/07\/Giovanna-Parmigiani-scaled.jpg","contentUrl":"https:\/\/www.confagricoltura.org\/piacenza\/wp-content\/uploads\/sites\/11\/2021\/07\/Giovanna-Parmigiani-scaled.jpg","width":1703,"height":2560},{"@type":"BreadcrumbList","@id":"https:\/\/www.confagricoltura.org\/piacenza\/giovanna-parmigiani-componente-del-consiglio-anbi\/#breadcrumb","itemListElement":[{"@type":"ListItem","position":1,"name":"Home","item":"https:\/\/www.confagricoltura.org\/piacenza\/"},{"@type":"ListItem","position":2,"name":"Giovanna Parmigiani componente del consiglio ANBI"}]},{"@type":"WebSite","@id":"https:\/\/www.confagricoltura.org\/piacenza\/#website","url":"https:\/\/www.confagricoltura.org\/piacenza\/","name":"Confagricoltura Piacenza","description":"Dalla parte degli Agricoltori","potentialAction":[{"@type":"SearchAction","target":{"@type":"EntryPoint","urlTemplate":"https:\/\/www.confagricoltura.org\/piacenza\/?s={search_term_string}"},"query-input":{"@type":"PropertyValueSpecification","valueRequired":true,"valueName":"search_term_string"}}],"inLanguage":"it-IT"},{"@type":"Person","@id":"https:\/\/www.confagricoltura.org\/piacenza\/#\/schema\/person\/be5da25a3117fea4b3bfec9dba09b5e8","name":"confagricolturapiacenza","image":{"@type":"ImageObject","inLanguage":"it-IT","@id":"https:\/\/www.confagricoltura.org\/piacenza\/#\/schema\/person\/image\/","url":"https:\/\/secure.gravatar.com\/avatar\/9c5f111e417171581853bd0a3ff892ca?s=96&d=mm&r=g","contentUrl":"https:\/\/secure.gravatar.com\/avatar\/9c5f111e417171581853bd0a3ff892ca?s=96&d=mm&r=g","caption":"confagricolturapiacenza"},"url":"https:\/\/www.confagricoltura.org\/piacenza\/author\/confagricolturapiacenza\/"}]}},"_links":{"self":[{"href":"https:\/\/www.confagricoltura.org\/piacenza\/wp-json\/wp\/v2\/posts\/3432","targetHints":{"allow":["GET"]}}],"collection":[{"href":"https:\/\/www.confagricoltura.org\/piacenza\/wp-json\/wp\/v2\/posts"}],"about":[{"href":"https:\/\/www.confagricoltura.org\/piacenza\/wp-json\/wp\/v2\/types\/post"}],"author":[{"embeddable":true,"href":"https:\/\/www.confagricoltura.org\/piacenza\/wp-json\/wp\/v2\/users\/6"}],"replies":[{"embeddable":true,"href":"https:\/\/www.confagricoltura.org\/piacenza\/wp-json\/wp\/v2\/comments?post=3432"}],"version-history":[{"count":1,"href":"https:\/\/www.confagricoltura.org\/piacenza\/wp-json\/wp\/v2\/posts\/3432\/revisions"}],"predecessor-version":[{"id":3434,"href":"https:\/\/www.confagricoltura.org\/piacenza\/wp-json\/wp\/v2\/posts\/3432\/revisions\/3434"}],"wp:featuredmedia":[{"embeddable":true,"href":"https:\/\/www.confagricoltura.org\/piacenza\/wp-json\/wp\/v2\/media\/3433"}],"wp:attachment":[{"href":"https:\/\/www.confagricoltura.org\/piacenza\/wp-json\/wp\/v2\/media?parent=3432"}],"wp:term":[{"taxonomy":"category","embeddable":true,"href":"https:\/\/www.confagricoltura.org\/piacenza\/wp-json\/wp\/v2\/categories?post=3432"},{"taxonomy":"post_tag","embeddable":true,"href":"https:\/\/www.confagricoltura.org\/piacenza\/wp-json\/wp\/v2\/tags?post=3432"}],"curies":[{"name":"wp","href":"https:\/\/api.w.org\/{rel}","templated":true}]}}