{"id":3415,"date":"2021-07-19T13:47:59","date_gmt":"2021-07-19T11:47:59","guid":{"rendered":"https:\/\/www.confagricoltura.org\/piacenza\/?p=3415"},"modified":"2021-07-19T13:54:37","modified_gmt":"2021-07-19T11:54:37","slug":"convocata-la-sezione-vitivinicola-di-confagricoltura-piacenza","status":"publish","type":"post","link":"https:\/\/www.confagricoltura.org\/piacenza\/convocata-la-sezione-vitivinicola-di-confagricoltura-piacenza\/","title":{"rendered":"Convocata la Sezione Vitivinicola di Confagricoltura Piacenza"},"content":{"rendered":"\n<p>La Sezione di prodotto Vitivinicola di Confagricoltura Piacenza si \u00e8 finalmente potuta riunire in presenza alcuni giorni fa presso la sala Visconti nella sede dell\u2019Associazione di Via Colombo. Diverse le tematiche all\u2019ordine del giorno della mattinata. \u201cAvremo a breve problemi relativi alle etichette \u2013 ha sottolineato Chiara Azzali, presidente della sezione di prodotto \u2013 sia per quanto riguarda le informazioni nutrizionali sia per quando riguarda i codici relativi allo smaltimento delle varie parti delle confezioni del prodotto: tappo, bottiglia e persino i nastri che chiudono i pacchi. Per questo ci teniamo ad informare tutti i produttori invitandoli alla prudenza con gli ordini di magazzino, perch\u00e9 rischiamo di mettere in cantina etichette e imballaggi che saranno nel giro di qualche mese superati dalle nuove norme\u201d. All\u2019ordine del giorno anche proposte di azioni sindacali per contenere le complicazioni in vista per il rispetto delle informazioni nutrizionali. \u201cAvrebbe senso \u2013 hanno convenuto i presenti &#8211; indicare in etichetta valori nutrizionali medi sulla base dell\u2019alcool complessivo dei vini, invece della malaugurata ipotesi di dover riportare costose e inutili analisi puntuali\u201d. \u00c8 dunque intervenuto Stefano Pizzamiglio che ha condiviso il percorso che i produttori stanno portando avanti all\u2019interno del Consorzio Tutela Vini DOC Colli Piacentini per arrivare a una ridefinizione dei disciplinari di produzione delle doc. \u201cSi tratta di un lavoro, allargato anche ai non soci, che dovr\u00e0 arrivare a definire disciplinari moderni, pi\u00f9 snelli, che tengano conto dei mutamenti del mercato e persino climatici, oltre che dei risultati dell\u2019indagine effettuata attraverso la somministrazione di questionari. Abbiamo recepito l\u2019esigenza di semplificare, fare ordine, aggiornare e la necessit\u00e0 di innalzare la quota altimetrica delle produzioni (proprio perch\u00e9 \u00e8 mutata la climatologia). \u00c8 un lavoro in corso \u2013 ha spiegato Pizzamiglio \u2013 che vede lavorare insieme universit\u00e0, produttori e Consorzio. A questo percorso, diciamo tecnico, si affianca quello legato alla promozione e alla comunicazione\u201d. Davide Valla \u00e8 intervenuto sottolineando l\u2019importanza dell\u2019azione corale guidata dal Consorzio Vini, ma a cui tutti sono chiamati a partecipare e a contribuire per arrivare ad avere una promozione coordinata dei vini e del territorio. I presenti &#8211; hanno partecipato all\u2019incontro anche Filippo Zerioli, Alberico Barattieri e Tiziano Camorali \u2013 hanno convenuto di organizzare in autunno, a fine vendemmia, altri incontri della sezione di prodotto, allagati a tutti i produttori vitivinicoli dell\u2019associazione, per affrontare insieme sia il tema dell\u2019aggiornamento del disciplinare che la ridefinizione delle strategie di comunicazione e promozione. \u201cCome gi\u00e0 avvenuto in passato \u2013 ha ricordato Zerioli \u2013 \u00e8 importante che tutti i produttori del territorio possano contribuire con suggerimenti e proposte\u201d. \u201cCertamente! \u2013 ha concluso Azzali \u2013 Le produzioni docg (che oggi mancano nella nostra provincia), doc e igt appartengono al territorio e ai suoi produttori\u201d.<\/p>\n","protected":false},"excerpt":{"rendered":"<p>Novit\u00e0 in arrivo per l\u2019etichettatura, progetti di promozione e incontri in programma dopo la vendemmia (foto del tavolo del relatori, da sin., Chiara Azzali, Stefano Pizzamiglio e Marco Casagrande)<\/p>\n","protected":false},"author":6,"featured_media":3416,"comment_status":"closed","ping_status":"closed","sticky":false,"template":"","format":"standard","meta":{"wp_mapbox_gl_js_media":[],"footnotes":""},"categories":[4,16],"tags":[379],"class_list":["post-3415","post","type-post","status-publish","format-standard","has-post-thumbnail","hentry","category-news","category-settore-vitivinicolo","tag-sezione-vitivinicola"],"yoast_head":"<!-- This site is optimized with the Yoast SEO plugin v26.8 - https:\/\/yoast.com\/product\/yoast-seo-wordpress\/ -->\n<title>Convocata la Sezione Vitivinicola di Confagricoltura Piacenza - Confagricoltura Piacenza<\/title>\n<meta name=\"robots\" content=\"index, follow, max-snippet:-1, max-image-preview:large, max-video-preview:-1\" \/>\n<link rel=\"canonical\" href=\"https:\/\/www.confagricoltura.org\/piacenza\/convocata-la-sezione-vitivinicola-di-confagricoltura-piacenza\/\" \/>\n<meta property=\"og:locale\" content=\"it_IT\" \/>\n<meta property=\"og:type\" content=\"article\" \/>\n<meta property=\"og:title\" content=\"Convocata la Sezione Vitivinicola di Confagricoltura Piacenza - Confagricoltura Piacenza\" \/>\n<meta property=\"og:description\" content=\"Novit\u00e0 in arrivo per l\u2019etichettatura, progetti di promozione e incontri in programma dopo la vendemmia (foto del tavolo del relatori, da sin., Chiara Azzali, Stefano Pizzamiglio e Marco Casagrande)\" \/>\n<meta property=\"og:url\" content=\"https:\/\/www.confagricoltura.org\/piacenza\/convocata-la-sezione-vitivinicola-di-confagricoltura-piacenza\/\" \/>\n<meta property=\"og:site_name\" content=\"Confagricoltura Piacenza\" \/>\n<meta property=\"article:published_time\" content=\"2021-07-19T11:47:59+00:00\" \/>\n<meta property=\"article:modified_time\" content=\"2021-07-19T11:54:37+00:00\" \/>\n<meta property=\"og:image\" content=\"https:\/\/www.confagricoltura.org\/piacenza\/wp-content\/uploads\/sites\/11\/2021\/07\/Azzali-Pizzamiglio-Casagrande.jpg\" \/>\n\t<meta property=\"og:image:width\" content=\"1157\" \/>\n\t<meta property=\"og:image:height\" content=\"868\" \/>\n\t<meta property=\"og:image:type\" content=\"image\/jpeg\" \/>\n<meta name=\"author\" content=\"confagricolturapiacenza\" \/>\n<meta name=\"twitter:card\" content=\"summary_large_image\" \/>\n<meta name=\"twitter:label1\" content=\"Scritto da\" \/>\n\t<meta name=\"twitter:data1\" content=\"confagricolturapiacenza\" \/>\n\t<meta name=\"twitter:label2\" content=\"Tempo di lettura stimato\" \/>\n\t<meta name=\"twitter:data2\" content=\"2 minuti\" \/>\n<script type=\"application\/ld+json\" class=\"yoast-schema-graph\">{\"@context\":\"https:\/\/schema.org\",\"@graph\":[{\"@type\":\"Article\",\"@id\":\"https:\/\/www.confagricoltura.org\/piacenza\/convocata-la-sezione-vitivinicola-di-confagricoltura-piacenza\/#article\",\"isPartOf\":{\"@id\":\"https:\/\/www.confagricoltura.org\/piacenza\/convocata-la-sezione-vitivinicola-di-confagricoltura-piacenza\/\"},\"author\":{\"name\":\"confagricolturapiacenza\",\"@id\":\"https:\/\/www.confagricoltura.org\/piacenza\/#\/schema\/person\/be5da25a3117fea4b3bfec9dba09b5e8\"},\"headline\":\"Convocata la Sezione Vitivinicola di Confagricoltura Piacenza\",\"datePublished\":\"2021-07-19T11:47:59+00:00\",\"dateModified\":\"2021-07-19T11:54:37+00:00\",\"mainEntityOfPage\":{\"@id\":\"https:\/\/www.confagricoltura.org\/piacenza\/convocata-la-sezione-vitivinicola-di-confagricoltura-piacenza\/\"},\"wordCount\":449,\"image\":{\"@id\":\"https:\/\/www.confagricoltura.org\/piacenza\/convocata-la-sezione-vitivinicola-di-confagricoltura-piacenza\/#primaryimage\"},\"thumbnailUrl\":\"https:\/\/www.confagricoltura.org\/piacenza\/wp-content\/uploads\/sites\/11\/2021\/07\/Azzali-Pizzamiglio-Casagrande.jpg\",\"keywords\":[\"Sezione vitivinicola\"],\"articleSection\":[\"News\",\"Settore vitivinicolo\"],\"inLanguage\":\"it-IT\"},{\"@type\":\"WebPage\",\"@id\":\"https:\/\/www.confagricoltura.org\/piacenza\/convocata-la-sezione-vitivinicola-di-confagricoltura-piacenza\/\",\"url\":\"https:\/\/www.confagricoltura.org\/piacenza\/convocata-la-sezione-vitivinicola-di-confagricoltura-piacenza\/\",\"name\":\"Convocata la Sezione Vitivinicola di Confagricoltura Piacenza - Confagricoltura Piacenza\",\"isPartOf\":{\"@id\":\"https:\/\/www.confagricoltura.org\/piacenza\/#website\"},\"primaryImageOfPage\":{\"@id\":\"https:\/\/www.confagricoltura.org\/piacenza\/convocata-la-sezione-vitivinicola-di-confagricoltura-piacenza\/#primaryimage\"},\"image\":{\"@id\":\"https:\/\/www.confagricoltura.org\/piacenza\/convocata-la-sezione-vitivinicola-di-confagricoltura-piacenza\/#primaryimage\"},\"thumbnailUrl\":\"https:\/\/www.confagricoltura.org\/piacenza\/wp-content\/uploads\/sites\/11\/2021\/07\/Azzali-Pizzamiglio-Casagrande.jpg\",\"datePublished\":\"2021-07-19T11:47:59+00:00\",\"dateModified\":\"2021-07-19T11:54:37+00:00\",\"author\":{\"@id\":\"https:\/\/www.confagricoltura.org\/piacenza\/#\/schema\/person\/be5da25a3117fea4b3bfec9dba09b5e8\"},\"breadcrumb\":{\"@id\":\"https:\/\/www.confagricoltura.org\/piacenza\/convocata-la-sezione-vitivinicola-di-confagricoltura-piacenza\/#breadcrumb\"},\"inLanguage\":\"it-IT\",\"potentialAction\":[{\"@type\":\"ReadAction\",\"target\":[\"https:\/\/www.confagricoltura.org\/piacenza\/convocata-la-sezione-vitivinicola-di-confagricoltura-piacenza\/\"]}]},{\"@type\":\"ImageObject\",\"inLanguage\":\"it-IT\",\"@id\":\"https:\/\/www.confagricoltura.org\/piacenza\/convocata-la-sezione-vitivinicola-di-confagricoltura-piacenza\/#primaryimage\",\"url\":\"https:\/\/www.confagricoltura.org\/piacenza\/wp-content\/uploads\/sites\/11\/2021\/07\/Azzali-Pizzamiglio-Casagrande.jpg\",\"contentUrl\":\"https:\/\/www.confagricoltura.org\/piacenza\/wp-content\/uploads\/sites\/11\/2021\/07\/Azzali-Pizzamiglio-Casagrande.jpg\",\"width\":1157,\"height\":868},{\"@type\":\"BreadcrumbList\",\"@id\":\"https:\/\/www.confagricoltura.org\/piacenza\/convocata-la-sezione-vitivinicola-di-confagricoltura-piacenza\/#breadcrumb\",\"itemListElement\":[{\"@type\":\"ListItem\",\"position\":1,\"name\":\"Home\",\"item\":\"https:\/\/www.confagricoltura.org\/piacenza\/\"},{\"@type\":\"ListItem\",\"position\":2,\"name\":\"Convocata la Sezione Vitivinicola di Confagricoltura Piacenza\"}]},{\"@type\":\"WebSite\",\"@id\":\"https:\/\/www.confagricoltura.org\/piacenza\/#website\",\"url\":\"https:\/\/www.confagricoltura.org\/piacenza\/\",\"name\":\"Confagricoltura Piacenza\",\"description\":\"Dalla parte degli Agricoltori\",\"potentialAction\":[{\"@type\":\"SearchAction\",\"target\":{\"@type\":\"EntryPoint\",\"urlTemplate\":\"https:\/\/www.confagricoltura.org\/piacenza\/?s={search_term_string}\"},\"query-input\":{\"@type\":\"PropertyValueSpecification\",\"valueRequired\":true,\"valueName\":\"search_term_string\"}}],\"inLanguage\":\"it-IT\"},{\"@type\":\"Person\",\"@id\":\"https:\/\/www.confagricoltura.org\/piacenza\/#\/schema\/person\/be5da25a3117fea4b3bfec9dba09b5e8\",\"name\":\"confagricolturapiacenza\",\"image\":{\"@type\":\"ImageObject\",\"inLanguage\":\"it-IT\",\"@id\":\"https:\/\/www.confagricoltura.org\/piacenza\/#\/schema\/person\/image\/\",\"url\":\"https:\/\/secure.gravatar.com\/avatar\/9c5f111e417171581853bd0a3ff892ca?s=96&d=mm&r=g\",\"contentUrl\":\"https:\/\/secure.gravatar.com\/avatar\/9c5f111e417171581853bd0a3ff892ca?s=96&d=mm&r=g\",\"caption\":\"confagricolturapiacenza\"},\"url\":\"https:\/\/www.confagricoltura.org\/piacenza\/author\/confagricolturapiacenza\/\"}]}<\/script>\n<!-- \/ Yoast SEO plugin. -->","yoast_head_json":{"title":"Convocata la Sezione Vitivinicola di Confagricoltura Piacenza - Confagricoltura Piacenza","robots":{"index":"index","follow":"follow","max-snippet":"max-snippet:-1","max-image-preview":"max-image-preview:large","max-video-preview":"max-video-preview:-1"},"canonical":"https:\/\/www.confagricoltura.org\/piacenza\/convocata-la-sezione-vitivinicola-di-confagricoltura-piacenza\/","og_locale":"it_IT","og_type":"article","og_title":"Convocata la Sezione Vitivinicola di Confagricoltura Piacenza - Confagricoltura Piacenza","og_description":"Novit\u00e0 in arrivo per l\u2019etichettatura, progetti di promozione e incontri in programma dopo la vendemmia (foto del tavolo del relatori, da sin., Chiara Azzali, Stefano Pizzamiglio e Marco Casagrande)","og_url":"https:\/\/www.confagricoltura.org\/piacenza\/convocata-la-sezione-vitivinicola-di-confagricoltura-piacenza\/","og_site_name":"Confagricoltura Piacenza","article_published_time":"2021-07-19T11:47:59+00:00","article_modified_time":"2021-07-19T11:54:37+00:00","og_image":[{"width":1157,"height":868,"url":"https:\/\/www.confagricoltura.org\/piacenza\/wp-content\/uploads\/sites\/11\/2021\/07\/Azzali-Pizzamiglio-Casagrande.jpg","type":"image\/jpeg"}],"author":"confagricolturapiacenza","twitter_card":"summary_large_image","twitter_misc":{"Scritto da":"confagricolturapiacenza","Tempo di lettura stimato":"2 minuti"},"schema":{"@context":"https:\/\/schema.org","@graph":[{"@type":"Article","@id":"https:\/\/www.confagricoltura.org\/piacenza\/convocata-la-sezione-vitivinicola-di-confagricoltura-piacenza\/#article","isPartOf":{"@id":"https:\/\/www.confagricoltura.org\/piacenza\/convocata-la-sezione-vitivinicola-di-confagricoltura-piacenza\/"},"author":{"name":"confagricolturapiacenza","@id":"https:\/\/www.confagricoltura.org\/piacenza\/#\/schema\/person\/be5da25a3117fea4b3bfec9dba09b5e8"},"headline":"Convocata la Sezione Vitivinicola di Confagricoltura Piacenza","datePublished":"2021-07-19T11:47:59+00:00","dateModified":"2021-07-19T11:54:37+00:00","mainEntityOfPage":{"@id":"https:\/\/www.confagricoltura.org\/piacenza\/convocata-la-sezione-vitivinicola-di-confagricoltura-piacenza\/"},"wordCount":449,"image":{"@id":"https:\/\/www.confagricoltura.org\/piacenza\/convocata-la-sezione-vitivinicola-di-confagricoltura-piacenza\/#primaryimage"},"thumbnailUrl":"https:\/\/www.confagricoltura.org\/piacenza\/wp-content\/uploads\/sites\/11\/2021\/07\/Azzali-Pizzamiglio-Casagrande.jpg","keywords":["Sezione vitivinicola"],"articleSection":["News","Settore vitivinicolo"],"inLanguage":"it-IT"},{"@type":"WebPage","@id":"https:\/\/www.confagricoltura.org\/piacenza\/convocata-la-sezione-vitivinicola-di-confagricoltura-piacenza\/","url":"https:\/\/www.confagricoltura.org\/piacenza\/convocata-la-sezione-vitivinicola-di-confagricoltura-piacenza\/","name":"Convocata la Sezione Vitivinicola di Confagricoltura Piacenza - Confagricoltura Piacenza","isPartOf":{"@id":"https:\/\/www.confagricoltura.org\/piacenza\/#website"},"primaryImageOfPage":{"@id":"https:\/\/www.confagricoltura.org\/piacenza\/convocata-la-sezione-vitivinicola-di-confagricoltura-piacenza\/#primaryimage"},"image":{"@id":"https:\/\/www.confagricoltura.org\/piacenza\/convocata-la-sezione-vitivinicola-di-confagricoltura-piacenza\/#primaryimage"},"thumbnailUrl":"https:\/\/www.confagricoltura.org\/piacenza\/wp-content\/uploads\/sites\/11\/2021\/07\/Azzali-Pizzamiglio-Casagrande.jpg","datePublished":"2021-07-19T11:47:59+00:00","dateModified":"2021-07-19T11:54:37+00:00","author":{"@id":"https:\/\/www.confagricoltura.org\/piacenza\/#\/schema\/person\/be5da25a3117fea4b3bfec9dba09b5e8"},"breadcrumb":{"@id":"https:\/\/www.confagricoltura.org\/piacenza\/convocata-la-sezione-vitivinicola-di-confagricoltura-piacenza\/#breadcrumb"},"inLanguage":"it-IT","potentialAction":[{"@type":"ReadAction","target":["https:\/\/www.confagricoltura.org\/piacenza\/convocata-la-sezione-vitivinicola-di-confagricoltura-piacenza\/"]}]},{"@type":"ImageObject","inLanguage":"it-IT","@id":"https:\/\/www.confagricoltura.org\/piacenza\/convocata-la-sezione-vitivinicola-di-confagricoltura-piacenza\/#primaryimage","url":"https:\/\/www.confagricoltura.org\/piacenza\/wp-content\/uploads\/sites\/11\/2021\/07\/Azzali-Pizzamiglio-Casagrande.jpg","contentUrl":"https:\/\/www.confagricoltura.org\/piacenza\/wp-content\/uploads\/sites\/11\/2021\/07\/Azzali-Pizzamiglio-Casagrande.jpg","width":1157,"height":868},{"@type":"BreadcrumbList","@id":"https:\/\/www.confagricoltura.org\/piacenza\/convocata-la-sezione-vitivinicola-di-confagricoltura-piacenza\/#breadcrumb","itemListElement":[{"@type":"ListItem","position":1,"name":"Home","item":"https:\/\/www.confagricoltura.org\/piacenza\/"},{"@type":"ListItem","position":2,"name":"Convocata la Sezione Vitivinicola di Confagricoltura Piacenza"}]},{"@type":"WebSite","@id":"https:\/\/www.confagricoltura.org\/piacenza\/#website","url":"https:\/\/www.confagricoltura.org\/piacenza\/","name":"Confagricoltura Piacenza","description":"Dalla parte degli Agricoltori","potentialAction":[{"@type":"SearchAction","target":{"@type":"EntryPoint","urlTemplate":"https:\/\/www.confagricoltura.org\/piacenza\/?s={search_term_string}"},"query-input":{"@type":"PropertyValueSpecification","valueRequired":true,"valueName":"search_term_string"}}],"inLanguage":"it-IT"},{"@type":"Person","@id":"https:\/\/www.confagricoltura.org\/piacenza\/#\/schema\/person\/be5da25a3117fea4b3bfec9dba09b5e8","name":"confagricolturapiacenza","image":{"@type":"ImageObject","inLanguage":"it-IT","@id":"https:\/\/www.confagricoltura.org\/piacenza\/#\/schema\/person\/image\/","url":"https:\/\/secure.gravatar.com\/avatar\/9c5f111e417171581853bd0a3ff892ca?s=96&d=mm&r=g","contentUrl":"https:\/\/secure.gravatar.com\/avatar\/9c5f111e417171581853bd0a3ff892ca?s=96&d=mm&r=g","caption":"confagricolturapiacenza"},"url":"https:\/\/www.confagricoltura.org\/piacenza\/author\/confagricolturapiacenza\/"}]}},"_links":{"self":[{"href":"https:\/\/www.confagricoltura.org\/piacenza\/wp-json\/wp\/v2\/posts\/3415","targetHints":{"allow":["GET"]}}],"collection":[{"href":"https:\/\/www.confagricoltura.org\/piacenza\/wp-json\/wp\/v2\/posts"}],"about":[{"href":"https:\/\/www.confagricoltura.org\/piacenza\/wp-json\/wp\/v2\/types\/post"}],"author":[{"embeddable":true,"href":"https:\/\/www.confagricoltura.org\/piacenza\/wp-json\/wp\/v2\/users\/6"}],"replies":[{"embeddable":true,"href":"https:\/\/www.confagricoltura.org\/piacenza\/wp-json\/wp\/v2\/comments?post=3415"}],"version-history":[{"count":5,"href":"https:\/\/www.confagricoltura.org\/piacenza\/wp-json\/wp\/v2\/posts\/3415\/revisions"}],"predecessor-version":[{"id":3422,"href":"https:\/\/www.confagricoltura.org\/piacenza\/wp-json\/wp\/v2\/posts\/3415\/revisions\/3422"}],"wp:featuredmedia":[{"embeddable":true,"href":"https:\/\/www.confagricoltura.org\/piacenza\/wp-json\/wp\/v2\/media\/3416"}],"wp:attachment":[{"href":"https:\/\/www.confagricoltura.org\/piacenza\/wp-json\/wp\/v2\/media?parent=3415"}],"wp:term":[{"taxonomy":"category","embeddable":true,"href":"https:\/\/www.confagricoltura.org\/piacenza\/wp-json\/wp\/v2\/categories?post=3415"},{"taxonomy":"post_tag","embeddable":true,"href":"https:\/\/www.confagricoltura.org\/piacenza\/wp-json\/wp\/v2\/tags?post=3415"}],"curies":[{"name":"wp","href":"https:\/\/api.w.org\/{rel}","templated":true}]}}