{"id":3389,"date":"2021-06-04T12:59:00","date_gmt":"2021-06-04T10:59:00","guid":{"rendered":"https:\/\/www.confagricoltura.org\/piacenza\/?p=3389"},"modified":"2021-06-16T13:01:21","modified_gmt":"2021-06-16T11:01:21","slug":"ancora-razzie-nei-campi-e-in-azienda-spariscono-satellitari-e-gps","status":"publish","type":"post","link":"https:\/\/www.confagricoltura.org\/piacenza\/ancora-razzie-nei-campi-e-in-azienda-spariscono-satellitari-e-gps\/","title":{"rendered":"Ancora razzie nei campi e in azienda: spariscono satellitari e GPS"},"content":{"rendered":"\n<p>Confagricoltura Piacenza si trova suo malgrado a dover denunciare la recrudescenza di furti ai danni delle aziende agricole. In questi giorni \u2013 fanno sapere dall\u2019Associazione &#8211; abbiamo ricevuto diverse segnalazioni da parte degli agricoltori. Nel mirino dei malviventi, questa volta, pare siano soprattutto le attrezzature per le guide satellitari e i gps installati sui trattori pi\u00f9 costosi e moderni. Il tam tam nelle campagne, proporzionale alla frequenza delle ruberie, ha portato addirittura ad avere fondati sospetti sulla composizione della banda e grazie alle telecamere aziendali, anche a preziose informazioni sui mezzi utilizzati, comprese le tipologie di auto e targhe.<\/p>\n\n\n\n<p>\u201cIn beffa al lockdown questi ladri stanno battendo palmo a palmo la provincia circolando di notte senza che nessuno li abbia ancora fermati \u2013 commenta Filippo Gasparini, presidente di Confagricoltura Piacenza \u2013 chiediamo un intervento incisivo\u201d.&nbsp; Il presidente di Confagricoltura Piacenza ricorda che anni fa, nella zona di Rivergaro, si era verificata una serie di furti di gasolio e il problema fu risolto proprio grazie ad una grande attenzione delle forze dell\u2019ordine locali. \u201cNel tavolo strategico delle forze economiche e delle istituzioni \u2013 prosegue Gasparini &#8211; abbiamo portato il problema della difficolt\u00e0 che queste macchine moderne trovano, in termini di autorizzazioni, a circolare su strada\u201d. Le aziende le hanno acquistate con investimenti enormi, esposizioni bancarie e utilizzando anche le risorse pubbliche stanziate per l\u2019Agricoltura 4.0 e la sicurezza sul lavoro avendo chiaro che la preziosa tecnologia a bordo, ora oggetto di furto, serve soprattutto a garantire l\u2019ergonomia, la sicurezza dell\u2019operatore e la pi\u00f9 rigorosa tutela dell\u2019ambiente, attraverso la distribuzione mirata di fertilizzanti e agrofarmaci. \u201cDopo aver investito, riscontrare ulteriori restrizioni all\u2019uso non era gi\u00e0 abbastanza, queste macchine vengono anche depredate da malviventi che agiscono indisturbati. Noi imprenditori agricoli siamo sempre sotto controllo, non si pu\u00f2 avere l\u2019uovo e la gallina e nel mentre lasciare anche che vadano in fumo sacrifici. \u00c8 un danno che colpisce al cuore le persone.&nbsp; C\u2019\u00e8 qualcosa che non va.&nbsp; Non \u00e8 che, esasperati, saremo spinti a organizzare ronde per difenderci da soli come stiamo facendo tutte le notti per spaventare i cinghiali nel mais?&nbsp; Naturalmente siamo disarmati e quindi il risultato lo si pu\u00f2 immaginare in entrambi i casi. Lo abbiamo ripetuto pi\u00f9 volte \u2013 conclude amaramente Gasparini &#8211; sta diventando un territorio ostile all\u2019impresa. Se ci si apposta per monitorare uno spandimento, ci dovrebbero essere le risorse anche per appostarsi e fermare una macchina di cui si conosce la targa. Vorremmo per i ladri, quantomeno, la stessa puntualit\u00e0 nei controlli su stalle, omologazioni, benessere animale e condizionalit\u00e0, a cui \u00e8 sottoposto il mondo agricolo. Siamo all\u2019umiliazione e al paradosso di dover chiedere per i nostri aguzzini, si tratti di persone o animali, almeno lo stesso rigore dei controlli che subiamo noi\u201d.<\/p>\n","protected":false},"excerpt":{"rendered":"<p>Gasparini: chiediamo un controllo puntuale come quello sulle aziende agricole<\/p>\n","protected":false},"author":6,"featured_media":3288,"comment_status":"closed","ping_status":"closed","sticky":false,"template":"","format":"standard","meta":{"wp_mapbox_gl_js_media":[],"footnotes":""},"categories":[4,8],"tags":[],"class_list":["post-3389","post","type-post","status-publish","format-standard","has-post-thumbnail","hentry","category-news","category-tecnologie-innovazione"],"yoast_head":"<!-- This site is optimized with the Yoast SEO plugin v26.8 - https:\/\/yoast.com\/product\/yoast-seo-wordpress\/ -->\n<title>Ancora razzie nei campi e in azienda: spariscono satellitari e GPS - Confagricoltura Piacenza<\/title>\n<meta name=\"robots\" content=\"index, follow, max-snippet:-1, max-image-preview:large, max-video-preview:-1\" \/>\n<link rel=\"canonical\" href=\"https:\/\/www.confagricoltura.org\/piacenza\/ancora-razzie-nei-campi-e-in-azienda-spariscono-satellitari-e-gps\/\" \/>\n<meta property=\"og:locale\" content=\"it_IT\" \/>\n<meta property=\"og:type\" content=\"article\" \/>\n<meta property=\"og:title\" content=\"Ancora razzie nei campi e in azienda: spariscono satellitari e GPS - Confagricoltura Piacenza\" \/>\n<meta property=\"og:description\" content=\"Gasparini: chiediamo un controllo puntuale come quello sulle aziende agricole\" \/>\n<meta property=\"og:url\" content=\"https:\/\/www.confagricoltura.org\/piacenza\/ancora-razzie-nei-campi-e-in-azienda-spariscono-satellitari-e-gps\/\" \/>\n<meta property=\"og:site_name\" content=\"Confagricoltura Piacenza\" \/>\n<meta property=\"article:published_time\" content=\"2021-06-04T10:59:00+00:00\" \/>\n<meta property=\"article:modified_time\" content=\"2021-06-16T11:01:21+00:00\" \/>\n<meta property=\"og:image\" content=\"https:\/\/www.confagricoltura.org\/piacenza\/wp-content\/uploads\/sites\/11\/2021\/04\/Filippo-Gasparini2.jpg\" \/>\n\t<meta property=\"og:image:width\" content=\"1157\" \/>\n\t<meta property=\"og:image:height\" content=\"1543\" \/>\n\t<meta property=\"og:image:type\" content=\"image\/jpeg\" \/>\n<meta name=\"author\" content=\"confagricolturapiacenza\" \/>\n<meta name=\"twitter:card\" content=\"summary_large_image\" \/>\n<meta name=\"twitter:label1\" content=\"Scritto da\" \/>\n\t<meta name=\"twitter:data1\" content=\"confagricolturapiacenza\" \/>\n\t<meta name=\"twitter:label2\" content=\"Tempo di lettura stimato\" \/>\n\t<meta name=\"twitter:data2\" content=\"2 minuti\" \/>\n<script type=\"application\/ld+json\" class=\"yoast-schema-graph\">{\"@context\":\"https:\/\/schema.org\",\"@graph\":[{\"@type\":\"Article\",\"@id\":\"https:\/\/www.confagricoltura.org\/piacenza\/ancora-razzie-nei-campi-e-in-azienda-spariscono-satellitari-e-gps\/#article\",\"isPartOf\":{\"@id\":\"https:\/\/www.confagricoltura.org\/piacenza\/ancora-razzie-nei-campi-e-in-azienda-spariscono-satellitari-e-gps\/\"},\"author\":{\"name\":\"confagricolturapiacenza\",\"@id\":\"https:\/\/www.confagricoltura.org\/piacenza\/#\/schema\/person\/be5da25a3117fea4b3bfec9dba09b5e8\"},\"headline\":\"Ancora razzie nei campi e in azienda: spariscono satellitari e GPS\",\"datePublished\":\"2021-06-04T10:59:00+00:00\",\"dateModified\":\"2021-06-16T11:01:21+00:00\",\"mainEntityOfPage\":{\"@id\":\"https:\/\/www.confagricoltura.org\/piacenza\/ancora-razzie-nei-campi-e-in-azienda-spariscono-satellitari-e-gps\/\"},\"wordCount\":472,\"image\":{\"@id\":\"https:\/\/www.confagricoltura.org\/piacenza\/ancora-razzie-nei-campi-e-in-azienda-spariscono-satellitari-e-gps\/#primaryimage\"},\"thumbnailUrl\":\"https:\/\/www.confagricoltura.org\/piacenza\/wp-content\/uploads\/sites\/11\/2021\/04\/Filippo-Gasparini2.jpg\",\"articleSection\":[\"News\",\"Tecnologie e Innovazione\"],\"inLanguage\":\"it-IT\"},{\"@type\":\"WebPage\",\"@id\":\"https:\/\/www.confagricoltura.org\/piacenza\/ancora-razzie-nei-campi-e-in-azienda-spariscono-satellitari-e-gps\/\",\"url\":\"https:\/\/www.confagricoltura.org\/piacenza\/ancora-razzie-nei-campi-e-in-azienda-spariscono-satellitari-e-gps\/\",\"name\":\"Ancora razzie nei campi e in azienda: spariscono satellitari e GPS - Confagricoltura Piacenza\",\"isPartOf\":{\"@id\":\"https:\/\/www.confagricoltura.org\/piacenza\/#website\"},\"primaryImageOfPage\":{\"@id\":\"https:\/\/www.confagricoltura.org\/piacenza\/ancora-razzie-nei-campi-e-in-azienda-spariscono-satellitari-e-gps\/#primaryimage\"},\"image\":{\"@id\":\"https:\/\/www.confagricoltura.org\/piacenza\/ancora-razzie-nei-campi-e-in-azienda-spariscono-satellitari-e-gps\/#primaryimage\"},\"thumbnailUrl\":\"https:\/\/www.confagricoltura.org\/piacenza\/wp-content\/uploads\/sites\/11\/2021\/04\/Filippo-Gasparini2.jpg\",\"datePublished\":\"2021-06-04T10:59:00+00:00\",\"dateModified\":\"2021-06-16T11:01:21+00:00\",\"author\":{\"@id\":\"https:\/\/www.confagricoltura.org\/piacenza\/#\/schema\/person\/be5da25a3117fea4b3bfec9dba09b5e8\"},\"breadcrumb\":{\"@id\":\"https:\/\/www.confagricoltura.org\/piacenza\/ancora-razzie-nei-campi-e-in-azienda-spariscono-satellitari-e-gps\/#breadcrumb\"},\"inLanguage\":\"it-IT\",\"potentialAction\":[{\"@type\":\"ReadAction\",\"target\":[\"https:\/\/www.confagricoltura.org\/piacenza\/ancora-razzie-nei-campi-e-in-azienda-spariscono-satellitari-e-gps\/\"]}]},{\"@type\":\"ImageObject\",\"inLanguage\":\"it-IT\",\"@id\":\"https:\/\/www.confagricoltura.org\/piacenza\/ancora-razzie-nei-campi-e-in-azienda-spariscono-satellitari-e-gps\/#primaryimage\",\"url\":\"https:\/\/www.confagricoltura.org\/piacenza\/wp-content\/uploads\/sites\/11\/2021\/04\/Filippo-Gasparini2.jpg\",\"contentUrl\":\"https:\/\/www.confagricoltura.org\/piacenza\/wp-content\/uploads\/sites\/11\/2021\/04\/Filippo-Gasparini2.jpg\",\"width\":1157,\"height\":1543},{\"@type\":\"BreadcrumbList\",\"@id\":\"https:\/\/www.confagricoltura.org\/piacenza\/ancora-razzie-nei-campi-e-in-azienda-spariscono-satellitari-e-gps\/#breadcrumb\",\"itemListElement\":[{\"@type\":\"ListItem\",\"position\":1,\"name\":\"Home\",\"item\":\"https:\/\/www.confagricoltura.org\/piacenza\/\"},{\"@type\":\"ListItem\",\"position\":2,\"name\":\"Ancora razzie nei campi e in azienda: spariscono satellitari e GPS\"}]},{\"@type\":\"WebSite\",\"@id\":\"https:\/\/www.confagricoltura.org\/piacenza\/#website\",\"url\":\"https:\/\/www.confagricoltura.org\/piacenza\/\",\"name\":\"Confagricoltura Piacenza\",\"description\":\"Dalla parte degli Agricoltori\",\"potentialAction\":[{\"@type\":\"SearchAction\",\"target\":{\"@type\":\"EntryPoint\",\"urlTemplate\":\"https:\/\/www.confagricoltura.org\/piacenza\/?s={search_term_string}\"},\"query-input\":{\"@type\":\"PropertyValueSpecification\",\"valueRequired\":true,\"valueName\":\"search_term_string\"}}],\"inLanguage\":\"it-IT\"},{\"@type\":\"Person\",\"@id\":\"https:\/\/www.confagricoltura.org\/piacenza\/#\/schema\/person\/be5da25a3117fea4b3bfec9dba09b5e8\",\"name\":\"confagricolturapiacenza\",\"image\":{\"@type\":\"ImageObject\",\"inLanguage\":\"it-IT\",\"@id\":\"https:\/\/www.confagricoltura.org\/piacenza\/#\/schema\/person\/image\/\",\"url\":\"https:\/\/secure.gravatar.com\/avatar\/9c5f111e417171581853bd0a3ff892ca?s=96&d=mm&r=g\",\"contentUrl\":\"https:\/\/secure.gravatar.com\/avatar\/9c5f111e417171581853bd0a3ff892ca?s=96&d=mm&r=g\",\"caption\":\"confagricolturapiacenza\"},\"url\":\"https:\/\/www.confagricoltura.org\/piacenza\/author\/confagricolturapiacenza\/\"}]}<\/script>\n<!-- \/ Yoast SEO plugin. -->","yoast_head_json":{"title":"Ancora razzie nei campi e in azienda: spariscono satellitari e GPS - Confagricoltura Piacenza","robots":{"index":"index","follow":"follow","max-snippet":"max-snippet:-1","max-image-preview":"max-image-preview:large","max-video-preview":"max-video-preview:-1"},"canonical":"https:\/\/www.confagricoltura.org\/piacenza\/ancora-razzie-nei-campi-e-in-azienda-spariscono-satellitari-e-gps\/","og_locale":"it_IT","og_type":"article","og_title":"Ancora razzie nei campi e in azienda: spariscono satellitari e GPS - Confagricoltura Piacenza","og_description":"Gasparini: chiediamo un controllo puntuale come quello sulle aziende agricole","og_url":"https:\/\/www.confagricoltura.org\/piacenza\/ancora-razzie-nei-campi-e-in-azienda-spariscono-satellitari-e-gps\/","og_site_name":"Confagricoltura Piacenza","article_published_time":"2021-06-04T10:59:00+00:00","article_modified_time":"2021-06-16T11:01:21+00:00","og_image":[{"width":1157,"height":1543,"url":"https:\/\/www.confagricoltura.org\/piacenza\/wp-content\/uploads\/sites\/11\/2021\/04\/Filippo-Gasparini2.jpg","type":"image\/jpeg"}],"author":"confagricolturapiacenza","twitter_card":"summary_large_image","twitter_misc":{"Scritto da":"confagricolturapiacenza","Tempo di lettura stimato":"2 minuti"},"schema":{"@context":"https:\/\/schema.org","@graph":[{"@type":"Article","@id":"https:\/\/www.confagricoltura.org\/piacenza\/ancora-razzie-nei-campi-e-in-azienda-spariscono-satellitari-e-gps\/#article","isPartOf":{"@id":"https:\/\/www.confagricoltura.org\/piacenza\/ancora-razzie-nei-campi-e-in-azienda-spariscono-satellitari-e-gps\/"},"author":{"name":"confagricolturapiacenza","@id":"https:\/\/www.confagricoltura.org\/piacenza\/#\/schema\/person\/be5da25a3117fea4b3bfec9dba09b5e8"},"headline":"Ancora razzie nei campi e in azienda: spariscono satellitari e GPS","datePublished":"2021-06-04T10:59:00+00:00","dateModified":"2021-06-16T11:01:21+00:00","mainEntityOfPage":{"@id":"https:\/\/www.confagricoltura.org\/piacenza\/ancora-razzie-nei-campi-e-in-azienda-spariscono-satellitari-e-gps\/"},"wordCount":472,"image":{"@id":"https:\/\/www.confagricoltura.org\/piacenza\/ancora-razzie-nei-campi-e-in-azienda-spariscono-satellitari-e-gps\/#primaryimage"},"thumbnailUrl":"https:\/\/www.confagricoltura.org\/piacenza\/wp-content\/uploads\/sites\/11\/2021\/04\/Filippo-Gasparini2.jpg","articleSection":["News","Tecnologie e Innovazione"],"inLanguage":"it-IT"},{"@type":"WebPage","@id":"https:\/\/www.confagricoltura.org\/piacenza\/ancora-razzie-nei-campi-e-in-azienda-spariscono-satellitari-e-gps\/","url":"https:\/\/www.confagricoltura.org\/piacenza\/ancora-razzie-nei-campi-e-in-azienda-spariscono-satellitari-e-gps\/","name":"Ancora razzie nei campi e in azienda: spariscono satellitari e GPS - Confagricoltura Piacenza","isPartOf":{"@id":"https:\/\/www.confagricoltura.org\/piacenza\/#website"},"primaryImageOfPage":{"@id":"https:\/\/www.confagricoltura.org\/piacenza\/ancora-razzie-nei-campi-e-in-azienda-spariscono-satellitari-e-gps\/#primaryimage"},"image":{"@id":"https:\/\/www.confagricoltura.org\/piacenza\/ancora-razzie-nei-campi-e-in-azienda-spariscono-satellitari-e-gps\/#primaryimage"},"thumbnailUrl":"https:\/\/www.confagricoltura.org\/piacenza\/wp-content\/uploads\/sites\/11\/2021\/04\/Filippo-Gasparini2.jpg","datePublished":"2021-06-04T10:59:00+00:00","dateModified":"2021-06-16T11:01:21+00:00","author":{"@id":"https:\/\/www.confagricoltura.org\/piacenza\/#\/schema\/person\/be5da25a3117fea4b3bfec9dba09b5e8"},"breadcrumb":{"@id":"https:\/\/www.confagricoltura.org\/piacenza\/ancora-razzie-nei-campi-e-in-azienda-spariscono-satellitari-e-gps\/#breadcrumb"},"inLanguage":"it-IT","potentialAction":[{"@type":"ReadAction","target":["https:\/\/www.confagricoltura.org\/piacenza\/ancora-razzie-nei-campi-e-in-azienda-spariscono-satellitari-e-gps\/"]}]},{"@type":"ImageObject","inLanguage":"it-IT","@id":"https:\/\/www.confagricoltura.org\/piacenza\/ancora-razzie-nei-campi-e-in-azienda-spariscono-satellitari-e-gps\/#primaryimage","url":"https:\/\/www.confagricoltura.org\/piacenza\/wp-content\/uploads\/sites\/11\/2021\/04\/Filippo-Gasparini2.jpg","contentUrl":"https:\/\/www.confagricoltura.org\/piacenza\/wp-content\/uploads\/sites\/11\/2021\/04\/Filippo-Gasparini2.jpg","width":1157,"height":1543},{"@type":"BreadcrumbList","@id":"https:\/\/www.confagricoltura.org\/piacenza\/ancora-razzie-nei-campi-e-in-azienda-spariscono-satellitari-e-gps\/#breadcrumb","itemListElement":[{"@type":"ListItem","position":1,"name":"Home","item":"https:\/\/www.confagricoltura.org\/piacenza\/"},{"@type":"ListItem","position":2,"name":"Ancora razzie nei campi e in azienda: spariscono satellitari e GPS"}]},{"@type":"WebSite","@id":"https:\/\/www.confagricoltura.org\/piacenza\/#website","url":"https:\/\/www.confagricoltura.org\/piacenza\/","name":"Confagricoltura Piacenza","description":"Dalla parte degli Agricoltori","potentialAction":[{"@type":"SearchAction","target":{"@type":"EntryPoint","urlTemplate":"https:\/\/www.confagricoltura.org\/piacenza\/?s={search_term_string}"},"query-input":{"@type":"PropertyValueSpecification","valueRequired":true,"valueName":"search_term_string"}}],"inLanguage":"it-IT"},{"@type":"Person","@id":"https:\/\/www.confagricoltura.org\/piacenza\/#\/schema\/person\/be5da25a3117fea4b3bfec9dba09b5e8","name":"confagricolturapiacenza","image":{"@type":"ImageObject","inLanguage":"it-IT","@id":"https:\/\/www.confagricoltura.org\/piacenza\/#\/schema\/person\/image\/","url":"https:\/\/secure.gravatar.com\/avatar\/9c5f111e417171581853bd0a3ff892ca?s=96&d=mm&r=g","contentUrl":"https:\/\/secure.gravatar.com\/avatar\/9c5f111e417171581853bd0a3ff892ca?s=96&d=mm&r=g","caption":"confagricolturapiacenza"},"url":"https:\/\/www.confagricoltura.org\/piacenza\/author\/confagricolturapiacenza\/"}]}},"_links":{"self":[{"href":"https:\/\/www.confagricoltura.org\/piacenza\/wp-json\/wp\/v2\/posts\/3389","targetHints":{"allow":["GET"]}}],"collection":[{"href":"https:\/\/www.confagricoltura.org\/piacenza\/wp-json\/wp\/v2\/posts"}],"about":[{"href":"https:\/\/www.confagricoltura.org\/piacenza\/wp-json\/wp\/v2\/types\/post"}],"author":[{"embeddable":true,"href":"https:\/\/www.confagricoltura.org\/piacenza\/wp-json\/wp\/v2\/users\/6"}],"replies":[{"embeddable":true,"href":"https:\/\/www.confagricoltura.org\/piacenza\/wp-json\/wp\/v2\/comments?post=3389"}],"version-history":[{"count":1,"href":"https:\/\/www.confagricoltura.org\/piacenza\/wp-json\/wp\/v2\/posts\/3389\/revisions"}],"predecessor-version":[{"id":3390,"href":"https:\/\/www.confagricoltura.org\/piacenza\/wp-json\/wp\/v2\/posts\/3389\/revisions\/3390"}],"wp:featuredmedia":[{"embeddable":true,"href":"https:\/\/www.confagricoltura.org\/piacenza\/wp-json\/wp\/v2\/media\/3288"}],"wp:attachment":[{"href":"https:\/\/www.confagricoltura.org\/piacenza\/wp-json\/wp\/v2\/media?parent=3389"}],"wp:term":[{"taxonomy":"category","embeddable":true,"href":"https:\/\/www.confagricoltura.org\/piacenza\/wp-json\/wp\/v2\/categories?post=3389"},{"taxonomy":"post_tag","embeddable":true,"href":"https:\/\/www.confagricoltura.org\/piacenza\/wp-json\/wp\/v2\/tags?post=3389"}],"curies":[{"name":"wp","href":"https:\/\/api.w.org\/{rel}","templated":true}]}}