{"id":3386,"date":"2021-06-04T12:58:00","date_gmt":"2021-06-04T10:58:00","guid":{"rendered":"https:\/\/www.confagricoltura.org\/piacenza\/?p=3386"},"modified":"2021-06-16T13:02:19","modified_gmt":"2021-06-16T11:02:19","slug":"confagricoltura-piacenza-visita-unazienda-associata-speciale-la-cerzoo","status":"publish","type":"post","link":"https:\/\/www.confagricoltura.org\/piacenza\/confagricoltura-piacenza-visita-unazienda-associata-speciale-la-cerzoo\/","title":{"rendered":"Confagricoltura Piacenza visita un&#8217;azienda associata speciale: la Cerzoo"},"content":{"rendered":"\n<p>Nei giorni scorsi il presidente di Confagricoltura Piacenza Filippo Gasparini e Giovanni Marchesi, gi\u00e0 responsabile dei servizi tecnici ed ora consulente dell\u2019associazione si sono recati per un approfondimento conoscitivo alla Cerzoo srl, il Centro di Ricerche per la Zootecnia e l&#8217;Ambiente di cui l&#8217;Universit\u00e0 Cattolica del Sacro Cuore di Piacenza \u00e8 azionista di maggioranza, con sede a San Bonico, alle porte della citt\u00e0.&nbsp; Il centro \u00e8 infatti un\u2019avanzata realt\u00e0 sperimentale, ma anche un\u2019azienda agricola produttiva e in quanto tale associata a Confagricoltura Piacenza. \u201cUn\u2019associata di particolare prestigio di cui non possiamo che essere estremamente orgogliosi\u201d \u2013 ha sottolineato il presidente Gasparini incontrando il presidente di Cerzoo, il professor Erminio Trevisi docente di Zootecnia Speciale presso la Facolt\u00e0 di Scienze Agrarie, Alimentari ed Ambientali di Piacenza. La nuova stalla sperimentale \u00e8 in grado di ospitare fino a 100 capi in lattazione ed \u00e8 il punto di incontro tra tradizione e innovazione. Met\u00e0 della nuova struttura presenta una doppia tipologia di mangiatoia: su un lato \u00e8 presente la corsia di alimentazione con attrezzatura classica; mentre sull\u2019altro \u00e8 presente una corsia di alimentazione che consente il controllo individuale es automatizzato dell\u2019ingestione. La stalla \u00e8 suddivisibile in piccoli gruppi con cancelli separatori gestiti da un sensore collocato nel podometro. Molta attenzione \u00e8 stata dedicata al controllo microclimatico. Oltre ad aver sfruttato la ventilazione naturale, sono stati previsti dispositivi per la corretta ventilazione invernale ed estiva. Il tradizionale cupolino \u00e8 stato sostituito da estrattori collocati sul culmo del tetto per assicurare una adeguata movimentazione dell\u2019aria in tutte le stagioni. La dispersione del calore \u00e8 invece garantita da differenti ventilatori collocati in tutte le aree occupate dalle bovine. Nelle corsie di alimentazione e di riposo sono disposti ventilatori in serie che immettono aria da una estremit\u00e0 della stalla e la estraggono in quella opposta. Entro l\u2019edificio sar\u00e0 possibile avere un controllo dei parametri di microclima relativi a temperatura, umidit\u00e0 relativa, velocit\u00e0 e qualit\u00e0 dell\u2019aria. L\u2019edificio non ha pareti ma \u00e8 provvisto di tende con funzione ombreggiante e antivento, a doppio senso di apertura. Inoltre sar\u00e0 possibile gestire il fotoperiodo delle bovine, in relazione alle esigenze delle ricerche. Le bovine sono munte con un impianto di mungitura parallelo 10+10, dotato di un sistema accurato della composizione del latte (curva di eiezione, conducibilit\u00e0 elettrica, grasso, proteine, lattosio). Inoltre tutte le bovine sono dotate di vari sensori che consentono di monitorare le condizioni di benessere in tempo reale (ad esempio attivit\u00e0 ruminativa, tempo di riposo, peso corporeo).&nbsp;&nbsp; La vitellaia prevede lo svezzamento in box individuali sopraelevati. Ogni box presenta una parte che consente il contatto visivo e tattile con i vitelli confinanti. L\u2019alimentazione sino allo svezzamento \u00e8 garantita da un dispositivo che distribuisce automaticamente il latte (Lupetta) e che permette di monitorare quantit\u00e0 consumate, frequenza dei pasti e segnala eventuali anomali nell\u2019assunzione. Dopo lo svezzamento le vitelle sono allevate in mini box multipli su lettiera in paglia con un apposito mangime fibroso somministrato ad libitum. Il Prof. Erminio Trevisi ha ringraziato la Fondazione Romeo ed Enrica Invernizzi per aver consentito di realizzare questo importante complesso a servizio della ricerca nel settore della zootecnia da latte e ricorda che \u201cl\u2019azienda CERZOO ha lo scopo di sviluppare modelli sostenibili nella produzione lattiero-casearia italiana grazie alle peculiarit\u00e0 dei vari Dipartimenti della Facolt\u00e0, e si propone come luogo di elaborazione e studio di nuove soluzioni per le diverse fasi della filiera: dalla coltivazione dei suoli, alle produzioni foraggere, all\u2019alimentazione e management delle bovine, alla qualit\u00e0 del latte e dei prodotti caseari, sino alla valorizzazione delle deiezioni\u201d.<\/p>\n\n\n\n<p>La notizia dell\u2019incontro \u00e8 stata resa nota in occasione del 1\u00b0 giugno, Giornata Mondiale del Latte. \u201cLa zootecnia italiana, sempre pi\u00f9 performante e attenta al benessere animale, rappresenta uno dei capisaldi dell\u2019agroalimentare e dell\u2019economia italiana \u2013 ha dichiarato Massimiliano Giansanti, presidente di Confagricoltura. &#8211; Il settore, tuttavia, sta attraversando una difficile fase congiunturale determinata dall&#8217;aumento del costo delle materie prime destinate all&#8217;alimentazione del bestiame. Abbiamo gi\u00e0 proposto interventi urgenti a supporto della liquidit\u00e0 delle imprese, ma serve anche il varo di un piano per aumentare la produzione interna di cereali e proteine vegetali\u201d. Il comparto vale circa 16,5 miliardi di euro di fatturato e incide per l\u201911,5% sul totale del fatturato industriale dell\u2019agroalimentare. La produzione italiana di latte nel 2020 \u00e8 stata di circa 12,6 milioni di tonnellate, con un aumento di 4,5% rispetto all\u2019anno precedente, coprendo l\u2019autoapprovvigionamento per circa il 90% del fabbisogno nazionale. Circa l\u201980% della produzione di latte vaccino in Italia \u00e8 concentrata i quattro Regioni (Lombardia 44%, Emilia-Romagna 16%, Veneto 10% e Piemonte 9%).&nbsp; \u201c\u00c8 stata una visita molto interessante \u2013 ha concluso Gasparini &#8211; cos\u00ec come \u00e8 sempre pi\u00f9 determinate per gli imprenditori agricoli, poter contare sui risultati delle ricerche compiute dell\u2019Ateneo e, in generale, su una ricerca che non si slega dalla realt\u00e0 produttiva, ma condividendone anche dal punto di vista pratico difficolt\u00e0 e obiettivi persegue la possibilit\u00e0 di migliorare l\u2019agricoltura e l\u2019allevamento mettendo a disposizione nuove tecniche e tecnologie. Lavoreremo per intensificare la gi\u00e0 ottima sinergia con Cerzoo\u201d.<\/p>\n","protected":false},"excerpt":{"rendered":"<p>Occasione di proficuo dialogo tra il presidente Gasparini e il professor Trevisi presidente dell\u2019ente<\/p>\n","protected":false},"author":6,"featured_media":3387,"comment_status":"closed","ping_status":"closed","sticky":false,"template":"","format":"standard","meta":{"wp_mapbox_gl_js_media":[],"footnotes":""},"categories":[21,4],"tags":[],"class_list":["post-3386","post","type-post","status-publish","format-standard","has-post-thumbnail","hentry","category-eventi","category-news"],"yoast_head":"<!-- This site is optimized with the Yoast SEO plugin v26.8 - https:\/\/yoast.com\/product\/yoast-seo-wordpress\/ -->\n<title>Confagricoltura Piacenza visita un&#039;azienda associata speciale: la Cerzoo - Confagricoltura Piacenza<\/title>\n<meta name=\"robots\" content=\"index, follow, max-snippet:-1, max-image-preview:large, max-video-preview:-1\" \/>\n<link rel=\"canonical\" href=\"https:\/\/www.confagricoltura.org\/piacenza\/confagricoltura-piacenza-visita-unazienda-associata-speciale-la-cerzoo\/\" \/>\n<meta property=\"og:locale\" content=\"it_IT\" \/>\n<meta property=\"og:type\" content=\"article\" \/>\n<meta property=\"og:title\" content=\"Confagricoltura Piacenza visita un&#039;azienda associata speciale: la Cerzoo - Confagricoltura Piacenza\" \/>\n<meta property=\"og:description\" content=\"Occasione di proficuo dialogo tra il presidente Gasparini e il professor Trevisi presidente dell\u2019ente\" \/>\n<meta property=\"og:url\" content=\"https:\/\/www.confagricoltura.org\/piacenza\/confagricoltura-piacenza-visita-unazienda-associata-speciale-la-cerzoo\/\" \/>\n<meta property=\"og:site_name\" content=\"Confagricoltura Piacenza\" \/>\n<meta property=\"article:published_time\" content=\"2021-06-04T10:58:00+00:00\" \/>\n<meta property=\"article:modified_time\" content=\"2021-06-16T11:02:19+00:00\" \/>\n<meta property=\"og:image\" content=\"https:\/\/www.confagricoltura.org\/piacenza\/wp-content\/uploads\/sites\/11\/2021\/06\/Erminio-Trevisi-Filippo-Gasparini.jpg\" \/>\n\t<meta property=\"og:image:width\" content=\"1488\" \/>\n\t<meta property=\"og:image:height\" content=\"1984\" \/>\n\t<meta property=\"og:image:type\" content=\"image\/jpeg\" \/>\n<meta name=\"author\" content=\"confagricolturapiacenza\" \/>\n<meta name=\"twitter:card\" content=\"summary_large_image\" \/>\n<meta name=\"twitter:label1\" content=\"Scritto da\" \/>\n\t<meta name=\"twitter:data1\" content=\"confagricolturapiacenza\" \/>\n\t<meta name=\"twitter:label2\" content=\"Tempo di lettura stimato\" \/>\n\t<meta name=\"twitter:data2\" content=\"4 minuti\" \/>\n<script type=\"application\/ld+json\" class=\"yoast-schema-graph\">{\"@context\":\"https:\/\/schema.org\",\"@graph\":[{\"@type\":\"Article\",\"@id\":\"https:\/\/www.confagricoltura.org\/piacenza\/confagricoltura-piacenza-visita-unazienda-associata-speciale-la-cerzoo\/#article\",\"isPartOf\":{\"@id\":\"https:\/\/www.confagricoltura.org\/piacenza\/confagricoltura-piacenza-visita-unazienda-associata-speciale-la-cerzoo\/\"},\"author\":{\"name\":\"confagricolturapiacenza\",\"@id\":\"https:\/\/www.confagricoltura.org\/piacenza\/#\/schema\/person\/be5da25a3117fea4b3bfec9dba09b5e8\"},\"headline\":\"Confagricoltura Piacenza visita un&#8217;azienda associata speciale: la Cerzoo\",\"datePublished\":\"2021-06-04T10:58:00+00:00\",\"dateModified\":\"2021-06-16T11:02:19+00:00\",\"mainEntityOfPage\":{\"@id\":\"https:\/\/www.confagricoltura.org\/piacenza\/confagricoltura-piacenza-visita-unazienda-associata-speciale-la-cerzoo\/\"},\"wordCount\":836,\"image\":{\"@id\":\"https:\/\/www.confagricoltura.org\/piacenza\/confagricoltura-piacenza-visita-unazienda-associata-speciale-la-cerzoo\/#primaryimage\"},\"thumbnailUrl\":\"https:\/\/www.confagricoltura.org\/piacenza\/wp-content\/uploads\/sites\/11\/2021\/06\/Erminio-Trevisi-Filippo-Gasparini.jpg\",\"articleSection\":[\"Eventi\",\"News\"],\"inLanguage\":\"it-IT\"},{\"@type\":\"WebPage\",\"@id\":\"https:\/\/www.confagricoltura.org\/piacenza\/confagricoltura-piacenza-visita-unazienda-associata-speciale-la-cerzoo\/\",\"url\":\"https:\/\/www.confagricoltura.org\/piacenza\/confagricoltura-piacenza-visita-unazienda-associata-speciale-la-cerzoo\/\",\"name\":\"Confagricoltura Piacenza visita un'azienda associata speciale: la Cerzoo - Confagricoltura Piacenza\",\"isPartOf\":{\"@id\":\"https:\/\/www.confagricoltura.org\/piacenza\/#website\"},\"primaryImageOfPage\":{\"@id\":\"https:\/\/www.confagricoltura.org\/piacenza\/confagricoltura-piacenza-visita-unazienda-associata-speciale-la-cerzoo\/#primaryimage\"},\"image\":{\"@id\":\"https:\/\/www.confagricoltura.org\/piacenza\/confagricoltura-piacenza-visita-unazienda-associata-speciale-la-cerzoo\/#primaryimage\"},\"thumbnailUrl\":\"https:\/\/www.confagricoltura.org\/piacenza\/wp-content\/uploads\/sites\/11\/2021\/06\/Erminio-Trevisi-Filippo-Gasparini.jpg\",\"datePublished\":\"2021-06-04T10:58:00+00:00\",\"dateModified\":\"2021-06-16T11:02:19+00:00\",\"author\":{\"@id\":\"https:\/\/www.confagricoltura.org\/piacenza\/#\/schema\/person\/be5da25a3117fea4b3bfec9dba09b5e8\"},\"breadcrumb\":{\"@id\":\"https:\/\/www.confagricoltura.org\/piacenza\/confagricoltura-piacenza-visita-unazienda-associata-speciale-la-cerzoo\/#breadcrumb\"},\"inLanguage\":\"it-IT\",\"potentialAction\":[{\"@type\":\"ReadAction\",\"target\":[\"https:\/\/www.confagricoltura.org\/piacenza\/confagricoltura-piacenza-visita-unazienda-associata-speciale-la-cerzoo\/\"]}]},{\"@type\":\"ImageObject\",\"inLanguage\":\"it-IT\",\"@id\":\"https:\/\/www.confagricoltura.org\/piacenza\/confagricoltura-piacenza-visita-unazienda-associata-speciale-la-cerzoo\/#primaryimage\",\"url\":\"https:\/\/www.confagricoltura.org\/piacenza\/wp-content\/uploads\/sites\/11\/2021\/06\/Erminio-Trevisi-Filippo-Gasparini.jpg\",\"contentUrl\":\"https:\/\/www.confagricoltura.org\/piacenza\/wp-content\/uploads\/sites\/11\/2021\/06\/Erminio-Trevisi-Filippo-Gasparini.jpg\",\"width\":1488,\"height\":1984},{\"@type\":\"BreadcrumbList\",\"@id\":\"https:\/\/www.confagricoltura.org\/piacenza\/confagricoltura-piacenza-visita-unazienda-associata-speciale-la-cerzoo\/#breadcrumb\",\"itemListElement\":[{\"@type\":\"ListItem\",\"position\":1,\"name\":\"Home\",\"item\":\"https:\/\/www.confagricoltura.org\/piacenza\/\"},{\"@type\":\"ListItem\",\"position\":2,\"name\":\"Confagricoltura Piacenza visita un&#8217;azienda associata speciale: la Cerzoo\"}]},{\"@type\":\"WebSite\",\"@id\":\"https:\/\/www.confagricoltura.org\/piacenza\/#website\",\"url\":\"https:\/\/www.confagricoltura.org\/piacenza\/\",\"name\":\"Confagricoltura Piacenza\",\"description\":\"Dalla parte degli Agricoltori\",\"potentialAction\":[{\"@type\":\"SearchAction\",\"target\":{\"@type\":\"EntryPoint\",\"urlTemplate\":\"https:\/\/www.confagricoltura.org\/piacenza\/?s={search_term_string}\"},\"query-input\":{\"@type\":\"PropertyValueSpecification\",\"valueRequired\":true,\"valueName\":\"search_term_string\"}}],\"inLanguage\":\"it-IT\"},{\"@type\":\"Person\",\"@id\":\"https:\/\/www.confagricoltura.org\/piacenza\/#\/schema\/person\/be5da25a3117fea4b3bfec9dba09b5e8\",\"name\":\"confagricolturapiacenza\",\"image\":{\"@type\":\"ImageObject\",\"inLanguage\":\"it-IT\",\"@id\":\"https:\/\/www.confagricoltura.org\/piacenza\/#\/schema\/person\/image\/\",\"url\":\"https:\/\/secure.gravatar.com\/avatar\/9c5f111e417171581853bd0a3ff892ca?s=96&d=mm&r=g\",\"contentUrl\":\"https:\/\/secure.gravatar.com\/avatar\/9c5f111e417171581853bd0a3ff892ca?s=96&d=mm&r=g\",\"caption\":\"confagricolturapiacenza\"},\"url\":\"https:\/\/www.confagricoltura.org\/piacenza\/author\/confagricolturapiacenza\/\"}]}<\/script>\n<!-- \/ Yoast SEO plugin. -->","yoast_head_json":{"title":"Confagricoltura Piacenza visita un'azienda associata speciale: la Cerzoo - Confagricoltura Piacenza","robots":{"index":"index","follow":"follow","max-snippet":"max-snippet:-1","max-image-preview":"max-image-preview:large","max-video-preview":"max-video-preview:-1"},"canonical":"https:\/\/www.confagricoltura.org\/piacenza\/confagricoltura-piacenza-visita-unazienda-associata-speciale-la-cerzoo\/","og_locale":"it_IT","og_type":"article","og_title":"Confagricoltura Piacenza visita un'azienda associata speciale: la Cerzoo - Confagricoltura Piacenza","og_description":"Occasione di proficuo dialogo tra il presidente Gasparini e il professor Trevisi presidente dell\u2019ente","og_url":"https:\/\/www.confagricoltura.org\/piacenza\/confagricoltura-piacenza-visita-unazienda-associata-speciale-la-cerzoo\/","og_site_name":"Confagricoltura Piacenza","article_published_time":"2021-06-04T10:58:00+00:00","article_modified_time":"2021-06-16T11:02:19+00:00","og_image":[{"width":1488,"height":1984,"url":"https:\/\/www.confagricoltura.org\/piacenza\/wp-content\/uploads\/sites\/11\/2021\/06\/Erminio-Trevisi-Filippo-Gasparini.jpg","type":"image\/jpeg"}],"author":"confagricolturapiacenza","twitter_card":"summary_large_image","twitter_misc":{"Scritto da":"confagricolturapiacenza","Tempo di lettura stimato":"4 minuti"},"schema":{"@context":"https:\/\/schema.org","@graph":[{"@type":"Article","@id":"https:\/\/www.confagricoltura.org\/piacenza\/confagricoltura-piacenza-visita-unazienda-associata-speciale-la-cerzoo\/#article","isPartOf":{"@id":"https:\/\/www.confagricoltura.org\/piacenza\/confagricoltura-piacenza-visita-unazienda-associata-speciale-la-cerzoo\/"},"author":{"name":"confagricolturapiacenza","@id":"https:\/\/www.confagricoltura.org\/piacenza\/#\/schema\/person\/be5da25a3117fea4b3bfec9dba09b5e8"},"headline":"Confagricoltura Piacenza visita un&#8217;azienda associata speciale: la Cerzoo","datePublished":"2021-06-04T10:58:00+00:00","dateModified":"2021-06-16T11:02:19+00:00","mainEntityOfPage":{"@id":"https:\/\/www.confagricoltura.org\/piacenza\/confagricoltura-piacenza-visita-unazienda-associata-speciale-la-cerzoo\/"},"wordCount":836,"image":{"@id":"https:\/\/www.confagricoltura.org\/piacenza\/confagricoltura-piacenza-visita-unazienda-associata-speciale-la-cerzoo\/#primaryimage"},"thumbnailUrl":"https:\/\/www.confagricoltura.org\/piacenza\/wp-content\/uploads\/sites\/11\/2021\/06\/Erminio-Trevisi-Filippo-Gasparini.jpg","articleSection":["Eventi","News"],"inLanguage":"it-IT"},{"@type":"WebPage","@id":"https:\/\/www.confagricoltura.org\/piacenza\/confagricoltura-piacenza-visita-unazienda-associata-speciale-la-cerzoo\/","url":"https:\/\/www.confagricoltura.org\/piacenza\/confagricoltura-piacenza-visita-unazienda-associata-speciale-la-cerzoo\/","name":"Confagricoltura Piacenza visita un'azienda associata speciale: la Cerzoo - Confagricoltura Piacenza","isPartOf":{"@id":"https:\/\/www.confagricoltura.org\/piacenza\/#website"},"primaryImageOfPage":{"@id":"https:\/\/www.confagricoltura.org\/piacenza\/confagricoltura-piacenza-visita-unazienda-associata-speciale-la-cerzoo\/#primaryimage"},"image":{"@id":"https:\/\/www.confagricoltura.org\/piacenza\/confagricoltura-piacenza-visita-unazienda-associata-speciale-la-cerzoo\/#primaryimage"},"thumbnailUrl":"https:\/\/www.confagricoltura.org\/piacenza\/wp-content\/uploads\/sites\/11\/2021\/06\/Erminio-Trevisi-Filippo-Gasparini.jpg","datePublished":"2021-06-04T10:58:00+00:00","dateModified":"2021-06-16T11:02:19+00:00","author":{"@id":"https:\/\/www.confagricoltura.org\/piacenza\/#\/schema\/person\/be5da25a3117fea4b3bfec9dba09b5e8"},"breadcrumb":{"@id":"https:\/\/www.confagricoltura.org\/piacenza\/confagricoltura-piacenza-visita-unazienda-associata-speciale-la-cerzoo\/#breadcrumb"},"inLanguage":"it-IT","potentialAction":[{"@type":"ReadAction","target":["https:\/\/www.confagricoltura.org\/piacenza\/confagricoltura-piacenza-visita-unazienda-associata-speciale-la-cerzoo\/"]}]},{"@type":"ImageObject","inLanguage":"it-IT","@id":"https:\/\/www.confagricoltura.org\/piacenza\/confagricoltura-piacenza-visita-unazienda-associata-speciale-la-cerzoo\/#primaryimage","url":"https:\/\/www.confagricoltura.org\/piacenza\/wp-content\/uploads\/sites\/11\/2021\/06\/Erminio-Trevisi-Filippo-Gasparini.jpg","contentUrl":"https:\/\/www.confagricoltura.org\/piacenza\/wp-content\/uploads\/sites\/11\/2021\/06\/Erminio-Trevisi-Filippo-Gasparini.jpg","width":1488,"height":1984},{"@type":"BreadcrumbList","@id":"https:\/\/www.confagricoltura.org\/piacenza\/confagricoltura-piacenza-visita-unazienda-associata-speciale-la-cerzoo\/#breadcrumb","itemListElement":[{"@type":"ListItem","position":1,"name":"Home","item":"https:\/\/www.confagricoltura.org\/piacenza\/"},{"@type":"ListItem","position":2,"name":"Confagricoltura Piacenza visita un&#8217;azienda associata speciale: la Cerzoo"}]},{"@type":"WebSite","@id":"https:\/\/www.confagricoltura.org\/piacenza\/#website","url":"https:\/\/www.confagricoltura.org\/piacenza\/","name":"Confagricoltura Piacenza","description":"Dalla parte degli Agricoltori","potentialAction":[{"@type":"SearchAction","target":{"@type":"EntryPoint","urlTemplate":"https:\/\/www.confagricoltura.org\/piacenza\/?s={search_term_string}"},"query-input":{"@type":"PropertyValueSpecification","valueRequired":true,"valueName":"search_term_string"}}],"inLanguage":"it-IT"},{"@type":"Person","@id":"https:\/\/www.confagricoltura.org\/piacenza\/#\/schema\/person\/be5da25a3117fea4b3bfec9dba09b5e8","name":"confagricolturapiacenza","image":{"@type":"ImageObject","inLanguage":"it-IT","@id":"https:\/\/www.confagricoltura.org\/piacenza\/#\/schema\/person\/image\/","url":"https:\/\/secure.gravatar.com\/avatar\/9c5f111e417171581853bd0a3ff892ca?s=96&d=mm&r=g","contentUrl":"https:\/\/secure.gravatar.com\/avatar\/9c5f111e417171581853bd0a3ff892ca?s=96&d=mm&r=g","caption":"confagricolturapiacenza"},"url":"https:\/\/www.confagricoltura.org\/piacenza\/author\/confagricolturapiacenza\/"}]}},"_links":{"self":[{"href":"https:\/\/www.confagricoltura.org\/piacenza\/wp-json\/wp\/v2\/posts\/3386","targetHints":{"allow":["GET"]}}],"collection":[{"href":"https:\/\/www.confagricoltura.org\/piacenza\/wp-json\/wp\/v2\/posts"}],"about":[{"href":"https:\/\/www.confagricoltura.org\/piacenza\/wp-json\/wp\/v2\/types\/post"}],"author":[{"embeddable":true,"href":"https:\/\/www.confagricoltura.org\/piacenza\/wp-json\/wp\/v2\/users\/6"}],"replies":[{"embeddable":true,"href":"https:\/\/www.confagricoltura.org\/piacenza\/wp-json\/wp\/v2\/comments?post=3386"}],"version-history":[{"count":1,"href":"https:\/\/www.confagricoltura.org\/piacenza\/wp-json\/wp\/v2\/posts\/3386\/revisions"}],"predecessor-version":[{"id":3388,"href":"https:\/\/www.confagricoltura.org\/piacenza\/wp-json\/wp\/v2\/posts\/3386\/revisions\/3388"}],"wp:featuredmedia":[{"embeddable":true,"href":"https:\/\/www.confagricoltura.org\/piacenza\/wp-json\/wp\/v2\/media\/3387"}],"wp:attachment":[{"href":"https:\/\/www.confagricoltura.org\/piacenza\/wp-json\/wp\/v2\/media?parent=3386"}],"wp:term":[{"taxonomy":"category","embeddable":true,"href":"https:\/\/www.confagricoltura.org\/piacenza\/wp-json\/wp\/v2\/categories?post=3386"},{"taxonomy":"post_tag","embeddable":true,"href":"https:\/\/www.confagricoltura.org\/piacenza\/wp-json\/wp\/v2\/tags?post=3386"}],"curies":[{"name":"wp","href":"https:\/\/api.w.org\/{rel}","templated":true}]}}