{"id":3357,"date":"2021-05-11T16:12:49","date_gmt":"2021-05-11T14:12:49","guid":{"rendered":"https:\/\/www.confagricoltura.org\/piacenza\/?p=3357"},"modified":"2021-05-11T16:32:58","modified_gmt":"2021-05-11T14:32:58","slug":"consorzio-agrario-terrepadane-dalla-guerra-alla-rinascita","status":"publish","type":"post","link":"https:\/\/www.confagricoltura.org\/piacenza\/consorzio-agrario-terrepadane-dalla-guerra-alla-rinascita\/","title":{"rendered":"Consorzio Agrario Terrepadane: dalla guerra alla rinascita"},"content":{"rendered":"\n<p><\/p>\n\n\n\n<p><em>Caro Girometta, sul progetto Cai stai sbagliando<\/em><\/p>\n\n\n\n<p>Sono apertamente contrario all\u2019entrata di Terrepadane in Consorzi Agrari d\u2019Italia (Cai).<\/p>\n\n\n\n<p>Ci sono diversi livelli di valutazione. Il primo riguarda la storia: c\u2019\u00e8 gi\u00e0 stata la Federconsorzi e non \u00e8 finita bene. Cos\u2019\u00e8 cambiato oggi nel panorama per cui dovrebbe andare meglio questa volta? Nulla. Semmai, se possibile, il panorama \u00e8 cambiato in peggio e non solo per l\u2019agricoltura. Il progetto Cai non funzioner\u00e0 perch\u00e9 l\u2019agricoltura italiana \u00e8 fatta di peculiarit\u00e0 locali e questa \u00e8 la nostra forza. Da noi, quando fai qualcosa di globale non va mai bene; e appunto la storia di Federconsorzi \u00e8 l\u00ec a dimostrarlo. Poi, nello specifico di Cai, ci sono coni d\u2019ombra che non sono mai stati chiariti.<\/p>\n\n\n\n<p>Perch\u00e9 realt\u00e0 consortili-cooperative, caratterizzate da vincoli mutualistici come Terrepadane, si devono legare a una Spa come Bonifiche Ferraresi? Perch\u00e9 in questa operazione entrano le banche e le risorse pubbliche di Cassa Depositi e Presiti? Senza pensare che ci sia qualcosa di illegale, non mi sta bene comunque. E lo dico anche da contribuente.<\/p>\n\n\n\n<p>Confagricoltura Piacenza da sempre sostiene che se un\u2019agricoltura \u00e8 sana, i soldi deve produrli e non assorbirli. All\u2019agricoltura piacentina servono infrastrutture non apparati. Qui servono le dighe; condotte per la miglior gestione possibile dell\u2019acqua; servono organizzazioni di prodotto e cooperative, con reti e impianti per la trasformazione dal campo alla tavola, a partire dal pomodoro di cui Piacenza \u00e8 una delle capitali, o dalla filiera del latte Dop, per non dimenticare quella del vino e dell\u2019ortofrutta. Non ci servono gli apparati burocratici che invece di far dialogare i diversi territori italiani, valorizzandoli con le giuste strutture, ne affossano le esigenze appiattendo tutto. E Cai ha solamente le caratteristiche di un nuovo apparato. \u00c8 un\u2019operazione che sta facendo emergere anche le responsabilit\u00e0 della politica che su Cai continua a tacere. Mi spiego: alla politica piacciono progetti \u2018chiavi in mano\u2019, perch\u00e9 non \u00e8 pi\u00f9 capace di fare un piano agricolo nazionale e cerca qualcuno che lo faccia per lei. Cos\u00ec nascono i progetti pasticciati come Cai, con dentro cooperazione, societ\u00e0 per azioni, banche e partecipazioni pubbliche. Mi chiedo: perch\u00e9 invece non prendiamo esempio dalla Spagna? A Madrid hanno fatto un piano agricolo nazionale partendo dal basso, ascoltando i territori, partendo dalle loro diverse esigenze.<\/p>\n\n\n\n<p>L\u2019agricoltura locale non ha bisogno di modelli calati dall\u2019alto, anche perch\u00e9 \u00e8 una delle realt\u00e0 del settore primario che da sempre fa storia ed \u00e8 tra le pi\u00f9 avanzate nel panorama nazionale e non solo.<\/p>\n\n\n\n<p>Mi vien da pensare che gli importanti numeri realizzati da Terrepadane e il suo patrimonio possano tornare utili per chiudere i buchi generati da qualche altra parte. E non mi convince neppure l\u2019argomentazione che l\u2019ingresso in Cai sarebbe utile per intercettare meglio i fondi Europei del Recovery Plan. L\u2019operazione Cai era gi\u00e0 partita ben prima del Recovery Plan, del Pnrr, ed \u00e8 la stessa di allora. La capacit\u00e0 di intercettare risorse, inoltre, non \u00e8 certamente legata alla dimensione della struttura, ma alle sue capacit\u00e0 e la possibilit\u00e0 di accedervi \u00e8 determinata dalle politiche, che tra l\u2019altro riconoscono premialit\u00e0 ai territori e alle specificit\u00e0.<\/p>\n\n\n\n<p>Scricchiola anche la tesi che con l\u2019ingresso in Cai Terrepadane potrebbe beneficiare di economie di scala per gli acquisti dei prodotti perch\u00e9 le grandi multinazionali fissano un prezzo ed \u00e8 quello e non \u00e8 cos\u00ec che si rompono i cartelli per le forniture all\u2019agricoltura e poi Terrepadane gi\u00e0 oggi fa gi\u00e0 volumi sufficienti per dialogare con i big del settore, ottenendo ottimi prezzi per i suoi soci.<\/p>\n\n\n\n<p>Non mi si dica che sto cavalcando l\u2019onda per mettere malumore in casa altrui.<\/p>\n\n\n\n<p>Quello che mi preoccupa non \u00e8 colpire Coldiretti. Mi baso sui dati reali: un sindacato degli agricoltori che non si occupa del fatto che in Italia non ci sono i presidi utilizzabili in altri Paesi Ue e invece interviene massicciamente su un\u2019operazione come quella di Cai, per me non fa il bene degli agricoltori.<\/p>\n\n\n\n<p>Un sindacato degli agricoltori si dovrebbe occupare della valorizzazione dei territori e della redditivit\u00e0 delle imprese e non di creare nuovi carrozzoni.<\/p>\n\n\n\n<p>E qui vorrei fare un appello a una persona che comunque stimo, ma non capisco perch\u00e9 si sia schierata a favore di Cai.<\/p>\n\n\n\n<p>Mi rivolgo a un amico, Gabriele Girometta, che oltre ad essere un ottimo agricoltore \u00e8 anche il sindaco di Cortemaggiore; un Comune che rappresenta un fiore all\u2019occhiello dell\u2019agricoltura piacentina. Non capisco, e lo dico col cuore in mano, come un sindaco come lui non si renda conto che aderire a questo progetto significa consegnare la ricchezza creata sul suo territorio a una entit\u00e0 nazionale come Cai. Ci ripensi!<\/p>\n\n\n\n<p>Io spero che gli agricoltori capiscano la differenza tra chi sta facendo davvero i loro interessi e chi, invece, li vuole usare per i propri interessi, lasciando loro le briciole. Se sar\u00e0 cos\u00ec, verr\u00e0 scardinato il ruolo di queste corporazioni, che usano la loro massa critica sul piano politico solo per sorreggere s\u00e9 stesse.<\/p>\n\n\n\n<p>Parlando con gli agricoltori si avverte molto bene come non si sentano tutelati, a partire dai problemi che devono affrontare tutti i giorni, anche i pi\u00f9 banali, che non vuol dire siano meno importanti. Vogliamo parlare dell\u2019invasione dei cinghiali e degli altri selvatici che danneggiano le colture? Dell\u2019acqua che dal 20 di luglio non c\u2019\u00e8 pi\u00f9, anche se oggi con i nuovi impianti irrigui goccia a goccia viene utilizzata al meglio? Vogliamo parlare della politica e della burocrazia che ne inventano una ogni giorno invece di agevolare i territori e le loro peculiarit\u00e0? Vogliamo parlare della crisi dei prezzi?<\/p>\n\n\n\n<p>E allora, perch\u00e9 invece di smontare un modello che funziona come Terrepadane, che proprio su tanti di questi temi \u00e8 quotidianamente al fianco degli agricoltori, un sindacato non si occupa di questi problemi? Ecco perch\u00e9 gli agricoltori si sentono abbandonati. E Coldiretti o Confagricoltura che sia, di questo dobbiamo occuparci, non di Consorzi Agrari d\u2019Italia.<\/p>\n\n\n\n<p>Credo che oggi gli agricoltori siano sempre pi\u00f9 imprenditori, sia per dimensioni aziendali che per capacit\u00e0 manageriali. Se capiscono che i loro rappresentanti li usano ad altri fini che non quelli di difendere i loro interessi e la loro crescita, agiranno e a Piacenza, dalla battaglia di Terrepadane, potrebbe nascere qualcosa di ben pi\u00f9 importante.<\/p>\n\n\n\n<p>Come la marcia dei 40mila a Torino, quella dei colletti bianchi della Fiat che nel 1980 si ribellarono al pensiero unico che volevano imporre le organizzazioni sindacali. Ecco, da Piacenza, attraverso lo scontro su Terrepadane, se verranno eletti i rappresentati che non vogliono portarlo in Cai, potrebbe arrivare un segnale del genere e cambiare, come allora, la storia sindacale, stavolta nel campo agricolo.<\/p>\n\n\n\n<p>&nbsp;&nbsp;&nbsp;&nbsp;&nbsp;&nbsp;&nbsp;&nbsp;&nbsp;&nbsp;&nbsp;&nbsp;&nbsp;&nbsp;&nbsp;&nbsp;&nbsp;&nbsp;&nbsp;&nbsp;&nbsp;&nbsp;&nbsp;&nbsp;&nbsp;&nbsp;&nbsp;      &nbsp;&nbsp;&nbsp;&nbsp;&nbsp;&nbsp;&nbsp;&nbsp;&nbsp;&nbsp;&nbsp;&nbsp;&nbsp;&nbsp;&nbsp;&nbsp;&nbsp;&nbsp;&nbsp;&nbsp;&nbsp;&nbsp;&nbsp;&nbsp;&nbsp;&nbsp;&nbsp;&nbsp;&nbsp;&nbsp;&nbsp;&nbsp;&nbsp;&nbsp;&nbsp;&nbsp;&nbsp;&nbsp;&nbsp;&nbsp;&nbsp;&nbsp;&nbsp;         &nbsp;&nbsp;Filippo Gasparini<\/p>\n\n\n\n<p>&nbsp;&nbsp;&nbsp;&nbsp;&nbsp;&nbsp;&nbsp;&nbsp;&nbsp;&nbsp;&nbsp;&nbsp;&nbsp;&nbsp;&nbsp;&nbsp;&nbsp;&nbsp;&nbsp;&nbsp;&nbsp;&nbsp;&nbsp;&nbsp;&nbsp;&nbsp;&nbsp;&nbsp;&nbsp;&nbsp;&nbsp;&nbsp;&nbsp;&nbsp;&nbsp;&nbsp;&nbsp;&nbsp;&nbsp;&nbsp;&nbsp;&nbsp;&nbsp;&nbsp;&nbsp;&nbsp;&nbsp;&nbsp;&nbsp;&nbsp;&nbsp;&nbsp;&nbsp;&nbsp;&nbsp;&nbsp;&nbsp;&nbsp;&nbsp;&nbsp;        <em>Presidente di Confagricoltura Piacenza<\/em><\/p>\n","protected":false},"excerpt":{"rendered":"<p>Filippo Gasparini &#8211; Lettera Aperta<\/p>\n","protected":false},"author":6,"featured_media":3288,"comment_status":"closed","ping_status":"closed","sticky":false,"template":"","format":"standard","meta":{"wp_mapbox_gl_js_media":[],"footnotes":""},"categories":[21,4],"tags":[293],"class_list":["post-3357","post","type-post","status-publish","format-standard","has-post-thumbnail","hentry","category-eventi","category-news","tag-terrepadane"],"yoast_head":"<!-- This site is optimized with the Yoast SEO plugin v26.8 - https:\/\/yoast.com\/product\/yoast-seo-wordpress\/ -->\n<title>Consorzio Agrario Terrepadane: dalla guerra alla rinascita - Confagricoltura Piacenza<\/title>\n<meta name=\"robots\" content=\"index, follow, max-snippet:-1, max-image-preview:large, max-video-preview:-1\" \/>\n<link rel=\"canonical\" href=\"https:\/\/www.confagricoltura.org\/piacenza\/consorzio-agrario-terrepadane-dalla-guerra-alla-rinascita\/\" \/>\n<meta property=\"og:locale\" content=\"it_IT\" \/>\n<meta property=\"og:type\" content=\"article\" \/>\n<meta property=\"og:title\" content=\"Consorzio Agrario Terrepadane: dalla guerra alla rinascita - Confagricoltura Piacenza\" \/>\n<meta property=\"og:description\" content=\"Filippo Gasparini - Lettera Aperta\" \/>\n<meta property=\"og:url\" content=\"https:\/\/www.confagricoltura.org\/piacenza\/consorzio-agrario-terrepadane-dalla-guerra-alla-rinascita\/\" \/>\n<meta property=\"og:site_name\" content=\"Confagricoltura Piacenza\" \/>\n<meta property=\"article:published_time\" content=\"2021-05-11T14:12:49+00:00\" \/>\n<meta property=\"article:modified_time\" content=\"2021-05-11T14:32:58+00:00\" \/>\n<meta property=\"og:image\" content=\"https:\/\/www.confagricoltura.org\/piacenza\/wp-content\/uploads\/sites\/11\/2021\/04\/Filippo-Gasparini2.jpg\" \/>\n\t<meta property=\"og:image:width\" content=\"1157\" \/>\n\t<meta property=\"og:image:height\" content=\"1543\" \/>\n\t<meta property=\"og:image:type\" content=\"image\/jpeg\" \/>\n<meta name=\"author\" content=\"confagricolturapiacenza\" \/>\n<meta name=\"twitter:card\" content=\"summary_large_image\" \/>\n<meta name=\"twitter:label1\" content=\"Scritto da\" \/>\n\t<meta name=\"twitter:data1\" content=\"confagricolturapiacenza\" \/>\n\t<meta name=\"twitter:label2\" content=\"Tempo di lettura stimato\" \/>\n\t<meta name=\"twitter:data2\" content=\"5 minuti\" \/>\n<script type=\"application\/ld+json\" class=\"yoast-schema-graph\">{\"@context\":\"https:\/\/schema.org\",\"@graph\":[{\"@type\":\"Article\",\"@id\":\"https:\/\/www.confagricoltura.org\/piacenza\/consorzio-agrario-terrepadane-dalla-guerra-alla-rinascita\/#article\",\"isPartOf\":{\"@id\":\"https:\/\/www.confagricoltura.org\/piacenza\/consorzio-agrario-terrepadane-dalla-guerra-alla-rinascita\/\"},\"author\":{\"name\":\"confagricolturapiacenza\",\"@id\":\"https:\/\/www.confagricoltura.org\/piacenza\/#\/schema\/person\/be5da25a3117fea4b3bfec9dba09b5e8\"},\"headline\":\"Consorzio Agrario Terrepadane: dalla guerra alla rinascita\",\"datePublished\":\"2021-05-11T14:12:49+00:00\",\"dateModified\":\"2021-05-11T14:32:58+00:00\",\"mainEntityOfPage\":{\"@id\":\"https:\/\/www.confagricoltura.org\/piacenza\/consorzio-agrario-terrepadane-dalla-guerra-alla-rinascita\/\"},\"wordCount\":1237,\"image\":{\"@id\":\"https:\/\/www.confagricoltura.org\/piacenza\/consorzio-agrario-terrepadane-dalla-guerra-alla-rinascita\/#primaryimage\"},\"thumbnailUrl\":\"https:\/\/www.confagricoltura.org\/piacenza\/wp-content\/uploads\/sites\/11\/2021\/04\/Filippo-Gasparini2.jpg\",\"keywords\":[\"TERREPADANE\"],\"articleSection\":[\"Eventi\",\"News\"],\"inLanguage\":\"it-IT\"},{\"@type\":\"WebPage\",\"@id\":\"https:\/\/www.confagricoltura.org\/piacenza\/consorzio-agrario-terrepadane-dalla-guerra-alla-rinascita\/\",\"url\":\"https:\/\/www.confagricoltura.org\/piacenza\/consorzio-agrario-terrepadane-dalla-guerra-alla-rinascita\/\",\"name\":\"Consorzio Agrario Terrepadane: dalla guerra alla rinascita - Confagricoltura Piacenza\",\"isPartOf\":{\"@id\":\"https:\/\/www.confagricoltura.org\/piacenza\/#website\"},\"primaryImageOfPage\":{\"@id\":\"https:\/\/www.confagricoltura.org\/piacenza\/consorzio-agrario-terrepadane-dalla-guerra-alla-rinascita\/#primaryimage\"},\"image\":{\"@id\":\"https:\/\/www.confagricoltura.org\/piacenza\/consorzio-agrario-terrepadane-dalla-guerra-alla-rinascita\/#primaryimage\"},\"thumbnailUrl\":\"https:\/\/www.confagricoltura.org\/piacenza\/wp-content\/uploads\/sites\/11\/2021\/04\/Filippo-Gasparini2.jpg\",\"datePublished\":\"2021-05-11T14:12:49+00:00\",\"dateModified\":\"2021-05-11T14:32:58+00:00\",\"author\":{\"@id\":\"https:\/\/www.confagricoltura.org\/piacenza\/#\/schema\/person\/be5da25a3117fea4b3bfec9dba09b5e8\"},\"breadcrumb\":{\"@id\":\"https:\/\/www.confagricoltura.org\/piacenza\/consorzio-agrario-terrepadane-dalla-guerra-alla-rinascita\/#breadcrumb\"},\"inLanguage\":\"it-IT\",\"potentialAction\":[{\"@type\":\"ReadAction\",\"target\":[\"https:\/\/www.confagricoltura.org\/piacenza\/consorzio-agrario-terrepadane-dalla-guerra-alla-rinascita\/\"]}]},{\"@type\":\"ImageObject\",\"inLanguage\":\"it-IT\",\"@id\":\"https:\/\/www.confagricoltura.org\/piacenza\/consorzio-agrario-terrepadane-dalla-guerra-alla-rinascita\/#primaryimage\",\"url\":\"https:\/\/www.confagricoltura.org\/piacenza\/wp-content\/uploads\/sites\/11\/2021\/04\/Filippo-Gasparini2.jpg\",\"contentUrl\":\"https:\/\/www.confagricoltura.org\/piacenza\/wp-content\/uploads\/sites\/11\/2021\/04\/Filippo-Gasparini2.jpg\",\"width\":1157,\"height\":1543},{\"@type\":\"BreadcrumbList\",\"@id\":\"https:\/\/www.confagricoltura.org\/piacenza\/consorzio-agrario-terrepadane-dalla-guerra-alla-rinascita\/#breadcrumb\",\"itemListElement\":[{\"@type\":\"ListItem\",\"position\":1,\"name\":\"Home\",\"item\":\"https:\/\/www.confagricoltura.org\/piacenza\/\"},{\"@type\":\"ListItem\",\"position\":2,\"name\":\"Consorzio Agrario Terrepadane: dalla guerra alla rinascita\"}]},{\"@type\":\"WebSite\",\"@id\":\"https:\/\/www.confagricoltura.org\/piacenza\/#website\",\"url\":\"https:\/\/www.confagricoltura.org\/piacenza\/\",\"name\":\"Confagricoltura Piacenza\",\"description\":\"Dalla parte degli Agricoltori\",\"potentialAction\":[{\"@type\":\"SearchAction\",\"target\":{\"@type\":\"EntryPoint\",\"urlTemplate\":\"https:\/\/www.confagricoltura.org\/piacenza\/?s={search_term_string}\"},\"query-input\":{\"@type\":\"PropertyValueSpecification\",\"valueRequired\":true,\"valueName\":\"search_term_string\"}}],\"inLanguage\":\"it-IT\"},{\"@type\":\"Person\",\"@id\":\"https:\/\/www.confagricoltura.org\/piacenza\/#\/schema\/person\/be5da25a3117fea4b3bfec9dba09b5e8\",\"name\":\"confagricolturapiacenza\",\"image\":{\"@type\":\"ImageObject\",\"inLanguage\":\"it-IT\",\"@id\":\"https:\/\/www.confagricoltura.org\/piacenza\/#\/schema\/person\/image\/\",\"url\":\"https:\/\/secure.gravatar.com\/avatar\/9c5f111e417171581853bd0a3ff892ca?s=96&d=mm&r=g\",\"contentUrl\":\"https:\/\/secure.gravatar.com\/avatar\/9c5f111e417171581853bd0a3ff892ca?s=96&d=mm&r=g\",\"caption\":\"confagricolturapiacenza\"},\"url\":\"https:\/\/www.confagricoltura.org\/piacenza\/author\/confagricolturapiacenza\/\"}]}<\/script>\n<!-- \/ Yoast SEO plugin. -->","yoast_head_json":{"title":"Consorzio Agrario Terrepadane: dalla guerra alla rinascita - Confagricoltura Piacenza","robots":{"index":"index","follow":"follow","max-snippet":"max-snippet:-1","max-image-preview":"max-image-preview:large","max-video-preview":"max-video-preview:-1"},"canonical":"https:\/\/www.confagricoltura.org\/piacenza\/consorzio-agrario-terrepadane-dalla-guerra-alla-rinascita\/","og_locale":"it_IT","og_type":"article","og_title":"Consorzio Agrario Terrepadane: dalla guerra alla rinascita - Confagricoltura Piacenza","og_description":"Filippo Gasparini - Lettera Aperta","og_url":"https:\/\/www.confagricoltura.org\/piacenza\/consorzio-agrario-terrepadane-dalla-guerra-alla-rinascita\/","og_site_name":"Confagricoltura Piacenza","article_published_time":"2021-05-11T14:12:49+00:00","article_modified_time":"2021-05-11T14:32:58+00:00","og_image":[{"width":1157,"height":1543,"url":"https:\/\/www.confagricoltura.org\/piacenza\/wp-content\/uploads\/sites\/11\/2021\/04\/Filippo-Gasparini2.jpg","type":"image\/jpeg"}],"author":"confagricolturapiacenza","twitter_card":"summary_large_image","twitter_misc":{"Scritto da":"confagricolturapiacenza","Tempo di lettura stimato":"5 minuti"},"schema":{"@context":"https:\/\/schema.org","@graph":[{"@type":"Article","@id":"https:\/\/www.confagricoltura.org\/piacenza\/consorzio-agrario-terrepadane-dalla-guerra-alla-rinascita\/#article","isPartOf":{"@id":"https:\/\/www.confagricoltura.org\/piacenza\/consorzio-agrario-terrepadane-dalla-guerra-alla-rinascita\/"},"author":{"name":"confagricolturapiacenza","@id":"https:\/\/www.confagricoltura.org\/piacenza\/#\/schema\/person\/be5da25a3117fea4b3bfec9dba09b5e8"},"headline":"Consorzio Agrario Terrepadane: dalla guerra alla rinascita","datePublished":"2021-05-11T14:12:49+00:00","dateModified":"2021-05-11T14:32:58+00:00","mainEntityOfPage":{"@id":"https:\/\/www.confagricoltura.org\/piacenza\/consorzio-agrario-terrepadane-dalla-guerra-alla-rinascita\/"},"wordCount":1237,"image":{"@id":"https:\/\/www.confagricoltura.org\/piacenza\/consorzio-agrario-terrepadane-dalla-guerra-alla-rinascita\/#primaryimage"},"thumbnailUrl":"https:\/\/www.confagricoltura.org\/piacenza\/wp-content\/uploads\/sites\/11\/2021\/04\/Filippo-Gasparini2.jpg","keywords":["TERREPADANE"],"articleSection":["Eventi","News"],"inLanguage":"it-IT"},{"@type":"WebPage","@id":"https:\/\/www.confagricoltura.org\/piacenza\/consorzio-agrario-terrepadane-dalla-guerra-alla-rinascita\/","url":"https:\/\/www.confagricoltura.org\/piacenza\/consorzio-agrario-terrepadane-dalla-guerra-alla-rinascita\/","name":"Consorzio Agrario Terrepadane: dalla guerra alla rinascita - Confagricoltura Piacenza","isPartOf":{"@id":"https:\/\/www.confagricoltura.org\/piacenza\/#website"},"primaryImageOfPage":{"@id":"https:\/\/www.confagricoltura.org\/piacenza\/consorzio-agrario-terrepadane-dalla-guerra-alla-rinascita\/#primaryimage"},"image":{"@id":"https:\/\/www.confagricoltura.org\/piacenza\/consorzio-agrario-terrepadane-dalla-guerra-alla-rinascita\/#primaryimage"},"thumbnailUrl":"https:\/\/www.confagricoltura.org\/piacenza\/wp-content\/uploads\/sites\/11\/2021\/04\/Filippo-Gasparini2.jpg","datePublished":"2021-05-11T14:12:49+00:00","dateModified":"2021-05-11T14:32:58+00:00","author":{"@id":"https:\/\/www.confagricoltura.org\/piacenza\/#\/schema\/person\/be5da25a3117fea4b3bfec9dba09b5e8"},"breadcrumb":{"@id":"https:\/\/www.confagricoltura.org\/piacenza\/consorzio-agrario-terrepadane-dalla-guerra-alla-rinascita\/#breadcrumb"},"inLanguage":"it-IT","potentialAction":[{"@type":"ReadAction","target":["https:\/\/www.confagricoltura.org\/piacenza\/consorzio-agrario-terrepadane-dalla-guerra-alla-rinascita\/"]}]},{"@type":"ImageObject","inLanguage":"it-IT","@id":"https:\/\/www.confagricoltura.org\/piacenza\/consorzio-agrario-terrepadane-dalla-guerra-alla-rinascita\/#primaryimage","url":"https:\/\/www.confagricoltura.org\/piacenza\/wp-content\/uploads\/sites\/11\/2021\/04\/Filippo-Gasparini2.jpg","contentUrl":"https:\/\/www.confagricoltura.org\/piacenza\/wp-content\/uploads\/sites\/11\/2021\/04\/Filippo-Gasparini2.jpg","width":1157,"height":1543},{"@type":"BreadcrumbList","@id":"https:\/\/www.confagricoltura.org\/piacenza\/consorzio-agrario-terrepadane-dalla-guerra-alla-rinascita\/#breadcrumb","itemListElement":[{"@type":"ListItem","position":1,"name":"Home","item":"https:\/\/www.confagricoltura.org\/piacenza\/"},{"@type":"ListItem","position":2,"name":"Consorzio Agrario Terrepadane: dalla guerra alla rinascita"}]},{"@type":"WebSite","@id":"https:\/\/www.confagricoltura.org\/piacenza\/#website","url":"https:\/\/www.confagricoltura.org\/piacenza\/","name":"Confagricoltura Piacenza","description":"Dalla parte degli Agricoltori","potentialAction":[{"@type":"SearchAction","target":{"@type":"EntryPoint","urlTemplate":"https:\/\/www.confagricoltura.org\/piacenza\/?s={search_term_string}"},"query-input":{"@type":"PropertyValueSpecification","valueRequired":true,"valueName":"search_term_string"}}],"inLanguage":"it-IT"},{"@type":"Person","@id":"https:\/\/www.confagricoltura.org\/piacenza\/#\/schema\/person\/be5da25a3117fea4b3bfec9dba09b5e8","name":"confagricolturapiacenza","image":{"@type":"ImageObject","inLanguage":"it-IT","@id":"https:\/\/www.confagricoltura.org\/piacenza\/#\/schema\/person\/image\/","url":"https:\/\/secure.gravatar.com\/avatar\/9c5f111e417171581853bd0a3ff892ca?s=96&d=mm&r=g","contentUrl":"https:\/\/secure.gravatar.com\/avatar\/9c5f111e417171581853bd0a3ff892ca?s=96&d=mm&r=g","caption":"confagricolturapiacenza"},"url":"https:\/\/www.confagricoltura.org\/piacenza\/author\/confagricolturapiacenza\/"}]}},"_links":{"self":[{"href":"https:\/\/www.confagricoltura.org\/piacenza\/wp-json\/wp\/v2\/posts\/3357","targetHints":{"allow":["GET"]}}],"collection":[{"href":"https:\/\/www.confagricoltura.org\/piacenza\/wp-json\/wp\/v2\/posts"}],"about":[{"href":"https:\/\/www.confagricoltura.org\/piacenza\/wp-json\/wp\/v2\/types\/post"}],"author":[{"embeddable":true,"href":"https:\/\/www.confagricoltura.org\/piacenza\/wp-json\/wp\/v2\/users\/6"}],"replies":[{"embeddable":true,"href":"https:\/\/www.confagricoltura.org\/piacenza\/wp-json\/wp\/v2\/comments?post=3357"}],"version-history":[{"count":5,"href":"https:\/\/www.confagricoltura.org\/piacenza\/wp-json\/wp\/v2\/posts\/3357\/revisions"}],"predecessor-version":[{"id":3362,"href":"https:\/\/www.confagricoltura.org\/piacenza\/wp-json\/wp\/v2\/posts\/3357\/revisions\/3362"}],"wp:featuredmedia":[{"embeddable":true,"href":"https:\/\/www.confagricoltura.org\/piacenza\/wp-json\/wp\/v2\/media\/3288"}],"wp:attachment":[{"href":"https:\/\/www.confagricoltura.org\/piacenza\/wp-json\/wp\/v2\/media?parent=3357"}],"wp:term":[{"taxonomy":"category","embeddable":true,"href":"https:\/\/www.confagricoltura.org\/piacenza\/wp-json\/wp\/v2\/categories?post=3357"},{"taxonomy":"post_tag","embeddable":true,"href":"https:\/\/www.confagricoltura.org\/piacenza\/wp-json\/wp\/v2\/tags?post=3357"}],"curies":[{"name":"wp","href":"https:\/\/api.w.org\/{rel}","templated":true}]}}