{"id":3355,"date":"2021-05-11T16:01:29","date_gmt":"2021-05-11T14:01:29","guid":{"rendered":"https:\/\/www.confagricoltura.org\/piacenza\/?p=3355"},"modified":"2021-05-11T16:01:30","modified_gmt":"2021-05-11T14:01:30","slug":"in-pensione-giovanni-marchesi-dopo-33-anni-in-confagricoltura-proseguira-come-consulente","status":"publish","type":"post","link":"https:\/\/www.confagricoltura.org\/piacenza\/in-pensione-giovanni-marchesi-dopo-33-anni-in-confagricoltura-proseguira-come-consulente\/","title":{"rendered":"In pensione Giovanni Marchesi dopo 33 anni in Confagricoltura, proseguir\u00e0 come consulente"},"content":{"rendered":"\n<p>Nei giorni scorsi Giovanni Marchesi, noto agronomo e storico responsabile dei servizi tecnici di Confagricoltura Piacenza ha rassegnato le proprie dimissioni, dopo 33 anni di servizio, per raggiunti limiti di et\u00e0. I colleghi lo hanno salutato con semplicit\u00e0, perch\u00e9 lui ama le cose semplici e perch\u00e9 il momento non permette di fare diversamente, ma con grande commozione. Presente per l\u2019occasione anche il presidente Filippo Gasparini. \u201cAl dottor Marchesi va il mio grazie personale per tutti questi anni di dedizione e penso di parlare anche a nome di tutti i presidenti che mi hanno preceduto\u201d. Marchesi era stato assunto, unica professionalit\u00e0 dedicata all\u2019ufficio tecnico, nel 1988 dal compianto dottor Bergamaschi, allora presidente dell\u2019Unione provinciale agricoltori. \u201cNel 1988, quando sono arrivato, ho sostituito il dottor Piergiuseppe Romanini, che \u00e8 un fratello per me \u2013 ha ricordato Marchesi &#8211; lui era passato all\u2019Associazione Allevatori\u201d.<\/p>\n\n\n\n<p>La crescita del servizio tecnico \u00e8 stata negli anni proporzionale all\u2019incremento delle pratiche e degli adempimenti e Marchesi oggi passa il testimone di un servizio che impiega una ventina di persone. \u201cGiovanni resta comunque come consulente esterno \u2013 ha tenuto a rassicurare il direttore Marco Casagrande che a Marchesi \u00e8 legato da profonda amicizia e con cui ha condiviso i banchi dell\u2019istituto tecnico superiore e della Facolt\u00e0 di Agraria \u2013 lo ringraziamo di questa disponibilit\u00e0, che ci rassicura perch\u00e9 cos\u00ec potremo contare ancora sulla sua grande competenza ed esperienza\u201d. Non c\u2019\u00e8 associato che non lo conosca e che non abbia avuto modo di interfacciarsi con lui. La sua disponibilit\u00e0 all\u2019ascolto \u00e8, ancor prima di una caratteristica professionale, un aspetto della sua grande umanit\u00e0 che tutti gli riconoscono e apprezzano.<\/p>\n\n\n\n<p>\u201cUn terzo dei cent\u2019anni dell\u2019Unione sono passati mentre ero dipendente di questa associazione dove ho trascorso pi\u00f9 della met\u00e0 della mia vita e ne sono contento\u201d \u2013 ha ricordato Marchesi. \u201cNella natura ho sempre visto la meraviglia. Un seme di grano che muore e diventa una spiga, poi tanti chicchi che maturano per essere macinati e diventare pane: \u00e8 un miracolo! Questa dimensione un po\u2019 trascendente del lavoro agricolo non la voglio dimenticare ed \u00e8 quello che mi ha confortato nelle giornate pi\u00f9 difficili che ci sono sul lavoro, quando mi sono chiesto che senso avesse far girare tante carte. Come in tutte le cose, anche nella mia vita lavorativa ho vissuto alti e bassi, ma quando vedo agricoltori che ancora si rivolgono a me per avere indicazioni utili alle loro aziende mi rallegro. Considero il mio lavoro come una grazia, non un merito. Infine \u2013 ha aggiunto &#8211; ringrazio mia moglie e tutti i miei colleghi che mi hanno sempre aiutato ed anche sopportato\u201d. \u201cNon possiamo che esserti grati noi &#8211; gli ha detto Gasparini \u2013 per aver messo a disposizione dell\u2019associazione, con dedizione, onest\u00e0 e impegno, le tue competenze tecniche e le tue doti umane. Hai sempre dato prova di grande moralit\u00e0 e rettitudine nella gestione del delicato percorso delle risorse pubbliche che vengono assegnate al privato. La tua integrit\u00e0 ha costituito una tutela dei soci e delle aziende. Per fortuna \u2013 ha concluso \u2013 sei disponibile a collaborare ancora con noi e questo ci rincuora perch\u00e9 cos\u00ec non sar\u00e0 un addio. Ancora grazie da parte di tutti noi, dai soci e dai colleghi\u201d. Calorosi applausi hanno sottolineato la partecipazione di tutta la squadra di collaboratori di Confagricoltura Piacenza.&nbsp;<\/p>\n","protected":false},"excerpt":{"rendered":"<p>Gasparini: una figura di riferimento che ha affiancato la trasformazione dell\u2019associazione. Gli siamo grati.<\/p>\n","protected":false},"author":6,"featured_media":3354,"comment_status":"closed","ping_status":"closed","sticky":false,"template":"","format":"standard","meta":{"wp_mapbox_gl_js_media":[],"footnotes":""},"categories":[21,4],"tags":[375],"class_list":["post-3355","post","type-post","status-publish","format-standard","has-post-thumbnail","hentry","category-eventi","category-news","tag-giovanni-marchesi"],"yoast_head":"<!-- This site is optimized with the Yoast SEO plugin v26.8 - https:\/\/yoast.com\/product\/yoast-seo-wordpress\/ -->\n<title>In pensione Giovanni Marchesi dopo 33 anni in Confagricoltura, proseguir\u00e0 come consulente - Confagricoltura Piacenza<\/title>\n<meta name=\"robots\" content=\"index, follow, max-snippet:-1, max-image-preview:large, max-video-preview:-1\" \/>\n<link rel=\"canonical\" href=\"https:\/\/www.confagricoltura.org\/piacenza\/in-pensione-giovanni-marchesi-dopo-33-anni-in-confagricoltura-proseguira-come-consulente\/\" \/>\n<meta property=\"og:locale\" content=\"it_IT\" \/>\n<meta property=\"og:type\" content=\"article\" \/>\n<meta property=\"og:title\" content=\"In pensione Giovanni Marchesi dopo 33 anni in Confagricoltura, proseguir\u00e0 come consulente - Confagricoltura Piacenza\" \/>\n<meta property=\"og:description\" content=\"Gasparini: una figura di riferimento che ha affiancato la trasformazione dell\u2019associazione. Gli siamo grati.\" \/>\n<meta property=\"og:url\" content=\"https:\/\/www.confagricoltura.org\/piacenza\/in-pensione-giovanni-marchesi-dopo-33-anni-in-confagricoltura-proseguira-come-consulente\/\" \/>\n<meta property=\"og:site_name\" content=\"Confagricoltura Piacenza\" \/>\n<meta property=\"article:published_time\" content=\"2021-05-11T14:01:29+00:00\" \/>\n<meta property=\"article:modified_time\" content=\"2021-05-11T14:01:30+00:00\" \/>\n<meta property=\"og:image\" content=\"https:\/\/www.confagricoltura.org\/piacenza\/wp-content\/uploads\/sites\/11\/2021\/05\/Giovanni-Marchesi.jpg\" \/>\n\t<meta property=\"og:image:width\" content=\"1772\" \/>\n\t<meta property=\"og:image:height\" content=\"1116\" \/>\n\t<meta property=\"og:image:type\" content=\"image\/jpeg\" \/>\n<meta name=\"author\" content=\"confagricolturapiacenza\" \/>\n<meta name=\"twitter:card\" content=\"summary_large_image\" \/>\n<meta name=\"twitter:label1\" content=\"Scritto da\" \/>\n\t<meta name=\"twitter:data1\" content=\"confagricolturapiacenza\" \/>\n\t<meta name=\"twitter:label2\" content=\"Tempo di lettura stimato\" \/>\n\t<meta name=\"twitter:data2\" content=\"3 minuti\" \/>\n<script type=\"application\/ld+json\" class=\"yoast-schema-graph\">{\"@context\":\"https:\/\/schema.org\",\"@graph\":[{\"@type\":\"Article\",\"@id\":\"https:\/\/www.confagricoltura.org\/piacenza\/in-pensione-giovanni-marchesi-dopo-33-anni-in-confagricoltura-proseguira-come-consulente\/#article\",\"isPartOf\":{\"@id\":\"https:\/\/www.confagricoltura.org\/piacenza\/in-pensione-giovanni-marchesi-dopo-33-anni-in-confagricoltura-proseguira-come-consulente\/\"},\"author\":{\"name\":\"confagricolturapiacenza\",\"@id\":\"https:\/\/www.confagricoltura.org\/piacenza\/#\/schema\/person\/be5da25a3117fea4b3bfec9dba09b5e8\"},\"headline\":\"In pensione Giovanni Marchesi dopo 33 anni in Confagricoltura, proseguir\u00e0 come consulente\",\"datePublished\":\"2021-05-11T14:01:29+00:00\",\"dateModified\":\"2021-05-11T14:01:30+00:00\",\"mainEntityOfPage\":{\"@id\":\"https:\/\/www.confagricoltura.org\/piacenza\/in-pensione-giovanni-marchesi-dopo-33-anni-in-confagricoltura-proseguira-come-consulente\/\"},\"wordCount\":556,\"image\":{\"@id\":\"https:\/\/www.confagricoltura.org\/piacenza\/in-pensione-giovanni-marchesi-dopo-33-anni-in-confagricoltura-proseguira-come-consulente\/#primaryimage\"},\"thumbnailUrl\":\"https:\/\/www.confagricoltura.org\/piacenza\/wp-content\/uploads\/sites\/11\/2021\/05\/Giovanni-Marchesi.jpg\",\"keywords\":[\"Giovanni Marchesi\"],\"articleSection\":[\"Eventi\",\"News\"],\"inLanguage\":\"it-IT\"},{\"@type\":\"WebPage\",\"@id\":\"https:\/\/www.confagricoltura.org\/piacenza\/in-pensione-giovanni-marchesi-dopo-33-anni-in-confagricoltura-proseguira-come-consulente\/\",\"url\":\"https:\/\/www.confagricoltura.org\/piacenza\/in-pensione-giovanni-marchesi-dopo-33-anni-in-confagricoltura-proseguira-come-consulente\/\",\"name\":\"In pensione Giovanni Marchesi dopo 33 anni in Confagricoltura, proseguir\u00e0 come consulente - Confagricoltura Piacenza\",\"isPartOf\":{\"@id\":\"https:\/\/www.confagricoltura.org\/piacenza\/#website\"},\"primaryImageOfPage\":{\"@id\":\"https:\/\/www.confagricoltura.org\/piacenza\/in-pensione-giovanni-marchesi-dopo-33-anni-in-confagricoltura-proseguira-come-consulente\/#primaryimage\"},\"image\":{\"@id\":\"https:\/\/www.confagricoltura.org\/piacenza\/in-pensione-giovanni-marchesi-dopo-33-anni-in-confagricoltura-proseguira-come-consulente\/#primaryimage\"},\"thumbnailUrl\":\"https:\/\/www.confagricoltura.org\/piacenza\/wp-content\/uploads\/sites\/11\/2021\/05\/Giovanni-Marchesi.jpg\",\"datePublished\":\"2021-05-11T14:01:29+00:00\",\"dateModified\":\"2021-05-11T14:01:30+00:00\",\"author\":{\"@id\":\"https:\/\/www.confagricoltura.org\/piacenza\/#\/schema\/person\/be5da25a3117fea4b3bfec9dba09b5e8\"},\"breadcrumb\":{\"@id\":\"https:\/\/www.confagricoltura.org\/piacenza\/in-pensione-giovanni-marchesi-dopo-33-anni-in-confagricoltura-proseguira-come-consulente\/#breadcrumb\"},\"inLanguage\":\"it-IT\",\"potentialAction\":[{\"@type\":\"ReadAction\",\"target\":[\"https:\/\/www.confagricoltura.org\/piacenza\/in-pensione-giovanni-marchesi-dopo-33-anni-in-confagricoltura-proseguira-come-consulente\/\"]}]},{\"@type\":\"ImageObject\",\"inLanguage\":\"it-IT\",\"@id\":\"https:\/\/www.confagricoltura.org\/piacenza\/in-pensione-giovanni-marchesi-dopo-33-anni-in-confagricoltura-proseguira-come-consulente\/#primaryimage\",\"url\":\"https:\/\/www.confagricoltura.org\/piacenza\/wp-content\/uploads\/sites\/11\/2021\/05\/Giovanni-Marchesi.jpg\",\"contentUrl\":\"https:\/\/www.confagricoltura.org\/piacenza\/wp-content\/uploads\/sites\/11\/2021\/05\/Giovanni-Marchesi.jpg\",\"width\":1772,\"height\":1116},{\"@type\":\"BreadcrumbList\",\"@id\":\"https:\/\/www.confagricoltura.org\/piacenza\/in-pensione-giovanni-marchesi-dopo-33-anni-in-confagricoltura-proseguira-come-consulente\/#breadcrumb\",\"itemListElement\":[{\"@type\":\"ListItem\",\"position\":1,\"name\":\"Home\",\"item\":\"https:\/\/www.confagricoltura.org\/piacenza\/\"},{\"@type\":\"ListItem\",\"position\":2,\"name\":\"In pensione Giovanni Marchesi dopo 33 anni in Confagricoltura, proseguir\u00e0 come consulente\"}]},{\"@type\":\"WebSite\",\"@id\":\"https:\/\/www.confagricoltura.org\/piacenza\/#website\",\"url\":\"https:\/\/www.confagricoltura.org\/piacenza\/\",\"name\":\"Confagricoltura Piacenza\",\"description\":\"Dalla parte degli Agricoltori\",\"potentialAction\":[{\"@type\":\"SearchAction\",\"target\":{\"@type\":\"EntryPoint\",\"urlTemplate\":\"https:\/\/www.confagricoltura.org\/piacenza\/?s={search_term_string}\"},\"query-input\":{\"@type\":\"PropertyValueSpecification\",\"valueRequired\":true,\"valueName\":\"search_term_string\"}}],\"inLanguage\":\"it-IT\"},{\"@type\":\"Person\",\"@id\":\"https:\/\/www.confagricoltura.org\/piacenza\/#\/schema\/person\/be5da25a3117fea4b3bfec9dba09b5e8\",\"name\":\"confagricolturapiacenza\",\"image\":{\"@type\":\"ImageObject\",\"inLanguage\":\"it-IT\",\"@id\":\"https:\/\/www.confagricoltura.org\/piacenza\/#\/schema\/person\/image\/\",\"url\":\"https:\/\/secure.gravatar.com\/avatar\/9c5f111e417171581853bd0a3ff892ca?s=96&d=mm&r=g\",\"contentUrl\":\"https:\/\/secure.gravatar.com\/avatar\/9c5f111e417171581853bd0a3ff892ca?s=96&d=mm&r=g\",\"caption\":\"confagricolturapiacenza\"},\"url\":\"https:\/\/www.confagricoltura.org\/piacenza\/author\/confagricolturapiacenza\/\"}]}<\/script>\n<!-- \/ Yoast SEO plugin. -->","yoast_head_json":{"title":"In pensione Giovanni Marchesi dopo 33 anni in Confagricoltura, proseguir\u00e0 come consulente - Confagricoltura Piacenza","robots":{"index":"index","follow":"follow","max-snippet":"max-snippet:-1","max-image-preview":"max-image-preview:large","max-video-preview":"max-video-preview:-1"},"canonical":"https:\/\/www.confagricoltura.org\/piacenza\/in-pensione-giovanni-marchesi-dopo-33-anni-in-confagricoltura-proseguira-come-consulente\/","og_locale":"it_IT","og_type":"article","og_title":"In pensione Giovanni Marchesi dopo 33 anni in Confagricoltura, proseguir\u00e0 come consulente - Confagricoltura Piacenza","og_description":"Gasparini: una figura di riferimento che ha affiancato la trasformazione dell\u2019associazione. Gli siamo grati.","og_url":"https:\/\/www.confagricoltura.org\/piacenza\/in-pensione-giovanni-marchesi-dopo-33-anni-in-confagricoltura-proseguira-come-consulente\/","og_site_name":"Confagricoltura Piacenza","article_published_time":"2021-05-11T14:01:29+00:00","article_modified_time":"2021-05-11T14:01:30+00:00","og_image":[{"width":1772,"height":1116,"url":"https:\/\/www.confagricoltura.org\/piacenza\/wp-content\/uploads\/sites\/11\/2021\/05\/Giovanni-Marchesi.jpg","type":"image\/jpeg"}],"author":"confagricolturapiacenza","twitter_card":"summary_large_image","twitter_misc":{"Scritto da":"confagricolturapiacenza","Tempo di lettura stimato":"3 minuti"},"schema":{"@context":"https:\/\/schema.org","@graph":[{"@type":"Article","@id":"https:\/\/www.confagricoltura.org\/piacenza\/in-pensione-giovanni-marchesi-dopo-33-anni-in-confagricoltura-proseguira-come-consulente\/#article","isPartOf":{"@id":"https:\/\/www.confagricoltura.org\/piacenza\/in-pensione-giovanni-marchesi-dopo-33-anni-in-confagricoltura-proseguira-come-consulente\/"},"author":{"name":"confagricolturapiacenza","@id":"https:\/\/www.confagricoltura.org\/piacenza\/#\/schema\/person\/be5da25a3117fea4b3bfec9dba09b5e8"},"headline":"In pensione Giovanni Marchesi dopo 33 anni in Confagricoltura, proseguir\u00e0 come consulente","datePublished":"2021-05-11T14:01:29+00:00","dateModified":"2021-05-11T14:01:30+00:00","mainEntityOfPage":{"@id":"https:\/\/www.confagricoltura.org\/piacenza\/in-pensione-giovanni-marchesi-dopo-33-anni-in-confagricoltura-proseguira-come-consulente\/"},"wordCount":556,"image":{"@id":"https:\/\/www.confagricoltura.org\/piacenza\/in-pensione-giovanni-marchesi-dopo-33-anni-in-confagricoltura-proseguira-come-consulente\/#primaryimage"},"thumbnailUrl":"https:\/\/www.confagricoltura.org\/piacenza\/wp-content\/uploads\/sites\/11\/2021\/05\/Giovanni-Marchesi.jpg","keywords":["Giovanni Marchesi"],"articleSection":["Eventi","News"],"inLanguage":"it-IT"},{"@type":"WebPage","@id":"https:\/\/www.confagricoltura.org\/piacenza\/in-pensione-giovanni-marchesi-dopo-33-anni-in-confagricoltura-proseguira-come-consulente\/","url":"https:\/\/www.confagricoltura.org\/piacenza\/in-pensione-giovanni-marchesi-dopo-33-anni-in-confagricoltura-proseguira-come-consulente\/","name":"In pensione Giovanni Marchesi dopo 33 anni in Confagricoltura, proseguir\u00e0 come consulente - Confagricoltura Piacenza","isPartOf":{"@id":"https:\/\/www.confagricoltura.org\/piacenza\/#website"},"primaryImageOfPage":{"@id":"https:\/\/www.confagricoltura.org\/piacenza\/in-pensione-giovanni-marchesi-dopo-33-anni-in-confagricoltura-proseguira-come-consulente\/#primaryimage"},"image":{"@id":"https:\/\/www.confagricoltura.org\/piacenza\/in-pensione-giovanni-marchesi-dopo-33-anni-in-confagricoltura-proseguira-come-consulente\/#primaryimage"},"thumbnailUrl":"https:\/\/www.confagricoltura.org\/piacenza\/wp-content\/uploads\/sites\/11\/2021\/05\/Giovanni-Marchesi.jpg","datePublished":"2021-05-11T14:01:29+00:00","dateModified":"2021-05-11T14:01:30+00:00","author":{"@id":"https:\/\/www.confagricoltura.org\/piacenza\/#\/schema\/person\/be5da25a3117fea4b3bfec9dba09b5e8"},"breadcrumb":{"@id":"https:\/\/www.confagricoltura.org\/piacenza\/in-pensione-giovanni-marchesi-dopo-33-anni-in-confagricoltura-proseguira-come-consulente\/#breadcrumb"},"inLanguage":"it-IT","potentialAction":[{"@type":"ReadAction","target":["https:\/\/www.confagricoltura.org\/piacenza\/in-pensione-giovanni-marchesi-dopo-33-anni-in-confagricoltura-proseguira-come-consulente\/"]}]},{"@type":"ImageObject","inLanguage":"it-IT","@id":"https:\/\/www.confagricoltura.org\/piacenza\/in-pensione-giovanni-marchesi-dopo-33-anni-in-confagricoltura-proseguira-come-consulente\/#primaryimage","url":"https:\/\/www.confagricoltura.org\/piacenza\/wp-content\/uploads\/sites\/11\/2021\/05\/Giovanni-Marchesi.jpg","contentUrl":"https:\/\/www.confagricoltura.org\/piacenza\/wp-content\/uploads\/sites\/11\/2021\/05\/Giovanni-Marchesi.jpg","width":1772,"height":1116},{"@type":"BreadcrumbList","@id":"https:\/\/www.confagricoltura.org\/piacenza\/in-pensione-giovanni-marchesi-dopo-33-anni-in-confagricoltura-proseguira-come-consulente\/#breadcrumb","itemListElement":[{"@type":"ListItem","position":1,"name":"Home","item":"https:\/\/www.confagricoltura.org\/piacenza\/"},{"@type":"ListItem","position":2,"name":"In pensione Giovanni Marchesi dopo 33 anni in Confagricoltura, proseguir\u00e0 come consulente"}]},{"@type":"WebSite","@id":"https:\/\/www.confagricoltura.org\/piacenza\/#website","url":"https:\/\/www.confagricoltura.org\/piacenza\/","name":"Confagricoltura Piacenza","description":"Dalla parte degli Agricoltori","potentialAction":[{"@type":"SearchAction","target":{"@type":"EntryPoint","urlTemplate":"https:\/\/www.confagricoltura.org\/piacenza\/?s={search_term_string}"},"query-input":{"@type":"PropertyValueSpecification","valueRequired":true,"valueName":"search_term_string"}}],"inLanguage":"it-IT"},{"@type":"Person","@id":"https:\/\/www.confagricoltura.org\/piacenza\/#\/schema\/person\/be5da25a3117fea4b3bfec9dba09b5e8","name":"confagricolturapiacenza","image":{"@type":"ImageObject","inLanguage":"it-IT","@id":"https:\/\/www.confagricoltura.org\/piacenza\/#\/schema\/person\/image\/","url":"https:\/\/secure.gravatar.com\/avatar\/9c5f111e417171581853bd0a3ff892ca?s=96&d=mm&r=g","contentUrl":"https:\/\/secure.gravatar.com\/avatar\/9c5f111e417171581853bd0a3ff892ca?s=96&d=mm&r=g","caption":"confagricolturapiacenza"},"url":"https:\/\/www.confagricoltura.org\/piacenza\/author\/confagricolturapiacenza\/"}]}},"_links":{"self":[{"href":"https:\/\/www.confagricoltura.org\/piacenza\/wp-json\/wp\/v2\/posts\/3355","targetHints":{"allow":["GET"]}}],"collection":[{"href":"https:\/\/www.confagricoltura.org\/piacenza\/wp-json\/wp\/v2\/posts"}],"about":[{"href":"https:\/\/www.confagricoltura.org\/piacenza\/wp-json\/wp\/v2\/types\/post"}],"author":[{"embeddable":true,"href":"https:\/\/www.confagricoltura.org\/piacenza\/wp-json\/wp\/v2\/users\/6"}],"replies":[{"embeddable":true,"href":"https:\/\/www.confagricoltura.org\/piacenza\/wp-json\/wp\/v2\/comments?post=3355"}],"version-history":[{"count":1,"href":"https:\/\/www.confagricoltura.org\/piacenza\/wp-json\/wp\/v2\/posts\/3355\/revisions"}],"predecessor-version":[{"id":3356,"href":"https:\/\/www.confagricoltura.org\/piacenza\/wp-json\/wp\/v2\/posts\/3355\/revisions\/3356"}],"wp:featuredmedia":[{"embeddable":true,"href":"https:\/\/www.confagricoltura.org\/piacenza\/wp-json\/wp\/v2\/media\/3354"}],"wp:attachment":[{"href":"https:\/\/www.confagricoltura.org\/piacenza\/wp-json\/wp\/v2\/media?parent=3355"}],"wp:term":[{"taxonomy":"category","embeddable":true,"href":"https:\/\/www.confagricoltura.org\/piacenza\/wp-json\/wp\/v2\/categories?post=3355"},{"taxonomy":"post_tag","embeddable":true,"href":"https:\/\/www.confagricoltura.org\/piacenza\/wp-json\/wp\/v2\/tags?post=3355"}],"curies":[{"name":"wp","href":"https:\/\/api.w.org\/{rel}","templated":true}]}}