{"id":3346,"date":"2021-04-29T17:06:00","date_gmt":"2021-04-29T15:06:00","guid":{"rendered":"https:\/\/www.confagricoltura.org\/piacenza\/?p=3346"},"modified":"2021-05-05T17:09:25","modified_gmt":"2021-05-05T15:09:25","slug":"gli-agricoltori-ditalia-francia-e-germania-chiedono-un-tempestivo-accordo-sulla-riforma-della-pac","status":"publish","type":"post","link":"https:\/\/www.confagricoltura.org\/piacenza\/gli-agricoltori-ditalia-francia-e-germania-chiedono-un-tempestivo-accordo-sulla-riforma-della-pac\/","title":{"rendered":"Gli agricoltori d&#8217;Italia, Francia e Germania chiedono un tempestivo accordo sulla riforma della PAC"},"content":{"rendered":"\n<p>Alla vigilia della riunione di domani tra Consiglio, Parlamento e Commissione Ue (Trilogo) che potrebbe essere decisiva per la nuova Politica Agricola Comune, i Presidenti di Confagricoltura, Massimiliano Giansanti, FNSEA, Christiane Lambert e DBV-Deutscher Bauernverband, Joachim Rukwied, non solo in rappresentanza degli agricoltori francesi, italiani e tedeschi, ma rispettivamente presidente, vicepresidente e past president del COPA, esprimono preoccupazione per la discussione in corso sulla PAC.<\/p>\n\n\n\n<p>\u201cLa PAC \u00e8, e deve rimanere, una politica economica \u2013 sostengono i tre presidenti &#8211; concepita per stabilizzare e sostenere il reddito degli agricoltori, come affermato nel Trattato UE, affrontando contemporaneamente le attuali sfide ambientali\u201d.<\/p>\n\n\n\n<p>\u201cIn questo momento, invece, &#8211; sottolinea Giansanti &#8211; il nostro settore \u00e8 sotto attacco da chi vorrebbe scaricare sull\u2019agricoltura le principali responsabilit\u00e0 dei mutamenti climatici e ambientali, senza avere contezza di quanto le imprese agricole siano indispensabili per il bene di tutti: senza aziende competitive e senza agricoltura mangeremo cibo sintetico e importato da Paesi che non rispettano i nostri standard di produzione in termini di sicurezza, qualit\u00e0 e anche di diritti sociali e ambientali\u201d.<\/p>\n\n\n\n<p>Confagricoltura, FNSEA e DBV chiedono pi\u00f9 flessibilit\u00e0 nell&#8217;attuazione dell&#8217;architettura verde e nessun ulteriore onere amministrativo per le imprese agricole, gi\u00e0 alle prese con una pesante burocrazia.<\/p>\n\n\n\n<p>Le tre associazioni sostengono una PAC pi\u00f9 verde, di facile attuazione, attraente per gli agricoltori ed efficiente.<\/p>\n\n\n\n<p>Per quanto riguarda la condizionalit\u00e0 sociale, i tre presidenti evidenziano che Francia, Italia e Germania hanno gi\u00e0 regole severe in materia di diritto del lavoro e welfare e che questa ulteriore previsione introduce ulteriori elementi di burocrazia.<\/p>\n\n\n\n<p>\u201cNella futura PAC \u2013 evidenzia da Parigi la presidente Lambert &#8211; la lotta al cambiamento climatico e la protezione ambientale dovrebbero conciliarsi con gli aspetti economici. Gli agricoltori si impegnano ad affrontare queste sfide. Gli strumenti della PAC possono supportarli proprio per un&#8217;agricoltura ancora pi\u00f9 sostenibile\u201d.<\/p>\n\n\n\n<p>\u201c\u00c8 essenziale per il settore primario &#8211; sottolinea da Berlino il presidente Rukwied &#8211; che la nuova PAC consenta agli agricoltori europei di continuare a produrre alimenti sicuri e nutrienti, oltre che proteggere la biodiversit\u00e0 e il clima. Per questo, la funzione di sostegno al reddito della PAC \u00e8 di fondamentale importanza, sia per affrontare i mercati, sia per rispondere alle sfide ecologiche&#8221;.<\/p>\n\n\n\n<p>\u201cGli aiuti diretti della PAC costituiscono una rete di protezione per il reddito degli agricoltori. Rimetterla in discussione avrebbe un pesante effetto negativo sulla competitivit\u00e0 delle imprese e sull\u2019efficienza del sistema agroalimentare\u201d &#8211; sottolinea Giansanti.<\/p>\n\n\n\n<p>\u201cGi\u00e0 oggi le imprese agricole non riescono neanche ad accantonare i fondi degli ammortamenti &#8211; rimarca Filippo Gasparini, presidente di Confagricoltura Piacenza \u2013 al punto che non so pi\u00f9 cosa stiamo difendendo, dato che ci confrontiamo con una Pac che tende a ridurre i contributi, ma al contempo li vincola in modo sempre pi\u00f9 gravoso all\u2019impalcato di norme legate a condizionalit\u00e0 e greening. \u00c8 un problema nel problema: non diminuisce lo scotto da pagare, per prendere poi sempre meno. Aumentano le azioni contrarie al mercato al punto che \u00e8 impossibile che il tutto regga in virt\u00f9 del bene per il sistema agricolo\u201d. I contributi agricoli oggi non vengono trattenuti, in valore, dalle imprese, ma consentono all\u2019industria di pagare meno le derrate e con ci\u00f2 le permettono di produrre alimenti sicuri e sani a prezzi bassi e calmierati per il consumatore finale, che \u00e8 in definitiva colui che gode del beneficio. Ma questo meccanismo, nato come una misura di sostegno al consumo, gravato di tutti i vincoli produttivi imposti negli anni, non fa che rendere poco competitive le aziende; se a ci\u00f2 si aggiunge la pressione imposta dalla grande distribuzione che ha ulteriormente demolito i prezzi delle derrate agricole, ne risultano un\u2019economia distorta e aziende agricole fortemente limitate nella loro autonomia imprenditoriale. \u201cProseguendo su questo percorso la Comunit\u00e0 Europea rischia di demolire la forza produttiva delle aziende agricole. Dopodich\u00e9, diventeremo, anche in questo campo, maggiormente dipendenti da altri Paesi, tendenzialmente quelli che lasciano le aziende libere di produrre e hanno legislazioni meno castranti. Per assurdo, non vorrei accadesse quanto registrato in altri comparti, dove la deregolamentata economia cinese si \u00e8 imposta con la forza dei numeri.&nbsp; Prima di mettere definitivamente fuori mercato le aziende agricole, a furia di norme che condannano la produttivit\u00e0 \u2013 conclude Gasparini &#8211; \u00e8 giusto riflettere sulle conseguenze a cui portano gli eccessi e ricordare perch\u00e9 fu pensata la Pac. Schuman e De Gasperi avevano il problema di dare da mangiare a un\u2019Europa distrutta. Cosa \u00e8 rimasto di quegli ideali oggi? Quand\u2019anche fossero mutati, chiediamoci se i regolamenti che ci stiamo dando, ci portano veramente verso i nuovi obiettivi\u201d.<\/p>\n","protected":false},"excerpt":{"rendered":"<p>Gasparini: si sappia che in ultima analisi i contributi sono avantaggio del consumatore finale <\/p>\n","protected":false},"author":6,"featured_media":3288,"comment_status":"closed","ping_status":"closed","sticky":false,"template":"","format":"standard","meta":{"wp_mapbox_gl_js_media":[],"footnotes":""},"categories":[11,4],"tags":[350,372],"class_list":["post-3346","post","type-post","status-publish","format-standard","has-post-thumbnail","hentry","category-finanziamenti-bandi","category-news","tag-pac","tag-riforma"],"yoast_head":"<!-- This site is optimized with the Yoast SEO plugin v26.8 - https:\/\/yoast.com\/product\/yoast-seo-wordpress\/ -->\n<title>Gli agricoltori d&#039;Italia, Francia e Germania chiedono un tempestivo accordo sulla riforma della PAC - Confagricoltura Piacenza<\/title>\n<meta name=\"robots\" content=\"index, follow, max-snippet:-1, max-image-preview:large, max-video-preview:-1\" \/>\n<link rel=\"canonical\" href=\"https:\/\/www.confagricoltura.org\/piacenza\/gli-agricoltori-ditalia-francia-e-germania-chiedono-un-tempestivo-accordo-sulla-riforma-della-pac\/\" \/>\n<meta property=\"og:locale\" content=\"it_IT\" \/>\n<meta property=\"og:type\" content=\"article\" \/>\n<meta property=\"og:title\" content=\"Gli agricoltori d&#039;Italia, Francia e Germania chiedono un tempestivo accordo sulla riforma della PAC - Confagricoltura Piacenza\" \/>\n<meta property=\"og:description\" content=\"Gasparini: si sappia che in ultima analisi i contributi sono avantaggio del consumatore finale\" \/>\n<meta property=\"og:url\" content=\"https:\/\/www.confagricoltura.org\/piacenza\/gli-agricoltori-ditalia-francia-e-germania-chiedono-un-tempestivo-accordo-sulla-riforma-della-pac\/\" \/>\n<meta property=\"og:site_name\" content=\"Confagricoltura Piacenza\" \/>\n<meta property=\"article:published_time\" content=\"2021-04-29T15:06:00+00:00\" \/>\n<meta property=\"article:modified_time\" content=\"2021-05-05T15:09:25+00:00\" \/>\n<meta property=\"og:image\" content=\"https:\/\/www.confagricoltura.org\/piacenza\/wp-content\/uploads\/sites\/11\/2021\/04\/Filippo-Gasparini2.jpg\" \/>\n\t<meta property=\"og:image:width\" content=\"1157\" \/>\n\t<meta property=\"og:image:height\" content=\"1543\" \/>\n\t<meta property=\"og:image:type\" content=\"image\/jpeg\" \/>\n<meta name=\"author\" content=\"confagricolturapiacenza\" \/>\n<meta name=\"twitter:card\" content=\"summary_large_image\" \/>\n<meta name=\"twitter:label1\" content=\"Scritto da\" \/>\n\t<meta name=\"twitter:data1\" content=\"confagricolturapiacenza\" \/>\n\t<meta name=\"twitter:label2\" content=\"Tempo di lettura stimato\" \/>\n\t<meta name=\"twitter:data2\" content=\"4 minuti\" \/>\n<script type=\"application\/ld+json\" class=\"yoast-schema-graph\">{\"@context\":\"https:\/\/schema.org\",\"@graph\":[{\"@type\":\"Article\",\"@id\":\"https:\/\/www.confagricoltura.org\/piacenza\/gli-agricoltori-ditalia-francia-e-germania-chiedono-un-tempestivo-accordo-sulla-riforma-della-pac\/#article\",\"isPartOf\":{\"@id\":\"https:\/\/www.confagricoltura.org\/piacenza\/gli-agricoltori-ditalia-francia-e-germania-chiedono-un-tempestivo-accordo-sulla-riforma-della-pac\/\"},\"author\":{\"name\":\"confagricolturapiacenza\",\"@id\":\"https:\/\/www.confagricoltura.org\/piacenza\/#\/schema\/person\/be5da25a3117fea4b3bfec9dba09b5e8\"},\"headline\":\"Gli agricoltori d&#8217;Italia, Francia e Germania chiedono un tempestivo accordo sulla riforma della PAC\",\"datePublished\":\"2021-04-29T15:06:00+00:00\",\"dateModified\":\"2021-05-05T15:09:25+00:00\",\"mainEntityOfPage\":{\"@id\":\"https:\/\/www.confagricoltura.org\/piacenza\/gli-agricoltori-ditalia-francia-e-germania-chiedono-un-tempestivo-accordo-sulla-riforma-della-pac\/\"},\"wordCount\":763,\"image\":{\"@id\":\"https:\/\/www.confagricoltura.org\/piacenza\/gli-agricoltori-ditalia-francia-e-germania-chiedono-un-tempestivo-accordo-sulla-riforma-della-pac\/#primaryimage\"},\"thumbnailUrl\":\"https:\/\/www.confagricoltura.org\/piacenza\/wp-content\/uploads\/sites\/11\/2021\/04\/Filippo-Gasparini2.jpg\",\"keywords\":[\"pac\",\"RIFORMA\"],\"articleSection\":[\"Finanziamenti e bandi\",\"News\"],\"inLanguage\":\"it-IT\"},{\"@type\":\"WebPage\",\"@id\":\"https:\/\/www.confagricoltura.org\/piacenza\/gli-agricoltori-ditalia-francia-e-germania-chiedono-un-tempestivo-accordo-sulla-riforma-della-pac\/\",\"url\":\"https:\/\/www.confagricoltura.org\/piacenza\/gli-agricoltori-ditalia-francia-e-germania-chiedono-un-tempestivo-accordo-sulla-riforma-della-pac\/\",\"name\":\"Gli agricoltori d'Italia, Francia e Germania chiedono un tempestivo accordo sulla riforma della PAC - Confagricoltura Piacenza\",\"isPartOf\":{\"@id\":\"https:\/\/www.confagricoltura.org\/piacenza\/#website\"},\"primaryImageOfPage\":{\"@id\":\"https:\/\/www.confagricoltura.org\/piacenza\/gli-agricoltori-ditalia-francia-e-germania-chiedono-un-tempestivo-accordo-sulla-riforma-della-pac\/#primaryimage\"},\"image\":{\"@id\":\"https:\/\/www.confagricoltura.org\/piacenza\/gli-agricoltori-ditalia-francia-e-germania-chiedono-un-tempestivo-accordo-sulla-riforma-della-pac\/#primaryimage\"},\"thumbnailUrl\":\"https:\/\/www.confagricoltura.org\/piacenza\/wp-content\/uploads\/sites\/11\/2021\/04\/Filippo-Gasparini2.jpg\",\"datePublished\":\"2021-04-29T15:06:00+00:00\",\"dateModified\":\"2021-05-05T15:09:25+00:00\",\"author\":{\"@id\":\"https:\/\/www.confagricoltura.org\/piacenza\/#\/schema\/person\/be5da25a3117fea4b3bfec9dba09b5e8\"},\"breadcrumb\":{\"@id\":\"https:\/\/www.confagricoltura.org\/piacenza\/gli-agricoltori-ditalia-francia-e-germania-chiedono-un-tempestivo-accordo-sulla-riforma-della-pac\/#breadcrumb\"},\"inLanguage\":\"it-IT\",\"potentialAction\":[{\"@type\":\"ReadAction\",\"target\":[\"https:\/\/www.confagricoltura.org\/piacenza\/gli-agricoltori-ditalia-francia-e-germania-chiedono-un-tempestivo-accordo-sulla-riforma-della-pac\/\"]}]},{\"@type\":\"ImageObject\",\"inLanguage\":\"it-IT\",\"@id\":\"https:\/\/www.confagricoltura.org\/piacenza\/gli-agricoltori-ditalia-francia-e-germania-chiedono-un-tempestivo-accordo-sulla-riforma-della-pac\/#primaryimage\",\"url\":\"https:\/\/www.confagricoltura.org\/piacenza\/wp-content\/uploads\/sites\/11\/2021\/04\/Filippo-Gasparini2.jpg\",\"contentUrl\":\"https:\/\/www.confagricoltura.org\/piacenza\/wp-content\/uploads\/sites\/11\/2021\/04\/Filippo-Gasparini2.jpg\",\"width\":1157,\"height\":1543},{\"@type\":\"BreadcrumbList\",\"@id\":\"https:\/\/www.confagricoltura.org\/piacenza\/gli-agricoltori-ditalia-francia-e-germania-chiedono-un-tempestivo-accordo-sulla-riforma-della-pac\/#breadcrumb\",\"itemListElement\":[{\"@type\":\"ListItem\",\"position\":1,\"name\":\"Home\",\"item\":\"https:\/\/www.confagricoltura.org\/piacenza\/\"},{\"@type\":\"ListItem\",\"position\":2,\"name\":\"Gli agricoltori d&#8217;Italia, Francia e Germania chiedono un tempestivo accordo sulla riforma della PAC\"}]},{\"@type\":\"WebSite\",\"@id\":\"https:\/\/www.confagricoltura.org\/piacenza\/#website\",\"url\":\"https:\/\/www.confagricoltura.org\/piacenza\/\",\"name\":\"Confagricoltura Piacenza\",\"description\":\"Dalla parte degli Agricoltori\",\"potentialAction\":[{\"@type\":\"SearchAction\",\"target\":{\"@type\":\"EntryPoint\",\"urlTemplate\":\"https:\/\/www.confagricoltura.org\/piacenza\/?s={search_term_string}\"},\"query-input\":{\"@type\":\"PropertyValueSpecification\",\"valueRequired\":true,\"valueName\":\"search_term_string\"}}],\"inLanguage\":\"it-IT\"},{\"@type\":\"Person\",\"@id\":\"https:\/\/www.confagricoltura.org\/piacenza\/#\/schema\/person\/be5da25a3117fea4b3bfec9dba09b5e8\",\"name\":\"confagricolturapiacenza\",\"image\":{\"@type\":\"ImageObject\",\"inLanguage\":\"it-IT\",\"@id\":\"https:\/\/www.confagricoltura.org\/piacenza\/#\/schema\/person\/image\/\",\"url\":\"https:\/\/secure.gravatar.com\/avatar\/9c5f111e417171581853bd0a3ff892ca?s=96&d=mm&r=g\",\"contentUrl\":\"https:\/\/secure.gravatar.com\/avatar\/9c5f111e417171581853bd0a3ff892ca?s=96&d=mm&r=g\",\"caption\":\"confagricolturapiacenza\"},\"url\":\"https:\/\/www.confagricoltura.org\/piacenza\/author\/confagricolturapiacenza\/\"}]}<\/script>\n<!-- \/ Yoast SEO plugin. -->","yoast_head_json":{"title":"Gli agricoltori d'Italia, Francia e Germania chiedono un tempestivo accordo sulla riforma della PAC - Confagricoltura Piacenza","robots":{"index":"index","follow":"follow","max-snippet":"max-snippet:-1","max-image-preview":"max-image-preview:large","max-video-preview":"max-video-preview:-1"},"canonical":"https:\/\/www.confagricoltura.org\/piacenza\/gli-agricoltori-ditalia-francia-e-germania-chiedono-un-tempestivo-accordo-sulla-riforma-della-pac\/","og_locale":"it_IT","og_type":"article","og_title":"Gli agricoltori d'Italia, Francia e Germania chiedono un tempestivo accordo sulla riforma della PAC - Confagricoltura Piacenza","og_description":"Gasparini: si sappia che in ultima analisi i contributi sono avantaggio del consumatore finale","og_url":"https:\/\/www.confagricoltura.org\/piacenza\/gli-agricoltori-ditalia-francia-e-germania-chiedono-un-tempestivo-accordo-sulla-riforma-della-pac\/","og_site_name":"Confagricoltura Piacenza","article_published_time":"2021-04-29T15:06:00+00:00","article_modified_time":"2021-05-05T15:09:25+00:00","og_image":[{"width":1157,"height":1543,"url":"https:\/\/www.confagricoltura.org\/piacenza\/wp-content\/uploads\/sites\/11\/2021\/04\/Filippo-Gasparini2.jpg","type":"image\/jpeg"}],"author":"confagricolturapiacenza","twitter_card":"summary_large_image","twitter_misc":{"Scritto da":"confagricolturapiacenza","Tempo di lettura stimato":"4 minuti"},"schema":{"@context":"https:\/\/schema.org","@graph":[{"@type":"Article","@id":"https:\/\/www.confagricoltura.org\/piacenza\/gli-agricoltori-ditalia-francia-e-germania-chiedono-un-tempestivo-accordo-sulla-riforma-della-pac\/#article","isPartOf":{"@id":"https:\/\/www.confagricoltura.org\/piacenza\/gli-agricoltori-ditalia-francia-e-germania-chiedono-un-tempestivo-accordo-sulla-riforma-della-pac\/"},"author":{"name":"confagricolturapiacenza","@id":"https:\/\/www.confagricoltura.org\/piacenza\/#\/schema\/person\/be5da25a3117fea4b3bfec9dba09b5e8"},"headline":"Gli agricoltori d&#8217;Italia, Francia e Germania chiedono un tempestivo accordo sulla riforma della PAC","datePublished":"2021-04-29T15:06:00+00:00","dateModified":"2021-05-05T15:09:25+00:00","mainEntityOfPage":{"@id":"https:\/\/www.confagricoltura.org\/piacenza\/gli-agricoltori-ditalia-francia-e-germania-chiedono-un-tempestivo-accordo-sulla-riforma-della-pac\/"},"wordCount":763,"image":{"@id":"https:\/\/www.confagricoltura.org\/piacenza\/gli-agricoltori-ditalia-francia-e-germania-chiedono-un-tempestivo-accordo-sulla-riforma-della-pac\/#primaryimage"},"thumbnailUrl":"https:\/\/www.confagricoltura.org\/piacenza\/wp-content\/uploads\/sites\/11\/2021\/04\/Filippo-Gasparini2.jpg","keywords":["pac","RIFORMA"],"articleSection":["Finanziamenti e bandi","News"],"inLanguage":"it-IT"},{"@type":"WebPage","@id":"https:\/\/www.confagricoltura.org\/piacenza\/gli-agricoltori-ditalia-francia-e-germania-chiedono-un-tempestivo-accordo-sulla-riforma-della-pac\/","url":"https:\/\/www.confagricoltura.org\/piacenza\/gli-agricoltori-ditalia-francia-e-germania-chiedono-un-tempestivo-accordo-sulla-riforma-della-pac\/","name":"Gli agricoltori d'Italia, Francia e Germania chiedono un tempestivo accordo sulla riforma della PAC - Confagricoltura Piacenza","isPartOf":{"@id":"https:\/\/www.confagricoltura.org\/piacenza\/#website"},"primaryImageOfPage":{"@id":"https:\/\/www.confagricoltura.org\/piacenza\/gli-agricoltori-ditalia-francia-e-germania-chiedono-un-tempestivo-accordo-sulla-riforma-della-pac\/#primaryimage"},"image":{"@id":"https:\/\/www.confagricoltura.org\/piacenza\/gli-agricoltori-ditalia-francia-e-germania-chiedono-un-tempestivo-accordo-sulla-riforma-della-pac\/#primaryimage"},"thumbnailUrl":"https:\/\/www.confagricoltura.org\/piacenza\/wp-content\/uploads\/sites\/11\/2021\/04\/Filippo-Gasparini2.jpg","datePublished":"2021-04-29T15:06:00+00:00","dateModified":"2021-05-05T15:09:25+00:00","author":{"@id":"https:\/\/www.confagricoltura.org\/piacenza\/#\/schema\/person\/be5da25a3117fea4b3bfec9dba09b5e8"},"breadcrumb":{"@id":"https:\/\/www.confagricoltura.org\/piacenza\/gli-agricoltori-ditalia-francia-e-germania-chiedono-un-tempestivo-accordo-sulla-riforma-della-pac\/#breadcrumb"},"inLanguage":"it-IT","potentialAction":[{"@type":"ReadAction","target":["https:\/\/www.confagricoltura.org\/piacenza\/gli-agricoltori-ditalia-francia-e-germania-chiedono-un-tempestivo-accordo-sulla-riforma-della-pac\/"]}]},{"@type":"ImageObject","inLanguage":"it-IT","@id":"https:\/\/www.confagricoltura.org\/piacenza\/gli-agricoltori-ditalia-francia-e-germania-chiedono-un-tempestivo-accordo-sulla-riforma-della-pac\/#primaryimage","url":"https:\/\/www.confagricoltura.org\/piacenza\/wp-content\/uploads\/sites\/11\/2021\/04\/Filippo-Gasparini2.jpg","contentUrl":"https:\/\/www.confagricoltura.org\/piacenza\/wp-content\/uploads\/sites\/11\/2021\/04\/Filippo-Gasparini2.jpg","width":1157,"height":1543},{"@type":"BreadcrumbList","@id":"https:\/\/www.confagricoltura.org\/piacenza\/gli-agricoltori-ditalia-francia-e-germania-chiedono-un-tempestivo-accordo-sulla-riforma-della-pac\/#breadcrumb","itemListElement":[{"@type":"ListItem","position":1,"name":"Home","item":"https:\/\/www.confagricoltura.org\/piacenza\/"},{"@type":"ListItem","position":2,"name":"Gli agricoltori d&#8217;Italia, Francia e Germania chiedono un tempestivo accordo sulla riforma della PAC"}]},{"@type":"WebSite","@id":"https:\/\/www.confagricoltura.org\/piacenza\/#website","url":"https:\/\/www.confagricoltura.org\/piacenza\/","name":"Confagricoltura Piacenza","description":"Dalla parte degli Agricoltori","potentialAction":[{"@type":"SearchAction","target":{"@type":"EntryPoint","urlTemplate":"https:\/\/www.confagricoltura.org\/piacenza\/?s={search_term_string}"},"query-input":{"@type":"PropertyValueSpecification","valueRequired":true,"valueName":"search_term_string"}}],"inLanguage":"it-IT"},{"@type":"Person","@id":"https:\/\/www.confagricoltura.org\/piacenza\/#\/schema\/person\/be5da25a3117fea4b3bfec9dba09b5e8","name":"confagricolturapiacenza","image":{"@type":"ImageObject","inLanguage":"it-IT","@id":"https:\/\/www.confagricoltura.org\/piacenza\/#\/schema\/person\/image\/","url":"https:\/\/secure.gravatar.com\/avatar\/9c5f111e417171581853bd0a3ff892ca?s=96&d=mm&r=g","contentUrl":"https:\/\/secure.gravatar.com\/avatar\/9c5f111e417171581853bd0a3ff892ca?s=96&d=mm&r=g","caption":"confagricolturapiacenza"},"url":"https:\/\/www.confagricoltura.org\/piacenza\/author\/confagricolturapiacenza\/"}]}},"_links":{"self":[{"href":"https:\/\/www.confagricoltura.org\/piacenza\/wp-json\/wp\/v2\/posts\/3346","targetHints":{"allow":["GET"]}}],"collection":[{"href":"https:\/\/www.confagricoltura.org\/piacenza\/wp-json\/wp\/v2\/posts"}],"about":[{"href":"https:\/\/www.confagricoltura.org\/piacenza\/wp-json\/wp\/v2\/types\/post"}],"author":[{"embeddable":true,"href":"https:\/\/www.confagricoltura.org\/piacenza\/wp-json\/wp\/v2\/users\/6"}],"replies":[{"embeddable":true,"href":"https:\/\/www.confagricoltura.org\/piacenza\/wp-json\/wp\/v2\/comments?post=3346"}],"version-history":[{"count":1,"href":"https:\/\/www.confagricoltura.org\/piacenza\/wp-json\/wp\/v2\/posts\/3346\/revisions"}],"predecessor-version":[{"id":3347,"href":"https:\/\/www.confagricoltura.org\/piacenza\/wp-json\/wp\/v2\/posts\/3346\/revisions\/3347"}],"wp:featuredmedia":[{"embeddable":true,"href":"https:\/\/www.confagricoltura.org\/piacenza\/wp-json\/wp\/v2\/media\/3288"}],"wp:attachment":[{"href":"https:\/\/www.confagricoltura.org\/piacenza\/wp-json\/wp\/v2\/media?parent=3346"}],"wp:term":[{"taxonomy":"category","embeddable":true,"href":"https:\/\/www.confagricoltura.org\/piacenza\/wp-json\/wp\/v2\/categories?post=3346"},{"taxonomy":"post_tag","embeddable":true,"href":"https:\/\/www.confagricoltura.org\/piacenza\/wp-json\/wp\/v2\/tags?post=3346"}],"curies":[{"name":"wp","href":"https:\/\/api.w.org\/{rel}","templated":true}]}}