{"id":3309,"date":"2021-04-15T11:12:39","date_gmt":"2021-04-15T09:12:39","guid":{"rendered":"https:\/\/www.confagricoltura.org\/piacenza\/?p=3309"},"modified":"2021-04-15T11:18:22","modified_gmt":"2021-04-15T09:18:22","slug":"dichiarazione-dei-redditi-il-caf-di-confagricoltura-a-disposizione-di-tutti","status":"publish","type":"post","link":"https:\/\/www.confagricoltura.org\/piacenza\/dichiarazione-dei-redditi-il-caf-di-confagricoltura-a-disposizione-di-tutti\/","title":{"rendered":"Dichiarazione dei redditi: il CAF di Confagricoltura a disposizione di tutti"},"content":{"rendered":"\n<p>Confagricoltura e gli enti collegati sono sempre al fianco delle imprese agricole e dei cittadini offrendo un\u2019articolata gamma di servizi. \u201cSindacalmente rappresentiamo l\u2019agricoltura \u2013 spiega Marco Casagrande direttore di Confagricoltura Piacenza \u2013 &nbsp;&nbsp;quale libera attivit\u00e0 d\u2019impresa, fonte di cibo per la sopravvivenza umana e custode dell\u2019ambiente. Supportiamo le aziende agricole nella gestione, pianificazione e nello sviluppo dei loro progetti. Garantiamo consulenza e assistenza in tutti gli ambiti dell\u2019attivit\u00e0 agricola e delle attivit\u00e0 connesse. Negli anni abbiamo sviluppato una gamma di servizi che supportano l\u2019imprenditore nella relazione con la pubblica amministrazione e per soddisfare i bisogni degli imprenditori in quanto cittadini, ormai da alcuni decenni, ci siamo dotati anche del nostro Caf e del Patronato Enapa. Caf e Patronato sono a disposizione di tutti\u201d. Mentre in questi giorni gli uffici tecnici sono impegnati nell\u2019elaborazione della domanda Unica, gli uffici amministrativi con le scadenze e con la verifica dei requisiti per l\u2019accesso del contributo a fondo perduto stabilito nel cosiddetto decreto Sostegni, il Caf sta entrando nel pieno del periodo di predisposizione dei modelli 730. \u201cVa ricordato \u2013 spiega Casagrande &#8211; che il nostro Caf pu\u00f2 erogare assistenza e consulenza alla generalit\u00e0 dei cittadini che si possono appoggiare alla capillare rete dei nostri uffici. Abbiamo implementato un sistema di contatti per poter prenotare gli appuntamenti e far prevenire la documentazione limitando al tempo strettamente necessario la presenza delle persone negli uffici stessi. Lavoriamo ormai da un anno su appuntamento e devo dire che la maggiore programmazione degli accessi, imposta dal rispetto dei rigorosi protocolli, non ci ha rallentato, anzi abbiamo cercato di cogliere il meglio da questo cambiamento ed oggi una buona parte del lavoro pu\u00f2 essere svolta anche in smartworking\u201d. Gli sportelli del Caf di Confagricoltura sono presenti sia presso la sede centrale di Piacenza, in via Colombo, al secondo piano del Palazzo dell\u2019Agricoltura, sia nelle sedi territoriali di Castel San Giovanni, Agazzano, Fiorenzuola, Monticelli e Cortemaggiore. Previo accordo con gli uffici, la documentazione pu\u00f2 essere recapitata anche negli uffici periferici di Ponte dell\u2019Olio e Lugagnano. &nbsp;Il personale specializzato \u00e8 a disposizione di tutti per ogni problematica di carattere burocratico-fiscale garantendo ai cittadini di poter usufruire di servizi e agevolazioni da parte della pubblica amministrazione. \u201cInvitiamo quanti necessitano a rivolgersi al nostro Caf per la presentazione della dichiarazione dei redditi, per il calcolo e il pagamento dell\u2019Imu, e per il calcolo dell\u2019Isee. Ricordo inoltre\u2013 spiega Casagrande \u2013 che anche il nostro Patronato Enapa \u00e8 a disposizione per offrire assistenza nel riconoscimento di pensioni e indennit\u00e0, assegni di vecchiaia, invalidit\u00e0, anzianit\u00e0, inabilit\u00e0; per ricostituzioni, maggiorazioni e supplementi pensione; per conteggi di reversibilit\u00e0 e assegni familiari; iscrizioni e cancellazioni presso istituti previdenziali; per assistenza in tutte le prestazioni in materia di sicurezza sociale, d\u2019immigrazione ed emigrazione\u201d.<\/p>\n","protected":false},"excerpt":{"rendered":"<p> Casagrande: un ampio ventaglio di servizi e consulenze per essere sempre al fianco delle imprese e dei cittadini<\/p>\n","protected":false},"author":6,"featured_media":3311,"comment_status":"closed","ping_status":"closed","sticky":false,"template":"","format":"standard","meta":{"wp_mapbox_gl_js_media":[],"footnotes":""},"categories":[4,360],"tags":[355],"class_list":["post-3309","post","type-post","status-publish","format-standard","has-post-thumbnail","hentry","category-news","category-norme-fiscali-burocratiche","tag-caf-confagricoltura-piacenza"],"yoast_head":"<!-- This site is optimized with the Yoast SEO plugin v26.8 - https:\/\/yoast.com\/product\/yoast-seo-wordpress\/ -->\n<title>Dichiarazione dei redditi: il CAF di Confagricoltura a disposizione di tutti - Confagricoltura Piacenza<\/title>\n<meta name=\"robots\" content=\"index, follow, max-snippet:-1, max-image-preview:large, max-video-preview:-1\" \/>\n<link rel=\"canonical\" href=\"https:\/\/www.confagricoltura.org\/piacenza\/dichiarazione-dei-redditi-il-caf-di-confagricoltura-a-disposizione-di-tutti\/\" \/>\n<meta property=\"og:locale\" content=\"it_IT\" \/>\n<meta property=\"og:type\" content=\"article\" \/>\n<meta property=\"og:title\" content=\"Dichiarazione dei redditi: il CAF di Confagricoltura a disposizione di tutti - Confagricoltura Piacenza\" \/>\n<meta property=\"og:description\" content=\"Casagrande: un ampio ventaglio di servizi e consulenze per essere sempre al fianco delle imprese e dei cittadini\" \/>\n<meta property=\"og:url\" content=\"https:\/\/www.confagricoltura.org\/piacenza\/dichiarazione-dei-redditi-il-caf-di-confagricoltura-a-disposizione-di-tutti\/\" \/>\n<meta property=\"og:site_name\" content=\"Confagricoltura Piacenza\" \/>\n<meta property=\"article:published_time\" content=\"2021-04-15T09:12:39+00:00\" \/>\n<meta property=\"article:modified_time\" content=\"2021-04-15T09:18:22+00:00\" \/>\n<meta property=\"og:image\" content=\"https:\/\/www.confagricoltura.org\/piacenza\/wp-content\/uploads\/sites\/11\/2021\/04\/Consulente-giovane-2.jpg\" \/>\n\t<meta property=\"og:image:width\" content=\"980\" \/>\n\t<meta property=\"og:image:height\" content=\"723\" \/>\n\t<meta property=\"og:image:type\" content=\"image\/jpeg\" \/>\n<meta name=\"author\" content=\"confagricolturapiacenza\" \/>\n<meta name=\"twitter:card\" content=\"summary_large_image\" \/>\n<meta name=\"twitter:label1\" content=\"Scritto da\" \/>\n\t<meta name=\"twitter:data1\" content=\"confagricolturapiacenza\" \/>\n\t<meta name=\"twitter:label2\" content=\"Tempo di lettura stimato\" \/>\n\t<meta name=\"twitter:data2\" content=\"2 minuti\" \/>\n<script type=\"application\/ld+json\" class=\"yoast-schema-graph\">{\"@context\":\"https:\/\/schema.org\",\"@graph\":[{\"@type\":\"Article\",\"@id\":\"https:\/\/www.confagricoltura.org\/piacenza\/dichiarazione-dei-redditi-il-caf-di-confagricoltura-a-disposizione-di-tutti\/#article\",\"isPartOf\":{\"@id\":\"https:\/\/www.confagricoltura.org\/piacenza\/dichiarazione-dei-redditi-il-caf-di-confagricoltura-a-disposizione-di-tutti\/\"},\"author\":{\"name\":\"confagricolturapiacenza\",\"@id\":\"https:\/\/www.confagricoltura.org\/piacenza\/#\/schema\/person\/be5da25a3117fea4b3bfec9dba09b5e8\"},\"headline\":\"Dichiarazione dei redditi: il CAF di Confagricoltura a disposizione di tutti\",\"datePublished\":\"2021-04-15T09:12:39+00:00\",\"dateModified\":\"2021-04-15T09:18:22+00:00\",\"mainEntityOfPage\":{\"@id\":\"https:\/\/www.confagricoltura.org\/piacenza\/dichiarazione-dei-redditi-il-caf-di-confagricoltura-a-disposizione-di-tutti\/\"},\"wordCount\":473,\"image\":{\"@id\":\"https:\/\/www.confagricoltura.org\/piacenza\/dichiarazione-dei-redditi-il-caf-di-confagricoltura-a-disposizione-di-tutti\/#primaryimage\"},\"thumbnailUrl\":\"https:\/\/www.confagricoltura.org\/piacenza\/wp-content\/uploads\/sites\/11\/2021\/04\/Consulente-giovane-2.jpg\",\"keywords\":[\"CAF CONFAGRICOLTURA PIACENZA\"],\"articleSection\":[\"News\",\"Norme fiscali e burocratiche\"],\"inLanguage\":\"it-IT\"},{\"@type\":\"WebPage\",\"@id\":\"https:\/\/www.confagricoltura.org\/piacenza\/dichiarazione-dei-redditi-il-caf-di-confagricoltura-a-disposizione-di-tutti\/\",\"url\":\"https:\/\/www.confagricoltura.org\/piacenza\/dichiarazione-dei-redditi-il-caf-di-confagricoltura-a-disposizione-di-tutti\/\",\"name\":\"Dichiarazione dei redditi: il CAF di Confagricoltura a disposizione di tutti - Confagricoltura Piacenza\",\"isPartOf\":{\"@id\":\"https:\/\/www.confagricoltura.org\/piacenza\/#website\"},\"primaryImageOfPage\":{\"@id\":\"https:\/\/www.confagricoltura.org\/piacenza\/dichiarazione-dei-redditi-il-caf-di-confagricoltura-a-disposizione-di-tutti\/#primaryimage\"},\"image\":{\"@id\":\"https:\/\/www.confagricoltura.org\/piacenza\/dichiarazione-dei-redditi-il-caf-di-confagricoltura-a-disposizione-di-tutti\/#primaryimage\"},\"thumbnailUrl\":\"https:\/\/www.confagricoltura.org\/piacenza\/wp-content\/uploads\/sites\/11\/2021\/04\/Consulente-giovane-2.jpg\",\"datePublished\":\"2021-04-15T09:12:39+00:00\",\"dateModified\":\"2021-04-15T09:18:22+00:00\",\"author\":{\"@id\":\"https:\/\/www.confagricoltura.org\/piacenza\/#\/schema\/person\/be5da25a3117fea4b3bfec9dba09b5e8\"},\"breadcrumb\":{\"@id\":\"https:\/\/www.confagricoltura.org\/piacenza\/dichiarazione-dei-redditi-il-caf-di-confagricoltura-a-disposizione-di-tutti\/#breadcrumb\"},\"inLanguage\":\"it-IT\",\"potentialAction\":[{\"@type\":\"ReadAction\",\"target\":[\"https:\/\/www.confagricoltura.org\/piacenza\/dichiarazione-dei-redditi-il-caf-di-confagricoltura-a-disposizione-di-tutti\/\"]}]},{\"@type\":\"ImageObject\",\"inLanguage\":\"it-IT\",\"@id\":\"https:\/\/www.confagricoltura.org\/piacenza\/dichiarazione-dei-redditi-il-caf-di-confagricoltura-a-disposizione-di-tutti\/#primaryimage\",\"url\":\"https:\/\/www.confagricoltura.org\/piacenza\/wp-content\/uploads\/sites\/11\/2021\/04\/Consulente-giovane-2.jpg\",\"contentUrl\":\"https:\/\/www.confagricoltura.org\/piacenza\/wp-content\/uploads\/sites\/11\/2021\/04\/Consulente-giovane-2.jpg\",\"width\":980,\"height\":723},{\"@type\":\"BreadcrumbList\",\"@id\":\"https:\/\/www.confagricoltura.org\/piacenza\/dichiarazione-dei-redditi-il-caf-di-confagricoltura-a-disposizione-di-tutti\/#breadcrumb\",\"itemListElement\":[{\"@type\":\"ListItem\",\"position\":1,\"name\":\"Home\",\"item\":\"https:\/\/www.confagricoltura.org\/piacenza\/\"},{\"@type\":\"ListItem\",\"position\":2,\"name\":\"Dichiarazione dei redditi: il CAF di Confagricoltura a disposizione di tutti\"}]},{\"@type\":\"WebSite\",\"@id\":\"https:\/\/www.confagricoltura.org\/piacenza\/#website\",\"url\":\"https:\/\/www.confagricoltura.org\/piacenza\/\",\"name\":\"Confagricoltura Piacenza\",\"description\":\"Dalla parte degli Agricoltori\",\"potentialAction\":[{\"@type\":\"SearchAction\",\"target\":{\"@type\":\"EntryPoint\",\"urlTemplate\":\"https:\/\/www.confagricoltura.org\/piacenza\/?s={search_term_string}\"},\"query-input\":{\"@type\":\"PropertyValueSpecification\",\"valueRequired\":true,\"valueName\":\"search_term_string\"}}],\"inLanguage\":\"it-IT\"},{\"@type\":\"Person\",\"@id\":\"https:\/\/www.confagricoltura.org\/piacenza\/#\/schema\/person\/be5da25a3117fea4b3bfec9dba09b5e8\",\"name\":\"confagricolturapiacenza\",\"image\":{\"@type\":\"ImageObject\",\"inLanguage\":\"it-IT\",\"@id\":\"https:\/\/www.confagricoltura.org\/piacenza\/#\/schema\/person\/image\/\",\"url\":\"https:\/\/secure.gravatar.com\/avatar\/9c5f111e417171581853bd0a3ff892ca?s=96&d=mm&r=g\",\"contentUrl\":\"https:\/\/secure.gravatar.com\/avatar\/9c5f111e417171581853bd0a3ff892ca?s=96&d=mm&r=g\",\"caption\":\"confagricolturapiacenza\"},\"url\":\"https:\/\/www.confagricoltura.org\/piacenza\/author\/confagricolturapiacenza\/\"}]}<\/script>\n<!-- \/ Yoast SEO plugin. -->","yoast_head_json":{"title":"Dichiarazione dei redditi: il CAF di Confagricoltura a disposizione di tutti - Confagricoltura Piacenza","robots":{"index":"index","follow":"follow","max-snippet":"max-snippet:-1","max-image-preview":"max-image-preview:large","max-video-preview":"max-video-preview:-1"},"canonical":"https:\/\/www.confagricoltura.org\/piacenza\/dichiarazione-dei-redditi-il-caf-di-confagricoltura-a-disposizione-di-tutti\/","og_locale":"it_IT","og_type":"article","og_title":"Dichiarazione dei redditi: il CAF di Confagricoltura a disposizione di tutti - Confagricoltura Piacenza","og_description":"Casagrande: un ampio ventaglio di servizi e consulenze per essere sempre al fianco delle imprese e dei cittadini","og_url":"https:\/\/www.confagricoltura.org\/piacenza\/dichiarazione-dei-redditi-il-caf-di-confagricoltura-a-disposizione-di-tutti\/","og_site_name":"Confagricoltura Piacenza","article_published_time":"2021-04-15T09:12:39+00:00","article_modified_time":"2021-04-15T09:18:22+00:00","og_image":[{"width":980,"height":723,"url":"https:\/\/www.confagricoltura.org\/piacenza\/wp-content\/uploads\/sites\/11\/2021\/04\/Consulente-giovane-2.jpg","type":"image\/jpeg"}],"author":"confagricolturapiacenza","twitter_card":"summary_large_image","twitter_misc":{"Scritto da":"confagricolturapiacenza","Tempo di lettura stimato":"2 minuti"},"schema":{"@context":"https:\/\/schema.org","@graph":[{"@type":"Article","@id":"https:\/\/www.confagricoltura.org\/piacenza\/dichiarazione-dei-redditi-il-caf-di-confagricoltura-a-disposizione-di-tutti\/#article","isPartOf":{"@id":"https:\/\/www.confagricoltura.org\/piacenza\/dichiarazione-dei-redditi-il-caf-di-confagricoltura-a-disposizione-di-tutti\/"},"author":{"name":"confagricolturapiacenza","@id":"https:\/\/www.confagricoltura.org\/piacenza\/#\/schema\/person\/be5da25a3117fea4b3bfec9dba09b5e8"},"headline":"Dichiarazione dei redditi: il CAF di Confagricoltura a disposizione di tutti","datePublished":"2021-04-15T09:12:39+00:00","dateModified":"2021-04-15T09:18:22+00:00","mainEntityOfPage":{"@id":"https:\/\/www.confagricoltura.org\/piacenza\/dichiarazione-dei-redditi-il-caf-di-confagricoltura-a-disposizione-di-tutti\/"},"wordCount":473,"image":{"@id":"https:\/\/www.confagricoltura.org\/piacenza\/dichiarazione-dei-redditi-il-caf-di-confagricoltura-a-disposizione-di-tutti\/#primaryimage"},"thumbnailUrl":"https:\/\/www.confagricoltura.org\/piacenza\/wp-content\/uploads\/sites\/11\/2021\/04\/Consulente-giovane-2.jpg","keywords":["CAF CONFAGRICOLTURA PIACENZA"],"articleSection":["News","Norme fiscali e burocratiche"],"inLanguage":"it-IT"},{"@type":"WebPage","@id":"https:\/\/www.confagricoltura.org\/piacenza\/dichiarazione-dei-redditi-il-caf-di-confagricoltura-a-disposizione-di-tutti\/","url":"https:\/\/www.confagricoltura.org\/piacenza\/dichiarazione-dei-redditi-il-caf-di-confagricoltura-a-disposizione-di-tutti\/","name":"Dichiarazione dei redditi: il CAF di Confagricoltura a disposizione di tutti - Confagricoltura Piacenza","isPartOf":{"@id":"https:\/\/www.confagricoltura.org\/piacenza\/#website"},"primaryImageOfPage":{"@id":"https:\/\/www.confagricoltura.org\/piacenza\/dichiarazione-dei-redditi-il-caf-di-confagricoltura-a-disposizione-di-tutti\/#primaryimage"},"image":{"@id":"https:\/\/www.confagricoltura.org\/piacenza\/dichiarazione-dei-redditi-il-caf-di-confagricoltura-a-disposizione-di-tutti\/#primaryimage"},"thumbnailUrl":"https:\/\/www.confagricoltura.org\/piacenza\/wp-content\/uploads\/sites\/11\/2021\/04\/Consulente-giovane-2.jpg","datePublished":"2021-04-15T09:12:39+00:00","dateModified":"2021-04-15T09:18:22+00:00","author":{"@id":"https:\/\/www.confagricoltura.org\/piacenza\/#\/schema\/person\/be5da25a3117fea4b3bfec9dba09b5e8"},"breadcrumb":{"@id":"https:\/\/www.confagricoltura.org\/piacenza\/dichiarazione-dei-redditi-il-caf-di-confagricoltura-a-disposizione-di-tutti\/#breadcrumb"},"inLanguage":"it-IT","potentialAction":[{"@type":"ReadAction","target":["https:\/\/www.confagricoltura.org\/piacenza\/dichiarazione-dei-redditi-il-caf-di-confagricoltura-a-disposizione-di-tutti\/"]}]},{"@type":"ImageObject","inLanguage":"it-IT","@id":"https:\/\/www.confagricoltura.org\/piacenza\/dichiarazione-dei-redditi-il-caf-di-confagricoltura-a-disposizione-di-tutti\/#primaryimage","url":"https:\/\/www.confagricoltura.org\/piacenza\/wp-content\/uploads\/sites\/11\/2021\/04\/Consulente-giovane-2.jpg","contentUrl":"https:\/\/www.confagricoltura.org\/piacenza\/wp-content\/uploads\/sites\/11\/2021\/04\/Consulente-giovane-2.jpg","width":980,"height":723},{"@type":"BreadcrumbList","@id":"https:\/\/www.confagricoltura.org\/piacenza\/dichiarazione-dei-redditi-il-caf-di-confagricoltura-a-disposizione-di-tutti\/#breadcrumb","itemListElement":[{"@type":"ListItem","position":1,"name":"Home","item":"https:\/\/www.confagricoltura.org\/piacenza\/"},{"@type":"ListItem","position":2,"name":"Dichiarazione dei redditi: il CAF di Confagricoltura a disposizione di tutti"}]},{"@type":"WebSite","@id":"https:\/\/www.confagricoltura.org\/piacenza\/#website","url":"https:\/\/www.confagricoltura.org\/piacenza\/","name":"Confagricoltura Piacenza","description":"Dalla parte degli Agricoltori","potentialAction":[{"@type":"SearchAction","target":{"@type":"EntryPoint","urlTemplate":"https:\/\/www.confagricoltura.org\/piacenza\/?s={search_term_string}"},"query-input":{"@type":"PropertyValueSpecification","valueRequired":true,"valueName":"search_term_string"}}],"inLanguage":"it-IT"},{"@type":"Person","@id":"https:\/\/www.confagricoltura.org\/piacenza\/#\/schema\/person\/be5da25a3117fea4b3bfec9dba09b5e8","name":"confagricolturapiacenza","image":{"@type":"ImageObject","inLanguage":"it-IT","@id":"https:\/\/www.confagricoltura.org\/piacenza\/#\/schema\/person\/image\/","url":"https:\/\/secure.gravatar.com\/avatar\/9c5f111e417171581853bd0a3ff892ca?s=96&d=mm&r=g","contentUrl":"https:\/\/secure.gravatar.com\/avatar\/9c5f111e417171581853bd0a3ff892ca?s=96&d=mm&r=g","caption":"confagricolturapiacenza"},"url":"https:\/\/www.confagricoltura.org\/piacenza\/author\/confagricolturapiacenza\/"}]}},"_links":{"self":[{"href":"https:\/\/www.confagricoltura.org\/piacenza\/wp-json\/wp\/v2\/posts\/3309","targetHints":{"allow":["GET"]}}],"collection":[{"href":"https:\/\/www.confagricoltura.org\/piacenza\/wp-json\/wp\/v2\/posts"}],"about":[{"href":"https:\/\/www.confagricoltura.org\/piacenza\/wp-json\/wp\/v2\/types\/post"}],"author":[{"embeddable":true,"href":"https:\/\/www.confagricoltura.org\/piacenza\/wp-json\/wp\/v2\/users\/6"}],"replies":[{"embeddable":true,"href":"https:\/\/www.confagricoltura.org\/piacenza\/wp-json\/wp\/v2\/comments?post=3309"}],"version-history":[{"count":2,"href":"https:\/\/www.confagricoltura.org\/piacenza\/wp-json\/wp\/v2\/posts\/3309\/revisions"}],"predecessor-version":[{"id":3315,"href":"https:\/\/www.confagricoltura.org\/piacenza\/wp-json\/wp\/v2\/posts\/3309\/revisions\/3315"}],"wp:featuredmedia":[{"embeddable":true,"href":"https:\/\/www.confagricoltura.org\/piacenza\/wp-json\/wp\/v2\/media\/3311"}],"wp:attachment":[{"href":"https:\/\/www.confagricoltura.org\/piacenza\/wp-json\/wp\/v2\/media?parent=3309"}],"wp:term":[{"taxonomy":"category","embeddable":true,"href":"https:\/\/www.confagricoltura.org\/piacenza\/wp-json\/wp\/v2\/categories?post=3309"},{"taxonomy":"post_tag","embeddable":true,"href":"https:\/\/www.confagricoltura.org\/piacenza\/wp-json\/wp\/v2\/tags?post=3309"}],"curies":[{"name":"wp","href":"https:\/\/api.w.org\/{rel}","templated":true}]}}