{"id":3304,"date":"2021-04-09T09:19:00","date_gmt":"2021-04-09T07:19:00","guid":{"rendered":"https:\/\/www.confagricoltura.org\/piacenza\/?p=3304"},"modified":"2021-04-15T09:46:15","modified_gmt":"2021-04-15T07:46:15","slug":"assunzioni-stagionali-in-agricoltura-unopportunita-di-lavoro","status":"publish","type":"post","link":"https:\/\/www.confagricoltura.org\/piacenza\/assunzioni-stagionali-in-agricoltura-unopportunita-di-lavoro\/","title":{"rendered":"Assunzioni stagionali in agricoltura: un&#8217;opportunit\u00e0 di lavoro"},"content":{"rendered":"\n<p>Sempre pi\u00f9 italiani e italiane lavorano nei campi. E aumentano le domande. Per le prime operazioni colturali in Emilia-Romagna ne sono arrivate \u2013 dal 1\u00b0 gennaio -, 1548 tramite AgriJob, il portale di Confagricoltura che raccoglie le candidature di chi cerca lavoro, dal neolaureato al disoccupato dei comparti in crisi. L\u2019anno scorso erano state processate, in totale, 2919 richieste.&nbsp; \u201c\u00c8 una piattaforma utile per facilitare l\u2019incrocio tra domanda e offerta di lavoro e garantire la costante fornitura di derrate alimentari di qualit\u00e0 in tempi di pandemia. AgriJob aiuta le aziende nel reperimento di operai agricoli stagionali, potatori, raccoglitori di frutta e ortaggi, vendemmiatori, addetti al settore zootecnico o conduttori di macchine agricole\u201d, chiarisce il presidente della Confagricoltura regionale Marcello Bonvicini. &nbsp;\u201cIl portale \u00e8 nato un anno fa, nello scorso lockdown \u2013 spiega Marco Casagrande, direttore di Confagricoltura Piacenza \u2013 e consente a chi cerca occupazione di essere messo in contatto con le aziende. A livello locale \u2013 chiarisce Casagrande \u2013 essendo Confagricoltura una realt\u00e0 capillarmente e storicamente radicata sul territorio, le persone tendono a rivolgersi direttamente ai nostri uffici e a far pubblicare la propria disponibilit\u00e0 al lavoro sul nostro periodico Piacenza Agricola. Il passaparola tra le aziende e le persone \u00e8 ancora lo strumento privilegiato nelle comunit\u00e0 rurali e nei paesi dove chi vanta un\u2019esperienza pregressa con attestazioni positive pu\u00f2 essere facilmente riassunto\u201d. Confagricoltura Piacenza sottolinea, in merito, come il lavoro nei campi, pi\u00f9 che \u201cstagionale\u201d dovrebbe essere definito \u201cciclico\u201d, dato che anche per le mansioni pi\u00f9 semplici servono competenze e professionalit\u00e0. Molti \u201cavventizi\u201d, ossia operai a tempo determinato, sono dunque persone che abitualmente si dedicano alla campagna agraria. La situazione generata dalla pandemia ha per\u00f2 mutato in parte gli equilibri e se, da un lato, la manodopera straniera fidelizzata ha avuto maggiore difficolt\u00e0 a raggiungere le nostre aziende, dall\u2019altro, il settore primario \u00e8 divenuto un\u2019opportunit\u00e0 di lavoro per i molti connazionali che hanno dovuto affrontare la crisi lavorativa. Per fornire anche la necessaria formazione professionale Confagricoltura ha dunque rafforzato la partnership con l\u2019agenzia per il lavoro Umana (autorizzata dal Ministero del Lavoro).&nbsp;<\/p>\n\n\n\n<p>A confermare le reali opportunit\u00e0 lavorative offerte in regione dal settore primario \u00e8 l\u2019ultima elaborazione di Unioncamere Emilia-Romagna, su dati Istat relativi al mercato del lavoro nel quarto trimestre 2020: In un anno l\u2019occupazione si \u00e8 ridotta del 2,9 per cento e rispetto allo stesso trimestre dell\u2019anno precedente, continua a salire solo in agricoltura (+3,0 per cento).<\/p>\n\n\n\n<p>\u201cTra le operazioni agricole che stanno prendendo il via \u2013 ricorda Casagrande &#8211; c\u2019\u00e8 il trapianto del pomodoro da industria che richiede largo impiego di manodopera. Nei prossimi giorni dunque anche i nostri uffici inizieranno ad entrare nel vivo per le assunzioni stagionali. Sono circa un migliaio le aziende assuntrici di manodopera associate a Confagricoltura Piacenza per le quali i nostri uffici nel 2020 hanno effettuato 2500 assunzioni di cui 2455 stagionali. Di queste, 1389, quindi oltre la met\u00e0, con un sensibile incremento rispetto al passato, hanno riguardato nostri connazionali\u201d.<\/p>\n\n\n\n<p>\u201cL\u2019agricoltura \u00e8 essenziale per la tenuta sociale ed economica del territorio, ma la politica deve muoversi e &#8211; conclude Bonvicini &#8211; incoraggiare l\u2019impresa ad assumere, quindi alleggerire la pressione fiscale e contributiva sul lavoro, semplificare gli adempimenti previsti e incentivare davvero le assunzioni\u201d.<\/p>\n\n\n\n<p><strong>Testimonianza dottor Umberto Gorra<\/strong><\/p>\n\n\n\n<p>A riferire la situazione direttamente dai campi \u00e8 Umberto Gorra, noto imprenditore di Fiorenzuola d\u2019Arda che conduce l\u2019azienda agricola La Salamandria.&nbsp; \u201cIn questi giorni abbiamo gi\u00e0 assunto diverse persone \u2013 spiega Gorra \u2013 con l\u2019avvio delle operazioni di trapianto del pomodoro da industria. Proprio poco fa ho fatto una ricognizione e oggi siamo in campo in 28. Buona parte del personale, anzi la gran parte, sono avventizi, molti sono gli stessi di anno in anno, anche se c\u2019\u00e8 sempre un po\u2019 di turnover. La composizione \u00e8 eterogenea, abbiamo sia persone del posto che stranieri. Rispetto al passato non ci sono grosse differenze. L\u2019anno scorso abbiamo avuto qualche difficolt\u00e0 in pi\u00f9 a reperire la manodopera, nel periodo iniziale coincidente con il primo lockdown, ma quest\u2019anno sembra procedere tutto senza intoppi. Prevediamo di arrivare alla trentina di dipendenti contemporaneamente assunti, anche se nell\u2019arco della campagna \u00e8 fisiologica un po\u2019 di turnazione. Lo strumento per reperire la manodopera \u00e8 prevalentemente il passaparola in paese, l\u2019azienda \u00e8 piuttosto conosciuta e le persone sanno che assumiamo, le operazioni amministrative vengono poi effettuate dell\u2019ufficio paghe di Confagricoltura che ci segue e supporta per gli aspetti normativi e documentali.<\/p>\n\n\n\n<p>Possiamo dire che le operazioni in campo stanno procedendo in modo regolare, compatibilmente con l\u2019andamento stagionale, abbiamo infatti avuto danni dalle gelate sia sul mais che sul pomodoro. Rispetto a gli anni scorsi, a causa del Covid, \u00e8 poi necessaria qualche accortezza in pi\u00f9, ma le persone sono formate e operano in sicurezza rispettando i protocolli anti contagio\u201d.<\/p>\n","protected":false},"excerpt":{"rendered":"<p>Casagrande: la campagna agraria \u00e8 alle porte, aumentano le candidature<\/p>\n","protected":false},"author":6,"featured_media":3305,"comment_status":"closed","ping_status":"closed","sticky":false,"template":"","format":"standard","meta":{"wp_mapbox_gl_js_media":[],"footnotes":""},"categories":[344,4],"tags":[357],"class_list":["post-3304","post","type-post","status-publish","format-standard","has-post-thumbnail","hentry","category-formazione-e-lavoro","category-news","tag-assunzioni-in-agricoltura"],"yoast_head":"<!-- This site is optimized with the Yoast SEO plugin v26.8 - https:\/\/yoast.com\/product\/yoast-seo-wordpress\/ -->\n<title>Assunzioni stagionali in agricoltura: un&#039;opportunit\u00e0 di lavoro - Confagricoltura Piacenza<\/title>\n<meta name=\"robots\" content=\"index, follow, max-snippet:-1, max-image-preview:large, max-video-preview:-1\" \/>\n<link rel=\"canonical\" href=\"https:\/\/www.confagricoltura.org\/piacenza\/assunzioni-stagionali-in-agricoltura-unopportunita-di-lavoro\/\" \/>\n<meta property=\"og:locale\" content=\"it_IT\" \/>\n<meta property=\"og:type\" content=\"article\" \/>\n<meta property=\"og:title\" content=\"Assunzioni stagionali in agricoltura: un&#039;opportunit\u00e0 di lavoro - Confagricoltura Piacenza\" \/>\n<meta property=\"og:description\" content=\"Casagrande: la campagna agraria \u00e8 alle porte, aumentano le candidature\" \/>\n<meta property=\"og:url\" content=\"https:\/\/www.confagricoltura.org\/piacenza\/assunzioni-stagionali-in-agricoltura-unopportunita-di-lavoro\/\" \/>\n<meta property=\"og:site_name\" content=\"Confagricoltura Piacenza\" \/>\n<meta property=\"article:published_time\" content=\"2021-04-09T07:19:00+00:00\" \/>\n<meta property=\"article:modified_time\" content=\"2021-04-15T07:46:15+00:00\" \/>\n<meta property=\"og:image\" content=\"https:\/\/www.confagricoltura.org\/piacenza\/wp-content\/uploads\/sites\/11\/2021\/04\/1Marco-Casagrande.jpg\" \/>\n\t<meta property=\"og:image:width\" content=\"1000\" \/>\n\t<meta property=\"og:image:height\" content=\"600\" \/>\n\t<meta property=\"og:image:type\" content=\"image\/jpeg\" \/>\n<meta name=\"author\" content=\"confagricolturapiacenza\" \/>\n<meta name=\"twitter:card\" content=\"summary_large_image\" \/>\n<meta name=\"twitter:label1\" content=\"Scritto da\" \/>\n\t<meta name=\"twitter:data1\" content=\"confagricolturapiacenza\" \/>\n\t<meta name=\"twitter:label2\" content=\"Tempo di lettura stimato\" \/>\n\t<meta name=\"twitter:data2\" content=\"4 minuti\" \/>\n<script type=\"application\/ld+json\" class=\"yoast-schema-graph\">{\"@context\":\"https:\/\/schema.org\",\"@graph\":[{\"@type\":\"Article\",\"@id\":\"https:\/\/www.confagricoltura.org\/piacenza\/assunzioni-stagionali-in-agricoltura-unopportunita-di-lavoro\/#article\",\"isPartOf\":{\"@id\":\"https:\/\/www.confagricoltura.org\/piacenza\/assunzioni-stagionali-in-agricoltura-unopportunita-di-lavoro\/\"},\"author\":{\"name\":\"confagricolturapiacenza\",\"@id\":\"https:\/\/www.confagricoltura.org\/piacenza\/#\/schema\/person\/be5da25a3117fea4b3bfec9dba09b5e8\"},\"headline\":\"Assunzioni stagionali in agricoltura: un&#8217;opportunit\u00e0 di lavoro\",\"datePublished\":\"2021-04-09T07:19:00+00:00\",\"dateModified\":\"2021-04-15T07:46:15+00:00\",\"mainEntityOfPage\":{\"@id\":\"https:\/\/www.confagricoltura.org\/piacenza\/assunzioni-stagionali-in-agricoltura-unopportunita-di-lavoro\/\"},\"wordCount\":788,\"image\":{\"@id\":\"https:\/\/www.confagricoltura.org\/piacenza\/assunzioni-stagionali-in-agricoltura-unopportunita-di-lavoro\/#primaryimage\"},\"thumbnailUrl\":\"https:\/\/www.confagricoltura.org\/piacenza\/wp-content\/uploads\/sites\/11\/2021\/04\/1Marco-Casagrande.jpg\",\"keywords\":[\"assunzioni in agricoltura\"],\"articleSection\":[\"Formazione e lavoro\",\"News\"],\"inLanguage\":\"it-IT\"},{\"@type\":\"WebPage\",\"@id\":\"https:\/\/www.confagricoltura.org\/piacenza\/assunzioni-stagionali-in-agricoltura-unopportunita-di-lavoro\/\",\"url\":\"https:\/\/www.confagricoltura.org\/piacenza\/assunzioni-stagionali-in-agricoltura-unopportunita-di-lavoro\/\",\"name\":\"Assunzioni stagionali in agricoltura: un'opportunit\u00e0 di lavoro - Confagricoltura Piacenza\",\"isPartOf\":{\"@id\":\"https:\/\/www.confagricoltura.org\/piacenza\/#website\"},\"primaryImageOfPage\":{\"@id\":\"https:\/\/www.confagricoltura.org\/piacenza\/assunzioni-stagionali-in-agricoltura-unopportunita-di-lavoro\/#primaryimage\"},\"image\":{\"@id\":\"https:\/\/www.confagricoltura.org\/piacenza\/assunzioni-stagionali-in-agricoltura-unopportunita-di-lavoro\/#primaryimage\"},\"thumbnailUrl\":\"https:\/\/www.confagricoltura.org\/piacenza\/wp-content\/uploads\/sites\/11\/2021\/04\/1Marco-Casagrande.jpg\",\"datePublished\":\"2021-04-09T07:19:00+00:00\",\"dateModified\":\"2021-04-15T07:46:15+00:00\",\"author\":{\"@id\":\"https:\/\/www.confagricoltura.org\/piacenza\/#\/schema\/person\/be5da25a3117fea4b3bfec9dba09b5e8\"},\"breadcrumb\":{\"@id\":\"https:\/\/www.confagricoltura.org\/piacenza\/assunzioni-stagionali-in-agricoltura-unopportunita-di-lavoro\/#breadcrumb\"},\"inLanguage\":\"it-IT\",\"potentialAction\":[{\"@type\":\"ReadAction\",\"target\":[\"https:\/\/www.confagricoltura.org\/piacenza\/assunzioni-stagionali-in-agricoltura-unopportunita-di-lavoro\/\"]}]},{\"@type\":\"ImageObject\",\"inLanguage\":\"it-IT\",\"@id\":\"https:\/\/www.confagricoltura.org\/piacenza\/assunzioni-stagionali-in-agricoltura-unopportunita-di-lavoro\/#primaryimage\",\"url\":\"https:\/\/www.confagricoltura.org\/piacenza\/wp-content\/uploads\/sites\/11\/2021\/04\/1Marco-Casagrande.jpg\",\"contentUrl\":\"https:\/\/www.confagricoltura.org\/piacenza\/wp-content\/uploads\/sites\/11\/2021\/04\/1Marco-Casagrande.jpg\",\"width\":1000,\"height\":600},{\"@type\":\"BreadcrumbList\",\"@id\":\"https:\/\/www.confagricoltura.org\/piacenza\/assunzioni-stagionali-in-agricoltura-unopportunita-di-lavoro\/#breadcrumb\",\"itemListElement\":[{\"@type\":\"ListItem\",\"position\":1,\"name\":\"Home\",\"item\":\"https:\/\/www.confagricoltura.org\/piacenza\/\"},{\"@type\":\"ListItem\",\"position\":2,\"name\":\"Assunzioni stagionali in agricoltura: un&#8217;opportunit\u00e0 di lavoro\"}]},{\"@type\":\"WebSite\",\"@id\":\"https:\/\/www.confagricoltura.org\/piacenza\/#website\",\"url\":\"https:\/\/www.confagricoltura.org\/piacenza\/\",\"name\":\"Confagricoltura Piacenza\",\"description\":\"Dalla parte degli Agricoltori\",\"potentialAction\":[{\"@type\":\"SearchAction\",\"target\":{\"@type\":\"EntryPoint\",\"urlTemplate\":\"https:\/\/www.confagricoltura.org\/piacenza\/?s={search_term_string}\"},\"query-input\":{\"@type\":\"PropertyValueSpecification\",\"valueRequired\":true,\"valueName\":\"search_term_string\"}}],\"inLanguage\":\"it-IT\"},{\"@type\":\"Person\",\"@id\":\"https:\/\/www.confagricoltura.org\/piacenza\/#\/schema\/person\/be5da25a3117fea4b3bfec9dba09b5e8\",\"name\":\"confagricolturapiacenza\",\"image\":{\"@type\":\"ImageObject\",\"inLanguage\":\"it-IT\",\"@id\":\"https:\/\/www.confagricoltura.org\/piacenza\/#\/schema\/person\/image\/\",\"url\":\"https:\/\/secure.gravatar.com\/avatar\/9c5f111e417171581853bd0a3ff892ca?s=96&d=mm&r=g\",\"contentUrl\":\"https:\/\/secure.gravatar.com\/avatar\/9c5f111e417171581853bd0a3ff892ca?s=96&d=mm&r=g\",\"caption\":\"confagricolturapiacenza\"},\"url\":\"https:\/\/www.confagricoltura.org\/piacenza\/author\/confagricolturapiacenza\/\"}]}<\/script>\n<!-- \/ Yoast SEO plugin. -->","yoast_head_json":{"title":"Assunzioni stagionali in agricoltura: un'opportunit\u00e0 di lavoro - Confagricoltura Piacenza","robots":{"index":"index","follow":"follow","max-snippet":"max-snippet:-1","max-image-preview":"max-image-preview:large","max-video-preview":"max-video-preview:-1"},"canonical":"https:\/\/www.confagricoltura.org\/piacenza\/assunzioni-stagionali-in-agricoltura-unopportunita-di-lavoro\/","og_locale":"it_IT","og_type":"article","og_title":"Assunzioni stagionali in agricoltura: un'opportunit\u00e0 di lavoro - Confagricoltura Piacenza","og_description":"Casagrande: la campagna agraria \u00e8 alle porte, aumentano le candidature","og_url":"https:\/\/www.confagricoltura.org\/piacenza\/assunzioni-stagionali-in-agricoltura-unopportunita-di-lavoro\/","og_site_name":"Confagricoltura Piacenza","article_published_time":"2021-04-09T07:19:00+00:00","article_modified_time":"2021-04-15T07:46:15+00:00","og_image":[{"width":1000,"height":600,"url":"https:\/\/www.confagricoltura.org\/piacenza\/wp-content\/uploads\/sites\/11\/2021\/04\/1Marco-Casagrande.jpg","type":"image\/jpeg"}],"author":"confagricolturapiacenza","twitter_card":"summary_large_image","twitter_misc":{"Scritto da":"confagricolturapiacenza","Tempo di lettura stimato":"4 minuti"},"schema":{"@context":"https:\/\/schema.org","@graph":[{"@type":"Article","@id":"https:\/\/www.confagricoltura.org\/piacenza\/assunzioni-stagionali-in-agricoltura-unopportunita-di-lavoro\/#article","isPartOf":{"@id":"https:\/\/www.confagricoltura.org\/piacenza\/assunzioni-stagionali-in-agricoltura-unopportunita-di-lavoro\/"},"author":{"name":"confagricolturapiacenza","@id":"https:\/\/www.confagricoltura.org\/piacenza\/#\/schema\/person\/be5da25a3117fea4b3bfec9dba09b5e8"},"headline":"Assunzioni stagionali in agricoltura: un&#8217;opportunit\u00e0 di lavoro","datePublished":"2021-04-09T07:19:00+00:00","dateModified":"2021-04-15T07:46:15+00:00","mainEntityOfPage":{"@id":"https:\/\/www.confagricoltura.org\/piacenza\/assunzioni-stagionali-in-agricoltura-unopportunita-di-lavoro\/"},"wordCount":788,"image":{"@id":"https:\/\/www.confagricoltura.org\/piacenza\/assunzioni-stagionali-in-agricoltura-unopportunita-di-lavoro\/#primaryimage"},"thumbnailUrl":"https:\/\/www.confagricoltura.org\/piacenza\/wp-content\/uploads\/sites\/11\/2021\/04\/1Marco-Casagrande.jpg","keywords":["assunzioni in agricoltura"],"articleSection":["Formazione e lavoro","News"],"inLanguage":"it-IT"},{"@type":"WebPage","@id":"https:\/\/www.confagricoltura.org\/piacenza\/assunzioni-stagionali-in-agricoltura-unopportunita-di-lavoro\/","url":"https:\/\/www.confagricoltura.org\/piacenza\/assunzioni-stagionali-in-agricoltura-unopportunita-di-lavoro\/","name":"Assunzioni stagionali in agricoltura: un'opportunit\u00e0 di lavoro - Confagricoltura Piacenza","isPartOf":{"@id":"https:\/\/www.confagricoltura.org\/piacenza\/#website"},"primaryImageOfPage":{"@id":"https:\/\/www.confagricoltura.org\/piacenza\/assunzioni-stagionali-in-agricoltura-unopportunita-di-lavoro\/#primaryimage"},"image":{"@id":"https:\/\/www.confagricoltura.org\/piacenza\/assunzioni-stagionali-in-agricoltura-unopportunita-di-lavoro\/#primaryimage"},"thumbnailUrl":"https:\/\/www.confagricoltura.org\/piacenza\/wp-content\/uploads\/sites\/11\/2021\/04\/1Marco-Casagrande.jpg","datePublished":"2021-04-09T07:19:00+00:00","dateModified":"2021-04-15T07:46:15+00:00","author":{"@id":"https:\/\/www.confagricoltura.org\/piacenza\/#\/schema\/person\/be5da25a3117fea4b3bfec9dba09b5e8"},"breadcrumb":{"@id":"https:\/\/www.confagricoltura.org\/piacenza\/assunzioni-stagionali-in-agricoltura-unopportunita-di-lavoro\/#breadcrumb"},"inLanguage":"it-IT","potentialAction":[{"@type":"ReadAction","target":["https:\/\/www.confagricoltura.org\/piacenza\/assunzioni-stagionali-in-agricoltura-unopportunita-di-lavoro\/"]}]},{"@type":"ImageObject","inLanguage":"it-IT","@id":"https:\/\/www.confagricoltura.org\/piacenza\/assunzioni-stagionali-in-agricoltura-unopportunita-di-lavoro\/#primaryimage","url":"https:\/\/www.confagricoltura.org\/piacenza\/wp-content\/uploads\/sites\/11\/2021\/04\/1Marco-Casagrande.jpg","contentUrl":"https:\/\/www.confagricoltura.org\/piacenza\/wp-content\/uploads\/sites\/11\/2021\/04\/1Marco-Casagrande.jpg","width":1000,"height":600},{"@type":"BreadcrumbList","@id":"https:\/\/www.confagricoltura.org\/piacenza\/assunzioni-stagionali-in-agricoltura-unopportunita-di-lavoro\/#breadcrumb","itemListElement":[{"@type":"ListItem","position":1,"name":"Home","item":"https:\/\/www.confagricoltura.org\/piacenza\/"},{"@type":"ListItem","position":2,"name":"Assunzioni stagionali in agricoltura: un&#8217;opportunit\u00e0 di lavoro"}]},{"@type":"WebSite","@id":"https:\/\/www.confagricoltura.org\/piacenza\/#website","url":"https:\/\/www.confagricoltura.org\/piacenza\/","name":"Confagricoltura Piacenza","description":"Dalla parte degli Agricoltori","potentialAction":[{"@type":"SearchAction","target":{"@type":"EntryPoint","urlTemplate":"https:\/\/www.confagricoltura.org\/piacenza\/?s={search_term_string}"},"query-input":{"@type":"PropertyValueSpecification","valueRequired":true,"valueName":"search_term_string"}}],"inLanguage":"it-IT"},{"@type":"Person","@id":"https:\/\/www.confagricoltura.org\/piacenza\/#\/schema\/person\/be5da25a3117fea4b3bfec9dba09b5e8","name":"confagricolturapiacenza","image":{"@type":"ImageObject","inLanguage":"it-IT","@id":"https:\/\/www.confagricoltura.org\/piacenza\/#\/schema\/person\/image\/","url":"https:\/\/secure.gravatar.com\/avatar\/9c5f111e417171581853bd0a3ff892ca?s=96&d=mm&r=g","contentUrl":"https:\/\/secure.gravatar.com\/avatar\/9c5f111e417171581853bd0a3ff892ca?s=96&d=mm&r=g","caption":"confagricolturapiacenza"},"url":"https:\/\/www.confagricoltura.org\/piacenza\/author\/confagricolturapiacenza\/"}]}},"_links":{"self":[{"href":"https:\/\/www.confagricoltura.org\/piacenza\/wp-json\/wp\/v2\/posts\/3304","targetHints":{"allow":["GET"]}}],"collection":[{"href":"https:\/\/www.confagricoltura.org\/piacenza\/wp-json\/wp\/v2\/posts"}],"about":[{"href":"https:\/\/www.confagricoltura.org\/piacenza\/wp-json\/wp\/v2\/types\/post"}],"author":[{"embeddable":true,"href":"https:\/\/www.confagricoltura.org\/piacenza\/wp-json\/wp\/v2\/users\/6"}],"replies":[{"embeddable":true,"href":"https:\/\/www.confagricoltura.org\/piacenza\/wp-json\/wp\/v2\/comments?post=3304"}],"version-history":[{"count":1,"href":"https:\/\/www.confagricoltura.org\/piacenza\/wp-json\/wp\/v2\/posts\/3304\/revisions"}],"predecessor-version":[{"id":3306,"href":"https:\/\/www.confagricoltura.org\/piacenza\/wp-json\/wp\/v2\/posts\/3304\/revisions\/3306"}],"wp:featuredmedia":[{"embeddable":true,"href":"https:\/\/www.confagricoltura.org\/piacenza\/wp-json\/wp\/v2\/media\/3305"}],"wp:attachment":[{"href":"https:\/\/www.confagricoltura.org\/piacenza\/wp-json\/wp\/v2\/media?parent=3304"}],"wp:term":[{"taxonomy":"category","embeddable":true,"href":"https:\/\/www.confagricoltura.org\/piacenza\/wp-json\/wp\/v2\/categories?post=3304"},{"taxonomy":"post_tag","embeddable":true,"href":"https:\/\/www.confagricoltura.org\/piacenza\/wp-json\/wp\/v2\/tags?post=3304"}],"curies":[{"name":"wp","href":"https:\/\/api.w.org\/{rel}","templated":true}]}}