{"id":3276,"date":"2021-03-31T15:56:40","date_gmt":"2021-03-31T13:56:40","guid":{"rendered":"https:\/\/www.confagricoltura.org\/piacenza\/?p=3276"},"modified":"2021-04-15T09:17:37","modified_gmt":"2021-04-15T07:17:37","slug":"vino-le-azienda-di-confagricoltura-piacenza-fanno-quadrato-per-ripartire","status":"publish","type":"post","link":"https:\/\/www.confagricoltura.org\/piacenza\/vino-le-azienda-di-confagricoltura-piacenza-fanno-quadrato-per-ripartire\/","title":{"rendered":"Vino: le aziende di Confagricoltura Piacenza fanno quadrato per ripartire"},"content":{"rendered":"\n<p>Il settore vitivinicolo \u00e8 uno dei comparti del primario che ha pagato maggiormente l\u2019impatto della pandemia. Non ha mancato di sottolinearlo pi\u00f9 volte Chiara Azzali \u2013 presidente della Sezione di prodotto Vitivinicola di Confagricoltura Piacenza. \u201cCerto, quello che fino a febbraio dello scorso anno era un valore aggiunto \u00e8 diventato un fattore penalizzante \u2013 ricorda Azzali \u2013 il vino \u00e8 convivialit\u00e0, territorio, storia e cultura, tradizioni ed enogastronomia. Le aziende piacentine hanno lavorato su queste leve per far conoscere gli ottimi vini che producono. Leve spezzate dalla pandemia. Le aziende vitivinicole di Confagricoltura Piacenza, in particolare, sono molto apprezzate dal mondo della ristorazione e, necessariamente, ne stanno condividendo le difficolt\u00e0. \u00c8 chiaro per\u00f2 \u2013 prosegue Azzali \u2013 che ad essere in crisi non \u00e8 il nostro prodotto e neppure il modello di marketing, quanto la vita sociale. Usciti dalla crisi la vita riprender\u00e0. \u00c8 un momento molto duro per il settore vitivinicolo: le spese in vigneto non si possono certo tagliare. Servono sostegni ad hoc, esattamente come per gli altri settori in crisi. Sono stati previsti ristori, ma in misura non adeguata e oltretutto non sono arrivati tutti gli aiuti stanziati\u201d.<\/p>\n\n\n\n<p>Il trend 2020 a valore ha segnato un -24%. L\u2019anno del Covid ha evidenziato una disparit\u00e0 nelle performance delle diverse realt\u00e0 aziendali segnando storici cambiamenti all\u2019interno dei canali di vendita: per la prima volta infatti i volumi degli acquisti in Gdo hanno superato quelli dell\u2019horeca, tradizionalmente il canale a maggior valore aggiunto. In generale in Italia il calo a valore degli ordini della ristorazione (-38%), delle enoteche (-23%) e della vendita diretta (-19%) \u00e8 stato solo parzialmente compensato dalla Gdo (+12%), per un saldo negativo alla vendita di oltre 3 miliardi di euro. Il mercato interno nel 2020 ha perso un quarto del proprio valore, mentre gli ordini globali dell\u2019horeca internazionale nello stesso periodo hanno accusato una contrazione di oltre il 50%.<\/p>\n\n\n\n<p>Secondo le stime della sezione di prodotto di Confagricoltura Piacenza, il mercato mondiale del vino potr\u00e0 tornare ai livelli pre-Covid non prima della fine del 2022, con un danno di oltre 100 miliardi di dollari dovuto alla contrazione del canale horeca. La flessione registrata sui fatturati italiani \u00e8 la prima dal 2009, anno della crisi finanziaria globale, ed \u00e8 dovuta soprattutto a forti contrazioni sul mercato interno.<\/p>\n\n\n\n<p>\u201cUna situazione non facile \u2013 sottolinea Azzali &#8211; alla quale abbiamo reagito facendo cordata, ancor pi\u00f9 che in passato, per individuare la via di uscita\u201d. Le aziende vitivinicole di Confagricoltura hanno rinsaldato un percorso di partecipazione e di condivisione. \u201cNei nostri incontri \u2013 prosegue Azzali &#8211; non ci limitiamo a lavorare insieme sul come uscire dalla crisi, ma stiamo programmando, soprattutto per il dopo, in generale ragionando in ottica di sistema e di territorio. Gli imprenditori di Confagricoltura Piacenza sono protagonisti di un avvicinamento tra le aziende vitivinicole piacentine anche grazie al ruolo propulsore che hanno nel Consorzio Vini e insieme alle associazioni del territorio. Confagricoltura si \u00e8 spesa perch\u00e9 questo percorso fosse avviato e le aziende, insieme, stanno approcciando un nuovo modo di proporsi ed esserci, portando avanti investimenti umani e professionali per valorizzare il prodotto locale migliorando le performance in tutti i canali commerciali e anche nel panorama mondiale, dove diverse sono gi\u00e0 apprezzate, ma dove molti spazi possono essere ancora conquistati\u201d.<\/p>\n","protected":false},"excerpt":{"rendered":"<p>Azzali: la qualit\u00e0 de nostri vini sar\u00e0 ulteriormente promossa, facciamo squadra <\/p>\n","protected":false},"author":6,"featured_media":3277,"comment_status":"closed","ping_status":"closed","sticky":false,"template":"","format":"standard","meta":{"wp_mapbox_gl_js_media":[],"footnotes":""},"categories":[4,16],"tags":[354],"class_list":["post-3276","post","type-post","status-publish","format-standard","has-post-thumbnail","hentry","category-news","category-settore-vitivinicolo","tag-vino-settore-penalizzato"],"yoast_head":"<!-- This site is optimized with the Yoast SEO plugin v26.8 - https:\/\/yoast.com\/product\/yoast-seo-wordpress\/ -->\n<title>Vino: le aziende di Confagricoltura Piacenza fanno quadrato per ripartire - Confagricoltura Piacenza<\/title>\n<meta name=\"robots\" content=\"index, follow, max-snippet:-1, max-image-preview:large, max-video-preview:-1\" \/>\n<link rel=\"canonical\" href=\"https:\/\/www.confagricoltura.org\/piacenza\/vino-le-azienda-di-confagricoltura-piacenza-fanno-quadrato-per-ripartire\/\" \/>\n<meta property=\"og:locale\" content=\"it_IT\" \/>\n<meta property=\"og:type\" content=\"article\" \/>\n<meta property=\"og:title\" content=\"Vino: le aziende di Confagricoltura Piacenza fanno quadrato per ripartire - Confagricoltura Piacenza\" \/>\n<meta property=\"og:description\" content=\"Azzali: la qualit\u00e0 de nostri vini sar\u00e0 ulteriormente promossa, facciamo squadra\" \/>\n<meta property=\"og:url\" content=\"https:\/\/www.confagricoltura.org\/piacenza\/vino-le-azienda-di-confagricoltura-piacenza-fanno-quadrato-per-ripartire\/\" \/>\n<meta property=\"og:site_name\" content=\"Confagricoltura Piacenza\" \/>\n<meta property=\"article:published_time\" content=\"2021-03-31T13:56:40+00:00\" \/>\n<meta property=\"article:modified_time\" content=\"2021-04-15T07:17:37+00:00\" \/>\n<meta property=\"og:image\" content=\"https:\/\/www.confagricoltura.org\/piacenza\/wp-content\/uploads\/sites\/11\/2021\/03\/Chiara-Azzali.jpg\" \/>\n\t<meta property=\"og:image:width\" content=\"1543\" \/>\n\t<meta property=\"og:image:height\" content=\"1157\" \/>\n\t<meta property=\"og:image:type\" content=\"image\/jpeg\" \/>\n<meta name=\"author\" content=\"confagricolturapiacenza\" \/>\n<meta name=\"twitter:card\" content=\"summary_large_image\" \/>\n<meta name=\"twitter:label1\" content=\"Scritto da\" \/>\n\t<meta name=\"twitter:data1\" content=\"confagricolturapiacenza\" \/>\n\t<meta name=\"twitter:label2\" content=\"Tempo di lettura stimato\" \/>\n\t<meta name=\"twitter:data2\" content=\"3 minuti\" \/>\n<script type=\"application\/ld+json\" class=\"yoast-schema-graph\">{\"@context\":\"https:\/\/schema.org\",\"@graph\":[{\"@type\":\"Article\",\"@id\":\"https:\/\/www.confagricoltura.org\/piacenza\/vino-le-azienda-di-confagricoltura-piacenza-fanno-quadrato-per-ripartire\/#article\",\"isPartOf\":{\"@id\":\"https:\/\/www.confagricoltura.org\/piacenza\/vino-le-azienda-di-confagricoltura-piacenza-fanno-quadrato-per-ripartire\/\"},\"author\":{\"name\":\"confagricolturapiacenza\",\"@id\":\"https:\/\/www.confagricoltura.org\/piacenza\/#\/schema\/person\/be5da25a3117fea4b3bfec9dba09b5e8\"},\"headline\":\"Vino: le aziende di Confagricoltura Piacenza fanno quadrato per ripartire\",\"datePublished\":\"2021-03-31T13:56:40+00:00\",\"dateModified\":\"2021-04-15T07:17:37+00:00\",\"mainEntityOfPage\":{\"@id\":\"https:\/\/www.confagricoltura.org\/piacenza\/vino-le-azienda-di-confagricoltura-piacenza-fanno-quadrato-per-ripartire\/\"},\"wordCount\":534,\"image\":{\"@id\":\"https:\/\/www.confagricoltura.org\/piacenza\/vino-le-azienda-di-confagricoltura-piacenza-fanno-quadrato-per-ripartire\/#primaryimage\"},\"thumbnailUrl\":\"https:\/\/www.confagricoltura.org\/piacenza\/wp-content\/uploads\/sites\/11\/2021\/03\/Chiara-Azzali.jpg\",\"keywords\":[\"Vino: settore penalizzato\"],\"articleSection\":[\"News\",\"Settore vitivinicolo\"],\"inLanguage\":\"it-IT\"},{\"@type\":\"WebPage\",\"@id\":\"https:\/\/www.confagricoltura.org\/piacenza\/vino-le-azienda-di-confagricoltura-piacenza-fanno-quadrato-per-ripartire\/\",\"url\":\"https:\/\/www.confagricoltura.org\/piacenza\/vino-le-azienda-di-confagricoltura-piacenza-fanno-quadrato-per-ripartire\/\",\"name\":\"Vino: le aziende di Confagricoltura Piacenza fanno quadrato per ripartire - Confagricoltura Piacenza\",\"isPartOf\":{\"@id\":\"https:\/\/www.confagricoltura.org\/piacenza\/#website\"},\"primaryImageOfPage\":{\"@id\":\"https:\/\/www.confagricoltura.org\/piacenza\/vino-le-azienda-di-confagricoltura-piacenza-fanno-quadrato-per-ripartire\/#primaryimage\"},\"image\":{\"@id\":\"https:\/\/www.confagricoltura.org\/piacenza\/vino-le-azienda-di-confagricoltura-piacenza-fanno-quadrato-per-ripartire\/#primaryimage\"},\"thumbnailUrl\":\"https:\/\/www.confagricoltura.org\/piacenza\/wp-content\/uploads\/sites\/11\/2021\/03\/Chiara-Azzali.jpg\",\"datePublished\":\"2021-03-31T13:56:40+00:00\",\"dateModified\":\"2021-04-15T07:17:37+00:00\",\"author\":{\"@id\":\"https:\/\/www.confagricoltura.org\/piacenza\/#\/schema\/person\/be5da25a3117fea4b3bfec9dba09b5e8\"},\"breadcrumb\":{\"@id\":\"https:\/\/www.confagricoltura.org\/piacenza\/vino-le-azienda-di-confagricoltura-piacenza-fanno-quadrato-per-ripartire\/#breadcrumb\"},\"inLanguage\":\"it-IT\",\"potentialAction\":[{\"@type\":\"ReadAction\",\"target\":[\"https:\/\/www.confagricoltura.org\/piacenza\/vino-le-azienda-di-confagricoltura-piacenza-fanno-quadrato-per-ripartire\/\"]}]},{\"@type\":\"ImageObject\",\"inLanguage\":\"it-IT\",\"@id\":\"https:\/\/www.confagricoltura.org\/piacenza\/vino-le-azienda-di-confagricoltura-piacenza-fanno-quadrato-per-ripartire\/#primaryimage\",\"url\":\"https:\/\/www.confagricoltura.org\/piacenza\/wp-content\/uploads\/sites\/11\/2021\/03\/Chiara-Azzali.jpg\",\"contentUrl\":\"https:\/\/www.confagricoltura.org\/piacenza\/wp-content\/uploads\/sites\/11\/2021\/03\/Chiara-Azzali.jpg\",\"width\":1543,\"height\":1157},{\"@type\":\"BreadcrumbList\",\"@id\":\"https:\/\/www.confagricoltura.org\/piacenza\/vino-le-azienda-di-confagricoltura-piacenza-fanno-quadrato-per-ripartire\/#breadcrumb\",\"itemListElement\":[{\"@type\":\"ListItem\",\"position\":1,\"name\":\"Home\",\"item\":\"https:\/\/www.confagricoltura.org\/piacenza\/\"},{\"@type\":\"ListItem\",\"position\":2,\"name\":\"Vino: le aziende di Confagricoltura Piacenza fanno quadrato per ripartire\"}]},{\"@type\":\"WebSite\",\"@id\":\"https:\/\/www.confagricoltura.org\/piacenza\/#website\",\"url\":\"https:\/\/www.confagricoltura.org\/piacenza\/\",\"name\":\"Confagricoltura Piacenza\",\"description\":\"Dalla parte degli Agricoltori\",\"potentialAction\":[{\"@type\":\"SearchAction\",\"target\":{\"@type\":\"EntryPoint\",\"urlTemplate\":\"https:\/\/www.confagricoltura.org\/piacenza\/?s={search_term_string}\"},\"query-input\":{\"@type\":\"PropertyValueSpecification\",\"valueRequired\":true,\"valueName\":\"search_term_string\"}}],\"inLanguage\":\"it-IT\"},{\"@type\":\"Person\",\"@id\":\"https:\/\/www.confagricoltura.org\/piacenza\/#\/schema\/person\/be5da25a3117fea4b3bfec9dba09b5e8\",\"name\":\"confagricolturapiacenza\",\"image\":{\"@type\":\"ImageObject\",\"inLanguage\":\"it-IT\",\"@id\":\"https:\/\/www.confagricoltura.org\/piacenza\/#\/schema\/person\/image\/\",\"url\":\"https:\/\/secure.gravatar.com\/avatar\/9c5f111e417171581853bd0a3ff892ca?s=96&d=mm&r=g\",\"contentUrl\":\"https:\/\/secure.gravatar.com\/avatar\/9c5f111e417171581853bd0a3ff892ca?s=96&d=mm&r=g\",\"caption\":\"confagricolturapiacenza\"},\"url\":\"https:\/\/www.confagricoltura.org\/piacenza\/author\/confagricolturapiacenza\/\"}]}<\/script>\n<!-- \/ Yoast SEO plugin. -->","yoast_head_json":{"title":"Vino: le aziende di Confagricoltura Piacenza fanno quadrato per ripartire - Confagricoltura Piacenza","robots":{"index":"index","follow":"follow","max-snippet":"max-snippet:-1","max-image-preview":"max-image-preview:large","max-video-preview":"max-video-preview:-1"},"canonical":"https:\/\/www.confagricoltura.org\/piacenza\/vino-le-azienda-di-confagricoltura-piacenza-fanno-quadrato-per-ripartire\/","og_locale":"it_IT","og_type":"article","og_title":"Vino: le aziende di Confagricoltura Piacenza fanno quadrato per ripartire - Confagricoltura Piacenza","og_description":"Azzali: la qualit\u00e0 de nostri vini sar\u00e0 ulteriormente promossa, facciamo squadra","og_url":"https:\/\/www.confagricoltura.org\/piacenza\/vino-le-azienda-di-confagricoltura-piacenza-fanno-quadrato-per-ripartire\/","og_site_name":"Confagricoltura Piacenza","article_published_time":"2021-03-31T13:56:40+00:00","article_modified_time":"2021-04-15T07:17:37+00:00","og_image":[{"width":1543,"height":1157,"url":"https:\/\/www.confagricoltura.org\/piacenza\/wp-content\/uploads\/sites\/11\/2021\/03\/Chiara-Azzali.jpg","type":"image\/jpeg"}],"author":"confagricolturapiacenza","twitter_card":"summary_large_image","twitter_misc":{"Scritto da":"confagricolturapiacenza","Tempo di lettura stimato":"3 minuti"},"schema":{"@context":"https:\/\/schema.org","@graph":[{"@type":"Article","@id":"https:\/\/www.confagricoltura.org\/piacenza\/vino-le-azienda-di-confagricoltura-piacenza-fanno-quadrato-per-ripartire\/#article","isPartOf":{"@id":"https:\/\/www.confagricoltura.org\/piacenza\/vino-le-azienda-di-confagricoltura-piacenza-fanno-quadrato-per-ripartire\/"},"author":{"name":"confagricolturapiacenza","@id":"https:\/\/www.confagricoltura.org\/piacenza\/#\/schema\/person\/be5da25a3117fea4b3bfec9dba09b5e8"},"headline":"Vino: le aziende di Confagricoltura Piacenza fanno quadrato per ripartire","datePublished":"2021-03-31T13:56:40+00:00","dateModified":"2021-04-15T07:17:37+00:00","mainEntityOfPage":{"@id":"https:\/\/www.confagricoltura.org\/piacenza\/vino-le-azienda-di-confagricoltura-piacenza-fanno-quadrato-per-ripartire\/"},"wordCount":534,"image":{"@id":"https:\/\/www.confagricoltura.org\/piacenza\/vino-le-azienda-di-confagricoltura-piacenza-fanno-quadrato-per-ripartire\/#primaryimage"},"thumbnailUrl":"https:\/\/www.confagricoltura.org\/piacenza\/wp-content\/uploads\/sites\/11\/2021\/03\/Chiara-Azzali.jpg","keywords":["Vino: settore penalizzato"],"articleSection":["News","Settore vitivinicolo"],"inLanguage":"it-IT"},{"@type":"WebPage","@id":"https:\/\/www.confagricoltura.org\/piacenza\/vino-le-azienda-di-confagricoltura-piacenza-fanno-quadrato-per-ripartire\/","url":"https:\/\/www.confagricoltura.org\/piacenza\/vino-le-azienda-di-confagricoltura-piacenza-fanno-quadrato-per-ripartire\/","name":"Vino: le aziende di Confagricoltura Piacenza fanno quadrato per ripartire - Confagricoltura Piacenza","isPartOf":{"@id":"https:\/\/www.confagricoltura.org\/piacenza\/#website"},"primaryImageOfPage":{"@id":"https:\/\/www.confagricoltura.org\/piacenza\/vino-le-azienda-di-confagricoltura-piacenza-fanno-quadrato-per-ripartire\/#primaryimage"},"image":{"@id":"https:\/\/www.confagricoltura.org\/piacenza\/vino-le-azienda-di-confagricoltura-piacenza-fanno-quadrato-per-ripartire\/#primaryimage"},"thumbnailUrl":"https:\/\/www.confagricoltura.org\/piacenza\/wp-content\/uploads\/sites\/11\/2021\/03\/Chiara-Azzali.jpg","datePublished":"2021-03-31T13:56:40+00:00","dateModified":"2021-04-15T07:17:37+00:00","author":{"@id":"https:\/\/www.confagricoltura.org\/piacenza\/#\/schema\/person\/be5da25a3117fea4b3bfec9dba09b5e8"},"breadcrumb":{"@id":"https:\/\/www.confagricoltura.org\/piacenza\/vino-le-azienda-di-confagricoltura-piacenza-fanno-quadrato-per-ripartire\/#breadcrumb"},"inLanguage":"it-IT","potentialAction":[{"@type":"ReadAction","target":["https:\/\/www.confagricoltura.org\/piacenza\/vino-le-azienda-di-confagricoltura-piacenza-fanno-quadrato-per-ripartire\/"]}]},{"@type":"ImageObject","inLanguage":"it-IT","@id":"https:\/\/www.confagricoltura.org\/piacenza\/vino-le-azienda-di-confagricoltura-piacenza-fanno-quadrato-per-ripartire\/#primaryimage","url":"https:\/\/www.confagricoltura.org\/piacenza\/wp-content\/uploads\/sites\/11\/2021\/03\/Chiara-Azzali.jpg","contentUrl":"https:\/\/www.confagricoltura.org\/piacenza\/wp-content\/uploads\/sites\/11\/2021\/03\/Chiara-Azzali.jpg","width":1543,"height":1157},{"@type":"BreadcrumbList","@id":"https:\/\/www.confagricoltura.org\/piacenza\/vino-le-azienda-di-confagricoltura-piacenza-fanno-quadrato-per-ripartire\/#breadcrumb","itemListElement":[{"@type":"ListItem","position":1,"name":"Home","item":"https:\/\/www.confagricoltura.org\/piacenza\/"},{"@type":"ListItem","position":2,"name":"Vino: le aziende di Confagricoltura Piacenza fanno quadrato per ripartire"}]},{"@type":"WebSite","@id":"https:\/\/www.confagricoltura.org\/piacenza\/#website","url":"https:\/\/www.confagricoltura.org\/piacenza\/","name":"Confagricoltura Piacenza","description":"Dalla parte degli Agricoltori","potentialAction":[{"@type":"SearchAction","target":{"@type":"EntryPoint","urlTemplate":"https:\/\/www.confagricoltura.org\/piacenza\/?s={search_term_string}"},"query-input":{"@type":"PropertyValueSpecification","valueRequired":true,"valueName":"search_term_string"}}],"inLanguage":"it-IT"},{"@type":"Person","@id":"https:\/\/www.confagricoltura.org\/piacenza\/#\/schema\/person\/be5da25a3117fea4b3bfec9dba09b5e8","name":"confagricolturapiacenza","image":{"@type":"ImageObject","inLanguage":"it-IT","@id":"https:\/\/www.confagricoltura.org\/piacenza\/#\/schema\/person\/image\/","url":"https:\/\/secure.gravatar.com\/avatar\/9c5f111e417171581853bd0a3ff892ca?s=96&d=mm&r=g","contentUrl":"https:\/\/secure.gravatar.com\/avatar\/9c5f111e417171581853bd0a3ff892ca?s=96&d=mm&r=g","caption":"confagricolturapiacenza"},"url":"https:\/\/www.confagricoltura.org\/piacenza\/author\/confagricolturapiacenza\/"}]}},"_links":{"self":[{"href":"https:\/\/www.confagricoltura.org\/piacenza\/wp-json\/wp\/v2\/posts\/3276","targetHints":{"allow":["GET"]}}],"collection":[{"href":"https:\/\/www.confagricoltura.org\/piacenza\/wp-json\/wp\/v2\/posts"}],"about":[{"href":"https:\/\/www.confagricoltura.org\/piacenza\/wp-json\/wp\/v2\/types\/post"}],"author":[{"embeddable":true,"href":"https:\/\/www.confagricoltura.org\/piacenza\/wp-json\/wp\/v2\/users\/6"}],"replies":[{"embeddable":true,"href":"https:\/\/www.confagricoltura.org\/piacenza\/wp-json\/wp\/v2\/comments?post=3276"}],"version-history":[{"count":2,"href":"https:\/\/www.confagricoltura.org\/piacenza\/wp-json\/wp\/v2\/posts\/3276\/revisions"}],"predecessor-version":[{"id":3303,"href":"https:\/\/www.confagricoltura.org\/piacenza\/wp-json\/wp\/v2\/posts\/3276\/revisions\/3303"}],"wp:featuredmedia":[{"embeddable":true,"href":"https:\/\/www.confagricoltura.org\/piacenza\/wp-json\/wp\/v2\/media\/3277"}],"wp:attachment":[{"href":"https:\/\/www.confagricoltura.org\/piacenza\/wp-json\/wp\/v2\/media?parent=3276"}],"wp:term":[{"taxonomy":"category","embeddable":true,"href":"https:\/\/www.confagricoltura.org\/piacenza\/wp-json\/wp\/v2\/categories?post=3276"},{"taxonomy":"post_tag","embeddable":true,"href":"https:\/\/www.confagricoltura.org\/piacenza\/wp-json\/wp\/v2\/tags?post=3276"}],"curies":[{"name":"wp","href":"https:\/\/api.w.org\/{rel}","templated":true}]}}