{"id":3274,"date":"2021-03-29T15:43:00","date_gmt":"2021-03-29T13:43:00","guid":{"rendered":"https:\/\/www.confagricoltura.org\/piacenza\/?p=3274"},"modified":"2021-03-31T15:48:50","modified_gmt":"2021-03-31T13:48:50","slug":"le-quote-formaggio-sono-un-cattivo-surrogato-delle-quote-latte","status":"publish","type":"post","link":"https:\/\/www.confagricoltura.org\/piacenza\/le-quote-formaggio-sono-un-cattivo-surrogato-delle-quote-latte\/","title":{"rendered":"Le quote formaggio sono un cattivo surrogato delle quote latte"},"content":{"rendered":"\n<p>\u201cSulle quotazioni del latte e del formaggio Grana, lasciamo pure che le cifre parlino da sole. Aggiungo solo che una regolamentazione dell\u2019offerta avrebbe senso se partisse dai produttori di latte\u201d. Cos\u00ec Alfredo Lucchini presidente della sezione di prodotto Lattiero-Casearia di Confagricoltura Piacenza su una possibile politica di deregulation del settore lattiero Caseario, influenzato dal piano di regolazione dell\u2019offerta del Consorzio di tutela del Grana Padano. \u201cA chi ci dice di volere una filiera deregolamentata rispondo che sembra essere pi\u00f9 una fotografia del reale che non una prospettiva da noi invocata. Quello che manca, infatti, \u00e8 proprio una gestione che parta dalla disponibilit\u00e0 di tutta la materia prima del territorio in modo organizzato. In questo comparto le scelte operate per la parte di latte che conferisce nella filiera della DOP non sono un mondo a s\u00e9, ma un&#8217;importante tessera del puzzle del mondo agricolo\u201d. Il noto allevatore associato a Confagricoltura Piacenza si dice perplesso sulle modalit\u00e0 di attribuzione di quotazioni differenziate del latte, distinto in quota(A) e quota(B), da chi trasforma il latte e assegna dunque quantitativi conferibili dagli agricoltori. Per inciso, la quota A \u00e8 quella meglio retribuita e il cui latte rientra in un circuito di produzione privilegiato, la quota B \u00e8 quella soggetta a una minor retribuzione perch\u00e9 non necessaria a soddisfare la programmazione della trasformazione. \u201cCome le singole realt\u00e0 assegnino la quota A e la quota B ai conferenti non \u00e8 sempre chiarissimo\u201d commenta Lucchini. L\u2019incremento delle produzioni primarie dal 2015 ad oggi \u00e8 l\u2019esito della concomitanza di due fattori: la fine delle quote latte e gli incentivi allo sviluppo aziendale previsti nei bandi PSR con l&#8217;obbligo di ritiro della totalit\u00e0 del latte da parte dei trasformatori della filiera. L\u2019eccesso di offerta ha portato inevitabilmente la zootecnia in una posizione di grande debolezza nella definizione dei prezzi del latte alla stalla, in un contesto in cui le realt\u00e0 della trasformazione della filiera ob torto collo devono ritirare tutto il latte e sono portate ad alleggerirsi, svendendolo, del prodotto in eccesso che non possono trasformare. \u201cIn questo contesto \u2013 rimarca Lucchini \u2013 l\u2019incremento produttivo di latte non viene gestito con una commercializzazione organizzata e strategica, anzi rischia di essere catalogato come sottoprodotto assieme a panna e siero nei bilanci del mondo della trasformazione. Tutto questo non pu\u00f2 fare altro che aumentare il peso per chi si trova nella filiera della cosiddetta quota (B)\u201d.<\/p>\n\n\n\n<p>\u201cForse qualcosa non ha funzionato se nel 2021 si \u00e8 ancora simulato in malo modo un sistema di quote abbandonato per scelta comunitaria. Il valore delle quote latte \u00e8 stato in parte trasformato in piani produttivi \u2013 spiega Lucchini \u2013 ma i diritti a produrre formaggio oggi vengono liberamente scambiati, a consistente valore, al di sopra dell&#8217;ambito della produzione primaria. Non fa differenza che siano venduti o ceduti in affitto (anche a tempo indeterminato) perch\u00e9 il tutto avviene senza regolamentazioni ufficiali sui sistemi delle transazioni\u201d.&nbsp; La compravendita della titolarit\u00e0 a produrre determinati quantitativi di formaggio Dop non dovrebbe neppure essere possibile dato che, per definizione, i piani produttivi stessi dovrebbero essere misure straordinarie per la gestione di criticit\u00e0 momentanee. \u201cIn pratica il valore delle quote latte per gli agricoltori \u00e8 stato annullato d&#8217;ufficio, mentre quello delle &#8220;quote formaggio\u201d si \u00e8 creato e genera capitali e rendite di posizione prettamente finanziarie.&nbsp; Si ricordi, in merito \u2013 sottolinea Lucchini &#8211; che le aziende primarie, nel vecchio sistema di quote, potevano affittare le quote e in caso di inutilizzo per due anni ne perdevano la titolarit\u00e0. Gli agricoltori, proprio perch\u00e9 abituati da secoli ad essere positivi e a ragionare in modo molto produttivo e pragmatico, faticano a capire il quadro complessivo che si sta generando nel mercato del latte in Italia. Da un lato c\u2019\u00e8 chi, cifre alla mano su quotazioni e vendite di Grana, afferma che il sistema \u00e8 perfetto cos\u00ec com&#8217;\u00e8, dall&#8217;altro c\u2019\u00e8 chi guarda i bilanci constatando che quelli positivi non sono di certo quelli delle aziende primarie\u201d.<\/p>\n","protected":false},"excerpt":{"rendered":"<p>Lucchini Alfredo: presidente della sezione di prodotto lattiero-casearia di Confagricoltura Piacenza.<\/p>\n","protected":false},"author":6,"featured_media":1189,"comment_status":"closed","ping_status":"closed","sticky":false,"template":"","format":"standard","meta":{"wp_mapbox_gl_js_media":[],"footnotes":""},"categories":[4,15],"tags":[353],"class_list":["post-3274","post","type-post","status-publish","format-standard","has-post-thumbnail","hentry","category-news","category-settore-lattiero-caseario","tag-quote-formaggio-e-quote-latte"],"yoast_head":"<!-- This site is optimized with the Yoast SEO plugin v26.8 - https:\/\/yoast.com\/product\/yoast-seo-wordpress\/ -->\n<title>Le quote formaggio sono un cattivo surrogato delle quote latte - Confagricoltura Piacenza<\/title>\n<meta name=\"robots\" content=\"index, follow, max-snippet:-1, max-image-preview:large, max-video-preview:-1\" \/>\n<link rel=\"canonical\" href=\"https:\/\/www.confagricoltura.org\/piacenza\/le-quote-formaggio-sono-un-cattivo-surrogato-delle-quote-latte\/\" \/>\n<meta property=\"og:locale\" content=\"it_IT\" \/>\n<meta property=\"og:type\" content=\"article\" \/>\n<meta property=\"og:title\" content=\"Le quote formaggio sono un cattivo surrogato delle quote latte - Confagricoltura Piacenza\" \/>\n<meta property=\"og:description\" content=\"Lucchini Alfredo: presidente della sezione di prodotto lattiero-casearia di Confagricoltura Piacenza.\" \/>\n<meta property=\"og:url\" content=\"https:\/\/www.confagricoltura.org\/piacenza\/le-quote-formaggio-sono-un-cattivo-surrogato-delle-quote-latte\/\" \/>\n<meta property=\"og:site_name\" content=\"Confagricoltura Piacenza\" \/>\n<meta property=\"article:published_time\" content=\"2021-03-29T13:43:00+00:00\" \/>\n<meta property=\"article:modified_time\" content=\"2021-03-31T13:48:50+00:00\" \/>\n<meta property=\"og:image\" content=\"https:\/\/www.confagricoltura.org\/piacenza\/wp-content\/uploads\/sites\/11\/2021\/03\/1Alfredo-Lucchini.jpg\" \/>\n\t<meta property=\"og:image:width\" content=\"1543\" \/>\n\t<meta property=\"og:image:height\" content=\"2154\" \/>\n\t<meta property=\"og:image:type\" content=\"image\/jpeg\" \/>\n<meta name=\"author\" content=\"confagricolturapiacenza\" \/>\n<meta name=\"twitter:card\" content=\"summary_large_image\" \/>\n<meta name=\"twitter:label1\" content=\"Scritto da\" \/>\n\t<meta name=\"twitter:data1\" content=\"confagricolturapiacenza\" \/>\n\t<meta name=\"twitter:label2\" content=\"Tempo di lettura stimato\" \/>\n\t<meta name=\"twitter:data2\" content=\"3 minuti\" \/>\n<script type=\"application\/ld+json\" class=\"yoast-schema-graph\">{\"@context\":\"https:\/\/schema.org\",\"@graph\":[{\"@type\":\"Article\",\"@id\":\"https:\/\/www.confagricoltura.org\/piacenza\/le-quote-formaggio-sono-un-cattivo-surrogato-delle-quote-latte\/#article\",\"isPartOf\":{\"@id\":\"https:\/\/www.confagricoltura.org\/piacenza\/le-quote-formaggio-sono-un-cattivo-surrogato-delle-quote-latte\/\"},\"author\":{\"name\":\"confagricolturapiacenza\",\"@id\":\"https:\/\/www.confagricoltura.org\/piacenza\/#\/schema\/person\/be5da25a3117fea4b3bfec9dba09b5e8\"},\"headline\":\"Le quote formaggio sono un cattivo surrogato delle quote latte\",\"datePublished\":\"2021-03-29T13:43:00+00:00\",\"dateModified\":\"2021-03-31T13:48:50+00:00\",\"mainEntityOfPage\":{\"@id\":\"https:\/\/www.confagricoltura.org\/piacenza\/le-quote-formaggio-sono-un-cattivo-surrogato-delle-quote-latte\/\"},\"wordCount\":661,\"image\":{\"@id\":\"https:\/\/www.confagricoltura.org\/piacenza\/le-quote-formaggio-sono-un-cattivo-surrogato-delle-quote-latte\/#primaryimage\"},\"thumbnailUrl\":\"https:\/\/www.confagricoltura.org\/piacenza\/wp-content\/uploads\/sites\/11\/2021\/03\/1Alfredo-Lucchini.jpg\",\"keywords\":[\"quote formaggio e quote latte\"],\"articleSection\":[\"News\",\"Settore lattiero-caseario\"],\"inLanguage\":\"it-IT\"},{\"@type\":\"WebPage\",\"@id\":\"https:\/\/www.confagricoltura.org\/piacenza\/le-quote-formaggio-sono-un-cattivo-surrogato-delle-quote-latte\/\",\"url\":\"https:\/\/www.confagricoltura.org\/piacenza\/le-quote-formaggio-sono-un-cattivo-surrogato-delle-quote-latte\/\",\"name\":\"Le quote formaggio sono un cattivo surrogato delle quote latte - Confagricoltura Piacenza\",\"isPartOf\":{\"@id\":\"https:\/\/www.confagricoltura.org\/piacenza\/#website\"},\"primaryImageOfPage\":{\"@id\":\"https:\/\/www.confagricoltura.org\/piacenza\/le-quote-formaggio-sono-un-cattivo-surrogato-delle-quote-latte\/#primaryimage\"},\"image\":{\"@id\":\"https:\/\/www.confagricoltura.org\/piacenza\/le-quote-formaggio-sono-un-cattivo-surrogato-delle-quote-latte\/#primaryimage\"},\"thumbnailUrl\":\"https:\/\/www.confagricoltura.org\/piacenza\/wp-content\/uploads\/sites\/11\/2021\/03\/1Alfredo-Lucchini.jpg\",\"datePublished\":\"2021-03-29T13:43:00+00:00\",\"dateModified\":\"2021-03-31T13:48:50+00:00\",\"author\":{\"@id\":\"https:\/\/www.confagricoltura.org\/piacenza\/#\/schema\/person\/be5da25a3117fea4b3bfec9dba09b5e8\"},\"breadcrumb\":{\"@id\":\"https:\/\/www.confagricoltura.org\/piacenza\/le-quote-formaggio-sono-un-cattivo-surrogato-delle-quote-latte\/#breadcrumb\"},\"inLanguage\":\"it-IT\",\"potentialAction\":[{\"@type\":\"ReadAction\",\"target\":[\"https:\/\/www.confagricoltura.org\/piacenza\/le-quote-formaggio-sono-un-cattivo-surrogato-delle-quote-latte\/\"]}]},{\"@type\":\"ImageObject\",\"inLanguage\":\"it-IT\",\"@id\":\"https:\/\/www.confagricoltura.org\/piacenza\/le-quote-formaggio-sono-un-cattivo-surrogato-delle-quote-latte\/#primaryimage\",\"url\":\"https:\/\/www.confagricoltura.org\/piacenza\/wp-content\/uploads\/sites\/11\/2021\/03\/1Alfredo-Lucchini.jpg\",\"contentUrl\":\"https:\/\/www.confagricoltura.org\/piacenza\/wp-content\/uploads\/sites\/11\/2021\/03\/1Alfredo-Lucchini.jpg\",\"width\":1543,\"height\":2154,\"caption\":\"Alfredo Lucchini \u2013 presidente della sezione di prodotto Lattiero-Casearia di Confagricoltura Piacenza\"},{\"@type\":\"BreadcrumbList\",\"@id\":\"https:\/\/www.confagricoltura.org\/piacenza\/le-quote-formaggio-sono-un-cattivo-surrogato-delle-quote-latte\/#breadcrumb\",\"itemListElement\":[{\"@type\":\"ListItem\",\"position\":1,\"name\":\"Home\",\"item\":\"https:\/\/www.confagricoltura.org\/piacenza\/\"},{\"@type\":\"ListItem\",\"position\":2,\"name\":\"Le quote formaggio sono un cattivo surrogato delle quote latte\"}]},{\"@type\":\"WebSite\",\"@id\":\"https:\/\/www.confagricoltura.org\/piacenza\/#website\",\"url\":\"https:\/\/www.confagricoltura.org\/piacenza\/\",\"name\":\"Confagricoltura Piacenza\",\"description\":\"Dalla parte degli Agricoltori\",\"potentialAction\":[{\"@type\":\"SearchAction\",\"target\":{\"@type\":\"EntryPoint\",\"urlTemplate\":\"https:\/\/www.confagricoltura.org\/piacenza\/?s={search_term_string}\"},\"query-input\":{\"@type\":\"PropertyValueSpecification\",\"valueRequired\":true,\"valueName\":\"search_term_string\"}}],\"inLanguage\":\"it-IT\"},{\"@type\":\"Person\",\"@id\":\"https:\/\/www.confagricoltura.org\/piacenza\/#\/schema\/person\/be5da25a3117fea4b3bfec9dba09b5e8\",\"name\":\"confagricolturapiacenza\",\"image\":{\"@type\":\"ImageObject\",\"inLanguage\":\"it-IT\",\"@id\":\"https:\/\/www.confagricoltura.org\/piacenza\/#\/schema\/person\/image\/\",\"url\":\"https:\/\/secure.gravatar.com\/avatar\/9c5f111e417171581853bd0a3ff892ca?s=96&d=mm&r=g\",\"contentUrl\":\"https:\/\/secure.gravatar.com\/avatar\/9c5f111e417171581853bd0a3ff892ca?s=96&d=mm&r=g\",\"caption\":\"confagricolturapiacenza\"},\"url\":\"https:\/\/www.confagricoltura.org\/piacenza\/author\/confagricolturapiacenza\/\"}]}<\/script>\n<!-- \/ Yoast SEO plugin. -->","yoast_head_json":{"title":"Le quote formaggio sono un cattivo surrogato delle quote latte - Confagricoltura Piacenza","robots":{"index":"index","follow":"follow","max-snippet":"max-snippet:-1","max-image-preview":"max-image-preview:large","max-video-preview":"max-video-preview:-1"},"canonical":"https:\/\/www.confagricoltura.org\/piacenza\/le-quote-formaggio-sono-un-cattivo-surrogato-delle-quote-latte\/","og_locale":"it_IT","og_type":"article","og_title":"Le quote formaggio sono un cattivo surrogato delle quote latte - Confagricoltura Piacenza","og_description":"Lucchini Alfredo: presidente della sezione di prodotto lattiero-casearia di Confagricoltura Piacenza.","og_url":"https:\/\/www.confagricoltura.org\/piacenza\/le-quote-formaggio-sono-un-cattivo-surrogato-delle-quote-latte\/","og_site_name":"Confagricoltura Piacenza","article_published_time":"2021-03-29T13:43:00+00:00","article_modified_time":"2021-03-31T13:48:50+00:00","og_image":[{"width":1543,"height":2154,"url":"https:\/\/www.confagricoltura.org\/piacenza\/wp-content\/uploads\/sites\/11\/2021\/03\/1Alfredo-Lucchini.jpg","type":"image\/jpeg"}],"author":"confagricolturapiacenza","twitter_card":"summary_large_image","twitter_misc":{"Scritto da":"confagricolturapiacenza","Tempo di lettura stimato":"3 minuti"},"schema":{"@context":"https:\/\/schema.org","@graph":[{"@type":"Article","@id":"https:\/\/www.confagricoltura.org\/piacenza\/le-quote-formaggio-sono-un-cattivo-surrogato-delle-quote-latte\/#article","isPartOf":{"@id":"https:\/\/www.confagricoltura.org\/piacenza\/le-quote-formaggio-sono-un-cattivo-surrogato-delle-quote-latte\/"},"author":{"name":"confagricolturapiacenza","@id":"https:\/\/www.confagricoltura.org\/piacenza\/#\/schema\/person\/be5da25a3117fea4b3bfec9dba09b5e8"},"headline":"Le quote formaggio sono un cattivo surrogato delle quote latte","datePublished":"2021-03-29T13:43:00+00:00","dateModified":"2021-03-31T13:48:50+00:00","mainEntityOfPage":{"@id":"https:\/\/www.confagricoltura.org\/piacenza\/le-quote-formaggio-sono-un-cattivo-surrogato-delle-quote-latte\/"},"wordCount":661,"image":{"@id":"https:\/\/www.confagricoltura.org\/piacenza\/le-quote-formaggio-sono-un-cattivo-surrogato-delle-quote-latte\/#primaryimage"},"thumbnailUrl":"https:\/\/www.confagricoltura.org\/piacenza\/wp-content\/uploads\/sites\/11\/2021\/03\/1Alfredo-Lucchini.jpg","keywords":["quote formaggio e quote latte"],"articleSection":["News","Settore lattiero-caseario"],"inLanguage":"it-IT"},{"@type":"WebPage","@id":"https:\/\/www.confagricoltura.org\/piacenza\/le-quote-formaggio-sono-un-cattivo-surrogato-delle-quote-latte\/","url":"https:\/\/www.confagricoltura.org\/piacenza\/le-quote-formaggio-sono-un-cattivo-surrogato-delle-quote-latte\/","name":"Le quote formaggio sono un cattivo surrogato delle quote latte - Confagricoltura Piacenza","isPartOf":{"@id":"https:\/\/www.confagricoltura.org\/piacenza\/#website"},"primaryImageOfPage":{"@id":"https:\/\/www.confagricoltura.org\/piacenza\/le-quote-formaggio-sono-un-cattivo-surrogato-delle-quote-latte\/#primaryimage"},"image":{"@id":"https:\/\/www.confagricoltura.org\/piacenza\/le-quote-formaggio-sono-un-cattivo-surrogato-delle-quote-latte\/#primaryimage"},"thumbnailUrl":"https:\/\/www.confagricoltura.org\/piacenza\/wp-content\/uploads\/sites\/11\/2021\/03\/1Alfredo-Lucchini.jpg","datePublished":"2021-03-29T13:43:00+00:00","dateModified":"2021-03-31T13:48:50+00:00","author":{"@id":"https:\/\/www.confagricoltura.org\/piacenza\/#\/schema\/person\/be5da25a3117fea4b3bfec9dba09b5e8"},"breadcrumb":{"@id":"https:\/\/www.confagricoltura.org\/piacenza\/le-quote-formaggio-sono-un-cattivo-surrogato-delle-quote-latte\/#breadcrumb"},"inLanguage":"it-IT","potentialAction":[{"@type":"ReadAction","target":["https:\/\/www.confagricoltura.org\/piacenza\/le-quote-formaggio-sono-un-cattivo-surrogato-delle-quote-latte\/"]}]},{"@type":"ImageObject","inLanguage":"it-IT","@id":"https:\/\/www.confagricoltura.org\/piacenza\/le-quote-formaggio-sono-un-cattivo-surrogato-delle-quote-latte\/#primaryimage","url":"https:\/\/www.confagricoltura.org\/piacenza\/wp-content\/uploads\/sites\/11\/2021\/03\/1Alfredo-Lucchini.jpg","contentUrl":"https:\/\/www.confagricoltura.org\/piacenza\/wp-content\/uploads\/sites\/11\/2021\/03\/1Alfredo-Lucchini.jpg","width":1543,"height":2154,"caption":"Alfredo Lucchini \u2013 presidente della sezione di prodotto Lattiero-Casearia di Confagricoltura Piacenza"},{"@type":"BreadcrumbList","@id":"https:\/\/www.confagricoltura.org\/piacenza\/le-quote-formaggio-sono-un-cattivo-surrogato-delle-quote-latte\/#breadcrumb","itemListElement":[{"@type":"ListItem","position":1,"name":"Home","item":"https:\/\/www.confagricoltura.org\/piacenza\/"},{"@type":"ListItem","position":2,"name":"Le quote formaggio sono un cattivo surrogato delle quote latte"}]},{"@type":"WebSite","@id":"https:\/\/www.confagricoltura.org\/piacenza\/#website","url":"https:\/\/www.confagricoltura.org\/piacenza\/","name":"Confagricoltura Piacenza","description":"Dalla parte degli Agricoltori","potentialAction":[{"@type":"SearchAction","target":{"@type":"EntryPoint","urlTemplate":"https:\/\/www.confagricoltura.org\/piacenza\/?s={search_term_string}"},"query-input":{"@type":"PropertyValueSpecification","valueRequired":true,"valueName":"search_term_string"}}],"inLanguage":"it-IT"},{"@type":"Person","@id":"https:\/\/www.confagricoltura.org\/piacenza\/#\/schema\/person\/be5da25a3117fea4b3bfec9dba09b5e8","name":"confagricolturapiacenza","image":{"@type":"ImageObject","inLanguage":"it-IT","@id":"https:\/\/www.confagricoltura.org\/piacenza\/#\/schema\/person\/image\/","url":"https:\/\/secure.gravatar.com\/avatar\/9c5f111e417171581853bd0a3ff892ca?s=96&d=mm&r=g","contentUrl":"https:\/\/secure.gravatar.com\/avatar\/9c5f111e417171581853bd0a3ff892ca?s=96&d=mm&r=g","caption":"confagricolturapiacenza"},"url":"https:\/\/www.confagricoltura.org\/piacenza\/author\/confagricolturapiacenza\/"}]}},"_links":{"self":[{"href":"https:\/\/www.confagricoltura.org\/piacenza\/wp-json\/wp\/v2\/posts\/3274","targetHints":{"allow":["GET"]}}],"collection":[{"href":"https:\/\/www.confagricoltura.org\/piacenza\/wp-json\/wp\/v2\/posts"}],"about":[{"href":"https:\/\/www.confagricoltura.org\/piacenza\/wp-json\/wp\/v2\/types\/post"}],"author":[{"embeddable":true,"href":"https:\/\/www.confagricoltura.org\/piacenza\/wp-json\/wp\/v2\/users\/6"}],"replies":[{"embeddable":true,"href":"https:\/\/www.confagricoltura.org\/piacenza\/wp-json\/wp\/v2\/comments?post=3274"}],"version-history":[{"count":1,"href":"https:\/\/www.confagricoltura.org\/piacenza\/wp-json\/wp\/v2\/posts\/3274\/revisions"}],"predecessor-version":[{"id":3275,"href":"https:\/\/www.confagricoltura.org\/piacenza\/wp-json\/wp\/v2\/posts\/3274\/revisions\/3275"}],"wp:featuredmedia":[{"embeddable":true,"href":"https:\/\/www.confagricoltura.org\/piacenza\/wp-json\/wp\/v2\/media\/1189"}],"wp:attachment":[{"href":"https:\/\/www.confagricoltura.org\/piacenza\/wp-json\/wp\/v2\/media?parent=3274"}],"wp:term":[{"taxonomy":"category","embeddable":true,"href":"https:\/\/www.confagricoltura.org\/piacenza\/wp-json\/wp\/v2\/categories?post=3274"},{"taxonomy":"post_tag","embeddable":true,"href":"https:\/\/www.confagricoltura.org\/piacenza\/wp-json\/wp\/v2\/tags?post=3274"}],"curies":[{"name":"wp","href":"https:\/\/api.w.org\/{rel}","templated":true}]}}