{"id":3252,"date":"2021-03-23T15:33:30","date_gmt":"2021-03-23T14:33:30","guid":{"rendered":"https:\/\/www.confagricoltura.org\/piacenza\/?p=3252"},"modified":"2021-03-23T15:33:32","modified_gmt":"2021-03-23T14:33:32","slug":"giornata-mondiale-dellacqua","status":"publish","type":"post","link":"https:\/\/www.confagricoltura.org\/piacenza\/giornata-mondiale-dellacqua\/","title":{"rendered":"Giornata mondiale dell&#8217;acqua"},"content":{"rendered":"\n<p>Inizio lavori al cantiere della Traversa Mirafiori di Rivergaro (Pc).<\/p>\n\n\n\n<p>Nel nostro Paese solo l\u201911% dell\u2019acqua piovana viene trattenuta. \u00c8 necessario costruire nuovi invasi, rinnovare i sistemi irrigui, sanare la rete dell\u2019acqua potabile che perde il 42% tra quella immessa e quella erogata. Lo sottolinea Confagricoltura in occasione del 22 marzo, giornata mondiale dell&#8217;acqua, istituita dalle Nazioni Unite nel 1992. L\u2019agricoltura ha ridotto, negli ultimi decenni, l\u2019uso dell\u2019acqua di quasi il 30% impegnandosi ad adottare modelli avanzati di gestione, come l\u2019irrigazione di precisione. Il settore chiede che ciascuno faccia la propria parte. Occorre, infatti, mettere mano con urgenza all\u2019intera rete idrica nazionale, che dopo trent\u2019anni di abbandono \u00e8 in pessime condizioni. Per Confagricoltura va ripristinata e rinnovata una rete infrastrutturale vecchia, con un tasso di dispersione elevato, senza dimenticare l\u2019importanza di migliorare l\u2019utilizzo delle acque reflue, che \u00e8 una delle sfide pi\u00f9 importanti dell\u2019economia circolare.<\/p>\n\n\n\n<p>Confagricoltura invita a cogliere l\u2019occasione del Piano nazionale degli interventi nel settore idrico e del Recovery Plan per ripristinare e realizzare quelle infrastrutture necessarie a gestire la risorsa idrica.&nbsp;<\/p>\n\n\n\n<p>\u201cNel nostro territorio \u2013 sottolinea Filippo Gasparini, presidente di Confagricoltura Piacenza &#8211; i danni da alluvioni e siccit\u00e0 non sono tanto imputabili ad eventi estremi quanto agli effetti esercitati dalla mancata gestione degli alvei dei fiumi, e pi\u00f9 in generale della capacit\u00e0 di stoccare l\u2019acqua. Analogamente dicasi per le problematiche legate alla siccit\u00e0\u201d.<\/p>\n\n\n\n<p>l\u2019Italia \u00e8 al terzultimo posto nella classifica europea per investimenti nel settore idrico: solo 40 euro per abitante l\u2019anno, contro una media europea di 100 euro. Le annate siccitose hanno creato danni per pi\u00f9 di 15 miliardi, met\u00e0 dei quali in quattro regioni: Puglia, Emilia Romagna, Sicilia e Sardegna.<\/p>\n\n\n\n<p>L\u2019agricoltura \u00e8 il settore che pi\u00f9 risente della siccit\u00e0, per questo diventa sempre pi\u00f9 importante riuscire ad accumulare l\u2019acqua piovana, per poterla utilizzare nei momenti di carenza. Occorre distinguere fra l&#8217;acqua prelevata e l\u2019effettivo consumo. Quello primario \u00e8 l\u2019unico settore economico che produce rispettando la risorsa idrica, perch\u00e9 quella impiegata nell\u2019uso irriguo &#8211; ricorda Confagricoltura &#8211; non fuoriesce dal ciclo idrologico naturale, ma viene restituita al sistema ambientale, a valle dei processi produttivi.<\/p>\n\n\n\n<p>\u201cAbbiamo un gap strutturale da sempre \u2013 sottolinea Gasparini &#8211; il danno reiterato nelle annate siccitose \u00e8 quello derivante dal non avere gli invasi. In Val d\u2019Arda si \u00e8 negata per anni la valenza strategica della diga, ma quando finalmente \u00e8 stata riportata alla sua piena capienza, grazie al collaudo voluto dal Consorzio di Bonifica a vantaggio degli agricoltori, \u00e8 stata loro nuovamente sottratta riconoscendone la priorit\u00e0 d\u2019impiego a fini civili e imponendone l\u2019utilizzo prioritario quale mezzo di laminazione delle acque dell\u2019Arda, non gi\u00e0 perch\u00e9 si verificano eventi estremi, quanto piuttosto perch\u00e9 l\u2019incuria dell\u2019uomo&nbsp; ha permesso un rimboschimento incontrollato dell\u2019alveo a valle tanto da temere che possa essere necessario gestire la pioggia tenendo la diga mezza vuota per la minare la portata. La mancata gestione \u00e8 tale che si sta pensando anche a formule assicurative per agricoltori che consentano l\u2019inondazione controllata di determinati terreni. La diga di Mignano che in passato era stata demonizzata, ora \u00e8 indicata quale opera strategica per la sicurezza grazie alla sua capacit\u00e0 di laminazione. Allora perch\u00e9 non ne sono previste puntualmente anche sugli altri torrenti, come Trebbia e il Nure? \u00c8 triste ricordare come l\u2019alveo del Nure non fosse stato ripulito quando l\u2019alluvione ha provocato morti. Il Trebbia, poi, ad ogni pioggia esonda a destra e a sinistra e la localit\u00e0 Ca\u2019 Blatta di Gossolengo \u00e8 sotto scacco. Da troppo tempo si sta negando alla civilt\u00e0 il diritto-dovere di intervenire sui fiumi gestendone l\u2019alveo e di stoccare l\u2019acqua a monte. Nelle nostre province i sistemi di gestione efficiente ai fini irrigui sono stati messi in campo tutti e l\u2019agricoltura non sta facendo altro che soddisfare la necessit\u00e0 produttiva di derrate di alto valore. Nella giornata mondiale dell\u2019acqua abbiamo per\u00f2 un motivo per rallegrarci \u2013 conclude Gasparini \u2013 ed \u00e8 il recente avvio lavori della Traversa Mirafiori. Il recupero e il potenziamento di un\u2019opera preziosa e centenaria che sar\u00e0 ripristinata con una progettazione e direzione lavori interna al Consorzio di Bonifica di Piacenza.&nbsp; Motivo di orgoglio per le preziose competenze e speranza per un cambio di rotta della politica che ha approvato e finanziato il progetto\u201d.<\/p>\n","protected":false},"excerpt":{"rendered":"<p>Gasparini: l\u2019uso efficiente passa per la costruzione d\u2019infrastrutture<\/p>\n","protected":false},"author":6,"featured_media":3253,"comment_status":"closed","ping_status":"closed","sticky":false,"template":"","format":"standard","meta":{"wp_mapbox_gl_js_media":[],"footnotes":""},"categories":[4,9],"tags":[],"class_list":["post-3252","post","type-post","status-publish","format-standard","has-post-thumbnail","hentry","category-news","category-territorio-ambiente"],"yoast_head":"<!-- This site is optimized with the Yoast SEO plugin v26.8 - https:\/\/yoast.com\/product\/yoast-seo-wordpress\/ -->\n<title>Giornata mondiale dell&#039;acqua - Confagricoltura Piacenza<\/title>\n<meta name=\"robots\" content=\"index, follow, max-snippet:-1, max-image-preview:large, max-video-preview:-1\" \/>\n<link rel=\"canonical\" href=\"https:\/\/www.confagricoltura.org\/piacenza\/giornata-mondiale-dellacqua\/\" \/>\n<meta property=\"og:locale\" content=\"it_IT\" \/>\n<meta property=\"og:type\" content=\"article\" \/>\n<meta property=\"og:title\" content=\"Giornata mondiale dell&#039;acqua - Confagricoltura Piacenza\" \/>\n<meta property=\"og:description\" content=\"Gasparini: l\u2019uso efficiente passa per la costruzione d\u2019infrastrutture\" \/>\n<meta property=\"og:url\" content=\"https:\/\/www.confagricoltura.org\/piacenza\/giornata-mondiale-dellacqua\/\" \/>\n<meta property=\"og:site_name\" content=\"Confagricoltura Piacenza\" \/>\n<meta property=\"article:published_time\" content=\"2021-03-23T14:33:30+00:00\" \/>\n<meta property=\"article:modified_time\" content=\"2021-03-23T14:33:32+00:00\" \/>\n<meta property=\"og:image\" content=\"https:\/\/www.confagricoltura.org\/piacenza\/wp-content\/uploads\/sites\/11\/2021\/03\/traversa.jpg\" \/>\n\t<meta property=\"og:image:width\" content=\"1620\" \/>\n\t<meta property=\"og:image:height\" content=\"1215\" \/>\n\t<meta property=\"og:image:type\" content=\"image\/jpeg\" \/>\n<meta name=\"author\" content=\"confagricolturapiacenza\" \/>\n<meta name=\"twitter:card\" content=\"summary_large_image\" \/>\n<meta name=\"twitter:label1\" content=\"Scritto da\" \/>\n\t<meta name=\"twitter:data1\" content=\"confagricolturapiacenza\" \/>\n\t<meta name=\"twitter:label2\" content=\"Tempo di lettura stimato\" \/>\n\t<meta name=\"twitter:data2\" content=\"4 minuti\" \/>\n<script type=\"application\/ld+json\" class=\"yoast-schema-graph\">{\"@context\":\"https:\/\/schema.org\",\"@graph\":[{\"@type\":\"Article\",\"@id\":\"https:\/\/www.confagricoltura.org\/piacenza\/giornata-mondiale-dellacqua\/#article\",\"isPartOf\":{\"@id\":\"https:\/\/www.confagricoltura.org\/piacenza\/giornata-mondiale-dellacqua\/\"},\"author\":{\"name\":\"confagricolturapiacenza\",\"@id\":\"https:\/\/www.confagricoltura.org\/piacenza\/#\/schema\/person\/be5da25a3117fea4b3bfec9dba09b5e8\"},\"headline\":\"Giornata mondiale dell&#8217;acqua\",\"datePublished\":\"2021-03-23T14:33:30+00:00\",\"dateModified\":\"2021-03-23T14:33:32+00:00\",\"mainEntityOfPage\":{\"@id\":\"https:\/\/www.confagricoltura.org\/piacenza\/giornata-mondiale-dellacqua\/\"},\"wordCount\":717,\"image\":{\"@id\":\"https:\/\/www.confagricoltura.org\/piacenza\/giornata-mondiale-dellacqua\/#primaryimage\"},\"thumbnailUrl\":\"https:\/\/www.confagricoltura.org\/piacenza\/wp-content\/uploads\/sites\/11\/2021\/03\/traversa.jpg\",\"articleSection\":[\"News\",\"Territorio e Ambiente\"],\"inLanguage\":\"it-IT\"},{\"@type\":\"WebPage\",\"@id\":\"https:\/\/www.confagricoltura.org\/piacenza\/giornata-mondiale-dellacqua\/\",\"url\":\"https:\/\/www.confagricoltura.org\/piacenza\/giornata-mondiale-dellacqua\/\",\"name\":\"Giornata mondiale dell'acqua - Confagricoltura Piacenza\",\"isPartOf\":{\"@id\":\"https:\/\/www.confagricoltura.org\/piacenza\/#website\"},\"primaryImageOfPage\":{\"@id\":\"https:\/\/www.confagricoltura.org\/piacenza\/giornata-mondiale-dellacqua\/#primaryimage\"},\"image\":{\"@id\":\"https:\/\/www.confagricoltura.org\/piacenza\/giornata-mondiale-dellacqua\/#primaryimage\"},\"thumbnailUrl\":\"https:\/\/www.confagricoltura.org\/piacenza\/wp-content\/uploads\/sites\/11\/2021\/03\/traversa.jpg\",\"datePublished\":\"2021-03-23T14:33:30+00:00\",\"dateModified\":\"2021-03-23T14:33:32+00:00\",\"author\":{\"@id\":\"https:\/\/www.confagricoltura.org\/piacenza\/#\/schema\/person\/be5da25a3117fea4b3bfec9dba09b5e8\"},\"breadcrumb\":{\"@id\":\"https:\/\/www.confagricoltura.org\/piacenza\/giornata-mondiale-dellacqua\/#breadcrumb\"},\"inLanguage\":\"it-IT\",\"potentialAction\":[{\"@type\":\"ReadAction\",\"target\":[\"https:\/\/www.confagricoltura.org\/piacenza\/giornata-mondiale-dellacqua\/\"]}]},{\"@type\":\"ImageObject\",\"inLanguage\":\"it-IT\",\"@id\":\"https:\/\/www.confagricoltura.org\/piacenza\/giornata-mondiale-dellacqua\/#primaryimage\",\"url\":\"https:\/\/www.confagricoltura.org\/piacenza\/wp-content\/uploads\/sites\/11\/2021\/03\/traversa.jpg\",\"contentUrl\":\"https:\/\/www.confagricoltura.org\/piacenza\/wp-content\/uploads\/sites\/11\/2021\/03\/traversa.jpg\",\"width\":1620,\"height\":1215},{\"@type\":\"BreadcrumbList\",\"@id\":\"https:\/\/www.confagricoltura.org\/piacenza\/giornata-mondiale-dellacqua\/#breadcrumb\",\"itemListElement\":[{\"@type\":\"ListItem\",\"position\":1,\"name\":\"Home\",\"item\":\"https:\/\/www.confagricoltura.org\/piacenza\/\"},{\"@type\":\"ListItem\",\"position\":2,\"name\":\"Giornata mondiale dell&#8217;acqua\"}]},{\"@type\":\"WebSite\",\"@id\":\"https:\/\/www.confagricoltura.org\/piacenza\/#website\",\"url\":\"https:\/\/www.confagricoltura.org\/piacenza\/\",\"name\":\"Confagricoltura Piacenza\",\"description\":\"Dalla parte degli Agricoltori\",\"potentialAction\":[{\"@type\":\"SearchAction\",\"target\":{\"@type\":\"EntryPoint\",\"urlTemplate\":\"https:\/\/www.confagricoltura.org\/piacenza\/?s={search_term_string}\"},\"query-input\":{\"@type\":\"PropertyValueSpecification\",\"valueRequired\":true,\"valueName\":\"search_term_string\"}}],\"inLanguage\":\"it-IT\"},{\"@type\":\"Person\",\"@id\":\"https:\/\/www.confagricoltura.org\/piacenza\/#\/schema\/person\/be5da25a3117fea4b3bfec9dba09b5e8\",\"name\":\"confagricolturapiacenza\",\"image\":{\"@type\":\"ImageObject\",\"inLanguage\":\"it-IT\",\"@id\":\"https:\/\/www.confagricoltura.org\/piacenza\/#\/schema\/person\/image\/\",\"url\":\"https:\/\/secure.gravatar.com\/avatar\/9c5f111e417171581853bd0a3ff892ca?s=96&d=mm&r=g\",\"contentUrl\":\"https:\/\/secure.gravatar.com\/avatar\/9c5f111e417171581853bd0a3ff892ca?s=96&d=mm&r=g\",\"caption\":\"confagricolturapiacenza\"},\"url\":\"https:\/\/www.confagricoltura.org\/piacenza\/author\/confagricolturapiacenza\/\"}]}<\/script>\n<!-- \/ Yoast SEO plugin. -->","yoast_head_json":{"title":"Giornata mondiale dell'acqua - Confagricoltura Piacenza","robots":{"index":"index","follow":"follow","max-snippet":"max-snippet:-1","max-image-preview":"max-image-preview:large","max-video-preview":"max-video-preview:-1"},"canonical":"https:\/\/www.confagricoltura.org\/piacenza\/giornata-mondiale-dellacqua\/","og_locale":"it_IT","og_type":"article","og_title":"Giornata mondiale dell'acqua - Confagricoltura Piacenza","og_description":"Gasparini: l\u2019uso efficiente passa per la costruzione d\u2019infrastrutture","og_url":"https:\/\/www.confagricoltura.org\/piacenza\/giornata-mondiale-dellacqua\/","og_site_name":"Confagricoltura Piacenza","article_published_time":"2021-03-23T14:33:30+00:00","article_modified_time":"2021-03-23T14:33:32+00:00","og_image":[{"width":1620,"height":1215,"url":"https:\/\/www.confagricoltura.org\/piacenza\/wp-content\/uploads\/sites\/11\/2021\/03\/traversa.jpg","type":"image\/jpeg"}],"author":"confagricolturapiacenza","twitter_card":"summary_large_image","twitter_misc":{"Scritto da":"confagricolturapiacenza","Tempo di lettura stimato":"4 minuti"},"schema":{"@context":"https:\/\/schema.org","@graph":[{"@type":"Article","@id":"https:\/\/www.confagricoltura.org\/piacenza\/giornata-mondiale-dellacqua\/#article","isPartOf":{"@id":"https:\/\/www.confagricoltura.org\/piacenza\/giornata-mondiale-dellacqua\/"},"author":{"name":"confagricolturapiacenza","@id":"https:\/\/www.confagricoltura.org\/piacenza\/#\/schema\/person\/be5da25a3117fea4b3bfec9dba09b5e8"},"headline":"Giornata mondiale dell&#8217;acqua","datePublished":"2021-03-23T14:33:30+00:00","dateModified":"2021-03-23T14:33:32+00:00","mainEntityOfPage":{"@id":"https:\/\/www.confagricoltura.org\/piacenza\/giornata-mondiale-dellacqua\/"},"wordCount":717,"image":{"@id":"https:\/\/www.confagricoltura.org\/piacenza\/giornata-mondiale-dellacqua\/#primaryimage"},"thumbnailUrl":"https:\/\/www.confagricoltura.org\/piacenza\/wp-content\/uploads\/sites\/11\/2021\/03\/traversa.jpg","articleSection":["News","Territorio e Ambiente"],"inLanguage":"it-IT"},{"@type":"WebPage","@id":"https:\/\/www.confagricoltura.org\/piacenza\/giornata-mondiale-dellacqua\/","url":"https:\/\/www.confagricoltura.org\/piacenza\/giornata-mondiale-dellacqua\/","name":"Giornata mondiale dell'acqua - Confagricoltura Piacenza","isPartOf":{"@id":"https:\/\/www.confagricoltura.org\/piacenza\/#website"},"primaryImageOfPage":{"@id":"https:\/\/www.confagricoltura.org\/piacenza\/giornata-mondiale-dellacqua\/#primaryimage"},"image":{"@id":"https:\/\/www.confagricoltura.org\/piacenza\/giornata-mondiale-dellacqua\/#primaryimage"},"thumbnailUrl":"https:\/\/www.confagricoltura.org\/piacenza\/wp-content\/uploads\/sites\/11\/2021\/03\/traversa.jpg","datePublished":"2021-03-23T14:33:30+00:00","dateModified":"2021-03-23T14:33:32+00:00","author":{"@id":"https:\/\/www.confagricoltura.org\/piacenza\/#\/schema\/person\/be5da25a3117fea4b3bfec9dba09b5e8"},"breadcrumb":{"@id":"https:\/\/www.confagricoltura.org\/piacenza\/giornata-mondiale-dellacqua\/#breadcrumb"},"inLanguage":"it-IT","potentialAction":[{"@type":"ReadAction","target":["https:\/\/www.confagricoltura.org\/piacenza\/giornata-mondiale-dellacqua\/"]}]},{"@type":"ImageObject","inLanguage":"it-IT","@id":"https:\/\/www.confagricoltura.org\/piacenza\/giornata-mondiale-dellacqua\/#primaryimage","url":"https:\/\/www.confagricoltura.org\/piacenza\/wp-content\/uploads\/sites\/11\/2021\/03\/traversa.jpg","contentUrl":"https:\/\/www.confagricoltura.org\/piacenza\/wp-content\/uploads\/sites\/11\/2021\/03\/traversa.jpg","width":1620,"height":1215},{"@type":"BreadcrumbList","@id":"https:\/\/www.confagricoltura.org\/piacenza\/giornata-mondiale-dellacqua\/#breadcrumb","itemListElement":[{"@type":"ListItem","position":1,"name":"Home","item":"https:\/\/www.confagricoltura.org\/piacenza\/"},{"@type":"ListItem","position":2,"name":"Giornata mondiale dell&#8217;acqua"}]},{"@type":"WebSite","@id":"https:\/\/www.confagricoltura.org\/piacenza\/#website","url":"https:\/\/www.confagricoltura.org\/piacenza\/","name":"Confagricoltura Piacenza","description":"Dalla parte degli Agricoltori","potentialAction":[{"@type":"SearchAction","target":{"@type":"EntryPoint","urlTemplate":"https:\/\/www.confagricoltura.org\/piacenza\/?s={search_term_string}"},"query-input":{"@type":"PropertyValueSpecification","valueRequired":true,"valueName":"search_term_string"}}],"inLanguage":"it-IT"},{"@type":"Person","@id":"https:\/\/www.confagricoltura.org\/piacenza\/#\/schema\/person\/be5da25a3117fea4b3bfec9dba09b5e8","name":"confagricolturapiacenza","image":{"@type":"ImageObject","inLanguage":"it-IT","@id":"https:\/\/www.confagricoltura.org\/piacenza\/#\/schema\/person\/image\/","url":"https:\/\/secure.gravatar.com\/avatar\/9c5f111e417171581853bd0a3ff892ca?s=96&d=mm&r=g","contentUrl":"https:\/\/secure.gravatar.com\/avatar\/9c5f111e417171581853bd0a3ff892ca?s=96&d=mm&r=g","caption":"confagricolturapiacenza"},"url":"https:\/\/www.confagricoltura.org\/piacenza\/author\/confagricolturapiacenza\/"}]}},"_links":{"self":[{"href":"https:\/\/www.confagricoltura.org\/piacenza\/wp-json\/wp\/v2\/posts\/3252","targetHints":{"allow":["GET"]}}],"collection":[{"href":"https:\/\/www.confagricoltura.org\/piacenza\/wp-json\/wp\/v2\/posts"}],"about":[{"href":"https:\/\/www.confagricoltura.org\/piacenza\/wp-json\/wp\/v2\/types\/post"}],"author":[{"embeddable":true,"href":"https:\/\/www.confagricoltura.org\/piacenza\/wp-json\/wp\/v2\/users\/6"}],"replies":[{"embeddable":true,"href":"https:\/\/www.confagricoltura.org\/piacenza\/wp-json\/wp\/v2\/comments?post=3252"}],"version-history":[{"count":1,"href":"https:\/\/www.confagricoltura.org\/piacenza\/wp-json\/wp\/v2\/posts\/3252\/revisions"}],"predecessor-version":[{"id":3254,"href":"https:\/\/www.confagricoltura.org\/piacenza\/wp-json\/wp\/v2\/posts\/3252\/revisions\/3254"}],"wp:featuredmedia":[{"embeddable":true,"href":"https:\/\/www.confagricoltura.org\/piacenza\/wp-json\/wp\/v2\/media\/3253"}],"wp:attachment":[{"href":"https:\/\/www.confagricoltura.org\/piacenza\/wp-json\/wp\/v2\/media?parent=3252"}],"wp:term":[{"taxonomy":"category","embeddable":true,"href":"https:\/\/www.confagricoltura.org\/piacenza\/wp-json\/wp\/v2\/categories?post=3252"},{"taxonomy":"post_tag","embeddable":true,"href":"https:\/\/www.confagricoltura.org\/piacenza\/wp-json\/wp\/v2\/tags?post=3252"}],"curies":[{"name":"wp","href":"https:\/\/api.w.org\/{rel}","templated":true}]}}