{"id":3245,"date":"2021-03-22T11:56:23","date_gmt":"2021-03-22T10:56:23","guid":{"rendered":"https:\/\/www.confagricoltura.org\/piacenza\/?p=3245"},"modified":"2021-03-22T11:58:08","modified_gmt":"2021-03-22T10:58:08","slug":"etichettatura-lue-valuta-una-proposta-che-parte-dai-nostri-schemi","status":"publish","type":"post","link":"https:\/\/www.confagricoltura.org\/piacenza\/etichettatura-lue-valuta-una-proposta-che-parte-dai-nostri-schemi\/","title":{"rendered":"Etichettatura: l&#8217;UE valuta una proposta che parte dai nostri schemi"},"content":{"rendered":"\n<p>\u201cProprio mentre apprendiamo che la Commissione europea valuter\u00e0 l\u2019introduzione di un obbligo di etichettatura di origine a livello Ue a partire da quegli alimenti gi\u00e0 coperti dagli schemi nazionali in vigore in Francia, Italia e in altri sei Paesi europei, in Italia emergono voci discordanti sul Nutriscore. Questa battaglia ci deve vedere uniti nell\u2019interesse di un\u2019informazione chiara e a sostegno della dieta mediterranea che include le nostre produzioni tipiche le quali sarebbero danneggiate da etichette semplicistiche come il Nutriscore, modello a cui ci siamo da subito opposti come Confagricoltura con una pronta azione sindacale, anche grazie al presidente nazionale Massimiliano Giansanti che non ha mancato di portarla avanti in qualit\u00e0 di vicepresidente del Copa Cogeca, l\u2019organizzazione europea delle rappresentanze nazionali degli Agricoltori e delle Cooperative Agricole dei Paesi Membri\u201d \u2013 cos\u00ec&nbsp; Marco Casagrande direttore di Confagricoltura Piacenza ed ex manager di lungo corso per importanti industrie agroalimentari. Confagricoltura Piacenza plaude ai risultati che l\u2019azione sindacale di Confagricoltura sta ottenendo a livello europeo e al contempo esprime preoccupazione apprendendo che il professor Walter Ricciardi, consigliere del Ministro della Salute, ha firmato l\u2019appello lanciato di recente alla Commissione europea per chiedere l\u2019adozione a livello europeo del sistema \u201cNutriscore\u201d. La direttrice per la sicurezza alimentare e dei mangimi e l\u2019innovazione della Direzione generale salute della Commissione europea, Sabine Juelicher, ha spiegato che le nuove norme sull\u2019etichettatura nasceranno dalla presa in esame di quanto gi\u00e0 attuato in diversi Stati membri, tra cui l\u2019Italia per latte e latte usato come ingrediente, carne utilizzata come ingrediente, carne di coniglio e selvaggina, riso, grano duro per la pasta, patate e pomodoro usato in alcuni prodotti a base di pomodoro. \u201cQuesta volta &#8211; spiega Casagrande &#8211; invece di arroccarsi e subire la diplomazia francese del Nutriscore, l\u2019Italia si \u00e8 mossa in anticipo, anche grazie all\u2019incisiva azione di Confagricoltura e tra i prodotti segnalati ci sono tutti quelli gi\u00e0 regolamentati a livello nazionale\u201d. Questo non garantisce che per ognuno di essi ci sar\u00e0 l\u2019obbligo di origine, ma \u00e8 un buon punto di partenza. La funzionaria europea ha dichiarato che se la trasparenza sull\u2019origine sar\u00e0 ben comunicata in etichetta sar\u00e0 un vantaggio competitivo nel mercato globale.&nbsp; \u201cLa battaglia in difesa dei prodotti enogastronomici italiani prosegue \u2013 commenta Casagrande &#8211; l\u2019Europa spinge per apporre il Nutriscore ai prodotti sugli scaffali, mentre l\u2019Italia si oppone. Il motivo \u00e8 semplice: buona parte delle eccellenze made in Italy risultano \u201cda semaforo rosso\u201d quando invece sono consigliate dagli esperti per seguire una sana alimentazione. Il Nutriscore \u00e8 un approccio troppo semplicistico di etichettatura nutrizionale \u2013 rileva Casagrande \u2013 rischia di fuorviare il consumatore e penalizza i prodotti agroalimentari italiani. \u00c8 un tema fondamentale e complesso e per questo bisogna approfondire e presidiare la questione in vista della proposta legislativa della Commissione europea.&nbsp;Noi tutti vogliamo contribuire a promuovere stili alimentari sani,&nbsp;ma l\u2019obiettivo non pu\u00f2 essere raggiunto apponendo un colore su un prodotto e distinguendo tra buoni e cattivi\u201d.&nbsp; \u201cChiediamo al governo una presa di posizione sulla questione del \u201cNutriscore\u201d \u2013 sottolinea Giansanti \u2013 la posizione assunta dal professor Ricciardi rischia di creare una situazione di incertezza che va subito eliminata. l\u2019Italia \u00e8 assolutamente contraria al sistema \u201cNutriscore, perch\u00e9 penalizza la Dieta Mediterranea che \u00e8 tra le pi\u00f9 salutari al mondo, come sancito a livello scientifico. Siamo convinti che il nuovo governo dar\u00e0 continuit\u00e0 alle iniziative politiche e diplomatiche per contrastare la strada al \u201cNutriscore\u201d e sostenere il sistema alternativo definito in Italia\u201d. \u201cIl Nutriscore penalizza ingiustamente i prodotti della dieta mediterranea sana ed equilibrata \u2013 conclude Casagrande &#8211; perch\u00e9 classifica i prodotti destinati all\u2019alimentazione sulla base dei contenuti di sale, grassi e zuccheri senza riferimenti alle quantit\u00e0 normalmente assunte e al regime alimentare. Da qui l\u2019ingiusta penalizzazione nei confronti delle eccellenze del Made in Italy agroalimentare: dai formaggi all\u2019olio d\u2019oliva, per non parlare di salumi e vino; eccellenze tipiche tanto odiate dalle multinazionali che ne subiscono la concorrenza e che quindi preferirebbero un sistema di omologazione dei consumi\u201d. \u201cAbbiamo implementato tutti i protocolli sanitari, dalle analisi batteriologiche agli antibiogrammi, abbiamo ridotto l\u2019uso di antibiotici, rinnovato tutte le stalle per la salute degli animali, ridotto i fertilizzanti, abbiamo instaurato l\u2019economia circolare, rifatto e affinato le procedure Haccp nei caseifici dove abbiamo piastrellato tutto &#8211; tuona Filippo Gasparini, presidente di Confagricoltura Piacenza &#8211; siamo i campioni del mondo di difesa dalla fame nel mondo in termini di benefici e qualit\u00e0 nutrizionali per le eccellenze che produciamo. Ci \u00e8 stato chiesto di affinare produzioni, ridurre gli impatti; abbiamo prodotti eccezionali e poi ci raffrontiamo con queste prese di posizione espresse in barba alla scienza persino da chi ha una formazione scientifica. Non abbiamo pi\u00f9 certezze su nulla, nel momento in cui organi dello stato sparano contro i propri concittadini e contro le proprie produzioni. Ne abbiamo davvero abbastanza di operare in un disastro simile \u2013 conclude Gasparini -. \u00c8 ora di smetterla perch\u00e9 ne va della dignit\u00e0 di un popolo e degli investimenti fatti. Dov\u2019era il professore Ricciardi quando nelle regioni virtuose abbiamo fatto i Psr legati allo sviluppo della qualit\u00e0 dei prodotti tipici nazionali? E dov\u2019era quado le pi\u00f9 belle famiglie italiane hanno investito milioni credendo nel proprio Paese? Non si pu\u00f2 tornare indietro per un pallino ideologico\u201d.<\/p>\n","protected":false},"excerpt":{"rendered":"<p>Casagrande (Confagricoltura Piacenza): il Nutriscore \u00e8 troppo semplicistico e fuorviante <\/p>\n","protected":false},"author":6,"featured_media":3247,"comment_status":"closed","ping_status":"closed","sticky":false,"template":"","format":"standard","meta":{"wp_mapbox_gl_js_media":[],"footnotes":""},"categories":[4,8],"tags":[348,349],"class_list":["post-3245","post","type-post","status-publish","format-standard","has-post-thumbnail","hentry","category-news","category-tecnologie-innovazione","tag-etichettatura-ue","tag-nutriscore"],"yoast_head":"<!-- This site is optimized with the Yoast SEO plugin v26.8 - https:\/\/yoast.com\/product\/yoast-seo-wordpress\/ -->\n<title>Etichettatura: l&#039;UE valuta una proposta che parte dai nostri schemi - Confagricoltura Piacenza<\/title>\n<meta name=\"robots\" content=\"index, follow, max-snippet:-1, max-image-preview:large, max-video-preview:-1\" \/>\n<link rel=\"canonical\" href=\"https:\/\/www.confagricoltura.org\/piacenza\/etichettatura-lue-valuta-una-proposta-che-parte-dai-nostri-schemi\/\" \/>\n<meta property=\"og:locale\" content=\"it_IT\" \/>\n<meta property=\"og:type\" content=\"article\" \/>\n<meta property=\"og:title\" content=\"Etichettatura: l&#039;UE valuta una proposta che parte dai nostri schemi - Confagricoltura Piacenza\" \/>\n<meta property=\"og:description\" content=\"Casagrande (Confagricoltura Piacenza): il Nutriscore \u00e8 troppo semplicistico e fuorviante\" \/>\n<meta property=\"og:url\" content=\"https:\/\/www.confagricoltura.org\/piacenza\/etichettatura-lue-valuta-una-proposta-che-parte-dai-nostri-schemi\/\" \/>\n<meta property=\"og:site_name\" content=\"Confagricoltura Piacenza\" \/>\n<meta property=\"article:published_time\" content=\"2021-03-22T10:56:23+00:00\" \/>\n<meta property=\"article:modified_time\" content=\"2021-03-22T10:58:08+00:00\" \/>\n<meta property=\"og:image\" content=\"https:\/\/www.confagricoltura.org\/piacenza\/wp-content\/uploads\/sites\/11\/2021\/03\/Filippo-Gasparini-Marco-Casagrande.jpg\" \/>\n\t<meta property=\"og:image:width\" content=\"1157\" \/>\n\t<meta property=\"og:image:height\" content=\"952\" \/>\n\t<meta property=\"og:image:type\" content=\"image\/jpeg\" \/>\n<meta name=\"author\" content=\"confagricolturapiacenza\" \/>\n<meta name=\"twitter:card\" content=\"summary_large_image\" \/>\n<meta name=\"twitter:label1\" content=\"Scritto da\" \/>\n\t<meta name=\"twitter:data1\" content=\"confagricolturapiacenza\" \/>\n\t<meta name=\"twitter:label2\" content=\"Tempo di lettura stimato\" \/>\n\t<meta name=\"twitter:data2\" content=\"4 minuti\" \/>\n<script type=\"application\/ld+json\" class=\"yoast-schema-graph\">{\"@context\":\"https:\/\/schema.org\",\"@graph\":[{\"@type\":\"Article\",\"@id\":\"https:\/\/www.confagricoltura.org\/piacenza\/etichettatura-lue-valuta-una-proposta-che-parte-dai-nostri-schemi\/#article\",\"isPartOf\":{\"@id\":\"https:\/\/www.confagricoltura.org\/piacenza\/etichettatura-lue-valuta-una-proposta-che-parte-dai-nostri-schemi\/\"},\"author\":{\"name\":\"confagricolturapiacenza\",\"@id\":\"https:\/\/www.confagricoltura.org\/piacenza\/#\/schema\/person\/be5da25a3117fea4b3bfec9dba09b5e8\"},\"headline\":\"Etichettatura: l&#8217;UE valuta una proposta che parte dai nostri schemi\",\"datePublished\":\"2021-03-22T10:56:23+00:00\",\"dateModified\":\"2021-03-22T10:58:08+00:00\",\"mainEntityOfPage\":{\"@id\":\"https:\/\/www.confagricoltura.org\/piacenza\/etichettatura-lue-valuta-una-proposta-che-parte-dai-nostri-schemi\/\"},\"wordCount\":887,\"image\":{\"@id\":\"https:\/\/www.confagricoltura.org\/piacenza\/etichettatura-lue-valuta-una-proposta-che-parte-dai-nostri-schemi\/#primaryimage\"},\"thumbnailUrl\":\"https:\/\/www.confagricoltura.org\/piacenza\/wp-content\/uploads\/sites\/11\/2021\/03\/Filippo-Gasparini-Marco-Casagrande.jpg\",\"keywords\":[\"Etichettatura UE\",\"Nutriscore\"],\"articleSection\":[\"News\",\"Tecnologie e Innovazione\"],\"inLanguage\":\"it-IT\"},{\"@type\":\"WebPage\",\"@id\":\"https:\/\/www.confagricoltura.org\/piacenza\/etichettatura-lue-valuta-una-proposta-che-parte-dai-nostri-schemi\/\",\"url\":\"https:\/\/www.confagricoltura.org\/piacenza\/etichettatura-lue-valuta-una-proposta-che-parte-dai-nostri-schemi\/\",\"name\":\"Etichettatura: l'UE valuta una proposta che parte dai nostri schemi - Confagricoltura Piacenza\",\"isPartOf\":{\"@id\":\"https:\/\/www.confagricoltura.org\/piacenza\/#website\"},\"primaryImageOfPage\":{\"@id\":\"https:\/\/www.confagricoltura.org\/piacenza\/etichettatura-lue-valuta-una-proposta-che-parte-dai-nostri-schemi\/#primaryimage\"},\"image\":{\"@id\":\"https:\/\/www.confagricoltura.org\/piacenza\/etichettatura-lue-valuta-una-proposta-che-parte-dai-nostri-schemi\/#primaryimage\"},\"thumbnailUrl\":\"https:\/\/www.confagricoltura.org\/piacenza\/wp-content\/uploads\/sites\/11\/2021\/03\/Filippo-Gasparini-Marco-Casagrande.jpg\",\"datePublished\":\"2021-03-22T10:56:23+00:00\",\"dateModified\":\"2021-03-22T10:58:08+00:00\",\"author\":{\"@id\":\"https:\/\/www.confagricoltura.org\/piacenza\/#\/schema\/person\/be5da25a3117fea4b3bfec9dba09b5e8\"},\"breadcrumb\":{\"@id\":\"https:\/\/www.confagricoltura.org\/piacenza\/etichettatura-lue-valuta-una-proposta-che-parte-dai-nostri-schemi\/#breadcrumb\"},\"inLanguage\":\"it-IT\",\"potentialAction\":[{\"@type\":\"ReadAction\",\"target\":[\"https:\/\/www.confagricoltura.org\/piacenza\/etichettatura-lue-valuta-una-proposta-che-parte-dai-nostri-schemi\/\"]}]},{\"@type\":\"ImageObject\",\"inLanguage\":\"it-IT\",\"@id\":\"https:\/\/www.confagricoltura.org\/piacenza\/etichettatura-lue-valuta-una-proposta-che-parte-dai-nostri-schemi\/#primaryimage\",\"url\":\"https:\/\/www.confagricoltura.org\/piacenza\/wp-content\/uploads\/sites\/11\/2021\/03\/Filippo-Gasparini-Marco-Casagrande.jpg\",\"contentUrl\":\"https:\/\/www.confagricoltura.org\/piacenza\/wp-content\/uploads\/sites\/11\/2021\/03\/Filippo-Gasparini-Marco-Casagrande.jpg\",\"width\":1157,\"height\":952,\"caption\":\"Filippo Gasparini e Marco Casagrande \u2013 rispettivamente presidente e direttore di Confagricoltura Piacenza.\"},{\"@type\":\"BreadcrumbList\",\"@id\":\"https:\/\/www.confagricoltura.org\/piacenza\/etichettatura-lue-valuta-una-proposta-che-parte-dai-nostri-schemi\/#breadcrumb\",\"itemListElement\":[{\"@type\":\"ListItem\",\"position\":1,\"name\":\"Home\",\"item\":\"https:\/\/www.confagricoltura.org\/piacenza\/\"},{\"@type\":\"ListItem\",\"position\":2,\"name\":\"Etichettatura: l&#8217;UE valuta una proposta che parte dai nostri schemi\"}]},{\"@type\":\"WebSite\",\"@id\":\"https:\/\/www.confagricoltura.org\/piacenza\/#website\",\"url\":\"https:\/\/www.confagricoltura.org\/piacenza\/\",\"name\":\"Confagricoltura Piacenza\",\"description\":\"Dalla parte degli Agricoltori\",\"potentialAction\":[{\"@type\":\"SearchAction\",\"target\":{\"@type\":\"EntryPoint\",\"urlTemplate\":\"https:\/\/www.confagricoltura.org\/piacenza\/?s={search_term_string}\"},\"query-input\":{\"@type\":\"PropertyValueSpecification\",\"valueRequired\":true,\"valueName\":\"search_term_string\"}}],\"inLanguage\":\"it-IT\"},{\"@type\":\"Person\",\"@id\":\"https:\/\/www.confagricoltura.org\/piacenza\/#\/schema\/person\/be5da25a3117fea4b3bfec9dba09b5e8\",\"name\":\"confagricolturapiacenza\",\"image\":{\"@type\":\"ImageObject\",\"inLanguage\":\"it-IT\",\"@id\":\"https:\/\/www.confagricoltura.org\/piacenza\/#\/schema\/person\/image\/\",\"url\":\"https:\/\/secure.gravatar.com\/avatar\/9c5f111e417171581853bd0a3ff892ca?s=96&d=mm&r=g\",\"contentUrl\":\"https:\/\/secure.gravatar.com\/avatar\/9c5f111e417171581853bd0a3ff892ca?s=96&d=mm&r=g\",\"caption\":\"confagricolturapiacenza\"},\"url\":\"https:\/\/www.confagricoltura.org\/piacenza\/author\/confagricolturapiacenza\/\"}]}<\/script>\n<!-- \/ Yoast SEO plugin. -->","yoast_head_json":{"title":"Etichettatura: l'UE valuta una proposta che parte dai nostri schemi - Confagricoltura Piacenza","robots":{"index":"index","follow":"follow","max-snippet":"max-snippet:-1","max-image-preview":"max-image-preview:large","max-video-preview":"max-video-preview:-1"},"canonical":"https:\/\/www.confagricoltura.org\/piacenza\/etichettatura-lue-valuta-una-proposta-che-parte-dai-nostri-schemi\/","og_locale":"it_IT","og_type":"article","og_title":"Etichettatura: l'UE valuta una proposta che parte dai nostri schemi - Confagricoltura Piacenza","og_description":"Casagrande (Confagricoltura Piacenza): il Nutriscore \u00e8 troppo semplicistico e fuorviante","og_url":"https:\/\/www.confagricoltura.org\/piacenza\/etichettatura-lue-valuta-una-proposta-che-parte-dai-nostri-schemi\/","og_site_name":"Confagricoltura Piacenza","article_published_time":"2021-03-22T10:56:23+00:00","article_modified_time":"2021-03-22T10:58:08+00:00","og_image":[{"width":1157,"height":952,"url":"https:\/\/www.confagricoltura.org\/piacenza\/wp-content\/uploads\/sites\/11\/2021\/03\/Filippo-Gasparini-Marco-Casagrande.jpg","type":"image\/jpeg"}],"author":"confagricolturapiacenza","twitter_card":"summary_large_image","twitter_misc":{"Scritto da":"confagricolturapiacenza","Tempo di lettura stimato":"4 minuti"},"schema":{"@context":"https:\/\/schema.org","@graph":[{"@type":"Article","@id":"https:\/\/www.confagricoltura.org\/piacenza\/etichettatura-lue-valuta-una-proposta-che-parte-dai-nostri-schemi\/#article","isPartOf":{"@id":"https:\/\/www.confagricoltura.org\/piacenza\/etichettatura-lue-valuta-una-proposta-che-parte-dai-nostri-schemi\/"},"author":{"name":"confagricolturapiacenza","@id":"https:\/\/www.confagricoltura.org\/piacenza\/#\/schema\/person\/be5da25a3117fea4b3bfec9dba09b5e8"},"headline":"Etichettatura: l&#8217;UE valuta una proposta che parte dai nostri schemi","datePublished":"2021-03-22T10:56:23+00:00","dateModified":"2021-03-22T10:58:08+00:00","mainEntityOfPage":{"@id":"https:\/\/www.confagricoltura.org\/piacenza\/etichettatura-lue-valuta-una-proposta-che-parte-dai-nostri-schemi\/"},"wordCount":887,"image":{"@id":"https:\/\/www.confagricoltura.org\/piacenza\/etichettatura-lue-valuta-una-proposta-che-parte-dai-nostri-schemi\/#primaryimage"},"thumbnailUrl":"https:\/\/www.confagricoltura.org\/piacenza\/wp-content\/uploads\/sites\/11\/2021\/03\/Filippo-Gasparini-Marco-Casagrande.jpg","keywords":["Etichettatura UE","Nutriscore"],"articleSection":["News","Tecnologie e Innovazione"],"inLanguage":"it-IT"},{"@type":"WebPage","@id":"https:\/\/www.confagricoltura.org\/piacenza\/etichettatura-lue-valuta-una-proposta-che-parte-dai-nostri-schemi\/","url":"https:\/\/www.confagricoltura.org\/piacenza\/etichettatura-lue-valuta-una-proposta-che-parte-dai-nostri-schemi\/","name":"Etichettatura: l'UE valuta una proposta che parte dai nostri schemi - Confagricoltura Piacenza","isPartOf":{"@id":"https:\/\/www.confagricoltura.org\/piacenza\/#website"},"primaryImageOfPage":{"@id":"https:\/\/www.confagricoltura.org\/piacenza\/etichettatura-lue-valuta-una-proposta-che-parte-dai-nostri-schemi\/#primaryimage"},"image":{"@id":"https:\/\/www.confagricoltura.org\/piacenza\/etichettatura-lue-valuta-una-proposta-che-parte-dai-nostri-schemi\/#primaryimage"},"thumbnailUrl":"https:\/\/www.confagricoltura.org\/piacenza\/wp-content\/uploads\/sites\/11\/2021\/03\/Filippo-Gasparini-Marco-Casagrande.jpg","datePublished":"2021-03-22T10:56:23+00:00","dateModified":"2021-03-22T10:58:08+00:00","author":{"@id":"https:\/\/www.confagricoltura.org\/piacenza\/#\/schema\/person\/be5da25a3117fea4b3bfec9dba09b5e8"},"breadcrumb":{"@id":"https:\/\/www.confagricoltura.org\/piacenza\/etichettatura-lue-valuta-una-proposta-che-parte-dai-nostri-schemi\/#breadcrumb"},"inLanguage":"it-IT","potentialAction":[{"@type":"ReadAction","target":["https:\/\/www.confagricoltura.org\/piacenza\/etichettatura-lue-valuta-una-proposta-che-parte-dai-nostri-schemi\/"]}]},{"@type":"ImageObject","inLanguage":"it-IT","@id":"https:\/\/www.confagricoltura.org\/piacenza\/etichettatura-lue-valuta-una-proposta-che-parte-dai-nostri-schemi\/#primaryimage","url":"https:\/\/www.confagricoltura.org\/piacenza\/wp-content\/uploads\/sites\/11\/2021\/03\/Filippo-Gasparini-Marco-Casagrande.jpg","contentUrl":"https:\/\/www.confagricoltura.org\/piacenza\/wp-content\/uploads\/sites\/11\/2021\/03\/Filippo-Gasparini-Marco-Casagrande.jpg","width":1157,"height":952,"caption":"Filippo Gasparini e Marco Casagrande \u2013 rispettivamente presidente e direttore di Confagricoltura Piacenza."},{"@type":"BreadcrumbList","@id":"https:\/\/www.confagricoltura.org\/piacenza\/etichettatura-lue-valuta-una-proposta-che-parte-dai-nostri-schemi\/#breadcrumb","itemListElement":[{"@type":"ListItem","position":1,"name":"Home","item":"https:\/\/www.confagricoltura.org\/piacenza\/"},{"@type":"ListItem","position":2,"name":"Etichettatura: l&#8217;UE valuta una proposta che parte dai nostri schemi"}]},{"@type":"WebSite","@id":"https:\/\/www.confagricoltura.org\/piacenza\/#website","url":"https:\/\/www.confagricoltura.org\/piacenza\/","name":"Confagricoltura Piacenza","description":"Dalla parte degli Agricoltori","potentialAction":[{"@type":"SearchAction","target":{"@type":"EntryPoint","urlTemplate":"https:\/\/www.confagricoltura.org\/piacenza\/?s={search_term_string}"},"query-input":{"@type":"PropertyValueSpecification","valueRequired":true,"valueName":"search_term_string"}}],"inLanguage":"it-IT"},{"@type":"Person","@id":"https:\/\/www.confagricoltura.org\/piacenza\/#\/schema\/person\/be5da25a3117fea4b3bfec9dba09b5e8","name":"confagricolturapiacenza","image":{"@type":"ImageObject","inLanguage":"it-IT","@id":"https:\/\/www.confagricoltura.org\/piacenza\/#\/schema\/person\/image\/","url":"https:\/\/secure.gravatar.com\/avatar\/9c5f111e417171581853bd0a3ff892ca?s=96&d=mm&r=g","contentUrl":"https:\/\/secure.gravatar.com\/avatar\/9c5f111e417171581853bd0a3ff892ca?s=96&d=mm&r=g","caption":"confagricolturapiacenza"},"url":"https:\/\/www.confagricoltura.org\/piacenza\/author\/confagricolturapiacenza\/"}]}},"_links":{"self":[{"href":"https:\/\/www.confagricoltura.org\/piacenza\/wp-json\/wp\/v2\/posts\/3245","targetHints":{"allow":["GET"]}}],"collection":[{"href":"https:\/\/www.confagricoltura.org\/piacenza\/wp-json\/wp\/v2\/posts"}],"about":[{"href":"https:\/\/www.confagricoltura.org\/piacenza\/wp-json\/wp\/v2\/types\/post"}],"author":[{"embeddable":true,"href":"https:\/\/www.confagricoltura.org\/piacenza\/wp-json\/wp\/v2\/users\/6"}],"replies":[{"embeddable":true,"href":"https:\/\/www.confagricoltura.org\/piacenza\/wp-json\/wp\/v2\/comments?post=3245"}],"version-history":[{"count":2,"href":"https:\/\/www.confagricoltura.org\/piacenza\/wp-json\/wp\/v2\/posts\/3245\/revisions"}],"predecessor-version":[{"id":3249,"href":"https:\/\/www.confagricoltura.org\/piacenza\/wp-json\/wp\/v2\/posts\/3245\/revisions\/3249"}],"wp:featuredmedia":[{"embeddable":true,"href":"https:\/\/www.confagricoltura.org\/piacenza\/wp-json\/wp\/v2\/media\/3247"}],"wp:attachment":[{"href":"https:\/\/www.confagricoltura.org\/piacenza\/wp-json\/wp\/v2\/media?parent=3245"}],"wp:term":[{"taxonomy":"category","embeddable":true,"href":"https:\/\/www.confagricoltura.org\/piacenza\/wp-json\/wp\/v2\/categories?post=3245"},{"taxonomy":"post_tag","embeddable":true,"href":"https:\/\/www.confagricoltura.org\/piacenza\/wp-json\/wp\/v2\/tags?post=3245"}],"curies":[{"name":"wp","href":"https:\/\/api.w.org\/{rel}","templated":true}]}}