{"id":3193,"date":"2021-03-17T17:25:50","date_gmt":"2021-03-17T16:25:50","guid":{"rendered":"https:\/\/www.confagricoltura.org\/piacenza\/?p=3193"},"modified":"2021-03-18T12:29:16","modified_gmt":"2021-03-18T11:29:16","slug":"latte-gli-agricoltori-del-territorio-dovrebbero-essere-tutelati-dalle-dop","status":"publish","type":"post","link":"https:\/\/www.confagricoltura.org\/piacenza\/latte-gli-agricoltori-del-territorio-dovrebbero-essere-tutelati-dalle-dop\/","title":{"rendered":"Latte: gli agricoltori del territorio dovrebbero essere tutelati dalle DOP"},"content":{"rendered":"\nLucchini (Confagricoltura Piacenza)\n\n\n\n<p>Il Dipartimento delle politiche europee e internazionali e dello sviluppo rurale (Direzione generale delle politiche internazionali e dell\u2019Unione europea) del Ministero delle politiche agricole avrebbe inviato al Consorzio di tutela del Grana Padano una lettera (che sarebbe stata poi diffusa ai consiglieri) in cui chiede di conoscere quali iniziative siano state assunte al fine di acquisire i dati necessari per conseguire e mantenere l\u2019obiettivo dell\u2019equa distribuzione del valore aggiunto lungo la filiera di produzione del Grana padano DOP, attivit\u00e0 prevista al punto 1.12.4 del Piano di regolazione dell\u2019offerta del formaggio Grana Padano DOP. L\u2019indiscrezione \u00e8 stata recentemente riportata anche sul quotidiano locale di Piacenza. La missiva chiederebbe conto delle conclusioni a cui sarebbe dovuto giungere il Comitato di Gestione, al quale era stata demandata l\u2019individuazione dei percorsi e dei criteri che evidenziano un\u2019equa correlazione tra il valore del Grana Padano, con i suoi derivati (panna, burro, siero) e quello del latte ad esso destinato. Anzi, l\u2019ufficio scrivente chiederebbe che vengano inviate le conclusioni elaborate dal Comitato di gestione, per verificare se le stesse siano idonee a garantire la tutela del prodotto e degli altri interessi dell\u2019intera filiera coinvolta. Infine, si formulerebbe anche l\u2019ipotesi che l\u2019attivit\u00e0 di monitoraggio non fosse stata attuata o non fosse risultata sufficiente e si inviterebbe il Consorzio a svolgere una pi\u00f9 incisiva azione. \u201cDa quanto apprendiamo, i contenuti di questa comunicazione sono perfettamente nel solco del problema che come Confagricoltura Piacenza denunciamo da anni\u201d, commenta cos\u00ec Alfredo Lucchini presidente della sezione Lattiero-casearia dell\u2019associazione piacentina di imprenditori agricoli. La produzione di latte in Italia nel 2020 \u00e8 cresciuta del 4% arrivando all\u201980% del fabbisogno nazionale, le prospettive per il 2021 parlano di aumenti in doppia cifra per i primi 2 mesi. Il comprensorio del Grana Padano produce pi\u00f9 della met\u00e0 del latte italiano, ma solo un terzo della produzione del comprensorio viene trasformato nel prestigioso DOP (circa il 20% della produzione nazionale). \u201cLa programmazione delle produzioni di latte deve prevedere un ruolo attivo degli allevatori, ma come abbiamo ribadito pi\u00f9 volte, cos\u00ec non \u00e8 per la filiera del Grana Padano, il cui Consorzio di tutela ha approvato piani produttivi che non considerano l\u2019andamento della produzione di latte della zona di origine\u201d &#8211; puntualizza Lucchini. La norma istitutiva delle DOP, a livello europeo, ne stabilisce la creazione proprio per migliorare il reddito di tutti gli agricoltori del territorio di produzione stesso. \u201cIn questo caso abbiamo una DOP che viene subita da buona parte del sistema allevatoriale perch\u00e9 \u2013 sottolinea Lucchini &#8211; essendo l\u2019asset principale del comparto, influenza l\u2019intero settore tramite politiche che mettono in discussione la lealt\u00e0 della concorrenza del mercato del latte interno. Tutti aspetti gi\u00e0 rimarcati nel bollettino settimanale n.22 Anno XXVII del 12 giugno 2017, dell\u2019Autorit\u00e0 Garante Della Concorrenza e Del Mercato\u201d.&nbsp; Gli aiuti, tramite i PSR, ai progetti di filiera sono stati assegnati prioritariamente a piani di sviluppo aziendale di realt\u00e0 zootecniche della filiera DOP. \u201cQuesta scelta di allocazione delle risorse pubbliche potrebbe anche essere punto di dibattito aperto \u2013 prosegue l\u2019allevatore &#8211; ma solo a patto che tutto il latte della DOP restasse nel circuito DOP. Questo non accade, perch\u00e9 il positivo e costante aumento di produttivit\u00e0 e innovazione genera conseguentemente anche un incremento di offerta di latte, trend che confligge con le pianificazioni produttive del Consorzio che non ha rivisto in proporzionale rialzo i volumi del trasformato. Una piccola parte di latte eccedente al corrispettivo dei piani produttivi viene comunque trasformata in DOP con i conseguenti oneri di penalit\u00e0, ma la maggior parte del latte eccedente viene reimmessa sul mercato e va a fare concorrenza al latte prodotto da stalle della medesima zona che, escluse dalla DOP stessa, non hanno neppure potuto beneficiare di contributi di filiera per l\u2019ammodernamento aziendale. Un meccanismo che altera, di fatto, l\u2019equa competizione di mercato\u201d. Questa situazione, si pone in contrasto da quanto previsto dal piano produttivo all\u2019art. 1.11 \u201cImpatto sulle altre produzioni\u201d che in caso di eccessiva disponibilit\u00e0 sul mercato di latte del circuito DOP, prevede assegnazioni aggiuntive di formaggio Grana Padano rispetto agli obiettivi del piano produttivo in corso, al fine di disincentivare la vendita sul libero mercato di latte da parte dei caseifici produttori di Grana Padano ed evitarne gli impatti conseguenti. \u201cOgni volta che vedo una stalla nuova \u2013 conclude Lucchini &#8211; provo insieme ammirazione e preoccupazione: ne leggo il potenziale produttivo e innovativo con l\u2019orgoglio dell\u2019imprenditore, ma vedo anche, con rammarico, l\u2019opportunit\u00e0 trasformarsi in problema. Il prestigioso formaggio \u00e8 ben valutato dai mercati, ma i buoni riscontri vengono ottenuti con una politica di prudenza che ha ben poco a che vedere con mutualismo, marketing e con la conquista di nuovi spazi commerciali, dove i similari stanno via via guadagnando posizioni, a riprova che la domanda esiste.&nbsp; Anche alla luce della recente sospensione dei dazi Usa e di una conseguente crescita della domanda, le pianificazioni future della produzione del formaggio dovrebbero essere riviste al rialzo. Speriamo che le richieste di chiarimento ministeriali siano, finalmente, occasione di sprone in tal senso\u201d.<\/p>\n","protected":false},"excerpt":{"rendered":"<p>La politica del Consorzio del Grana impatta su tutto il comparto, anche il Ministero pare abbia chiesto lumi.<\/p>\n","protected":false},"author":6,"featured_media":1189,"comment_status":"closed","ping_status":"closed","sticky":false,"template":"","format":"standard","meta":{"wp_mapbox_gl_js_media":[],"footnotes":""},"categories":[4,15],"tags":[59,346],"class_list":["post-3193","post","type-post","status-publish","format-standard","has-post-thumbnail","hentry","category-news","category-settore-lattiero-caseario","tag-latte","tag-lucchini"],"yoast_head":"<!-- This site is optimized with the Yoast SEO plugin v26.8 - https:\/\/yoast.com\/product\/yoast-seo-wordpress\/ -->\n<title>Latte: gli agricoltori del territorio dovrebbero essere tutelati dalle DOP - Confagricoltura Piacenza<\/title>\n<meta name=\"robots\" content=\"index, follow, max-snippet:-1, max-image-preview:large, max-video-preview:-1\" \/>\n<link rel=\"canonical\" href=\"https:\/\/www.confagricoltura.org\/piacenza\/latte-gli-agricoltori-del-territorio-dovrebbero-essere-tutelati-dalle-dop\/\" \/>\n<meta property=\"og:locale\" content=\"it_IT\" \/>\n<meta property=\"og:type\" content=\"article\" \/>\n<meta property=\"og:title\" content=\"Latte: gli agricoltori del territorio dovrebbero essere tutelati dalle DOP - Confagricoltura Piacenza\" \/>\n<meta property=\"og:description\" content=\"La politica del Consorzio del Grana impatta su tutto il comparto, anche il Ministero pare abbia chiesto lumi.\" \/>\n<meta property=\"og:url\" content=\"https:\/\/www.confagricoltura.org\/piacenza\/latte-gli-agricoltori-del-territorio-dovrebbero-essere-tutelati-dalle-dop\/\" \/>\n<meta property=\"og:site_name\" content=\"Confagricoltura Piacenza\" \/>\n<meta property=\"article:published_time\" content=\"2021-03-17T16:25:50+00:00\" \/>\n<meta property=\"article:modified_time\" content=\"2021-03-18T11:29:16+00:00\" \/>\n<meta property=\"og:image\" content=\"https:\/\/www.confagricoltura.org\/piacenza\/wp-content\/uploads\/sites\/11\/2021\/03\/1Alfredo-Lucchini.jpg\" \/>\n\t<meta property=\"og:image:width\" content=\"1543\" \/>\n\t<meta property=\"og:image:height\" content=\"2154\" \/>\n\t<meta property=\"og:image:type\" content=\"image\/jpeg\" \/>\n<meta name=\"author\" content=\"confagricolturapiacenza\" \/>\n<meta name=\"twitter:card\" content=\"summary_large_image\" \/>\n<meta name=\"twitter:label1\" content=\"Scritto da\" \/>\n\t<meta name=\"twitter:data1\" content=\"confagricolturapiacenza\" \/>\n\t<meta name=\"twitter:label2\" content=\"Tempo di lettura stimato\" \/>\n\t<meta name=\"twitter:data2\" content=\"4 minuti\" \/>\n<script type=\"application\/ld+json\" class=\"yoast-schema-graph\">{\"@context\":\"https:\/\/schema.org\",\"@graph\":[{\"@type\":\"Article\",\"@id\":\"https:\/\/www.confagricoltura.org\/piacenza\/latte-gli-agricoltori-del-territorio-dovrebbero-essere-tutelati-dalle-dop\/#article\",\"isPartOf\":{\"@id\":\"https:\/\/www.confagricoltura.org\/piacenza\/latte-gli-agricoltori-del-territorio-dovrebbero-essere-tutelati-dalle-dop\/\"},\"author\":{\"name\":\"confagricolturapiacenza\",\"@id\":\"https:\/\/www.confagricoltura.org\/piacenza\/#\/schema\/person\/be5da25a3117fea4b3bfec9dba09b5e8\"},\"headline\":\"Latte: gli agricoltori del territorio dovrebbero essere tutelati dalle DOP\",\"datePublished\":\"2021-03-17T16:25:50+00:00\",\"dateModified\":\"2021-03-18T11:29:16+00:00\",\"mainEntityOfPage\":{\"@id\":\"https:\/\/www.confagricoltura.org\/piacenza\/latte-gli-agricoltori-del-territorio-dovrebbero-essere-tutelati-dalle-dop\/\"},\"wordCount\":849,\"image\":{\"@id\":\"https:\/\/www.confagricoltura.org\/piacenza\/latte-gli-agricoltori-del-territorio-dovrebbero-essere-tutelati-dalle-dop\/#primaryimage\"},\"thumbnailUrl\":\"https:\/\/www.confagricoltura.org\/piacenza\/wp-content\/uploads\/sites\/11\/2021\/03\/1Alfredo-Lucchini.jpg\",\"keywords\":[\"LATTE\",\"LUCCHINI\"],\"articleSection\":[\"News\",\"Settore lattiero-caseario\"],\"inLanguage\":\"it-IT\"},{\"@type\":\"WebPage\",\"@id\":\"https:\/\/www.confagricoltura.org\/piacenza\/latte-gli-agricoltori-del-territorio-dovrebbero-essere-tutelati-dalle-dop\/\",\"url\":\"https:\/\/www.confagricoltura.org\/piacenza\/latte-gli-agricoltori-del-territorio-dovrebbero-essere-tutelati-dalle-dop\/\",\"name\":\"Latte: gli agricoltori del territorio dovrebbero essere tutelati dalle DOP - Confagricoltura Piacenza\",\"isPartOf\":{\"@id\":\"https:\/\/www.confagricoltura.org\/piacenza\/#website\"},\"primaryImageOfPage\":{\"@id\":\"https:\/\/www.confagricoltura.org\/piacenza\/latte-gli-agricoltori-del-territorio-dovrebbero-essere-tutelati-dalle-dop\/#primaryimage\"},\"image\":{\"@id\":\"https:\/\/www.confagricoltura.org\/piacenza\/latte-gli-agricoltori-del-territorio-dovrebbero-essere-tutelati-dalle-dop\/#primaryimage\"},\"thumbnailUrl\":\"https:\/\/www.confagricoltura.org\/piacenza\/wp-content\/uploads\/sites\/11\/2021\/03\/1Alfredo-Lucchini.jpg\",\"datePublished\":\"2021-03-17T16:25:50+00:00\",\"dateModified\":\"2021-03-18T11:29:16+00:00\",\"author\":{\"@id\":\"https:\/\/www.confagricoltura.org\/piacenza\/#\/schema\/person\/be5da25a3117fea4b3bfec9dba09b5e8\"},\"breadcrumb\":{\"@id\":\"https:\/\/www.confagricoltura.org\/piacenza\/latte-gli-agricoltori-del-territorio-dovrebbero-essere-tutelati-dalle-dop\/#breadcrumb\"},\"inLanguage\":\"it-IT\",\"potentialAction\":[{\"@type\":\"ReadAction\",\"target\":[\"https:\/\/www.confagricoltura.org\/piacenza\/latte-gli-agricoltori-del-territorio-dovrebbero-essere-tutelati-dalle-dop\/\"]}]},{\"@type\":\"ImageObject\",\"inLanguage\":\"it-IT\",\"@id\":\"https:\/\/www.confagricoltura.org\/piacenza\/latte-gli-agricoltori-del-territorio-dovrebbero-essere-tutelati-dalle-dop\/#primaryimage\",\"url\":\"https:\/\/www.confagricoltura.org\/piacenza\/wp-content\/uploads\/sites\/11\/2021\/03\/1Alfredo-Lucchini.jpg\",\"contentUrl\":\"https:\/\/www.confagricoltura.org\/piacenza\/wp-content\/uploads\/sites\/11\/2021\/03\/1Alfredo-Lucchini.jpg\",\"width\":1543,\"height\":2154,\"caption\":\"Alfredo Lucchini \u2013 presidente della sezione di prodotto Lattiero-Casearia di Confagricoltura Piacenza\"},{\"@type\":\"BreadcrumbList\",\"@id\":\"https:\/\/www.confagricoltura.org\/piacenza\/latte-gli-agricoltori-del-territorio-dovrebbero-essere-tutelati-dalle-dop\/#breadcrumb\",\"itemListElement\":[{\"@type\":\"ListItem\",\"position\":1,\"name\":\"Home\",\"item\":\"https:\/\/www.confagricoltura.org\/piacenza\/\"},{\"@type\":\"ListItem\",\"position\":2,\"name\":\"Latte: gli agricoltori del territorio dovrebbero essere tutelati dalle DOP\"}]},{\"@type\":\"WebSite\",\"@id\":\"https:\/\/www.confagricoltura.org\/piacenza\/#website\",\"url\":\"https:\/\/www.confagricoltura.org\/piacenza\/\",\"name\":\"Confagricoltura Piacenza\",\"description\":\"Dalla parte degli Agricoltori\",\"potentialAction\":[{\"@type\":\"SearchAction\",\"target\":{\"@type\":\"EntryPoint\",\"urlTemplate\":\"https:\/\/www.confagricoltura.org\/piacenza\/?s={search_term_string}\"},\"query-input\":{\"@type\":\"PropertyValueSpecification\",\"valueRequired\":true,\"valueName\":\"search_term_string\"}}],\"inLanguage\":\"it-IT\"},{\"@type\":\"Person\",\"@id\":\"https:\/\/www.confagricoltura.org\/piacenza\/#\/schema\/person\/be5da25a3117fea4b3bfec9dba09b5e8\",\"name\":\"confagricolturapiacenza\",\"image\":{\"@type\":\"ImageObject\",\"inLanguage\":\"it-IT\",\"@id\":\"https:\/\/www.confagricoltura.org\/piacenza\/#\/schema\/person\/image\/\",\"url\":\"https:\/\/secure.gravatar.com\/avatar\/9c5f111e417171581853bd0a3ff892ca?s=96&d=mm&r=g\",\"contentUrl\":\"https:\/\/secure.gravatar.com\/avatar\/9c5f111e417171581853bd0a3ff892ca?s=96&d=mm&r=g\",\"caption\":\"confagricolturapiacenza\"},\"url\":\"https:\/\/www.confagricoltura.org\/piacenza\/author\/confagricolturapiacenza\/\"}]}<\/script>\n<!-- \/ Yoast SEO plugin. -->","yoast_head_json":{"title":"Latte: gli agricoltori del territorio dovrebbero essere tutelati dalle DOP - Confagricoltura Piacenza","robots":{"index":"index","follow":"follow","max-snippet":"max-snippet:-1","max-image-preview":"max-image-preview:large","max-video-preview":"max-video-preview:-1"},"canonical":"https:\/\/www.confagricoltura.org\/piacenza\/latte-gli-agricoltori-del-territorio-dovrebbero-essere-tutelati-dalle-dop\/","og_locale":"it_IT","og_type":"article","og_title":"Latte: gli agricoltori del territorio dovrebbero essere tutelati dalle DOP - Confagricoltura Piacenza","og_description":"La politica del Consorzio del Grana impatta su tutto il comparto, anche il Ministero pare abbia chiesto lumi.","og_url":"https:\/\/www.confagricoltura.org\/piacenza\/latte-gli-agricoltori-del-territorio-dovrebbero-essere-tutelati-dalle-dop\/","og_site_name":"Confagricoltura Piacenza","article_published_time":"2021-03-17T16:25:50+00:00","article_modified_time":"2021-03-18T11:29:16+00:00","og_image":[{"width":1543,"height":2154,"url":"https:\/\/www.confagricoltura.org\/piacenza\/wp-content\/uploads\/sites\/11\/2021\/03\/1Alfredo-Lucchini.jpg","type":"image\/jpeg"}],"author":"confagricolturapiacenza","twitter_card":"summary_large_image","twitter_misc":{"Scritto da":"confagricolturapiacenza","Tempo di lettura stimato":"4 minuti"},"schema":{"@context":"https:\/\/schema.org","@graph":[{"@type":"Article","@id":"https:\/\/www.confagricoltura.org\/piacenza\/latte-gli-agricoltori-del-territorio-dovrebbero-essere-tutelati-dalle-dop\/#article","isPartOf":{"@id":"https:\/\/www.confagricoltura.org\/piacenza\/latte-gli-agricoltori-del-territorio-dovrebbero-essere-tutelati-dalle-dop\/"},"author":{"name":"confagricolturapiacenza","@id":"https:\/\/www.confagricoltura.org\/piacenza\/#\/schema\/person\/be5da25a3117fea4b3bfec9dba09b5e8"},"headline":"Latte: gli agricoltori del territorio dovrebbero essere tutelati dalle DOP","datePublished":"2021-03-17T16:25:50+00:00","dateModified":"2021-03-18T11:29:16+00:00","mainEntityOfPage":{"@id":"https:\/\/www.confagricoltura.org\/piacenza\/latte-gli-agricoltori-del-territorio-dovrebbero-essere-tutelati-dalle-dop\/"},"wordCount":849,"image":{"@id":"https:\/\/www.confagricoltura.org\/piacenza\/latte-gli-agricoltori-del-territorio-dovrebbero-essere-tutelati-dalle-dop\/#primaryimage"},"thumbnailUrl":"https:\/\/www.confagricoltura.org\/piacenza\/wp-content\/uploads\/sites\/11\/2021\/03\/1Alfredo-Lucchini.jpg","keywords":["LATTE","LUCCHINI"],"articleSection":["News","Settore lattiero-caseario"],"inLanguage":"it-IT"},{"@type":"WebPage","@id":"https:\/\/www.confagricoltura.org\/piacenza\/latte-gli-agricoltori-del-territorio-dovrebbero-essere-tutelati-dalle-dop\/","url":"https:\/\/www.confagricoltura.org\/piacenza\/latte-gli-agricoltori-del-territorio-dovrebbero-essere-tutelati-dalle-dop\/","name":"Latte: gli agricoltori del territorio dovrebbero essere tutelati dalle DOP - Confagricoltura Piacenza","isPartOf":{"@id":"https:\/\/www.confagricoltura.org\/piacenza\/#website"},"primaryImageOfPage":{"@id":"https:\/\/www.confagricoltura.org\/piacenza\/latte-gli-agricoltori-del-territorio-dovrebbero-essere-tutelati-dalle-dop\/#primaryimage"},"image":{"@id":"https:\/\/www.confagricoltura.org\/piacenza\/latte-gli-agricoltori-del-territorio-dovrebbero-essere-tutelati-dalle-dop\/#primaryimage"},"thumbnailUrl":"https:\/\/www.confagricoltura.org\/piacenza\/wp-content\/uploads\/sites\/11\/2021\/03\/1Alfredo-Lucchini.jpg","datePublished":"2021-03-17T16:25:50+00:00","dateModified":"2021-03-18T11:29:16+00:00","author":{"@id":"https:\/\/www.confagricoltura.org\/piacenza\/#\/schema\/person\/be5da25a3117fea4b3bfec9dba09b5e8"},"breadcrumb":{"@id":"https:\/\/www.confagricoltura.org\/piacenza\/latte-gli-agricoltori-del-territorio-dovrebbero-essere-tutelati-dalle-dop\/#breadcrumb"},"inLanguage":"it-IT","potentialAction":[{"@type":"ReadAction","target":["https:\/\/www.confagricoltura.org\/piacenza\/latte-gli-agricoltori-del-territorio-dovrebbero-essere-tutelati-dalle-dop\/"]}]},{"@type":"ImageObject","inLanguage":"it-IT","@id":"https:\/\/www.confagricoltura.org\/piacenza\/latte-gli-agricoltori-del-territorio-dovrebbero-essere-tutelati-dalle-dop\/#primaryimage","url":"https:\/\/www.confagricoltura.org\/piacenza\/wp-content\/uploads\/sites\/11\/2021\/03\/1Alfredo-Lucchini.jpg","contentUrl":"https:\/\/www.confagricoltura.org\/piacenza\/wp-content\/uploads\/sites\/11\/2021\/03\/1Alfredo-Lucchini.jpg","width":1543,"height":2154,"caption":"Alfredo Lucchini \u2013 presidente della sezione di prodotto Lattiero-Casearia di Confagricoltura Piacenza"},{"@type":"BreadcrumbList","@id":"https:\/\/www.confagricoltura.org\/piacenza\/latte-gli-agricoltori-del-territorio-dovrebbero-essere-tutelati-dalle-dop\/#breadcrumb","itemListElement":[{"@type":"ListItem","position":1,"name":"Home","item":"https:\/\/www.confagricoltura.org\/piacenza\/"},{"@type":"ListItem","position":2,"name":"Latte: gli agricoltori del territorio dovrebbero essere tutelati dalle DOP"}]},{"@type":"WebSite","@id":"https:\/\/www.confagricoltura.org\/piacenza\/#website","url":"https:\/\/www.confagricoltura.org\/piacenza\/","name":"Confagricoltura Piacenza","description":"Dalla parte degli Agricoltori","potentialAction":[{"@type":"SearchAction","target":{"@type":"EntryPoint","urlTemplate":"https:\/\/www.confagricoltura.org\/piacenza\/?s={search_term_string}"},"query-input":{"@type":"PropertyValueSpecification","valueRequired":true,"valueName":"search_term_string"}}],"inLanguage":"it-IT"},{"@type":"Person","@id":"https:\/\/www.confagricoltura.org\/piacenza\/#\/schema\/person\/be5da25a3117fea4b3bfec9dba09b5e8","name":"confagricolturapiacenza","image":{"@type":"ImageObject","inLanguage":"it-IT","@id":"https:\/\/www.confagricoltura.org\/piacenza\/#\/schema\/person\/image\/","url":"https:\/\/secure.gravatar.com\/avatar\/9c5f111e417171581853bd0a3ff892ca?s=96&d=mm&r=g","contentUrl":"https:\/\/secure.gravatar.com\/avatar\/9c5f111e417171581853bd0a3ff892ca?s=96&d=mm&r=g","caption":"confagricolturapiacenza"},"url":"https:\/\/www.confagricoltura.org\/piacenza\/author\/confagricolturapiacenza\/"}]}},"_links":{"self":[{"href":"https:\/\/www.confagricoltura.org\/piacenza\/wp-json\/wp\/v2\/posts\/3193","targetHints":{"allow":["GET"]}}],"collection":[{"href":"https:\/\/www.confagricoltura.org\/piacenza\/wp-json\/wp\/v2\/posts"}],"about":[{"href":"https:\/\/www.confagricoltura.org\/piacenza\/wp-json\/wp\/v2\/types\/post"}],"author":[{"embeddable":true,"href":"https:\/\/www.confagricoltura.org\/piacenza\/wp-json\/wp\/v2\/users\/6"}],"replies":[{"embeddable":true,"href":"https:\/\/www.confagricoltura.org\/piacenza\/wp-json\/wp\/v2\/comments?post=3193"}],"version-history":[{"count":5,"href":"https:\/\/www.confagricoltura.org\/piacenza\/wp-json\/wp\/v2\/posts\/3193\/revisions"}],"predecessor-version":[{"id":3200,"href":"https:\/\/www.confagricoltura.org\/piacenza\/wp-json\/wp\/v2\/posts\/3193\/revisions\/3200"}],"wp:featuredmedia":[{"embeddable":true,"href":"https:\/\/www.confagricoltura.org\/piacenza\/wp-json\/wp\/v2\/media\/1189"}],"wp:attachment":[{"href":"https:\/\/www.confagricoltura.org\/piacenza\/wp-json\/wp\/v2\/media?parent=3193"}],"wp:term":[{"taxonomy":"category","embeddable":true,"href":"https:\/\/www.confagricoltura.org\/piacenza\/wp-json\/wp\/v2\/categories?post=3193"},{"taxonomy":"post_tag","embeddable":true,"href":"https:\/\/www.confagricoltura.org\/piacenza\/wp-json\/wp\/v2\/tags?post=3193"}],"curies":[{"name":"wp","href":"https:\/\/api.w.org\/{rel}","templated":true}]}}