{"id":2524,"date":"2021-02-08T10:39:37","date_gmt":"2021-02-08T09:39:37","guid":{"rendered":"http:\/\/www.confagricoltura.org\/piacenza\/?p=2418"},"modified":"2021-03-11T13:13:52","modified_gmt":"2021-03-11T12:13:52","slug":"pomodoro-confagricoltura-piacenza-convoca-la-sezione-di-prodotto","status":"publish","type":"post","link":"https:\/\/www.confagricoltura.org\/piacenza\/pomodoro-confagricoltura-piacenza-convoca-la-sezione-di-prodotto\/","title":{"rendered":"POMODORO: CONFAGRICOLTURA PIACENZA CONVOCA LA SEZIONE DI PRODOTTO"},"content":{"rendered":"<h4><em>Lambertini: la trattativa rispetti i tempi altrimenti si rivedano i pre-contratti<\/em><\/h4>\n<p>&nbsp;<\/p>\n<p>La trattativa per il contratto quadro del pomodoro da industria \u00e8 in una fase di stallo con le rappresentanze delle industrie di trasformazione che di fatto non hanno assunto posizione inviando ai tavoli referenti senza potere decisionale. Confagricoltura Piacenza ha fatto il punto convocando la sezione di prodotto il 2 febbraio. I mercati mondiali spingono la domanda e l\u2019industria ha fatto sapere di necessitare maggiori quantitativi rispetto alle ultime campagne, ci sarebbero i presupposti per una trattativa di soddisfazione da parte di tutti i partecipanti alla filiera, ma non \u00e8 cos\u00ec. La parte agricola ha risposto positivamente alle richieste delle industrie e le OP si sono impegnate, attraverso i pre-contratti, a fornire indicativamente 28.5 milioni di quintali per la prossima campagna. L\u2019incremento produttivo sarebbe in buona parte dovuto alla crescita di prodotto bio che, parallelamente, le industrie hanno rassicurato di poter lavorare senza che questo prodotto generi ritardi nel ritiro di quello tradizionale.\u00a0 Fin qui tutto bene, se non che con questi quantitativi, stante l\u2019attuale capacit\u00e0 di trasformazione del bacino, la campagna dovrebbe durare 60-65 giorni aumentando notevolmente le difficolt\u00e0 e i rischi connessi al prodotto tardivo. \u201cPer riuscire a trasformare tutto questo prodotto senza difficolt\u00e0 non si deve verificare alcun intoppo n\u00e9 in fabbrica, n\u00e9 in campo. Ad assumersi il rischio di una campagna cos\u00ec lunga e intensa non possono essere solo gli agricoltori \u2013 commenta Giovanni Lambertini, presidente della sezione di prodotto provinciale e regionale \u2013. Se si procede con il dare applicazione ai pre-contratti \u00e8 necessario che nell\u2019accordo quadro vengano contemplate premialit\u00e0 significative, con ulteriori incrementi che vadano a coprire il rischio incrementale a mano amano che ci si avvicina alla stagione autunnale, per il prodotto tardivo, su cui nessuno, nonostante la grande competenza produttiva degli agricoltori piacentini, \u00e8 in grado di fornire garanzie. Chiediamo che la tabella dei difetti minori venga semplificata e che le penalit\u00e0 per questi difetti vengano ridotte. Infine, \u00e8 giunto il momento di fissare la base cento del grado brix a un riferimento oggettivo che potrebbe essere 4.85, gi\u00e0 leggermente superiore alla media registrata dall\u2019OI\u201d.\u00a0 La sezione di prodotto ha concordato sulla necessit\u00e0 che queste rassicurazioni giungano dalla sottoscrizione dell\u2019accordo quadro chiedendo che le parti, nel pieno rispetto dei reciproci ruoli, si approccino alla trattativa con la volont\u00e0 di giungere entro la met\u00e0 di febbraio anche alla definizione di un prezzo di riferimento che possa essere un punto di equilibrio in considerazione del continuo incremento dei costi produttivi. Va rilevato, infatti, il sensibile aumento del costo degli agrofarmaci e delle attrezzature a cui si affianca un maggiore onere delle polizze assicurative: un quadro che, in mancanza di certezze, potrebbe spingere gli agricoltori a rivedere i piani colturali. \u201cChiediamo trasparenza e senso di responsabilit\u00e0 \u2013 conclude Lambertini \u2013 in questi giorni gli agricoltori stanno procedendo alla prenotazione delle piatine, se la parte industriale dovesse continuare a sfilarsi dai tavoli della trattativa \u00e8 opportuno che anche le Op si sentano sollevate dall\u2019obbligo di onorare i pre-contratti. Sarebbe, tuttavia, una prospettiva pericolosa e restiamo convinti che una maggior collaborazione all\u2019interno della filiera tuteli di pi\u00f9 gli interessi di tutti rispetto ai giochi di parte\u201d.<\/p>\n<p><img loading=\"lazy\" decoding=\"async\" class=\"alignnone  wp-image-1605 img-responsive\" src=\"http:\/\/www.confagricoltura.org\/piacenza\/wp-content\/uploads\/sites\/3\/2019\/01\/Lambertini.jpg\" alt=\"\" width=\"754\" height=\"838\" \/><\/p>\n<p>Giovanni Lambertini &#8211; Presidente\u00a0della sezione di prodotto Pomodoro da Industria provinciale e regionale .<\/p>\n","protected":false},"excerpt":{"rendered":"<p>Lambertini: la trattativa rispetti i tempi altrimenti si rivedano i pre-contratti &nbsp; La trattativa per il contratto quadro del pomodoro da industria \u00e8 in una fase di stallo con le rappresentanze delle industrie di trasformazione che di fatto non hanno assunto posizione inviando ai tavoli referenti senza potere decisionale. Confagricoltura Piacenza ha fatto il punto<\/p>\n","protected":false},"author":6,"featured_media":0,"comment_status":"open","ping_status":"open","sticky":false,"template":"","format":"standard","meta":{"wp_mapbox_gl_js_media":[],"footnotes":""},"categories":[335],"tags":[31],"class_list":["post-2524","post","type-post","status-publish","format-standard","hentry","category-archivio","tag-pomodoro"],"yoast_head":"<!-- This site is optimized with the Yoast SEO plugin v26.8 - https:\/\/yoast.com\/product\/yoast-seo-wordpress\/ -->\n<title>POMODORO: CONFAGRICOLTURA PIACENZA CONVOCA LA SEZIONE DI PRODOTTO - Confagricoltura Piacenza<\/title>\n<meta name=\"robots\" content=\"index, follow, max-snippet:-1, max-image-preview:large, max-video-preview:-1\" \/>\n<link rel=\"canonical\" href=\"https:\/\/www.confagricoltura.org\/piacenza\/pomodoro-confagricoltura-piacenza-convoca-la-sezione-di-prodotto\/\" \/>\n<meta property=\"og:locale\" content=\"it_IT\" \/>\n<meta property=\"og:type\" content=\"article\" \/>\n<meta property=\"og:title\" content=\"POMODORO: CONFAGRICOLTURA PIACENZA CONVOCA LA SEZIONE DI PRODOTTO - Confagricoltura Piacenza\" \/>\n<meta property=\"og:description\" content=\"Lambertini: la trattativa rispetti i tempi altrimenti si rivedano i pre-contratti &nbsp; La trattativa per il contratto quadro del pomodoro da industria \u00e8 in una fase di stallo con le rappresentanze delle industrie di trasformazione che di fatto non hanno assunto posizione inviando ai tavoli referenti senza potere decisionale. Confagricoltura Piacenza ha fatto il punto\" \/>\n<meta property=\"og:url\" content=\"https:\/\/www.confagricoltura.org\/piacenza\/pomodoro-confagricoltura-piacenza-convoca-la-sezione-di-prodotto\/\" \/>\n<meta property=\"og:site_name\" content=\"Confagricoltura Piacenza\" \/>\n<meta property=\"article:published_time\" content=\"2021-02-08T09:39:37+00:00\" \/>\n<meta property=\"article:modified_time\" content=\"2021-03-11T12:13:52+00:00\" \/>\n<meta property=\"og:image\" content=\"http:\/\/www.confagricoltura.org\/piacenza\/wp-content\/uploads\/sites\/3\/2019\/01\/Lambertini.jpg\" \/>\n<meta name=\"author\" content=\"confagricolturapiacenza\" \/>\n<meta name=\"twitter:card\" content=\"summary_large_image\" \/>\n<meta name=\"twitter:label1\" content=\"Scritto da\" \/>\n\t<meta name=\"twitter:data1\" content=\"confagricolturapiacenza\" \/>\n\t<meta name=\"twitter:label2\" content=\"Tempo di lettura stimato\" \/>\n\t<meta name=\"twitter:data2\" content=\"3 minuti\" \/>\n<script type=\"application\/ld+json\" class=\"yoast-schema-graph\">{\"@context\":\"https:\/\/schema.org\",\"@graph\":[{\"@type\":\"Article\",\"@id\":\"https:\/\/www.confagricoltura.org\/piacenza\/pomodoro-confagricoltura-piacenza-convoca-la-sezione-di-prodotto\/#article\",\"isPartOf\":{\"@id\":\"https:\/\/www.confagricoltura.org\/piacenza\/pomodoro-confagricoltura-piacenza-convoca-la-sezione-di-prodotto\/\"},\"author\":{\"name\":\"confagricolturapiacenza\",\"@id\":\"https:\/\/www.confagricoltura.org\/piacenza\/#\/schema\/person\/be5da25a3117fea4b3bfec9dba09b5e8\"},\"headline\":\"POMODORO: CONFAGRICOLTURA PIACENZA CONVOCA LA SEZIONE DI PRODOTTO\",\"datePublished\":\"2021-02-08T09:39:37+00:00\",\"dateModified\":\"2021-03-11T12:13:52+00:00\",\"mainEntityOfPage\":{\"@id\":\"https:\/\/www.confagricoltura.org\/piacenza\/pomodoro-confagricoltura-piacenza-convoca-la-sezione-di-prodotto\/\"},\"wordCount\":548,\"commentCount\":0,\"image\":{\"@id\":\"https:\/\/www.confagricoltura.org\/piacenza\/pomodoro-confagricoltura-piacenza-convoca-la-sezione-di-prodotto\/#primaryimage\"},\"thumbnailUrl\":\"http:\/\/www.confagricoltura.org\/piacenza\/wp-content\/uploads\/sites\/3\/2019\/01\/Lambertini.jpg\",\"keywords\":[\"pomodoro\"],\"articleSection\":[\"Archivio\"],\"inLanguage\":\"it-IT\"},{\"@type\":\"WebPage\",\"@id\":\"https:\/\/www.confagricoltura.org\/piacenza\/pomodoro-confagricoltura-piacenza-convoca-la-sezione-di-prodotto\/\",\"url\":\"https:\/\/www.confagricoltura.org\/piacenza\/pomodoro-confagricoltura-piacenza-convoca-la-sezione-di-prodotto\/\",\"name\":\"POMODORO: CONFAGRICOLTURA PIACENZA CONVOCA LA SEZIONE DI PRODOTTO - Confagricoltura Piacenza\",\"isPartOf\":{\"@id\":\"https:\/\/www.confagricoltura.org\/piacenza\/#website\"},\"primaryImageOfPage\":{\"@id\":\"https:\/\/www.confagricoltura.org\/piacenza\/pomodoro-confagricoltura-piacenza-convoca-la-sezione-di-prodotto\/#primaryimage\"},\"image\":{\"@id\":\"https:\/\/www.confagricoltura.org\/piacenza\/pomodoro-confagricoltura-piacenza-convoca-la-sezione-di-prodotto\/#primaryimage\"},\"thumbnailUrl\":\"http:\/\/www.confagricoltura.org\/piacenza\/wp-content\/uploads\/sites\/3\/2019\/01\/Lambertini.jpg\",\"datePublished\":\"2021-02-08T09:39:37+00:00\",\"dateModified\":\"2021-03-11T12:13:52+00:00\",\"author\":{\"@id\":\"https:\/\/www.confagricoltura.org\/piacenza\/#\/schema\/person\/be5da25a3117fea4b3bfec9dba09b5e8\"},\"breadcrumb\":{\"@id\":\"https:\/\/www.confagricoltura.org\/piacenza\/pomodoro-confagricoltura-piacenza-convoca-la-sezione-di-prodotto\/#breadcrumb\"},\"inLanguage\":\"it-IT\",\"potentialAction\":[{\"@type\":\"ReadAction\",\"target\":[\"https:\/\/www.confagricoltura.org\/piacenza\/pomodoro-confagricoltura-piacenza-convoca-la-sezione-di-prodotto\/\"]}]},{\"@type\":\"ImageObject\",\"inLanguage\":\"it-IT\",\"@id\":\"https:\/\/www.confagricoltura.org\/piacenza\/pomodoro-confagricoltura-piacenza-convoca-la-sezione-di-prodotto\/#primaryimage\",\"url\":\"http:\/\/www.confagricoltura.org\/piacenza\/wp-content\/uploads\/sites\/3\/2019\/01\/Lambertini.jpg\",\"contentUrl\":\"http:\/\/www.confagricoltura.org\/piacenza\/wp-content\/uploads\/sites\/3\/2019\/01\/Lambertini.jpg\"},{\"@type\":\"BreadcrumbList\",\"@id\":\"https:\/\/www.confagricoltura.org\/piacenza\/pomodoro-confagricoltura-piacenza-convoca-la-sezione-di-prodotto\/#breadcrumb\",\"itemListElement\":[{\"@type\":\"ListItem\",\"position\":1,\"name\":\"Home\",\"item\":\"https:\/\/www.confagricoltura.org\/piacenza\/\"},{\"@type\":\"ListItem\",\"position\":2,\"name\":\"POMODORO: CONFAGRICOLTURA PIACENZA CONVOCA LA SEZIONE DI PRODOTTO\"}]},{\"@type\":\"WebSite\",\"@id\":\"https:\/\/www.confagricoltura.org\/piacenza\/#website\",\"url\":\"https:\/\/www.confagricoltura.org\/piacenza\/\",\"name\":\"Confagricoltura Piacenza\",\"description\":\"Dalla parte degli Agricoltori\",\"potentialAction\":[{\"@type\":\"SearchAction\",\"target\":{\"@type\":\"EntryPoint\",\"urlTemplate\":\"https:\/\/www.confagricoltura.org\/piacenza\/?s={search_term_string}\"},\"query-input\":{\"@type\":\"PropertyValueSpecification\",\"valueRequired\":true,\"valueName\":\"search_term_string\"}}],\"inLanguage\":\"it-IT\"},{\"@type\":\"Person\",\"@id\":\"https:\/\/www.confagricoltura.org\/piacenza\/#\/schema\/person\/be5da25a3117fea4b3bfec9dba09b5e8\",\"name\":\"confagricolturapiacenza\",\"image\":{\"@type\":\"ImageObject\",\"inLanguage\":\"it-IT\",\"@id\":\"https:\/\/www.confagricoltura.org\/piacenza\/#\/schema\/person\/image\/\",\"url\":\"https:\/\/secure.gravatar.com\/avatar\/9c5f111e417171581853bd0a3ff892ca?s=96&d=mm&r=g\",\"contentUrl\":\"https:\/\/secure.gravatar.com\/avatar\/9c5f111e417171581853bd0a3ff892ca?s=96&d=mm&r=g\",\"caption\":\"confagricolturapiacenza\"},\"url\":\"https:\/\/www.confagricoltura.org\/piacenza\/author\/confagricolturapiacenza\/\"}]}<\/script>\n<!-- \/ Yoast SEO plugin. -->","yoast_head_json":{"title":"POMODORO: CONFAGRICOLTURA PIACENZA CONVOCA LA SEZIONE DI PRODOTTO - Confagricoltura Piacenza","robots":{"index":"index","follow":"follow","max-snippet":"max-snippet:-1","max-image-preview":"max-image-preview:large","max-video-preview":"max-video-preview:-1"},"canonical":"https:\/\/www.confagricoltura.org\/piacenza\/pomodoro-confagricoltura-piacenza-convoca-la-sezione-di-prodotto\/","og_locale":"it_IT","og_type":"article","og_title":"POMODORO: CONFAGRICOLTURA PIACENZA CONVOCA LA SEZIONE DI PRODOTTO - Confagricoltura Piacenza","og_description":"Lambertini: la trattativa rispetti i tempi altrimenti si rivedano i pre-contratti &nbsp; La trattativa per il contratto quadro del pomodoro da industria \u00e8 in una fase di stallo con le rappresentanze delle industrie di trasformazione che di fatto non hanno assunto posizione inviando ai tavoli referenti senza potere decisionale. Confagricoltura Piacenza ha fatto il punto","og_url":"https:\/\/www.confagricoltura.org\/piacenza\/pomodoro-confagricoltura-piacenza-convoca-la-sezione-di-prodotto\/","og_site_name":"Confagricoltura Piacenza","article_published_time":"2021-02-08T09:39:37+00:00","article_modified_time":"2021-03-11T12:13:52+00:00","og_image":[{"url":"http:\/\/www.confagricoltura.org\/piacenza\/wp-content\/uploads\/sites\/3\/2019\/01\/Lambertini.jpg","type":"","width":"","height":""}],"author":"confagricolturapiacenza","twitter_card":"summary_large_image","twitter_misc":{"Scritto da":"confagricolturapiacenza","Tempo di lettura stimato":"3 minuti"},"schema":{"@context":"https:\/\/schema.org","@graph":[{"@type":"Article","@id":"https:\/\/www.confagricoltura.org\/piacenza\/pomodoro-confagricoltura-piacenza-convoca-la-sezione-di-prodotto\/#article","isPartOf":{"@id":"https:\/\/www.confagricoltura.org\/piacenza\/pomodoro-confagricoltura-piacenza-convoca-la-sezione-di-prodotto\/"},"author":{"name":"confagricolturapiacenza","@id":"https:\/\/www.confagricoltura.org\/piacenza\/#\/schema\/person\/be5da25a3117fea4b3bfec9dba09b5e8"},"headline":"POMODORO: CONFAGRICOLTURA PIACENZA CONVOCA LA SEZIONE DI PRODOTTO","datePublished":"2021-02-08T09:39:37+00:00","dateModified":"2021-03-11T12:13:52+00:00","mainEntityOfPage":{"@id":"https:\/\/www.confagricoltura.org\/piacenza\/pomodoro-confagricoltura-piacenza-convoca-la-sezione-di-prodotto\/"},"wordCount":548,"commentCount":0,"image":{"@id":"https:\/\/www.confagricoltura.org\/piacenza\/pomodoro-confagricoltura-piacenza-convoca-la-sezione-di-prodotto\/#primaryimage"},"thumbnailUrl":"http:\/\/www.confagricoltura.org\/piacenza\/wp-content\/uploads\/sites\/3\/2019\/01\/Lambertini.jpg","keywords":["pomodoro"],"articleSection":["Archivio"],"inLanguage":"it-IT"},{"@type":"WebPage","@id":"https:\/\/www.confagricoltura.org\/piacenza\/pomodoro-confagricoltura-piacenza-convoca-la-sezione-di-prodotto\/","url":"https:\/\/www.confagricoltura.org\/piacenza\/pomodoro-confagricoltura-piacenza-convoca-la-sezione-di-prodotto\/","name":"POMODORO: CONFAGRICOLTURA PIACENZA CONVOCA LA SEZIONE DI PRODOTTO - Confagricoltura Piacenza","isPartOf":{"@id":"https:\/\/www.confagricoltura.org\/piacenza\/#website"},"primaryImageOfPage":{"@id":"https:\/\/www.confagricoltura.org\/piacenza\/pomodoro-confagricoltura-piacenza-convoca-la-sezione-di-prodotto\/#primaryimage"},"image":{"@id":"https:\/\/www.confagricoltura.org\/piacenza\/pomodoro-confagricoltura-piacenza-convoca-la-sezione-di-prodotto\/#primaryimage"},"thumbnailUrl":"http:\/\/www.confagricoltura.org\/piacenza\/wp-content\/uploads\/sites\/3\/2019\/01\/Lambertini.jpg","datePublished":"2021-02-08T09:39:37+00:00","dateModified":"2021-03-11T12:13:52+00:00","author":{"@id":"https:\/\/www.confagricoltura.org\/piacenza\/#\/schema\/person\/be5da25a3117fea4b3bfec9dba09b5e8"},"breadcrumb":{"@id":"https:\/\/www.confagricoltura.org\/piacenza\/pomodoro-confagricoltura-piacenza-convoca-la-sezione-di-prodotto\/#breadcrumb"},"inLanguage":"it-IT","potentialAction":[{"@type":"ReadAction","target":["https:\/\/www.confagricoltura.org\/piacenza\/pomodoro-confagricoltura-piacenza-convoca-la-sezione-di-prodotto\/"]}]},{"@type":"ImageObject","inLanguage":"it-IT","@id":"https:\/\/www.confagricoltura.org\/piacenza\/pomodoro-confagricoltura-piacenza-convoca-la-sezione-di-prodotto\/#primaryimage","url":"http:\/\/www.confagricoltura.org\/piacenza\/wp-content\/uploads\/sites\/3\/2019\/01\/Lambertini.jpg","contentUrl":"http:\/\/www.confagricoltura.org\/piacenza\/wp-content\/uploads\/sites\/3\/2019\/01\/Lambertini.jpg"},{"@type":"BreadcrumbList","@id":"https:\/\/www.confagricoltura.org\/piacenza\/pomodoro-confagricoltura-piacenza-convoca-la-sezione-di-prodotto\/#breadcrumb","itemListElement":[{"@type":"ListItem","position":1,"name":"Home","item":"https:\/\/www.confagricoltura.org\/piacenza\/"},{"@type":"ListItem","position":2,"name":"POMODORO: CONFAGRICOLTURA PIACENZA CONVOCA LA SEZIONE DI PRODOTTO"}]},{"@type":"WebSite","@id":"https:\/\/www.confagricoltura.org\/piacenza\/#website","url":"https:\/\/www.confagricoltura.org\/piacenza\/","name":"Confagricoltura Piacenza","description":"Dalla parte degli Agricoltori","potentialAction":[{"@type":"SearchAction","target":{"@type":"EntryPoint","urlTemplate":"https:\/\/www.confagricoltura.org\/piacenza\/?s={search_term_string}"},"query-input":{"@type":"PropertyValueSpecification","valueRequired":true,"valueName":"search_term_string"}}],"inLanguage":"it-IT"},{"@type":"Person","@id":"https:\/\/www.confagricoltura.org\/piacenza\/#\/schema\/person\/be5da25a3117fea4b3bfec9dba09b5e8","name":"confagricolturapiacenza","image":{"@type":"ImageObject","inLanguage":"it-IT","@id":"https:\/\/www.confagricoltura.org\/piacenza\/#\/schema\/person\/image\/","url":"https:\/\/secure.gravatar.com\/avatar\/9c5f111e417171581853bd0a3ff892ca?s=96&d=mm&r=g","contentUrl":"https:\/\/secure.gravatar.com\/avatar\/9c5f111e417171581853bd0a3ff892ca?s=96&d=mm&r=g","caption":"confagricolturapiacenza"},"url":"https:\/\/www.confagricoltura.org\/piacenza\/author\/confagricolturapiacenza\/"}]}},"_links":{"self":[{"href":"https:\/\/www.confagricoltura.org\/piacenza\/wp-json\/wp\/v2\/posts\/2524","targetHints":{"allow":["GET"]}}],"collection":[{"href":"https:\/\/www.confagricoltura.org\/piacenza\/wp-json\/wp\/v2\/posts"}],"about":[{"href":"https:\/\/www.confagricoltura.org\/piacenza\/wp-json\/wp\/v2\/types\/post"}],"author":[{"embeddable":true,"href":"https:\/\/www.confagricoltura.org\/piacenza\/wp-json\/wp\/v2\/users\/6"}],"replies":[{"embeddable":true,"href":"https:\/\/www.confagricoltura.org\/piacenza\/wp-json\/wp\/v2\/comments?post=2524"}],"version-history":[{"count":1,"href":"https:\/\/www.confagricoltura.org\/piacenza\/wp-json\/wp\/v2\/posts\/2524\/revisions"}],"predecessor-version":[{"id":2528,"href":"https:\/\/www.confagricoltura.org\/piacenza\/wp-json\/wp\/v2\/posts\/2524\/revisions\/2528"}],"wp:attachment":[{"href":"https:\/\/www.confagricoltura.org\/piacenza\/wp-json\/wp\/v2\/media?parent=2524"}],"wp:term":[{"taxonomy":"category","embeddable":true,"href":"https:\/\/www.confagricoltura.org\/piacenza\/wp-json\/wp\/v2\/categories?post=2524"},{"taxonomy":"post_tag","embeddable":true,"href":"https:\/\/www.confagricoltura.org\/piacenza\/wp-json\/wp\/v2\/tags?post=2524"}],"curies":[{"name":"wp","href":"https:\/\/api.w.org\/{rel}","templated":true}]}}