{"id":2519,"date":"2021-01-19T12:30:13","date_gmt":"2021-01-19T11:30:13","guid":{"rendered":"http:\/\/www.confagricoltura.org\/piacenza\/?p=2404"},"modified":"2021-03-11T13:13:52","modified_gmt":"2021-03-11T12:13:52","slug":"grana-padano-il-consorzio-riesce-a-far-crescere-le-forme-di-formaggio-chiedendo-meno-latte","status":"publish","type":"post","link":"https:\/\/www.confagricoltura.org\/piacenza\/grana-padano-il-consorzio-riesce-a-far-crescere-le-forme-di-formaggio-chiedendo-meno-latte\/","title":{"rendered":"GRANA PADANO: IL CONSORZIO RIESCE A FAR CRESCERE LE FORME DI FORMAGGIO CHIEDENDO MENO LATTE"},"content":{"rendered":"<h3><em>Ecco perch\u00e9 Gasparini non la smette.<\/em><\/h3>\n<p>&nbsp;<\/p>\n<p>\u201cApprovata con il 99% dei voti dall\u2019Assemblea dei consorziati a dicembre 2020. Alla fine del 2021 ogni caseificio dovr\u00e0 aver ridotto del 4% la produzione in due anni. Il taglio produttivo deciso nel corso del 2020, con l\u2019obiettivo di riequilibrare l\u2019offerta con la domanda di mercato, diventa meno oneroso. Ogni caseificio avr\u00e0 la possibilit\u00e0 di diluire su due anni il calo produttivo del 3% che era stabilito per il 2020 in piena emergenza pandemica. Dopo il via libera in Cda la novit\u00e0 \u00e8 stata approvata definitivamente dal 94% dei votanti all\u2019Assemblea del Consorzio di tutela del Grana Padano Dop che si \u00e8 svolta on line il 18 dicembre scorso.\u00a0 Come ha spiegato il direttore generale del Consorzio di tutela, Stefano Berni, ogni consorziato potr\u00e0 ridurre la produzione solo dell\u20191,5% anzich\u00e9 del 3% nel 2020, posticipando al 2021 il taglio del restante 1,5%. Chi far\u00e0 questa scelta dovr\u00e0 comunicarla al Consorzio di tutela entro l\u201911 gennaio 2021. La situazione di mercato \u00e8 apparsa nel corso dell\u2019anno meno preoccupante rispetto a quella che si attendeva nei mesi successivi alla piena emergenza con il lockdown\u201d.<\/p>\n<p>Nelle righe sopra \u00e8 riportato testualmente il comunicato stampa del 28 dicembre diramato dal Consorzio del Grana Padano. L\u2019atto indicato valida una delibera assembleare del 19 giugno 2020 in cui il Consorzio stabiliva di ridurre le produzioni, intervenendo senza alcun preavviso su un piano produttivo gi\u00e0 in corso. Vero \u00e8 che il piano non aveva stabilito riduzioni di quote, ma penalit\u00e0 per i caseifici che avrebbero ecceduto rispetto alla propria quota. \u201cE ora andiamo con ordine, perch\u00e9 pare proprio il caso di spiegare per bene come una simile strategia possa tradursi in una crescita\u201d \u2013 risponde cos\u00ec Filippo Gasparini, presidente di Confagricoltura Piacenza replicando alla nota del medesimo Consorzio che il 18 gennaio dichiara: \u201ccirca la presunta, ma irreale, politica di riduzione delle produzioni si sottopongono 3 inconfutabili dati: il primo dato \u00e8 l\u2019incremento produttivo addirittura del 50% negli ultimi vent\u2019anni e del 29% dal 2007 cio\u00e8 da quando \u00e8 continuamente attivo il piano; il secondo dato \u00e8 l\u2019incremento produttivo degli ultimi due anni pari al +6,4% che significano 160mila tons di latte destinato in pi\u00f9 a Grana Padano rispetto al 2018 e il terzo dato \u00e8 il raffronto tra il differenziale del valore latte a Grana Padano e quello del latte omogeneo diversamente destinato\u201d.<\/p>\n<p>\u201cL\u2019incremento del numero di forme nel tempo \u00e8 oggettivo e riscontrabile \u2013 precisa Gasparini \u2013. Ma vediamo quale meccanismo porta dei piani produttivi che hanno l\u2019obiettivo di regolare i quantitativi a tradursi in una crescita di forme per produrre parte delle quali i caseifici pagano penalit\u00e0.<\/p>\n<p>I caseifici che realizzano pi\u00f9 forme devono pagare la cosiddetta \u201cdifferenziata\u201d una sorta di multa al Consorzio per poter avere il diritto di produrre un po\u2019 di pi\u00f9. Con i soldi della differenziata il Consorzio ha l\u2019obiettivo di fare promozione. Come fanno i caseifici a pagare questa multa? Semplicemente riversando sugli allevatori il costo.\u00a0 L\u2019offerta di latte ha determinato un sensibile abbassamento dei prezzi in pi\u00f9 c\u2019\u00e8 un\u2019ulteriore riduzione per il latte destinato alle forme fuori quota, ma le quotazioni del Grana sono interessanti e oltretutto il maggiore onere viene scaricato sul produttore di latte, quindi producono di pi\u00f9 con il risultato di inficiare il medesimo piano produttivo e ancor pi\u00f9 le successive delibere che palesemente hanno fissato percentuali di riduzione. Il meccanismo non deve essere sfuggito neppure al Mipaaf che ha segnalato alcuni caseifici all\u2019Antitrust.\u00a0 A questo punto, oltretutto, abbiamo gi\u00e0 perso di vista l\u2019obiettivo. Se non era produrre di meno, perch\u00e9 penalizzare chi produce di pi\u00f9? Soprattutto di fronte all\u2019enorme potenziale della Dop misurabile con la crescente diffusione dei similari.\u00a0 Chiudiamo &#8211; conclude Gasparini &#8211; con le quotazioni del latte spot alla stalla: parlano da sole circa le maggiori presunte premialit\u00e0 previste per il latte conferito a Grana: prezzo medio del latte crudo alla stalla (novembre 2020- fonte Clal) 37 cent\/lt (-8.6% rispetto ad un anno prima). Come direbbe chi produce l\u2019American Grana infischiandosene delle politiche del nostro Consorzio: what else?\u201d<\/p>\n<p><img loading=\"lazy\" decoding=\"async\" class=\"alignnone wp-image-2036 img-responsive\" src=\"http:\/\/www.confagricoltura.org\/piacenza\/wp-content\/uploads\/sites\/3\/2020\/03\/100-Filippo-Gasparini.jpg\" alt=\"\" width=\"777\" height=\"516\" \/><\/p>\n<p>Filippo Gasparini \u2013 presidente di Confagricoltura Piacenza.<\/p>\n<p>&nbsp;<\/p>\n","protected":false},"excerpt":{"rendered":"<p>Ecco perch\u00e9 Gasparini non la smette. &nbsp; \u201cApprovata con il 99% dei voti dall\u2019Assemblea dei consorziati a dicembre 2020. Alla fine del 2021 ogni caseificio dovr\u00e0 aver ridotto del 4% la produzione in due anni. Il taglio produttivo deciso nel corso del 2020, con l\u2019obiettivo di riequilibrare l\u2019offerta con la domanda di mercato, diventa meno<\/p>\n","protected":false},"author":6,"featured_media":0,"comment_status":"open","ping_status":"open","sticky":false,"template":"","format":"standard","meta":{"wp_mapbox_gl_js_media":[],"footnotes":""},"categories":[335],"tags":[146],"class_list":["post-2519","post","type-post","status-publish","format-standard","hentry","category-archivio","tag-grana-padano"],"yoast_head":"<!-- This site is optimized with the Yoast SEO plugin v26.8 - https:\/\/yoast.com\/product\/yoast-seo-wordpress\/ -->\n<title>GRANA PADANO: IL CONSORZIO RIESCE A FAR CRESCERE LE FORME DI FORMAGGIO CHIEDENDO MENO LATTE - Confagricoltura Piacenza<\/title>\n<meta name=\"robots\" content=\"index, follow, max-snippet:-1, max-image-preview:large, max-video-preview:-1\" \/>\n<link rel=\"canonical\" href=\"https:\/\/www.confagricoltura.org\/piacenza\/grana-padano-il-consorzio-riesce-a-far-crescere-le-forme-di-formaggio-chiedendo-meno-latte\/\" \/>\n<meta property=\"og:locale\" content=\"it_IT\" \/>\n<meta property=\"og:type\" content=\"article\" \/>\n<meta property=\"og:title\" content=\"GRANA PADANO: IL CONSORZIO RIESCE A FAR CRESCERE LE FORME DI FORMAGGIO CHIEDENDO MENO LATTE - Confagricoltura Piacenza\" \/>\n<meta property=\"og:description\" content=\"Ecco perch\u00e9 Gasparini non la smette. &nbsp; \u201cApprovata con il 99% dei voti dall\u2019Assemblea dei consorziati a dicembre 2020. Alla fine del 2021 ogni caseificio dovr\u00e0 aver ridotto del 4% la produzione in due anni. Il taglio produttivo deciso nel corso del 2020, con l\u2019obiettivo di riequilibrare l\u2019offerta con la domanda di mercato, diventa meno\" \/>\n<meta property=\"og:url\" content=\"https:\/\/www.confagricoltura.org\/piacenza\/grana-padano-il-consorzio-riesce-a-far-crescere-le-forme-di-formaggio-chiedendo-meno-latte\/\" \/>\n<meta property=\"og:site_name\" content=\"Confagricoltura Piacenza\" \/>\n<meta property=\"article:published_time\" content=\"2021-01-19T11:30:13+00:00\" \/>\n<meta property=\"article:modified_time\" content=\"2021-03-11T12:13:52+00:00\" \/>\n<meta property=\"og:image\" content=\"http:\/\/www.confagricoltura.org\/piacenza\/wp-content\/uploads\/sites\/3\/2020\/03\/100-Filippo-Gasparini.jpg\" \/>\n<meta name=\"author\" content=\"confagricolturapiacenza\" \/>\n<meta name=\"twitter:card\" content=\"summary_large_image\" \/>\n<meta name=\"twitter:label1\" content=\"Scritto da\" \/>\n\t<meta name=\"twitter:data1\" content=\"confagricolturapiacenza\" \/>\n\t<meta name=\"twitter:label2\" content=\"Tempo di lettura stimato\" \/>\n\t<meta name=\"twitter:data2\" content=\"3 minuti\" \/>\n<script type=\"application\/ld+json\" class=\"yoast-schema-graph\">{\"@context\":\"https:\/\/schema.org\",\"@graph\":[{\"@type\":\"Article\",\"@id\":\"https:\/\/www.confagricoltura.org\/piacenza\/grana-padano-il-consorzio-riesce-a-far-crescere-le-forme-di-formaggio-chiedendo-meno-latte\/#article\",\"isPartOf\":{\"@id\":\"https:\/\/www.confagricoltura.org\/piacenza\/grana-padano-il-consorzio-riesce-a-far-crescere-le-forme-di-formaggio-chiedendo-meno-latte\/\"},\"author\":{\"name\":\"confagricolturapiacenza\",\"@id\":\"https:\/\/www.confagricoltura.org\/piacenza\/#\/schema\/person\/be5da25a3117fea4b3bfec9dba09b5e8\"},\"headline\":\"GRANA PADANO: IL CONSORZIO RIESCE A FAR CRESCERE LE FORME DI FORMAGGIO CHIEDENDO MENO LATTE\",\"datePublished\":\"2021-01-19T11:30:13+00:00\",\"dateModified\":\"2021-03-11T12:13:52+00:00\",\"mainEntityOfPage\":{\"@id\":\"https:\/\/www.confagricoltura.org\/piacenza\/grana-padano-il-consorzio-riesce-a-far-crescere-le-forme-di-formaggio-chiedendo-meno-latte\/\"},\"wordCount\":676,\"commentCount\":0,\"image\":{\"@id\":\"https:\/\/www.confagricoltura.org\/piacenza\/grana-padano-il-consorzio-riesce-a-far-crescere-le-forme-di-formaggio-chiedendo-meno-latte\/#primaryimage\"},\"thumbnailUrl\":\"http:\/\/www.confagricoltura.org\/piacenza\/wp-content\/uploads\/sites\/3\/2020\/03\/100-Filippo-Gasparini.jpg\",\"keywords\":[\"GRANA PADANO\"],\"articleSection\":[\"Archivio\"],\"inLanguage\":\"it-IT\"},{\"@type\":\"WebPage\",\"@id\":\"https:\/\/www.confagricoltura.org\/piacenza\/grana-padano-il-consorzio-riesce-a-far-crescere-le-forme-di-formaggio-chiedendo-meno-latte\/\",\"url\":\"https:\/\/www.confagricoltura.org\/piacenza\/grana-padano-il-consorzio-riesce-a-far-crescere-le-forme-di-formaggio-chiedendo-meno-latte\/\",\"name\":\"GRANA PADANO: IL CONSORZIO RIESCE A FAR CRESCERE LE FORME DI FORMAGGIO CHIEDENDO MENO LATTE - Confagricoltura Piacenza\",\"isPartOf\":{\"@id\":\"https:\/\/www.confagricoltura.org\/piacenza\/#website\"},\"primaryImageOfPage\":{\"@id\":\"https:\/\/www.confagricoltura.org\/piacenza\/grana-padano-il-consorzio-riesce-a-far-crescere-le-forme-di-formaggio-chiedendo-meno-latte\/#primaryimage\"},\"image\":{\"@id\":\"https:\/\/www.confagricoltura.org\/piacenza\/grana-padano-il-consorzio-riesce-a-far-crescere-le-forme-di-formaggio-chiedendo-meno-latte\/#primaryimage\"},\"thumbnailUrl\":\"http:\/\/www.confagricoltura.org\/piacenza\/wp-content\/uploads\/sites\/3\/2020\/03\/100-Filippo-Gasparini.jpg\",\"datePublished\":\"2021-01-19T11:30:13+00:00\",\"dateModified\":\"2021-03-11T12:13:52+00:00\",\"author\":{\"@id\":\"https:\/\/www.confagricoltura.org\/piacenza\/#\/schema\/person\/be5da25a3117fea4b3bfec9dba09b5e8\"},\"breadcrumb\":{\"@id\":\"https:\/\/www.confagricoltura.org\/piacenza\/grana-padano-il-consorzio-riesce-a-far-crescere-le-forme-di-formaggio-chiedendo-meno-latte\/#breadcrumb\"},\"inLanguage\":\"it-IT\",\"potentialAction\":[{\"@type\":\"ReadAction\",\"target\":[\"https:\/\/www.confagricoltura.org\/piacenza\/grana-padano-il-consorzio-riesce-a-far-crescere-le-forme-di-formaggio-chiedendo-meno-latte\/\"]}]},{\"@type\":\"ImageObject\",\"inLanguage\":\"it-IT\",\"@id\":\"https:\/\/www.confagricoltura.org\/piacenza\/grana-padano-il-consorzio-riesce-a-far-crescere-le-forme-di-formaggio-chiedendo-meno-latte\/#primaryimage\",\"url\":\"http:\/\/www.confagricoltura.org\/piacenza\/wp-content\/uploads\/sites\/3\/2020\/03\/100-Filippo-Gasparini.jpg\",\"contentUrl\":\"http:\/\/www.confagricoltura.org\/piacenza\/wp-content\/uploads\/sites\/3\/2020\/03\/100-Filippo-Gasparini.jpg\"},{\"@type\":\"BreadcrumbList\",\"@id\":\"https:\/\/www.confagricoltura.org\/piacenza\/grana-padano-il-consorzio-riesce-a-far-crescere-le-forme-di-formaggio-chiedendo-meno-latte\/#breadcrumb\",\"itemListElement\":[{\"@type\":\"ListItem\",\"position\":1,\"name\":\"Home\",\"item\":\"https:\/\/www.confagricoltura.org\/piacenza\/\"},{\"@type\":\"ListItem\",\"position\":2,\"name\":\"GRANA PADANO: IL CONSORZIO RIESCE A FAR CRESCERE LE FORME DI FORMAGGIO CHIEDENDO MENO LATTE\"}]},{\"@type\":\"WebSite\",\"@id\":\"https:\/\/www.confagricoltura.org\/piacenza\/#website\",\"url\":\"https:\/\/www.confagricoltura.org\/piacenza\/\",\"name\":\"Confagricoltura Piacenza\",\"description\":\"Dalla parte degli Agricoltori\",\"potentialAction\":[{\"@type\":\"SearchAction\",\"target\":{\"@type\":\"EntryPoint\",\"urlTemplate\":\"https:\/\/www.confagricoltura.org\/piacenza\/?s={search_term_string}\"},\"query-input\":{\"@type\":\"PropertyValueSpecification\",\"valueRequired\":true,\"valueName\":\"search_term_string\"}}],\"inLanguage\":\"it-IT\"},{\"@type\":\"Person\",\"@id\":\"https:\/\/www.confagricoltura.org\/piacenza\/#\/schema\/person\/be5da25a3117fea4b3bfec9dba09b5e8\",\"name\":\"confagricolturapiacenza\",\"image\":{\"@type\":\"ImageObject\",\"inLanguage\":\"it-IT\",\"@id\":\"https:\/\/www.confagricoltura.org\/piacenza\/#\/schema\/person\/image\/\",\"url\":\"https:\/\/secure.gravatar.com\/avatar\/9c5f111e417171581853bd0a3ff892ca?s=96&d=mm&r=g\",\"contentUrl\":\"https:\/\/secure.gravatar.com\/avatar\/9c5f111e417171581853bd0a3ff892ca?s=96&d=mm&r=g\",\"caption\":\"confagricolturapiacenza\"},\"url\":\"https:\/\/www.confagricoltura.org\/piacenza\/author\/confagricolturapiacenza\/\"}]}<\/script>\n<!-- \/ Yoast SEO plugin. -->","yoast_head_json":{"title":"GRANA PADANO: IL CONSORZIO RIESCE A FAR CRESCERE LE FORME DI FORMAGGIO CHIEDENDO MENO LATTE - Confagricoltura Piacenza","robots":{"index":"index","follow":"follow","max-snippet":"max-snippet:-1","max-image-preview":"max-image-preview:large","max-video-preview":"max-video-preview:-1"},"canonical":"https:\/\/www.confagricoltura.org\/piacenza\/grana-padano-il-consorzio-riesce-a-far-crescere-le-forme-di-formaggio-chiedendo-meno-latte\/","og_locale":"it_IT","og_type":"article","og_title":"GRANA PADANO: IL CONSORZIO RIESCE A FAR CRESCERE LE FORME DI FORMAGGIO CHIEDENDO MENO LATTE - Confagricoltura Piacenza","og_description":"Ecco perch\u00e9 Gasparini non la smette. &nbsp; \u201cApprovata con il 99% dei voti dall\u2019Assemblea dei consorziati a dicembre 2020. Alla fine del 2021 ogni caseificio dovr\u00e0 aver ridotto del 4% la produzione in due anni. Il taglio produttivo deciso nel corso del 2020, con l\u2019obiettivo di riequilibrare l\u2019offerta con la domanda di mercato, diventa meno","og_url":"https:\/\/www.confagricoltura.org\/piacenza\/grana-padano-il-consorzio-riesce-a-far-crescere-le-forme-di-formaggio-chiedendo-meno-latte\/","og_site_name":"Confagricoltura Piacenza","article_published_time":"2021-01-19T11:30:13+00:00","article_modified_time":"2021-03-11T12:13:52+00:00","og_image":[{"url":"http:\/\/www.confagricoltura.org\/piacenza\/wp-content\/uploads\/sites\/3\/2020\/03\/100-Filippo-Gasparini.jpg","type":"","width":"","height":""}],"author":"confagricolturapiacenza","twitter_card":"summary_large_image","twitter_misc":{"Scritto da":"confagricolturapiacenza","Tempo di lettura stimato":"3 minuti"},"schema":{"@context":"https:\/\/schema.org","@graph":[{"@type":"Article","@id":"https:\/\/www.confagricoltura.org\/piacenza\/grana-padano-il-consorzio-riesce-a-far-crescere-le-forme-di-formaggio-chiedendo-meno-latte\/#article","isPartOf":{"@id":"https:\/\/www.confagricoltura.org\/piacenza\/grana-padano-il-consorzio-riesce-a-far-crescere-le-forme-di-formaggio-chiedendo-meno-latte\/"},"author":{"name":"confagricolturapiacenza","@id":"https:\/\/www.confagricoltura.org\/piacenza\/#\/schema\/person\/be5da25a3117fea4b3bfec9dba09b5e8"},"headline":"GRANA PADANO: IL CONSORZIO RIESCE A FAR CRESCERE LE FORME DI FORMAGGIO CHIEDENDO MENO LATTE","datePublished":"2021-01-19T11:30:13+00:00","dateModified":"2021-03-11T12:13:52+00:00","mainEntityOfPage":{"@id":"https:\/\/www.confagricoltura.org\/piacenza\/grana-padano-il-consorzio-riesce-a-far-crescere-le-forme-di-formaggio-chiedendo-meno-latte\/"},"wordCount":676,"commentCount":0,"image":{"@id":"https:\/\/www.confagricoltura.org\/piacenza\/grana-padano-il-consorzio-riesce-a-far-crescere-le-forme-di-formaggio-chiedendo-meno-latte\/#primaryimage"},"thumbnailUrl":"http:\/\/www.confagricoltura.org\/piacenza\/wp-content\/uploads\/sites\/3\/2020\/03\/100-Filippo-Gasparini.jpg","keywords":["GRANA PADANO"],"articleSection":["Archivio"],"inLanguage":"it-IT"},{"@type":"WebPage","@id":"https:\/\/www.confagricoltura.org\/piacenza\/grana-padano-il-consorzio-riesce-a-far-crescere-le-forme-di-formaggio-chiedendo-meno-latte\/","url":"https:\/\/www.confagricoltura.org\/piacenza\/grana-padano-il-consorzio-riesce-a-far-crescere-le-forme-di-formaggio-chiedendo-meno-latte\/","name":"GRANA PADANO: IL CONSORZIO RIESCE A FAR CRESCERE LE FORME DI FORMAGGIO CHIEDENDO MENO LATTE - Confagricoltura Piacenza","isPartOf":{"@id":"https:\/\/www.confagricoltura.org\/piacenza\/#website"},"primaryImageOfPage":{"@id":"https:\/\/www.confagricoltura.org\/piacenza\/grana-padano-il-consorzio-riesce-a-far-crescere-le-forme-di-formaggio-chiedendo-meno-latte\/#primaryimage"},"image":{"@id":"https:\/\/www.confagricoltura.org\/piacenza\/grana-padano-il-consorzio-riesce-a-far-crescere-le-forme-di-formaggio-chiedendo-meno-latte\/#primaryimage"},"thumbnailUrl":"http:\/\/www.confagricoltura.org\/piacenza\/wp-content\/uploads\/sites\/3\/2020\/03\/100-Filippo-Gasparini.jpg","datePublished":"2021-01-19T11:30:13+00:00","dateModified":"2021-03-11T12:13:52+00:00","author":{"@id":"https:\/\/www.confagricoltura.org\/piacenza\/#\/schema\/person\/be5da25a3117fea4b3bfec9dba09b5e8"},"breadcrumb":{"@id":"https:\/\/www.confagricoltura.org\/piacenza\/grana-padano-il-consorzio-riesce-a-far-crescere-le-forme-di-formaggio-chiedendo-meno-latte\/#breadcrumb"},"inLanguage":"it-IT","potentialAction":[{"@type":"ReadAction","target":["https:\/\/www.confagricoltura.org\/piacenza\/grana-padano-il-consorzio-riesce-a-far-crescere-le-forme-di-formaggio-chiedendo-meno-latte\/"]}]},{"@type":"ImageObject","inLanguage":"it-IT","@id":"https:\/\/www.confagricoltura.org\/piacenza\/grana-padano-il-consorzio-riesce-a-far-crescere-le-forme-di-formaggio-chiedendo-meno-latte\/#primaryimage","url":"http:\/\/www.confagricoltura.org\/piacenza\/wp-content\/uploads\/sites\/3\/2020\/03\/100-Filippo-Gasparini.jpg","contentUrl":"http:\/\/www.confagricoltura.org\/piacenza\/wp-content\/uploads\/sites\/3\/2020\/03\/100-Filippo-Gasparini.jpg"},{"@type":"BreadcrumbList","@id":"https:\/\/www.confagricoltura.org\/piacenza\/grana-padano-il-consorzio-riesce-a-far-crescere-le-forme-di-formaggio-chiedendo-meno-latte\/#breadcrumb","itemListElement":[{"@type":"ListItem","position":1,"name":"Home","item":"https:\/\/www.confagricoltura.org\/piacenza\/"},{"@type":"ListItem","position":2,"name":"GRANA PADANO: IL CONSORZIO RIESCE A FAR CRESCERE LE FORME DI FORMAGGIO CHIEDENDO MENO LATTE"}]},{"@type":"WebSite","@id":"https:\/\/www.confagricoltura.org\/piacenza\/#website","url":"https:\/\/www.confagricoltura.org\/piacenza\/","name":"Confagricoltura Piacenza","description":"Dalla parte degli Agricoltori","potentialAction":[{"@type":"SearchAction","target":{"@type":"EntryPoint","urlTemplate":"https:\/\/www.confagricoltura.org\/piacenza\/?s={search_term_string}"},"query-input":{"@type":"PropertyValueSpecification","valueRequired":true,"valueName":"search_term_string"}}],"inLanguage":"it-IT"},{"@type":"Person","@id":"https:\/\/www.confagricoltura.org\/piacenza\/#\/schema\/person\/be5da25a3117fea4b3bfec9dba09b5e8","name":"confagricolturapiacenza","image":{"@type":"ImageObject","inLanguage":"it-IT","@id":"https:\/\/www.confagricoltura.org\/piacenza\/#\/schema\/person\/image\/","url":"https:\/\/secure.gravatar.com\/avatar\/9c5f111e417171581853bd0a3ff892ca?s=96&d=mm&r=g","contentUrl":"https:\/\/secure.gravatar.com\/avatar\/9c5f111e417171581853bd0a3ff892ca?s=96&d=mm&r=g","caption":"confagricolturapiacenza"},"url":"https:\/\/www.confagricoltura.org\/piacenza\/author\/confagricolturapiacenza\/"}]}},"_links":{"self":[{"href":"https:\/\/www.confagricoltura.org\/piacenza\/wp-json\/wp\/v2\/posts\/2519","targetHints":{"allow":["GET"]}}],"collection":[{"href":"https:\/\/www.confagricoltura.org\/piacenza\/wp-json\/wp\/v2\/posts"}],"about":[{"href":"https:\/\/www.confagricoltura.org\/piacenza\/wp-json\/wp\/v2\/types\/post"}],"author":[{"embeddable":true,"href":"https:\/\/www.confagricoltura.org\/piacenza\/wp-json\/wp\/v2\/users\/6"}],"replies":[{"embeddable":true,"href":"https:\/\/www.confagricoltura.org\/piacenza\/wp-json\/wp\/v2\/comments?post=2519"}],"version-history":[{"count":1,"href":"https:\/\/www.confagricoltura.org\/piacenza\/wp-json\/wp\/v2\/posts\/2519\/revisions"}],"predecessor-version":[{"id":2532,"href":"https:\/\/www.confagricoltura.org\/piacenza\/wp-json\/wp\/v2\/posts\/2519\/revisions\/2532"}],"wp:attachment":[{"href":"https:\/\/www.confagricoltura.org\/piacenza\/wp-json\/wp\/v2\/media?parent=2519"}],"wp:term":[{"taxonomy":"category","embeddable":true,"href":"https:\/\/www.confagricoltura.org\/piacenza\/wp-json\/wp\/v2\/categories?post=2519"},{"taxonomy":"post_tag","embeddable":true,"href":"https:\/\/www.confagricoltura.org\/piacenza\/wp-json\/wp\/v2\/tags?post=2519"}],"curies":[{"name":"wp","href":"https:\/\/api.w.org\/{rel}","templated":true}]}}