{"id":2516,"date":"2020-12-18T16:23:42","date_gmt":"2020-12-18T15:23:42","guid":{"rendered":"http:\/\/www.confagricoltura.org\/piacenza\/?p=2390"},"modified":"2021-03-11T13:13:52","modified_gmt":"2021-03-11T12:13:52","slug":"latte-serve-un-cambio-di-rotta-per-dare-futuro-alla-nostre-imprese-e-al-territorio","status":"publish","type":"post","link":"https:\/\/www.confagricoltura.org\/piacenza\/latte-serve-un-cambio-di-rotta-per-dare-futuro-alla-nostre-imprese-e-al-territorio\/","title":{"rendered":"LATTE: SERVE UN CAMBIO DI ROTTA PER DARE FUTURO ALLA NOSTRE IMPRESE E AL TERRITORIO"},"content":{"rendered":"<hr \/>\n<h3><em>Prima convocazione per la neoeletta sezione di prodotto Lattiero-Casearia di Confagricoltura Piacenza<\/em><\/h3>\n<p>Alfredo Lucchini, neo-eletto componente di Giunta esecutiva di Confagricoltura Piacenza e presidente della sezione di prodotto Lattiero-casearia, non ha perso tempo ed ha convocato la sezione di prodotto. Il momento non \u00e8 certo dei migliori e l\u2019incontro, che si \u00e8 tenuto presso la sede di Confagricoltura Piacenza marted\u00ec 15 dicembre, ha avuto l\u2019obiettivo di fare il punto sulle criticit\u00e0 del settore individuando strategie condivise per valorizzare i punti di forza del comparto. \u201cServe un cambio di rotta per garantire futuro alle nostre imprese e al territorio\u201d \u2013 ha dichiarato Lucchini con il totale assenso degli intervenuti. \u201cAbbiamo un sistema che, a fronte di turbative, oggi non \u00e8 in grado di ricollocarsi rapidamente in equilibrio perch\u00e9 non ha basi sufficientemente solide\u201d. Nell\u2019ultimo quinquennio il comparto ha visto continui sconvolgimenti tra cui il burrascoso post-quote latte, l\u2019embargo russo, i dazi USA. Il 2020 ha fatto registrare difficolt\u00e0 produttive e di commercializzazione dovute alla pandemia e alle restrizioni per contenerne la diffusione. Al contempo gli ultimi 12 mesi hanno fatto registrare aumenti generalizzati dei costi produttivi e gli aumenti produttivi, invece di costituire un plus, sono stati vissuti come un problema. \u201cC\u2019\u00e8 una fitta coltre di nebbia sul comparto zootecnico provinciale, con prospettive poco ottimistiche, ciononostante \u2013 ha sottolineato Lucchini \u2013 le nostre aziende, sfruttando gli essenziali strumenti del Psr e dei progetti di filiera, sono riuscite a fare investimenti importanti che hanno avuto e tutt\u2019ora hanno ricadute positive sull\u2019intero tessuto economico locale. Basti pensare all\u2019impiego di manodopera, all\u2019acquisto di macchinari, alla realizzazione di strutture e impianti. Le aziende che hanno investito sono dunque riuscite anche a migliorare la propria produttivit\u00e0 con standard quantitativi, qualitativi ed ambientali elevatissimi, ma al momento questo non vede alcun riscontro positivo dal mercato\u201d.\u00a0 Ad avviso della sezione di prodotto \u00e8 sempre pi\u00f9 difficile resistere alla pressione tra aumento di produzione di latte alla stalla e sistemi di mercato che, a valle, non riescono a valorizzare la totalit\u00e0 delle produzioni di latte del territorio. \u201cIl latte prodotto per essere conferito in filiere d\u2019eccellenza come la grande dop del Grana Padano \u2013 spiega Lucchini &#8211; non viene interamente assorbito da queste, anche se \u00e8 prodotto con costi pi\u00f9 elevati rispetto a quelli standard, e finisce per essere trattato come un\u2019eccedenza messa in competizione con prodotto d\u2019importazione, facendone una mera questione di prezzo. L\u2019effetto domino si ripercuote a ritroso su tutte le quotazioni\u201d. Ad aggravare la situazione, una pesante macchina burocratica nazionale che, in questo stato di crisi, cerca di fornire sostegno alle imprese, ma mette in campo meccanismi complessi e con iter attuativi poco definiti, per cui le imprese si trovano talvolta nella situazione di dover rinunciare a un legittimo beneficio per timore che il medesimo possa generare ulteriori complicanze burocratiche che inficiano progetti gi\u00e0 validati. Non ultimo, preoccupa la \u201csvolta green\u201d che vorrebbe fare dell\u2019Europa un giardino non produttivo. Con le strategie del \u201cGreen New Deal\u201d e del \u201cFarm to Fork\u201d si stima addirittura una riduzione delle produzioni agricole europee a doppia cifra dovuta a ulteriori vincoli e norme rispetto al gi\u00e0 corposo impalcato di disposizioni, a cui ciascun imprenditore agricolo e allevatore deve far fronte e che il mercato ormai considera un prerequisito. \u201cIn pratica \u2013 ha teso a sottolineare Lucchini &#8211; si vogliono offrire al consumatore garanzie su aspetti collaterali del prodotto, dando per scontata la qualit\u00e0 intrinseca su cui invece abbiamo costruito le nostre eccellenze produttive e che deve rimanere distintiva e remunerata. In definitiva, ci troveremo a fornire ulteriori plus a un consumatore che li privileger\u00e0 rispetto ai prodotti standard solo a parit\u00e0 di prezzo. Cos\u00ec il costo delle ulteriori caratteristiche premianti del nostro latte sar\u00e0 scaricato solo sulle stalle. Se produzione di cibo e conversione green sono realmente un interesse della collettivit\u00e0, non possono di certo essere gli allevatori a farsene carico, anzi, gli allevatori stessi andrebbero sostenuti per lo sforzo ulteriore che sono chiamati a sostenere per garantire questi \u201cplus\u201d. Se invece, come si teme, l\u2019interesse \u00e8 solo il profitto di pochi a spese di un settore che fatica a riprendere quota, allora, sar\u00e0 ragionevole programmare una sentita opposizione\u201d. Il settore ha, ad agni modo, anche la possibilit\u00e0 di sfruttare alcuni elementi congiunturali per compiere un necessario un cambio di passo: la domanda mondiale di latte e derivati conferma il trend di aumento dei consumi (v. dati CLAL) anche grazie all\u2019aumento della richiesta nel sud-est asiatico. La Germania registra un calo produttivo e un basso livello di scorte di commodities (burro e polvere), mentre il Grana Padano sembra tracciare un trend positivo e stanno cambiando gli scenari politici mondiali (anche al seguito del cambio alla guida USA) che si auspica portino in tempi brevi ad una maggior apertura dei mercati\u201d.\u00a0 L\u2019\u201dItalian Sounding\u201d occupa quote di mercato che i prodotti lattiero-caseari italiani, riconosciuti eccellenza planetaria, possono conquistare, va per\u00f2 implementato un coordinamento interprofessionale dell\u2019offerta lungo tutta la filiera che permetta anche agli allevatori di cogliere, in modo mutualistico, i benefici delle positive remunerazioni dei prodotti finiti. \u201cOccorre, come Confagricoltura Piacenza ha pi\u00f9 volte richiesto, &#8211; conclude Lucchini &#8211; una regia nazionale, sempre pi\u00f9 inclusiva, che contempli le rappresentanze agricole, e abbia il chiaro e determinato obiettivo di aprire i mercati e portare le nostre eccellenti produzioni in ogni angolo del mondo fino a quando non saranno pi\u00f9 sufficienti per soddisfarne la richiesta\u201d.<br \/>\n<img loading=\"lazy\" decoding=\"async\" class=\"alignnone wp-image-2391 img-responsive\" src=\"http:\/\/www.confagricoltura.org\/piacenza\/wp-content\/uploads\/sites\/3\/2021\/01\/Alfredo-Lucchini.jpg\" alt=\"\" width=\"878\" height=\"1171\" \/><\/p>\n<p>Alfredo Lucchini,\u00a0 presidente della sezione di prodotto Lattiero-casearia di Confagricoltura Piacenza<\/p>\n<p>&nbsp;<\/p>\n","protected":false},"excerpt":{"rendered":"<p>Prima convocazione per la neoeletta sezione di prodotto Lattiero-Casearia di Confagricoltura Piacenza Alfredo Lucchini, neo-eletto componente di Giunta esecutiva di Confagricoltura Piacenza e presidente della sezione di prodotto Lattiero-casearia, non ha perso tempo ed ha convocato la sezione di prodotto. Il momento non \u00e8 certo dei migliori e l\u2019incontro, che si \u00e8 tenuto presso la<\/p>\n","protected":false},"author":6,"featured_media":0,"comment_status":"open","ping_status":"open","sticky":false,"template":"","format":"standard","meta":{"wp_mapbox_gl_js_media":[],"footnotes":""},"categories":[335],"tags":[27],"class_list":["post-2516","post","type-post","status-publish","format-standard","hentry","category-archivio","tag-alfredo-lucchini"],"yoast_head":"<!-- This site is optimized with the Yoast SEO plugin v26.8 - https:\/\/yoast.com\/product\/yoast-seo-wordpress\/ -->\n<title>LATTE: SERVE UN CAMBIO DI ROTTA PER DARE FUTURO ALLA NOSTRE IMPRESE E AL TERRITORIO - Confagricoltura Piacenza<\/title>\n<meta name=\"robots\" content=\"index, follow, max-snippet:-1, max-image-preview:large, max-video-preview:-1\" \/>\n<link rel=\"canonical\" href=\"https:\/\/www.confagricoltura.org\/piacenza\/latte-serve-un-cambio-di-rotta-per-dare-futuro-alla-nostre-imprese-e-al-territorio\/\" \/>\n<meta property=\"og:locale\" content=\"it_IT\" \/>\n<meta property=\"og:type\" content=\"article\" \/>\n<meta property=\"og:title\" content=\"LATTE: SERVE UN CAMBIO DI ROTTA PER DARE FUTURO ALLA NOSTRE IMPRESE E AL TERRITORIO - Confagricoltura Piacenza\" \/>\n<meta property=\"og:description\" content=\"Prima convocazione per la neoeletta sezione di prodotto Lattiero-Casearia di Confagricoltura Piacenza Alfredo Lucchini, neo-eletto componente di Giunta esecutiva di Confagricoltura Piacenza e presidente della sezione di prodotto Lattiero-casearia, non ha perso tempo ed ha convocato la sezione di prodotto. Il momento non \u00e8 certo dei migliori e l\u2019incontro, che si \u00e8 tenuto presso la\" \/>\n<meta property=\"og:url\" content=\"https:\/\/www.confagricoltura.org\/piacenza\/latte-serve-un-cambio-di-rotta-per-dare-futuro-alla-nostre-imprese-e-al-territorio\/\" \/>\n<meta property=\"og:site_name\" content=\"Confagricoltura Piacenza\" \/>\n<meta property=\"article:published_time\" content=\"2020-12-18T15:23:42+00:00\" \/>\n<meta property=\"article:modified_time\" content=\"2021-03-11T12:13:52+00:00\" \/>\n<meta property=\"og:image\" content=\"http:\/\/www.confagricoltura.org\/piacenza\/wp-content\/uploads\/sites\/3\/2021\/01\/Alfredo-Lucchini.jpg\" \/>\n<meta name=\"author\" content=\"confagricolturapiacenza\" \/>\n<meta name=\"twitter:card\" content=\"summary_large_image\" \/>\n<meta name=\"twitter:label1\" content=\"Scritto da\" \/>\n\t<meta name=\"twitter:data1\" content=\"confagricolturapiacenza\" \/>\n\t<meta name=\"twitter:label2\" content=\"Tempo di lettura stimato\" \/>\n\t<meta name=\"twitter:data2\" content=\"5 minuti\" \/>\n<script type=\"application\/ld+json\" class=\"yoast-schema-graph\">{\"@context\":\"https:\/\/schema.org\",\"@graph\":[{\"@type\":\"Article\",\"@id\":\"https:\/\/www.confagricoltura.org\/piacenza\/latte-serve-un-cambio-di-rotta-per-dare-futuro-alla-nostre-imprese-e-al-territorio\/#article\",\"isPartOf\":{\"@id\":\"https:\/\/www.confagricoltura.org\/piacenza\/latte-serve-un-cambio-di-rotta-per-dare-futuro-alla-nostre-imprese-e-al-territorio\/\"},\"author\":{\"name\":\"confagricolturapiacenza\",\"@id\":\"https:\/\/www.confagricoltura.org\/piacenza\/#\/schema\/person\/be5da25a3117fea4b3bfec9dba09b5e8\"},\"headline\":\"LATTE: SERVE UN CAMBIO DI ROTTA PER DARE FUTURO ALLA NOSTRE IMPRESE E AL TERRITORIO\",\"datePublished\":\"2020-12-18T15:23:42+00:00\",\"dateModified\":\"2021-03-11T12:13:52+00:00\",\"mainEntityOfPage\":{\"@id\":\"https:\/\/www.confagricoltura.org\/piacenza\/latte-serve-un-cambio-di-rotta-per-dare-futuro-alla-nostre-imprese-e-al-territorio\/\"},\"wordCount\":921,\"commentCount\":0,\"image\":{\"@id\":\"https:\/\/www.confagricoltura.org\/piacenza\/latte-serve-un-cambio-di-rotta-per-dare-futuro-alla-nostre-imprese-e-al-territorio\/#primaryimage\"},\"thumbnailUrl\":\"http:\/\/www.confagricoltura.org\/piacenza\/wp-content\/uploads\/sites\/3\/2021\/01\/Alfredo-Lucchini.jpg\",\"keywords\":[\"alfredo lucchini\"],\"articleSection\":[\"Archivio\"],\"inLanguage\":\"it-IT\"},{\"@type\":\"WebPage\",\"@id\":\"https:\/\/www.confagricoltura.org\/piacenza\/latte-serve-un-cambio-di-rotta-per-dare-futuro-alla-nostre-imprese-e-al-territorio\/\",\"url\":\"https:\/\/www.confagricoltura.org\/piacenza\/latte-serve-un-cambio-di-rotta-per-dare-futuro-alla-nostre-imprese-e-al-territorio\/\",\"name\":\"LATTE: SERVE UN CAMBIO DI ROTTA PER DARE FUTURO ALLA NOSTRE IMPRESE E AL TERRITORIO - Confagricoltura Piacenza\",\"isPartOf\":{\"@id\":\"https:\/\/www.confagricoltura.org\/piacenza\/#website\"},\"primaryImageOfPage\":{\"@id\":\"https:\/\/www.confagricoltura.org\/piacenza\/latte-serve-un-cambio-di-rotta-per-dare-futuro-alla-nostre-imprese-e-al-territorio\/#primaryimage\"},\"image\":{\"@id\":\"https:\/\/www.confagricoltura.org\/piacenza\/latte-serve-un-cambio-di-rotta-per-dare-futuro-alla-nostre-imprese-e-al-territorio\/#primaryimage\"},\"thumbnailUrl\":\"http:\/\/www.confagricoltura.org\/piacenza\/wp-content\/uploads\/sites\/3\/2021\/01\/Alfredo-Lucchini.jpg\",\"datePublished\":\"2020-12-18T15:23:42+00:00\",\"dateModified\":\"2021-03-11T12:13:52+00:00\",\"author\":{\"@id\":\"https:\/\/www.confagricoltura.org\/piacenza\/#\/schema\/person\/be5da25a3117fea4b3bfec9dba09b5e8\"},\"breadcrumb\":{\"@id\":\"https:\/\/www.confagricoltura.org\/piacenza\/latte-serve-un-cambio-di-rotta-per-dare-futuro-alla-nostre-imprese-e-al-territorio\/#breadcrumb\"},\"inLanguage\":\"it-IT\",\"potentialAction\":[{\"@type\":\"ReadAction\",\"target\":[\"https:\/\/www.confagricoltura.org\/piacenza\/latte-serve-un-cambio-di-rotta-per-dare-futuro-alla-nostre-imprese-e-al-territorio\/\"]}]},{\"@type\":\"ImageObject\",\"inLanguage\":\"it-IT\",\"@id\":\"https:\/\/www.confagricoltura.org\/piacenza\/latte-serve-un-cambio-di-rotta-per-dare-futuro-alla-nostre-imprese-e-al-territorio\/#primaryimage\",\"url\":\"http:\/\/www.confagricoltura.org\/piacenza\/wp-content\/uploads\/sites\/3\/2021\/01\/Alfredo-Lucchini.jpg\",\"contentUrl\":\"http:\/\/www.confagricoltura.org\/piacenza\/wp-content\/uploads\/sites\/3\/2021\/01\/Alfredo-Lucchini.jpg\"},{\"@type\":\"BreadcrumbList\",\"@id\":\"https:\/\/www.confagricoltura.org\/piacenza\/latte-serve-un-cambio-di-rotta-per-dare-futuro-alla-nostre-imprese-e-al-territorio\/#breadcrumb\",\"itemListElement\":[{\"@type\":\"ListItem\",\"position\":1,\"name\":\"Home\",\"item\":\"https:\/\/www.confagricoltura.org\/piacenza\/\"},{\"@type\":\"ListItem\",\"position\":2,\"name\":\"LATTE: SERVE UN CAMBIO DI ROTTA PER DARE FUTURO ALLA NOSTRE IMPRESE E AL TERRITORIO\"}]},{\"@type\":\"WebSite\",\"@id\":\"https:\/\/www.confagricoltura.org\/piacenza\/#website\",\"url\":\"https:\/\/www.confagricoltura.org\/piacenza\/\",\"name\":\"Confagricoltura Piacenza\",\"description\":\"Dalla parte degli Agricoltori\",\"potentialAction\":[{\"@type\":\"SearchAction\",\"target\":{\"@type\":\"EntryPoint\",\"urlTemplate\":\"https:\/\/www.confagricoltura.org\/piacenza\/?s={search_term_string}\"},\"query-input\":{\"@type\":\"PropertyValueSpecification\",\"valueRequired\":true,\"valueName\":\"search_term_string\"}}],\"inLanguage\":\"it-IT\"},{\"@type\":\"Person\",\"@id\":\"https:\/\/www.confagricoltura.org\/piacenza\/#\/schema\/person\/be5da25a3117fea4b3bfec9dba09b5e8\",\"name\":\"confagricolturapiacenza\",\"image\":{\"@type\":\"ImageObject\",\"inLanguage\":\"it-IT\",\"@id\":\"https:\/\/www.confagricoltura.org\/piacenza\/#\/schema\/person\/image\/\",\"url\":\"https:\/\/secure.gravatar.com\/avatar\/9c5f111e417171581853bd0a3ff892ca?s=96&d=mm&r=g\",\"contentUrl\":\"https:\/\/secure.gravatar.com\/avatar\/9c5f111e417171581853bd0a3ff892ca?s=96&d=mm&r=g\",\"caption\":\"confagricolturapiacenza\"},\"url\":\"https:\/\/www.confagricoltura.org\/piacenza\/author\/confagricolturapiacenza\/\"}]}<\/script>\n<!-- \/ Yoast SEO plugin. -->","yoast_head_json":{"title":"LATTE: SERVE UN CAMBIO DI ROTTA PER DARE FUTURO ALLA NOSTRE IMPRESE E AL TERRITORIO - Confagricoltura Piacenza","robots":{"index":"index","follow":"follow","max-snippet":"max-snippet:-1","max-image-preview":"max-image-preview:large","max-video-preview":"max-video-preview:-1"},"canonical":"https:\/\/www.confagricoltura.org\/piacenza\/latte-serve-un-cambio-di-rotta-per-dare-futuro-alla-nostre-imprese-e-al-territorio\/","og_locale":"it_IT","og_type":"article","og_title":"LATTE: SERVE UN CAMBIO DI ROTTA PER DARE FUTURO ALLA NOSTRE IMPRESE E AL TERRITORIO - Confagricoltura Piacenza","og_description":"Prima convocazione per la neoeletta sezione di prodotto Lattiero-Casearia di Confagricoltura Piacenza Alfredo Lucchini, neo-eletto componente di Giunta esecutiva di Confagricoltura Piacenza e presidente della sezione di prodotto Lattiero-casearia, non ha perso tempo ed ha convocato la sezione di prodotto. Il momento non \u00e8 certo dei migliori e l\u2019incontro, che si \u00e8 tenuto presso la","og_url":"https:\/\/www.confagricoltura.org\/piacenza\/latte-serve-un-cambio-di-rotta-per-dare-futuro-alla-nostre-imprese-e-al-territorio\/","og_site_name":"Confagricoltura Piacenza","article_published_time":"2020-12-18T15:23:42+00:00","article_modified_time":"2021-03-11T12:13:52+00:00","og_image":[{"url":"http:\/\/www.confagricoltura.org\/piacenza\/wp-content\/uploads\/sites\/3\/2021\/01\/Alfredo-Lucchini.jpg","type":"","width":"","height":""}],"author":"confagricolturapiacenza","twitter_card":"summary_large_image","twitter_misc":{"Scritto da":"confagricolturapiacenza","Tempo di lettura stimato":"5 minuti"},"schema":{"@context":"https:\/\/schema.org","@graph":[{"@type":"Article","@id":"https:\/\/www.confagricoltura.org\/piacenza\/latte-serve-un-cambio-di-rotta-per-dare-futuro-alla-nostre-imprese-e-al-territorio\/#article","isPartOf":{"@id":"https:\/\/www.confagricoltura.org\/piacenza\/latte-serve-un-cambio-di-rotta-per-dare-futuro-alla-nostre-imprese-e-al-territorio\/"},"author":{"name":"confagricolturapiacenza","@id":"https:\/\/www.confagricoltura.org\/piacenza\/#\/schema\/person\/be5da25a3117fea4b3bfec9dba09b5e8"},"headline":"LATTE: SERVE UN CAMBIO DI ROTTA PER DARE FUTURO ALLA NOSTRE IMPRESE E AL TERRITORIO","datePublished":"2020-12-18T15:23:42+00:00","dateModified":"2021-03-11T12:13:52+00:00","mainEntityOfPage":{"@id":"https:\/\/www.confagricoltura.org\/piacenza\/latte-serve-un-cambio-di-rotta-per-dare-futuro-alla-nostre-imprese-e-al-territorio\/"},"wordCount":921,"commentCount":0,"image":{"@id":"https:\/\/www.confagricoltura.org\/piacenza\/latte-serve-un-cambio-di-rotta-per-dare-futuro-alla-nostre-imprese-e-al-territorio\/#primaryimage"},"thumbnailUrl":"http:\/\/www.confagricoltura.org\/piacenza\/wp-content\/uploads\/sites\/3\/2021\/01\/Alfredo-Lucchini.jpg","keywords":["alfredo lucchini"],"articleSection":["Archivio"],"inLanguage":"it-IT"},{"@type":"WebPage","@id":"https:\/\/www.confagricoltura.org\/piacenza\/latte-serve-un-cambio-di-rotta-per-dare-futuro-alla-nostre-imprese-e-al-territorio\/","url":"https:\/\/www.confagricoltura.org\/piacenza\/latte-serve-un-cambio-di-rotta-per-dare-futuro-alla-nostre-imprese-e-al-territorio\/","name":"LATTE: SERVE UN CAMBIO DI ROTTA PER DARE FUTURO ALLA NOSTRE IMPRESE E AL TERRITORIO - Confagricoltura Piacenza","isPartOf":{"@id":"https:\/\/www.confagricoltura.org\/piacenza\/#website"},"primaryImageOfPage":{"@id":"https:\/\/www.confagricoltura.org\/piacenza\/latte-serve-un-cambio-di-rotta-per-dare-futuro-alla-nostre-imprese-e-al-territorio\/#primaryimage"},"image":{"@id":"https:\/\/www.confagricoltura.org\/piacenza\/latte-serve-un-cambio-di-rotta-per-dare-futuro-alla-nostre-imprese-e-al-territorio\/#primaryimage"},"thumbnailUrl":"http:\/\/www.confagricoltura.org\/piacenza\/wp-content\/uploads\/sites\/3\/2021\/01\/Alfredo-Lucchini.jpg","datePublished":"2020-12-18T15:23:42+00:00","dateModified":"2021-03-11T12:13:52+00:00","author":{"@id":"https:\/\/www.confagricoltura.org\/piacenza\/#\/schema\/person\/be5da25a3117fea4b3bfec9dba09b5e8"},"breadcrumb":{"@id":"https:\/\/www.confagricoltura.org\/piacenza\/latte-serve-un-cambio-di-rotta-per-dare-futuro-alla-nostre-imprese-e-al-territorio\/#breadcrumb"},"inLanguage":"it-IT","potentialAction":[{"@type":"ReadAction","target":["https:\/\/www.confagricoltura.org\/piacenza\/latte-serve-un-cambio-di-rotta-per-dare-futuro-alla-nostre-imprese-e-al-territorio\/"]}]},{"@type":"ImageObject","inLanguage":"it-IT","@id":"https:\/\/www.confagricoltura.org\/piacenza\/latte-serve-un-cambio-di-rotta-per-dare-futuro-alla-nostre-imprese-e-al-territorio\/#primaryimage","url":"http:\/\/www.confagricoltura.org\/piacenza\/wp-content\/uploads\/sites\/3\/2021\/01\/Alfredo-Lucchini.jpg","contentUrl":"http:\/\/www.confagricoltura.org\/piacenza\/wp-content\/uploads\/sites\/3\/2021\/01\/Alfredo-Lucchini.jpg"},{"@type":"BreadcrumbList","@id":"https:\/\/www.confagricoltura.org\/piacenza\/latte-serve-un-cambio-di-rotta-per-dare-futuro-alla-nostre-imprese-e-al-territorio\/#breadcrumb","itemListElement":[{"@type":"ListItem","position":1,"name":"Home","item":"https:\/\/www.confagricoltura.org\/piacenza\/"},{"@type":"ListItem","position":2,"name":"LATTE: SERVE UN CAMBIO DI ROTTA PER DARE FUTURO ALLA NOSTRE IMPRESE E AL TERRITORIO"}]},{"@type":"WebSite","@id":"https:\/\/www.confagricoltura.org\/piacenza\/#website","url":"https:\/\/www.confagricoltura.org\/piacenza\/","name":"Confagricoltura Piacenza","description":"Dalla parte degli Agricoltori","potentialAction":[{"@type":"SearchAction","target":{"@type":"EntryPoint","urlTemplate":"https:\/\/www.confagricoltura.org\/piacenza\/?s={search_term_string}"},"query-input":{"@type":"PropertyValueSpecification","valueRequired":true,"valueName":"search_term_string"}}],"inLanguage":"it-IT"},{"@type":"Person","@id":"https:\/\/www.confagricoltura.org\/piacenza\/#\/schema\/person\/be5da25a3117fea4b3bfec9dba09b5e8","name":"confagricolturapiacenza","image":{"@type":"ImageObject","inLanguage":"it-IT","@id":"https:\/\/www.confagricoltura.org\/piacenza\/#\/schema\/person\/image\/","url":"https:\/\/secure.gravatar.com\/avatar\/9c5f111e417171581853bd0a3ff892ca?s=96&d=mm&r=g","contentUrl":"https:\/\/secure.gravatar.com\/avatar\/9c5f111e417171581853bd0a3ff892ca?s=96&d=mm&r=g","caption":"confagricolturapiacenza"},"url":"https:\/\/www.confagricoltura.org\/piacenza\/author\/confagricolturapiacenza\/"}]}},"_links":{"self":[{"href":"https:\/\/www.confagricoltura.org\/piacenza\/wp-json\/wp\/v2\/posts\/2516","targetHints":{"allow":["GET"]}}],"collection":[{"href":"https:\/\/www.confagricoltura.org\/piacenza\/wp-json\/wp\/v2\/posts"}],"about":[{"href":"https:\/\/www.confagricoltura.org\/piacenza\/wp-json\/wp\/v2\/types\/post"}],"author":[{"embeddable":true,"href":"https:\/\/www.confagricoltura.org\/piacenza\/wp-json\/wp\/v2\/users\/6"}],"replies":[{"embeddable":true,"href":"https:\/\/www.confagricoltura.org\/piacenza\/wp-json\/wp\/v2\/comments?post=2516"}],"version-history":[{"count":1,"href":"https:\/\/www.confagricoltura.org\/piacenza\/wp-json\/wp\/v2\/posts\/2516\/revisions"}],"predecessor-version":[{"id":2535,"href":"https:\/\/www.confagricoltura.org\/piacenza\/wp-json\/wp\/v2\/posts\/2516\/revisions\/2535"}],"wp:attachment":[{"href":"https:\/\/www.confagricoltura.org\/piacenza\/wp-json\/wp\/v2\/media?parent=2516"}],"wp:term":[{"taxonomy":"category","embeddable":true,"href":"https:\/\/www.confagricoltura.org\/piacenza\/wp-json\/wp\/v2\/categories?post=2516"},{"taxonomy":"post_tag","embeddable":true,"href":"https:\/\/www.confagricoltura.org\/piacenza\/wp-json\/wp\/v2\/tags?post=2516"}],"curies":[{"name":"wp","href":"https:\/\/api.w.org\/{rel}","templated":true}]}}