{"id":2512,"date":"2018-04-09T16:50:21","date_gmt":"2018-04-09T14:50:21","guid":{"rendered":"http:\/\/www.confagricoltura.org\/piacenza\/?p=1199"},"modified":"2021-03-11T13:14:32","modified_gmt":"2021-03-11T12:14:32","slug":"1199-2","status":"publish","type":"post","link":"https:\/\/www.confagricoltura.org\/piacenza\/1199-2\/","title":{"rendered":"DONI DA ANGA-PIACENZA ALL\u2019AZIENDA AGRICOLA SOCIALE \u201cRIO TORTO\u201d"},"content":{"rendered":"<h4>Festa di Primavera aperta a tutti per far conoscere la struttura<\/h4>\n<hr \/>\n<p>Come ogni anno, la sezione piacentina di Anga ha organizzato una raccolta fondi per sostenere una buona causa e quest\u2019anno il ricavato \u00e8 stato utilizzato per acquistare attrezzature riabilitative e ginniche che sono state donate all\u2019azienda Agricola Rio Torto. Questa preziosa realt\u00e0, sita proprio in localit\u00e0 Rio Torto di Borgonovo Val Tidone e associata a Confagricoltura Piacenza, si occupa di agricoltura sociale ospitando persone diversamente abili e realizzando vari progetti che le coinvolgono in attivit\u00e0 quotidiane tra cui orticoltura, panificazione e laboratori di pet-terapy rivolti soprattutto ai ragazzi. L\u2019azienda agricola ha voluto ringraziare i vari benefattori invitandoli alla Festa di Primavera, organizzata il 25 marzo scorso e aperta a tutte le famiglie dei ragazzi che gi\u00e0 frequentano la struttura, a tutti gli interessati e a quanti erano desiderosi di conoscere pi\u00f9 da vicino questa realt\u00e0.<\/p>\n<p>Immancabile la sezione piacentina di Anga con il Presidente, Corrado Peratici e la segretaria Sabrina Anaclerio. Per Confagricoltura Piacenza hanno partecipato anche il vicedirettore Giovanni Marchesi e il segretario di Zona, Giulio Bracchi. Presenti anche il parroco, i Sindaci di Castel San Giovanni e Borgonovo, il Comandante della Guardia di Finanza ed esponenti del mondo bancario. \u201cSono contento \u2013 ha detto Peratici \u2013 perch\u00e9 il nostro contributo potr\u00e0 essere un aiuto concreto, spero che i ragazzi possano utilizzare al meglio cyclette e tapis roulant per trascorrere bene il tempo migliorando la loro forma fisica. Questa struttura \u00e8 molto accogliente, va valorizzata perch\u00e9 pu\u00f2 essere un punto di riferimento importante per le tante famiglie che necessitano di un sostegno e per i ragazzi che in questo contesto inclusivo avranno modo di poter fare tutta una serie di attivit\u00e0 fondamentali per la loro autonomia e per il loro benessere\u201d.<\/p>\n<p><img loading=\"lazy\" decoding=\"async\" class=\"alignnone wp-image-1200 img-responsive\" src=\"http:\/\/www.confagricoltura.org\/piacenza\/wp-content\/uploads\/sites\/3\/2018\/04\/FESTA-DI-PRIMAVERA.jpg\" alt=\"\" width=\"803\" height=\"602\" \/> <img loading=\"lazy\" decoding=\"async\" class=\"alignnone wp-image-1201 img-responsive\" src=\"http:\/\/www.confagricoltura.org\/piacenza\/wp-content\/uploads\/sites\/3\/2018\/04\/La-famiglia-Fiori-con-il-presidente-Anga-e-la-segretaria.jpg\" alt=\"\" width=\"800\" height=\"600\" \/><\/p>\n<p>La famiglia Fiori con il Presidente ANGA Corrado Peratici e la segreraria ANGA Sabrina Anaclerio<\/p>\n","protected":false},"excerpt":{"rendered":"<p>Festa di Primavera aperta a tutti per far conoscere la struttura Come ogni anno, la sezione piacentina di Anga ha organizzato una raccolta fondi per sostenere una buona causa e quest\u2019anno il ricavato \u00e8 stato utilizzato per acquistare attrezzature riabilitative e ginniche che sono state donate all\u2019azienda Agricola Rio Torto. Questa preziosa realt\u00e0, sita proprio<\/p>\n","protected":false},"author":6,"featured_media":0,"comment_status":"open","ping_status":"open","sticky":true,"template":"","format":"standard","meta":{"wp_mapbox_gl_js_media":[],"footnotes":""},"categories":[335],"tags":[],"class_list":["post-2512","post","type-post","status-publish","format-standard","hentry","category-archivio"],"yoast_head":"<!-- This site is optimized with the Yoast SEO plugin v26.8 - https:\/\/yoast.com\/product\/yoast-seo-wordpress\/ -->\n<title>DONI DA ANGA-PIACENZA ALL\u2019AZIENDA AGRICOLA SOCIALE \u201cRIO TORTO\u201d - Confagricoltura Piacenza<\/title>\n<meta name=\"robots\" content=\"index, follow, max-snippet:-1, max-image-preview:large, max-video-preview:-1\" \/>\n<link rel=\"canonical\" href=\"https:\/\/www.confagricoltura.org\/piacenza\/1199-2\/\" \/>\n<meta property=\"og:locale\" content=\"it_IT\" \/>\n<meta property=\"og:type\" content=\"article\" \/>\n<meta property=\"og:title\" content=\"DONI DA ANGA-PIACENZA ALL\u2019AZIENDA AGRICOLA SOCIALE \u201cRIO TORTO\u201d - Confagricoltura Piacenza\" \/>\n<meta property=\"og:description\" content=\"Festa di Primavera aperta a tutti per far conoscere la struttura Come ogni anno, la sezione piacentina di Anga ha organizzato una raccolta fondi per sostenere una buona causa e quest\u2019anno il ricavato \u00e8 stato utilizzato per acquistare attrezzature riabilitative e ginniche che sono state donate all\u2019azienda Agricola Rio Torto. Questa preziosa realt\u00e0, sita proprio\" \/>\n<meta property=\"og:url\" content=\"https:\/\/www.confagricoltura.org\/piacenza\/1199-2\/\" \/>\n<meta property=\"og:site_name\" content=\"Confagricoltura Piacenza\" \/>\n<meta property=\"article:published_time\" content=\"2018-04-09T14:50:21+00:00\" \/>\n<meta property=\"article:modified_time\" content=\"2021-03-11T12:14:32+00:00\" \/>\n<meta property=\"og:image\" content=\"http:\/\/www.confagricoltura.org\/piacenza\/wp-content\/uploads\/sites\/3\/2018\/04\/FESTA-DI-PRIMAVERA.jpg\" \/>\n<meta name=\"author\" content=\"confagricolturapiacenza\" \/>\n<meta name=\"twitter:card\" content=\"summary_large_image\" \/>\n<meta name=\"twitter:label1\" content=\"Scritto da\" \/>\n\t<meta name=\"twitter:data1\" content=\"confagricolturapiacenza\" \/>\n\t<meta name=\"twitter:label2\" content=\"Tempo di lettura stimato\" \/>\n\t<meta name=\"twitter:data2\" content=\"2 minuti\" \/>\n<script type=\"application\/ld+json\" class=\"yoast-schema-graph\">{\"@context\":\"https:\/\/schema.org\",\"@graph\":[{\"@type\":\"Article\",\"@id\":\"https:\/\/www.confagricoltura.org\/piacenza\/1199-2\/#article\",\"isPartOf\":{\"@id\":\"https:\/\/www.confagricoltura.org\/piacenza\/1199-2\/\"},\"author\":{\"name\":\"confagricolturapiacenza\",\"@id\":\"https:\/\/www.confagricoltura.org\/piacenza\/#\/schema\/person\/be5da25a3117fea4b3bfec9dba09b5e8\"},\"headline\":\"DONI DA ANGA-PIACENZA ALL\u2019AZIENDA AGRICOLA SOCIALE \u201cRIO TORTO\u201d\",\"datePublished\":\"2018-04-09T14:50:21+00:00\",\"dateModified\":\"2021-03-11T12:14:32+00:00\",\"mainEntityOfPage\":{\"@id\":\"https:\/\/www.confagricoltura.org\/piacenza\/1199-2\/\"},\"wordCount\":315,\"commentCount\":0,\"image\":{\"@id\":\"https:\/\/www.confagricoltura.org\/piacenza\/1199-2\/#primaryimage\"},\"thumbnailUrl\":\"http:\/\/www.confagricoltura.org\/piacenza\/wp-content\/uploads\/sites\/3\/2018\/04\/FESTA-DI-PRIMAVERA.jpg\",\"articleSection\":[\"Archivio\"],\"inLanguage\":\"it-IT\"},{\"@type\":\"WebPage\",\"@id\":\"https:\/\/www.confagricoltura.org\/piacenza\/1199-2\/\",\"url\":\"https:\/\/www.confagricoltura.org\/piacenza\/1199-2\/\",\"name\":\"DONI DA ANGA-PIACENZA ALL\u2019AZIENDA AGRICOLA SOCIALE \u201cRIO TORTO\u201d - Confagricoltura Piacenza\",\"isPartOf\":{\"@id\":\"https:\/\/www.confagricoltura.org\/piacenza\/#website\"},\"primaryImageOfPage\":{\"@id\":\"https:\/\/www.confagricoltura.org\/piacenza\/1199-2\/#primaryimage\"},\"image\":{\"@id\":\"https:\/\/www.confagricoltura.org\/piacenza\/1199-2\/#primaryimage\"},\"thumbnailUrl\":\"http:\/\/www.confagricoltura.org\/piacenza\/wp-content\/uploads\/sites\/3\/2018\/04\/FESTA-DI-PRIMAVERA.jpg\",\"datePublished\":\"2018-04-09T14:50:21+00:00\",\"dateModified\":\"2021-03-11T12:14:32+00:00\",\"author\":{\"@id\":\"https:\/\/www.confagricoltura.org\/piacenza\/#\/schema\/person\/be5da25a3117fea4b3bfec9dba09b5e8\"},\"breadcrumb\":{\"@id\":\"https:\/\/www.confagricoltura.org\/piacenza\/1199-2\/#breadcrumb\"},\"inLanguage\":\"it-IT\",\"potentialAction\":[{\"@type\":\"ReadAction\",\"target\":[\"https:\/\/www.confagricoltura.org\/piacenza\/1199-2\/\"]}]},{\"@type\":\"ImageObject\",\"inLanguage\":\"it-IT\",\"@id\":\"https:\/\/www.confagricoltura.org\/piacenza\/1199-2\/#primaryimage\",\"url\":\"http:\/\/www.confagricoltura.org\/piacenza\/wp-content\/uploads\/sites\/3\/2018\/04\/FESTA-DI-PRIMAVERA.jpg\",\"contentUrl\":\"http:\/\/www.confagricoltura.org\/piacenza\/wp-content\/uploads\/sites\/3\/2018\/04\/FESTA-DI-PRIMAVERA.jpg\"},{\"@type\":\"BreadcrumbList\",\"@id\":\"https:\/\/www.confagricoltura.org\/piacenza\/1199-2\/#breadcrumb\",\"itemListElement\":[{\"@type\":\"ListItem\",\"position\":1,\"name\":\"Home\",\"item\":\"https:\/\/www.confagricoltura.org\/piacenza\/\"},{\"@type\":\"ListItem\",\"position\":2,\"name\":\"DONI DA ANGA-PIACENZA ALL\u2019AZIENDA AGRICOLA SOCIALE \u201cRIO TORTO\u201d\"}]},{\"@type\":\"WebSite\",\"@id\":\"https:\/\/www.confagricoltura.org\/piacenza\/#website\",\"url\":\"https:\/\/www.confagricoltura.org\/piacenza\/\",\"name\":\"Confagricoltura Piacenza\",\"description\":\"Dalla parte degli Agricoltori\",\"potentialAction\":[{\"@type\":\"SearchAction\",\"target\":{\"@type\":\"EntryPoint\",\"urlTemplate\":\"https:\/\/www.confagricoltura.org\/piacenza\/?s={search_term_string}\"},\"query-input\":{\"@type\":\"PropertyValueSpecification\",\"valueRequired\":true,\"valueName\":\"search_term_string\"}}],\"inLanguage\":\"it-IT\"},{\"@type\":\"Person\",\"@id\":\"https:\/\/www.confagricoltura.org\/piacenza\/#\/schema\/person\/be5da25a3117fea4b3bfec9dba09b5e8\",\"name\":\"confagricolturapiacenza\",\"image\":{\"@type\":\"ImageObject\",\"inLanguage\":\"it-IT\",\"@id\":\"https:\/\/www.confagricoltura.org\/piacenza\/#\/schema\/person\/image\/\",\"url\":\"https:\/\/secure.gravatar.com\/avatar\/9c5f111e417171581853bd0a3ff892ca?s=96&d=mm&r=g\",\"contentUrl\":\"https:\/\/secure.gravatar.com\/avatar\/9c5f111e417171581853bd0a3ff892ca?s=96&d=mm&r=g\",\"caption\":\"confagricolturapiacenza\"},\"url\":\"https:\/\/www.confagricoltura.org\/piacenza\/author\/confagricolturapiacenza\/\"}]}<\/script>\n<!-- \/ Yoast SEO plugin. -->","yoast_head_json":{"title":"DONI DA ANGA-PIACENZA ALL\u2019AZIENDA AGRICOLA SOCIALE \u201cRIO TORTO\u201d - Confagricoltura Piacenza","robots":{"index":"index","follow":"follow","max-snippet":"max-snippet:-1","max-image-preview":"max-image-preview:large","max-video-preview":"max-video-preview:-1"},"canonical":"https:\/\/www.confagricoltura.org\/piacenza\/1199-2\/","og_locale":"it_IT","og_type":"article","og_title":"DONI DA ANGA-PIACENZA ALL\u2019AZIENDA AGRICOLA SOCIALE \u201cRIO TORTO\u201d - Confagricoltura Piacenza","og_description":"Festa di Primavera aperta a tutti per far conoscere la struttura Come ogni anno, la sezione piacentina di Anga ha organizzato una raccolta fondi per sostenere una buona causa e quest\u2019anno il ricavato \u00e8 stato utilizzato per acquistare attrezzature riabilitative e ginniche che sono state donate all\u2019azienda Agricola Rio Torto. Questa preziosa realt\u00e0, sita proprio","og_url":"https:\/\/www.confagricoltura.org\/piacenza\/1199-2\/","og_site_name":"Confagricoltura Piacenza","article_published_time":"2018-04-09T14:50:21+00:00","article_modified_time":"2021-03-11T12:14:32+00:00","og_image":[{"url":"http:\/\/www.confagricoltura.org\/piacenza\/wp-content\/uploads\/sites\/3\/2018\/04\/FESTA-DI-PRIMAVERA.jpg","type":"","width":"","height":""}],"author":"confagricolturapiacenza","twitter_card":"summary_large_image","twitter_misc":{"Scritto da":"confagricolturapiacenza","Tempo di lettura stimato":"2 minuti"},"schema":{"@context":"https:\/\/schema.org","@graph":[{"@type":"Article","@id":"https:\/\/www.confagricoltura.org\/piacenza\/1199-2\/#article","isPartOf":{"@id":"https:\/\/www.confagricoltura.org\/piacenza\/1199-2\/"},"author":{"name":"confagricolturapiacenza","@id":"https:\/\/www.confagricoltura.org\/piacenza\/#\/schema\/person\/be5da25a3117fea4b3bfec9dba09b5e8"},"headline":"DONI DA ANGA-PIACENZA ALL\u2019AZIENDA AGRICOLA SOCIALE \u201cRIO TORTO\u201d","datePublished":"2018-04-09T14:50:21+00:00","dateModified":"2021-03-11T12:14:32+00:00","mainEntityOfPage":{"@id":"https:\/\/www.confagricoltura.org\/piacenza\/1199-2\/"},"wordCount":315,"commentCount":0,"image":{"@id":"https:\/\/www.confagricoltura.org\/piacenza\/1199-2\/#primaryimage"},"thumbnailUrl":"http:\/\/www.confagricoltura.org\/piacenza\/wp-content\/uploads\/sites\/3\/2018\/04\/FESTA-DI-PRIMAVERA.jpg","articleSection":["Archivio"],"inLanguage":"it-IT"},{"@type":"WebPage","@id":"https:\/\/www.confagricoltura.org\/piacenza\/1199-2\/","url":"https:\/\/www.confagricoltura.org\/piacenza\/1199-2\/","name":"DONI DA ANGA-PIACENZA ALL\u2019AZIENDA AGRICOLA SOCIALE \u201cRIO TORTO\u201d - Confagricoltura Piacenza","isPartOf":{"@id":"https:\/\/www.confagricoltura.org\/piacenza\/#website"},"primaryImageOfPage":{"@id":"https:\/\/www.confagricoltura.org\/piacenza\/1199-2\/#primaryimage"},"image":{"@id":"https:\/\/www.confagricoltura.org\/piacenza\/1199-2\/#primaryimage"},"thumbnailUrl":"http:\/\/www.confagricoltura.org\/piacenza\/wp-content\/uploads\/sites\/3\/2018\/04\/FESTA-DI-PRIMAVERA.jpg","datePublished":"2018-04-09T14:50:21+00:00","dateModified":"2021-03-11T12:14:32+00:00","author":{"@id":"https:\/\/www.confagricoltura.org\/piacenza\/#\/schema\/person\/be5da25a3117fea4b3bfec9dba09b5e8"},"breadcrumb":{"@id":"https:\/\/www.confagricoltura.org\/piacenza\/1199-2\/#breadcrumb"},"inLanguage":"it-IT","potentialAction":[{"@type":"ReadAction","target":["https:\/\/www.confagricoltura.org\/piacenza\/1199-2\/"]}]},{"@type":"ImageObject","inLanguage":"it-IT","@id":"https:\/\/www.confagricoltura.org\/piacenza\/1199-2\/#primaryimage","url":"http:\/\/www.confagricoltura.org\/piacenza\/wp-content\/uploads\/sites\/3\/2018\/04\/FESTA-DI-PRIMAVERA.jpg","contentUrl":"http:\/\/www.confagricoltura.org\/piacenza\/wp-content\/uploads\/sites\/3\/2018\/04\/FESTA-DI-PRIMAVERA.jpg"},{"@type":"BreadcrumbList","@id":"https:\/\/www.confagricoltura.org\/piacenza\/1199-2\/#breadcrumb","itemListElement":[{"@type":"ListItem","position":1,"name":"Home","item":"https:\/\/www.confagricoltura.org\/piacenza\/"},{"@type":"ListItem","position":2,"name":"DONI DA ANGA-PIACENZA ALL\u2019AZIENDA AGRICOLA SOCIALE \u201cRIO TORTO\u201d"}]},{"@type":"WebSite","@id":"https:\/\/www.confagricoltura.org\/piacenza\/#website","url":"https:\/\/www.confagricoltura.org\/piacenza\/","name":"Confagricoltura Piacenza","description":"Dalla parte degli Agricoltori","potentialAction":[{"@type":"SearchAction","target":{"@type":"EntryPoint","urlTemplate":"https:\/\/www.confagricoltura.org\/piacenza\/?s={search_term_string}"},"query-input":{"@type":"PropertyValueSpecification","valueRequired":true,"valueName":"search_term_string"}}],"inLanguage":"it-IT"},{"@type":"Person","@id":"https:\/\/www.confagricoltura.org\/piacenza\/#\/schema\/person\/be5da25a3117fea4b3bfec9dba09b5e8","name":"confagricolturapiacenza","image":{"@type":"ImageObject","inLanguage":"it-IT","@id":"https:\/\/www.confagricoltura.org\/piacenza\/#\/schema\/person\/image\/","url":"https:\/\/secure.gravatar.com\/avatar\/9c5f111e417171581853bd0a3ff892ca?s=96&d=mm&r=g","contentUrl":"https:\/\/secure.gravatar.com\/avatar\/9c5f111e417171581853bd0a3ff892ca?s=96&d=mm&r=g","caption":"confagricolturapiacenza"},"url":"https:\/\/www.confagricoltura.org\/piacenza\/author\/confagricolturapiacenza\/"}]}},"_links":{"self":[{"href":"https:\/\/www.confagricoltura.org\/piacenza\/wp-json\/wp\/v2\/posts\/2512","targetHints":{"allow":["GET"]}}],"collection":[{"href":"https:\/\/www.confagricoltura.org\/piacenza\/wp-json\/wp\/v2\/posts"}],"about":[{"href":"https:\/\/www.confagricoltura.org\/piacenza\/wp-json\/wp\/v2\/types\/post"}],"author":[{"embeddable":true,"href":"https:\/\/www.confagricoltura.org\/piacenza\/wp-json\/wp\/v2\/users\/6"}],"replies":[{"embeddable":true,"href":"https:\/\/www.confagricoltura.org\/piacenza\/wp-json\/wp\/v2\/comments?post=2512"}],"version-history":[{"count":1,"href":"https:\/\/www.confagricoltura.org\/piacenza\/wp-json\/wp\/v2\/posts\/2512\/revisions"}],"predecessor-version":[{"id":2806,"href":"https:\/\/www.confagricoltura.org\/piacenza\/wp-json\/wp\/v2\/posts\/2512\/revisions\/2806"}],"wp:attachment":[{"href":"https:\/\/www.confagricoltura.org\/piacenza\/wp-json\/wp\/v2\/media?parent=2512"}],"wp:term":[{"taxonomy":"category","embeddable":true,"href":"https:\/\/www.confagricoltura.org\/piacenza\/wp-json\/wp\/v2\/categories?post=2512"},{"taxonomy":"post_tag","embeddable":true,"href":"https:\/\/www.confagricoltura.org\/piacenza\/wp-json\/wp\/v2\/tags?post=2512"}],"curies":[{"name":"wp","href":"https:\/\/api.w.org\/{rel}","templated":true}]}}