{"id":2503,"date":"2018-02-23T12:49:33","date_gmt":"2018-02-23T11:49:33","guid":{"rendered":"http:\/\/www.confagricoltura.org\/piacenza\/?p=1141"},"modified":"2021-03-11T13:14:44","modified_gmt":"2021-03-11T12:14:44","slug":"incontro-tecnico-divulgativo-anga-sullagricoltura-precisione","status":"publish","type":"post","link":"https:\/\/www.confagricoltura.org\/piacenza\/incontro-tecnico-divulgativo-anga-sullagricoltura-precisione\/","title":{"rendered":"8 MARZO &#8211; INCONTRO TECNICO DIVULGATIVO DI ANGA SULL\u2019AGRICOLTURA DI PRECISIONE"},"content":{"rendered":"<h4><em>Peratici: la tecnologia \u00e8 uno strumento della competitivit\u00e0<\/em><\/h4>\n<p>&nbsp;<\/p>\n<p>\u201cLa tecnologia \u00e8 uno degli strumenti che le aziende hanno a disposizione per poter essere competitive e come associazione che raggruppa dei giovani di Confagricoltura ci impegniamo per creare momenti di formazione e informazione affinch\u00e9 i giovani imprenditori agricoli possano aver presente quanto il mercato offre e valutare cosa conviene oggi mettere in campo\u201d. A spiegarlo \u00e8 Corrado Peratici, presidente di Anga Piacenza. L\u2019associazione <strong>gioved\u00ec 8\u00b0 marzo<\/strong> organizza un incontro dedicato all\u2019agricoltura di precisione. \u201cIl tema \u00e8 pi\u00f9 che mai attuale, certamente non siamo gli unici a parlarne \u2013 prosegue Peratici \u2013 e diversi agricoltori stanno gi\u00e0 utilizzando alcune tecniche di <em>precision<\/em> <em>farming<\/em>, ma lo scopo dell\u2019incontro \u00e8 discuterne insieme e analizzare nuove possibilit\u00e0 concrete, magari da mettere in campo gi\u00e0 nella prossima campagna. Con i costi dei fattori produttivi in costante rialzo \u00e8, inoltre, sempre pi\u00f9 importante avvalersi della tecnologia giusta, valutarne oculatamente gli aspetti economici, in termini di ritorno sull\u2019investimento, saperla utilizzare al meglio e vedere i risultati che altre aziende hanno ottenuto.\u00a0 Non a caso abbiamo chiesto la testimonianza di Massimo Salvagnin che con la famiglia conduce nel ferrarese la tenuta Porto Felloni gestendo 450 ettari secondo i principi dell\u2019agricoltura di precisione. Nel corso dell\u2019anno sono diversi gli appuntamenti che la nostra associazione organizza per divulgare, formare e condividere. I giovani trovano motivo di rimanere, o tornare, in agricoltura solo se possono costruirsi un futuro; la tradizione \u00e8 imprescindibile da un approccio moderno che considera costi, benefici e redditivit\u00e0 degli investimenti\u201d. L\u2019incontro \u00e8 in <strong>programma alle ore 14.30 nella Sala Giammaria Visconti presso la sede di Confagricoltura Piacenza, al secondo piano, in via Colombo, 35<\/strong>. Dopo i saluti di Filippo Gasparini, presidente di Confagricoltura Piacenza e del presidente di Anga Piacenza, l\u2019imprenditore Massimo Salvagnin e il nipote Simone Gatto porteranno ad esempio la propria esperienza; seguir\u00e0 l\u2019intervento di Giovanni Arata, ingegnere e progettista della ditta Casella Macchine Agricole, che illustrer\u00e0 le opportunit\u00e0 offerte dalla tecnologia sul mercato e nuovi modelli gestionali integrati.<\/p>\n<p>L\u2019incontro \u00e8 aperto e gratuito.<img loading=\"lazy\" decoding=\"async\" class=\"alignnone size-full wp-image-1145 img-responsive\" src=\"http:\/\/www.confagricoltura.org\/piacenza\/wp-content\/uploads\/sites\/3\/2018\/02\/precisione-1.jpg\" alt=\"\" width=\"727\" height=\"1024\" \/><\/p>\n<p><img loading=\"lazy\" decoding=\"async\" class=\"alignnone wp-image-921 img-responsive\" src=\"http:\/\/www.confagricoltura.org\/piacenza\/wp-content\/uploads\/sites\/3\/2017\/06\/Corrado-Peratici.jpg\" alt=\"\" width=\"570\" height=\"760\" \/><\/p>\n","protected":false},"excerpt":{"rendered":"<p>Peratici: la tecnologia \u00e8 uno strumento della competitivit\u00e0 &nbsp; \u201cLa tecnologia \u00e8 uno degli strumenti che le aziende hanno a disposizione per poter essere competitive e come associazione che raggruppa dei giovani di Confagricoltura ci impegniamo per creare momenti di formazione e informazione affinch\u00e9 i giovani imprenditori agricoli possano aver presente quanto il mercato offre<\/p>\n","protected":false},"author":6,"featured_media":0,"comment_status":"open","ping_status":"open","sticky":false,"template":"","format":"standard","meta":{"wp_mapbox_gl_js_media":[],"footnotes":""},"categories":[335],"tags":[139],"class_list":["post-2503","post","type-post","status-publish","format-standard","hentry","category-archivio","tag-agricoltura-precisione"],"yoast_head":"<!-- This site is optimized with the Yoast SEO plugin v26.8 - https:\/\/yoast.com\/product\/yoast-seo-wordpress\/ -->\n<title>8 MARZO - INCONTRO TECNICO DIVULGATIVO DI ANGA SULL\u2019AGRICOLTURA DI PRECISIONE - Confagricoltura Piacenza<\/title>\n<meta name=\"robots\" content=\"index, follow, max-snippet:-1, max-image-preview:large, max-video-preview:-1\" \/>\n<link rel=\"canonical\" href=\"https:\/\/www.confagricoltura.org\/piacenza\/incontro-tecnico-divulgativo-anga-sullagricoltura-precisione\/\" \/>\n<meta property=\"og:locale\" content=\"it_IT\" \/>\n<meta property=\"og:type\" content=\"article\" \/>\n<meta property=\"og:title\" content=\"8 MARZO - INCONTRO TECNICO DIVULGATIVO DI ANGA SULL\u2019AGRICOLTURA DI PRECISIONE - Confagricoltura Piacenza\" \/>\n<meta property=\"og:description\" content=\"Peratici: la tecnologia \u00e8 uno strumento della competitivit\u00e0 &nbsp; \u201cLa tecnologia \u00e8 uno degli strumenti che le aziende hanno a disposizione per poter essere competitive e come associazione che raggruppa dei giovani di Confagricoltura ci impegniamo per creare momenti di formazione e informazione affinch\u00e9 i giovani imprenditori agricoli possano aver presente quanto il mercato offre\" \/>\n<meta property=\"og:url\" content=\"https:\/\/www.confagricoltura.org\/piacenza\/incontro-tecnico-divulgativo-anga-sullagricoltura-precisione\/\" \/>\n<meta property=\"og:site_name\" content=\"Confagricoltura Piacenza\" \/>\n<meta property=\"article:published_time\" content=\"2018-02-23T11:49:33+00:00\" \/>\n<meta property=\"article:modified_time\" content=\"2021-03-11T12:14:44+00:00\" \/>\n<meta property=\"og:image\" content=\"http:\/\/www.confagricoltura.org\/piacenza\/wp-content\/uploads\/sites\/3\/2018\/02\/precisione-1.jpg\" \/>\n<meta name=\"author\" content=\"confagricolturapiacenza\" \/>\n<meta name=\"twitter:card\" content=\"summary_large_image\" \/>\n<meta name=\"twitter:label1\" content=\"Scritto da\" \/>\n\t<meta name=\"twitter:data1\" content=\"confagricolturapiacenza\" \/>\n\t<meta name=\"twitter:label2\" content=\"Tempo di lettura stimato\" \/>\n\t<meta name=\"twitter:data2\" content=\"2 minuti\" \/>\n<script type=\"application\/ld+json\" class=\"yoast-schema-graph\">{\"@context\":\"https:\/\/schema.org\",\"@graph\":[{\"@type\":\"Article\",\"@id\":\"https:\/\/www.confagricoltura.org\/piacenza\/incontro-tecnico-divulgativo-anga-sullagricoltura-precisione\/#article\",\"isPartOf\":{\"@id\":\"https:\/\/www.confagricoltura.org\/piacenza\/incontro-tecnico-divulgativo-anga-sullagricoltura-precisione\/\"},\"author\":{\"name\":\"confagricolturapiacenza\",\"@id\":\"https:\/\/www.confagricoltura.org\/piacenza\/#\/schema\/person\/be5da25a3117fea4b3bfec9dba09b5e8\"},\"headline\":\"8 MARZO &#8211; INCONTRO TECNICO DIVULGATIVO DI ANGA SULL\u2019AGRICOLTURA DI PRECISIONE\",\"datePublished\":\"2018-02-23T11:49:33+00:00\",\"dateModified\":\"2021-03-11T12:14:44+00:00\",\"mainEntityOfPage\":{\"@id\":\"https:\/\/www.confagricoltura.org\/piacenza\/incontro-tecnico-divulgativo-anga-sullagricoltura-precisione\/\"},\"wordCount\":345,\"commentCount\":0,\"image\":{\"@id\":\"https:\/\/www.confagricoltura.org\/piacenza\/incontro-tecnico-divulgativo-anga-sullagricoltura-precisione\/#primaryimage\"},\"thumbnailUrl\":\"http:\/\/www.confagricoltura.org\/piacenza\/wp-content\/uploads\/sites\/3\/2018\/02\/precisione-1.jpg\",\"keywords\":[\"AGRICOLTURA PRECISIONE\"],\"articleSection\":[\"Archivio\"],\"inLanguage\":\"it-IT\"},{\"@type\":\"WebPage\",\"@id\":\"https:\/\/www.confagricoltura.org\/piacenza\/incontro-tecnico-divulgativo-anga-sullagricoltura-precisione\/\",\"url\":\"https:\/\/www.confagricoltura.org\/piacenza\/incontro-tecnico-divulgativo-anga-sullagricoltura-precisione\/\",\"name\":\"8 MARZO - INCONTRO TECNICO DIVULGATIVO DI ANGA SULL\u2019AGRICOLTURA DI PRECISIONE - Confagricoltura Piacenza\",\"isPartOf\":{\"@id\":\"https:\/\/www.confagricoltura.org\/piacenza\/#website\"},\"primaryImageOfPage\":{\"@id\":\"https:\/\/www.confagricoltura.org\/piacenza\/incontro-tecnico-divulgativo-anga-sullagricoltura-precisione\/#primaryimage\"},\"image\":{\"@id\":\"https:\/\/www.confagricoltura.org\/piacenza\/incontro-tecnico-divulgativo-anga-sullagricoltura-precisione\/#primaryimage\"},\"thumbnailUrl\":\"http:\/\/www.confagricoltura.org\/piacenza\/wp-content\/uploads\/sites\/3\/2018\/02\/precisione-1.jpg\",\"datePublished\":\"2018-02-23T11:49:33+00:00\",\"dateModified\":\"2021-03-11T12:14:44+00:00\",\"author\":{\"@id\":\"https:\/\/www.confagricoltura.org\/piacenza\/#\/schema\/person\/be5da25a3117fea4b3bfec9dba09b5e8\"},\"breadcrumb\":{\"@id\":\"https:\/\/www.confagricoltura.org\/piacenza\/incontro-tecnico-divulgativo-anga-sullagricoltura-precisione\/#breadcrumb\"},\"inLanguage\":\"it-IT\",\"potentialAction\":[{\"@type\":\"ReadAction\",\"target\":[\"https:\/\/www.confagricoltura.org\/piacenza\/incontro-tecnico-divulgativo-anga-sullagricoltura-precisione\/\"]}]},{\"@type\":\"ImageObject\",\"inLanguage\":\"it-IT\",\"@id\":\"https:\/\/www.confagricoltura.org\/piacenza\/incontro-tecnico-divulgativo-anga-sullagricoltura-precisione\/#primaryimage\",\"url\":\"http:\/\/www.confagricoltura.org\/piacenza\/wp-content\/uploads\/sites\/3\/2018\/02\/precisione-1.jpg\",\"contentUrl\":\"http:\/\/www.confagricoltura.org\/piacenza\/wp-content\/uploads\/sites\/3\/2018\/02\/precisione-1.jpg\"},{\"@type\":\"BreadcrumbList\",\"@id\":\"https:\/\/www.confagricoltura.org\/piacenza\/incontro-tecnico-divulgativo-anga-sullagricoltura-precisione\/#breadcrumb\",\"itemListElement\":[{\"@type\":\"ListItem\",\"position\":1,\"name\":\"Home\",\"item\":\"https:\/\/www.confagricoltura.org\/piacenza\/\"},{\"@type\":\"ListItem\",\"position\":2,\"name\":\"8 MARZO &#8211; INCONTRO TECNICO DIVULGATIVO DI ANGA SULL\u2019AGRICOLTURA DI PRECISIONE\"}]},{\"@type\":\"WebSite\",\"@id\":\"https:\/\/www.confagricoltura.org\/piacenza\/#website\",\"url\":\"https:\/\/www.confagricoltura.org\/piacenza\/\",\"name\":\"Confagricoltura Piacenza\",\"description\":\"Dalla parte degli Agricoltori\",\"potentialAction\":[{\"@type\":\"SearchAction\",\"target\":{\"@type\":\"EntryPoint\",\"urlTemplate\":\"https:\/\/www.confagricoltura.org\/piacenza\/?s={search_term_string}\"},\"query-input\":{\"@type\":\"PropertyValueSpecification\",\"valueRequired\":true,\"valueName\":\"search_term_string\"}}],\"inLanguage\":\"it-IT\"},{\"@type\":\"Person\",\"@id\":\"https:\/\/www.confagricoltura.org\/piacenza\/#\/schema\/person\/be5da25a3117fea4b3bfec9dba09b5e8\",\"name\":\"confagricolturapiacenza\",\"image\":{\"@type\":\"ImageObject\",\"inLanguage\":\"it-IT\",\"@id\":\"https:\/\/www.confagricoltura.org\/piacenza\/#\/schema\/person\/image\/\",\"url\":\"https:\/\/secure.gravatar.com\/avatar\/9c5f111e417171581853bd0a3ff892ca?s=96&d=mm&r=g\",\"contentUrl\":\"https:\/\/secure.gravatar.com\/avatar\/9c5f111e417171581853bd0a3ff892ca?s=96&d=mm&r=g\",\"caption\":\"confagricolturapiacenza\"},\"url\":\"https:\/\/www.confagricoltura.org\/piacenza\/author\/confagricolturapiacenza\/\"}]}<\/script>\n<!-- \/ Yoast SEO plugin. -->","yoast_head_json":{"title":"8 MARZO - INCONTRO TECNICO DIVULGATIVO DI ANGA SULL\u2019AGRICOLTURA DI PRECISIONE - Confagricoltura Piacenza","robots":{"index":"index","follow":"follow","max-snippet":"max-snippet:-1","max-image-preview":"max-image-preview:large","max-video-preview":"max-video-preview:-1"},"canonical":"https:\/\/www.confagricoltura.org\/piacenza\/incontro-tecnico-divulgativo-anga-sullagricoltura-precisione\/","og_locale":"it_IT","og_type":"article","og_title":"8 MARZO - INCONTRO TECNICO DIVULGATIVO DI ANGA SULL\u2019AGRICOLTURA DI PRECISIONE - Confagricoltura Piacenza","og_description":"Peratici: la tecnologia \u00e8 uno strumento della competitivit\u00e0 &nbsp; \u201cLa tecnologia \u00e8 uno degli strumenti che le aziende hanno a disposizione per poter essere competitive e come associazione che raggruppa dei giovani di Confagricoltura ci impegniamo per creare momenti di formazione e informazione affinch\u00e9 i giovani imprenditori agricoli possano aver presente quanto il mercato offre","og_url":"https:\/\/www.confagricoltura.org\/piacenza\/incontro-tecnico-divulgativo-anga-sullagricoltura-precisione\/","og_site_name":"Confagricoltura Piacenza","article_published_time":"2018-02-23T11:49:33+00:00","article_modified_time":"2021-03-11T12:14:44+00:00","og_image":[{"url":"http:\/\/www.confagricoltura.org\/piacenza\/wp-content\/uploads\/sites\/3\/2018\/02\/precisione-1.jpg","type":"","width":"","height":""}],"author":"confagricolturapiacenza","twitter_card":"summary_large_image","twitter_misc":{"Scritto da":"confagricolturapiacenza","Tempo di lettura stimato":"2 minuti"},"schema":{"@context":"https:\/\/schema.org","@graph":[{"@type":"Article","@id":"https:\/\/www.confagricoltura.org\/piacenza\/incontro-tecnico-divulgativo-anga-sullagricoltura-precisione\/#article","isPartOf":{"@id":"https:\/\/www.confagricoltura.org\/piacenza\/incontro-tecnico-divulgativo-anga-sullagricoltura-precisione\/"},"author":{"name":"confagricolturapiacenza","@id":"https:\/\/www.confagricoltura.org\/piacenza\/#\/schema\/person\/be5da25a3117fea4b3bfec9dba09b5e8"},"headline":"8 MARZO &#8211; INCONTRO TECNICO DIVULGATIVO DI ANGA SULL\u2019AGRICOLTURA DI PRECISIONE","datePublished":"2018-02-23T11:49:33+00:00","dateModified":"2021-03-11T12:14:44+00:00","mainEntityOfPage":{"@id":"https:\/\/www.confagricoltura.org\/piacenza\/incontro-tecnico-divulgativo-anga-sullagricoltura-precisione\/"},"wordCount":345,"commentCount":0,"image":{"@id":"https:\/\/www.confagricoltura.org\/piacenza\/incontro-tecnico-divulgativo-anga-sullagricoltura-precisione\/#primaryimage"},"thumbnailUrl":"http:\/\/www.confagricoltura.org\/piacenza\/wp-content\/uploads\/sites\/3\/2018\/02\/precisione-1.jpg","keywords":["AGRICOLTURA PRECISIONE"],"articleSection":["Archivio"],"inLanguage":"it-IT"},{"@type":"WebPage","@id":"https:\/\/www.confagricoltura.org\/piacenza\/incontro-tecnico-divulgativo-anga-sullagricoltura-precisione\/","url":"https:\/\/www.confagricoltura.org\/piacenza\/incontro-tecnico-divulgativo-anga-sullagricoltura-precisione\/","name":"8 MARZO - INCONTRO TECNICO DIVULGATIVO DI ANGA SULL\u2019AGRICOLTURA DI PRECISIONE - Confagricoltura Piacenza","isPartOf":{"@id":"https:\/\/www.confagricoltura.org\/piacenza\/#website"},"primaryImageOfPage":{"@id":"https:\/\/www.confagricoltura.org\/piacenza\/incontro-tecnico-divulgativo-anga-sullagricoltura-precisione\/#primaryimage"},"image":{"@id":"https:\/\/www.confagricoltura.org\/piacenza\/incontro-tecnico-divulgativo-anga-sullagricoltura-precisione\/#primaryimage"},"thumbnailUrl":"http:\/\/www.confagricoltura.org\/piacenza\/wp-content\/uploads\/sites\/3\/2018\/02\/precisione-1.jpg","datePublished":"2018-02-23T11:49:33+00:00","dateModified":"2021-03-11T12:14:44+00:00","author":{"@id":"https:\/\/www.confagricoltura.org\/piacenza\/#\/schema\/person\/be5da25a3117fea4b3bfec9dba09b5e8"},"breadcrumb":{"@id":"https:\/\/www.confagricoltura.org\/piacenza\/incontro-tecnico-divulgativo-anga-sullagricoltura-precisione\/#breadcrumb"},"inLanguage":"it-IT","potentialAction":[{"@type":"ReadAction","target":["https:\/\/www.confagricoltura.org\/piacenza\/incontro-tecnico-divulgativo-anga-sullagricoltura-precisione\/"]}]},{"@type":"ImageObject","inLanguage":"it-IT","@id":"https:\/\/www.confagricoltura.org\/piacenza\/incontro-tecnico-divulgativo-anga-sullagricoltura-precisione\/#primaryimage","url":"http:\/\/www.confagricoltura.org\/piacenza\/wp-content\/uploads\/sites\/3\/2018\/02\/precisione-1.jpg","contentUrl":"http:\/\/www.confagricoltura.org\/piacenza\/wp-content\/uploads\/sites\/3\/2018\/02\/precisione-1.jpg"},{"@type":"BreadcrumbList","@id":"https:\/\/www.confagricoltura.org\/piacenza\/incontro-tecnico-divulgativo-anga-sullagricoltura-precisione\/#breadcrumb","itemListElement":[{"@type":"ListItem","position":1,"name":"Home","item":"https:\/\/www.confagricoltura.org\/piacenza\/"},{"@type":"ListItem","position":2,"name":"8 MARZO &#8211; INCONTRO TECNICO DIVULGATIVO DI ANGA SULL\u2019AGRICOLTURA DI PRECISIONE"}]},{"@type":"WebSite","@id":"https:\/\/www.confagricoltura.org\/piacenza\/#website","url":"https:\/\/www.confagricoltura.org\/piacenza\/","name":"Confagricoltura Piacenza","description":"Dalla parte degli Agricoltori","potentialAction":[{"@type":"SearchAction","target":{"@type":"EntryPoint","urlTemplate":"https:\/\/www.confagricoltura.org\/piacenza\/?s={search_term_string}"},"query-input":{"@type":"PropertyValueSpecification","valueRequired":true,"valueName":"search_term_string"}}],"inLanguage":"it-IT"},{"@type":"Person","@id":"https:\/\/www.confagricoltura.org\/piacenza\/#\/schema\/person\/be5da25a3117fea4b3bfec9dba09b5e8","name":"confagricolturapiacenza","image":{"@type":"ImageObject","inLanguage":"it-IT","@id":"https:\/\/www.confagricoltura.org\/piacenza\/#\/schema\/person\/image\/","url":"https:\/\/secure.gravatar.com\/avatar\/9c5f111e417171581853bd0a3ff892ca?s=96&d=mm&r=g","contentUrl":"https:\/\/secure.gravatar.com\/avatar\/9c5f111e417171581853bd0a3ff892ca?s=96&d=mm&r=g","caption":"confagricolturapiacenza"},"url":"https:\/\/www.confagricoltura.org\/piacenza\/author\/confagricolturapiacenza\/"}]}},"_links":{"self":[{"href":"https:\/\/www.confagricoltura.org\/piacenza\/wp-json\/wp\/v2\/posts\/2503","targetHints":{"allow":["GET"]}}],"collection":[{"href":"https:\/\/www.confagricoltura.org\/piacenza\/wp-json\/wp\/v2\/posts"}],"about":[{"href":"https:\/\/www.confagricoltura.org\/piacenza\/wp-json\/wp\/v2\/types\/post"}],"author":[{"embeddable":true,"href":"https:\/\/www.confagricoltura.org\/piacenza\/wp-json\/wp\/v2\/users\/6"}],"replies":[{"embeddable":true,"href":"https:\/\/www.confagricoltura.org\/piacenza\/wp-json\/wp\/v2\/comments?post=2503"}],"version-history":[{"count":1,"href":"https:\/\/www.confagricoltura.org\/piacenza\/wp-json\/wp\/v2\/posts\/2503\/revisions"}],"predecessor-version":[{"id":2815,"href":"https:\/\/www.confagricoltura.org\/piacenza\/wp-json\/wp\/v2\/posts\/2503\/revisions\/2815"}],"wp:attachment":[{"href":"https:\/\/www.confagricoltura.org\/piacenza\/wp-json\/wp\/v2\/media?parent=2503"}],"wp:term":[{"taxonomy":"category","embeddable":true,"href":"https:\/\/www.confagricoltura.org\/piacenza\/wp-json\/wp\/v2\/categories?post=2503"},{"taxonomy":"post_tag","embeddable":true,"href":"https:\/\/www.confagricoltura.org\/piacenza\/wp-json\/wp\/v2\/tags?post=2503"}],"curies":[{"name":"wp","href":"https:\/\/api.w.org\/{rel}","templated":true}]}}