{"id":2498,"date":"2018-02-13T14:27:06","date_gmt":"2018-02-13T13:27:06","guid":{"rendered":"http:\/\/www.confagricoltura.org\/piacenza\/?p=1119"},"modified":"2021-03-11T13:14:44","modified_gmt":"2021-03-11T12:14:44","slug":"pomodoro-industria-ce-laccordo-quadro","status":"publish","type":"post","link":"https:\/\/www.confagricoltura.org\/piacenza\/pomodoro-industria-ce-laccordo-quadro\/","title":{"rendered":"POMODORO DA INDUSTRIA: C\u2019E\u2019 L\u2019ACCORDO QUADRO"},"content":{"rendered":"<h3><em>Confagricoltura Piacenza: luci e ombre, trascurando l\u2019incremento dei costi <\/em><\/h3>\n<p><em>\u00a0<\/em><\/p>\n<p>Venerd\u00ec sera \u00e8 stato siglato l\u2019accordo quadro per la prossima campagna del pomodoro da industria del Nord. Il prezzo di riferimento \u00e8 di 79,75 euro a tonnellata. Per la prima volta, sar\u00e0 riconosciuto un premio al pomodoro che registrer\u00e0 un grado brix compreso tra 4,8 e 5,2. Un aspetto importante, deciso nell\u2019ottica di far aumentare la qualit\u00e0 delle produzioni che gi\u00e0 contraddistingue il pomodoro del Nord. Le Organizzazioni dei Produttori hanno raggiunto l\u2019intesa con l\u2019industria di trasformazione rappresentata da Anicav e Confapi Industria. Le parti hanno firmato l\u2019accordo considerando le difficolt\u00e0 del momento per entrambi, cercando di bilanciare le proprie esigenze. La scaletta della qualit\u00e0 \u00e8 stata fissata in un range tra 4 a 5,7. Giovanni Lambertini, presidente della Sezione di prodotto Pomodoro da Industria di Confagricoltura Piacenza, che \u00e8 anche presidente della Sezione di Prodotto regionale sottolinea: \u201dAspetto negativo, nella formazione del prezzo di riferimento, \u00e8 stato quello di non considerare l\u2019aumento, gi\u00e0 registrato, dei costi produttivi, che si aggira attorno al 5% a cui, non ultimo, gli agricoltori dovranno aggiungere anche l\u2019incremento dei costi assicurativi che si stanno registrando per la campagna di sottoscrizioni appena avviata\u201d. Filippo Gasparini, presidente di Confagricoltura Piacenza e il direttore, Marco Casagrande, rilevano: \u201cE\u2019 un bene che, come avevamo chiesto, si sia evitata una deliberata e unilaterale riduzione delle superfici destinate che avrebbe lasciato aperto spazi pericolosi ad altri, in questo senso \u00e8 coerente anche che si sia deciso di riaprire un sito produttivo, oltretutto scongiurando un ulteriore calo del prezzo di riferimento che \u00e8 stato mantenuto in linea con quello dello scorso anno ponendo l\u2019accento sulla valorizzazione della qualit\u00e0\u201d. Il direttore di Confagricoltura Piacenza conclude: \u201cPer il futuro, auspico l\u2019avvio di progetti, insieme alle OP, per cercare di governare meglio i meccanismi di mercato alla base della formazione dei prezzi e migliorare sempre di pi\u00f9 la capacit\u00e0 dei produttori di incidere sulla filiera\u201d.<\/p>\n<p><img loading=\"lazy\" decoding=\"async\" class=\"alignnone  wp-image-1106 img-responsive\" src=\"http:\/\/www.confagricoltura.org\/piacenza\/wp-content\/uploads\/sites\/3\/2018\/02\/Casagrande-Gasparini.jpg\" alt=\"\" width=\"677\" height=\"381\" \/><\/p>\n<p>Marco Casagrande e Filippo Gasparini \u00a0\u2013 direttore e presidente di Confagricoltura Piacenza<\/p>\n<p><img loading=\"lazy\" decoding=\"async\" class=\"alignnone  wp-image-1079 img-responsive\" src=\"http:\/\/www.confagricoltura.org\/piacenza\/wp-content\/uploads\/sites\/3\/2018\/01\/Gasparini-Lambertini.jpg\" alt=\"\" width=\"676\" height=\"570\" \/><\/p>\n<p>Gasparini Filippo Presidente di Confagricoltura Piacenza e Lambertini Giovanni \u2013 Presidente della sezione di prodotto pomodoro da industria dei Confagricoltura Piacenza e di Confagricoltura Emilia Romagna.<\/p>\n","protected":false},"excerpt":{"rendered":"<p>Confagricoltura Piacenza: luci e ombre, trascurando l\u2019incremento dei costi \u00a0 Venerd\u00ec sera \u00e8 stato siglato l\u2019accordo quadro per la prossima campagna del pomodoro da industria del Nord. Il prezzo di riferimento \u00e8 di 79,75 euro a tonnellata. Per la prima volta, sar\u00e0 riconosciuto un premio al pomodoro che registrer\u00e0 un grado brix compreso tra 4,8<\/p>\n","protected":false},"author":6,"featured_media":0,"comment_status":"open","ping_status":"open","sticky":false,"template":"","format":"standard","meta":{"wp_mapbox_gl_js_media":[],"footnotes":""},"categories":[335],"tags":[133],"class_list":["post-2498","post","type-post","status-publish","format-standard","hentry","category-archivio","tag-pomodoro-accordo-quadro"],"yoast_head":"<!-- This site is optimized with the Yoast SEO plugin v26.8 - https:\/\/yoast.com\/product\/yoast-seo-wordpress\/ -->\n<title>POMODORO DA INDUSTRIA: C\u2019E\u2019 L\u2019ACCORDO QUADRO - Confagricoltura Piacenza<\/title>\n<meta name=\"robots\" content=\"index, follow, max-snippet:-1, max-image-preview:large, max-video-preview:-1\" \/>\n<link rel=\"canonical\" href=\"https:\/\/www.confagricoltura.org\/piacenza\/pomodoro-industria-ce-laccordo-quadro\/\" \/>\n<meta property=\"og:locale\" content=\"it_IT\" \/>\n<meta property=\"og:type\" content=\"article\" \/>\n<meta property=\"og:title\" content=\"POMODORO DA INDUSTRIA: C\u2019E\u2019 L\u2019ACCORDO QUADRO - Confagricoltura Piacenza\" \/>\n<meta property=\"og:description\" content=\"Confagricoltura Piacenza: luci e ombre, trascurando l\u2019incremento dei costi \u00a0 Venerd\u00ec sera \u00e8 stato siglato l\u2019accordo quadro per la prossima campagna del pomodoro da industria del Nord. Il prezzo di riferimento \u00e8 di 79,75 euro a tonnellata. Per la prima volta, sar\u00e0 riconosciuto un premio al pomodoro che registrer\u00e0 un grado brix compreso tra 4,8\" \/>\n<meta property=\"og:url\" content=\"https:\/\/www.confagricoltura.org\/piacenza\/pomodoro-industria-ce-laccordo-quadro\/\" \/>\n<meta property=\"og:site_name\" content=\"Confagricoltura Piacenza\" \/>\n<meta property=\"article:published_time\" content=\"2018-02-13T13:27:06+00:00\" \/>\n<meta property=\"article:modified_time\" content=\"2021-03-11T12:14:44+00:00\" \/>\n<meta property=\"og:image\" content=\"http:\/\/www.confagricoltura.org\/piacenza\/wp-content\/uploads\/sites\/3\/2018\/02\/Casagrande-Gasparini.jpg\" \/>\n<meta name=\"author\" content=\"confagricolturapiacenza\" \/>\n<meta name=\"twitter:card\" content=\"summary_large_image\" \/>\n<meta name=\"twitter:label1\" content=\"Scritto da\" \/>\n\t<meta name=\"twitter:data1\" content=\"confagricolturapiacenza\" \/>\n\t<meta name=\"twitter:label2\" content=\"Tempo di lettura stimato\" \/>\n\t<meta name=\"twitter:data2\" content=\"2 minuti\" \/>\n<script type=\"application\/ld+json\" class=\"yoast-schema-graph\">{\"@context\":\"https:\/\/schema.org\",\"@graph\":[{\"@type\":\"Article\",\"@id\":\"https:\/\/www.confagricoltura.org\/piacenza\/pomodoro-industria-ce-laccordo-quadro\/#article\",\"isPartOf\":{\"@id\":\"https:\/\/www.confagricoltura.org\/piacenza\/pomodoro-industria-ce-laccordo-quadro\/\"},\"author\":{\"name\":\"confagricolturapiacenza\",\"@id\":\"https:\/\/www.confagricoltura.org\/piacenza\/#\/schema\/person\/be5da25a3117fea4b3bfec9dba09b5e8\"},\"headline\":\"POMODORO DA INDUSTRIA: C\u2019E\u2019 L\u2019ACCORDO QUADRO\",\"datePublished\":\"2018-02-13T13:27:06+00:00\",\"dateModified\":\"2021-03-11T12:14:44+00:00\",\"mainEntityOfPage\":{\"@id\":\"https:\/\/www.confagricoltura.org\/piacenza\/pomodoro-industria-ce-laccordo-quadro\/\"},\"wordCount\":361,\"commentCount\":0,\"image\":{\"@id\":\"https:\/\/www.confagricoltura.org\/piacenza\/pomodoro-industria-ce-laccordo-quadro\/#primaryimage\"},\"thumbnailUrl\":\"http:\/\/www.confagricoltura.org\/piacenza\/wp-content\/uploads\/sites\/3\/2018\/02\/Casagrande-Gasparini.jpg\",\"keywords\":[\"pomodoro accordo quadro\"],\"articleSection\":[\"Archivio\"],\"inLanguage\":\"it-IT\"},{\"@type\":\"WebPage\",\"@id\":\"https:\/\/www.confagricoltura.org\/piacenza\/pomodoro-industria-ce-laccordo-quadro\/\",\"url\":\"https:\/\/www.confagricoltura.org\/piacenza\/pomodoro-industria-ce-laccordo-quadro\/\",\"name\":\"POMODORO DA INDUSTRIA: C\u2019E\u2019 L\u2019ACCORDO QUADRO - Confagricoltura Piacenza\",\"isPartOf\":{\"@id\":\"https:\/\/www.confagricoltura.org\/piacenza\/#website\"},\"primaryImageOfPage\":{\"@id\":\"https:\/\/www.confagricoltura.org\/piacenza\/pomodoro-industria-ce-laccordo-quadro\/#primaryimage\"},\"image\":{\"@id\":\"https:\/\/www.confagricoltura.org\/piacenza\/pomodoro-industria-ce-laccordo-quadro\/#primaryimage\"},\"thumbnailUrl\":\"http:\/\/www.confagricoltura.org\/piacenza\/wp-content\/uploads\/sites\/3\/2018\/02\/Casagrande-Gasparini.jpg\",\"datePublished\":\"2018-02-13T13:27:06+00:00\",\"dateModified\":\"2021-03-11T12:14:44+00:00\",\"author\":{\"@id\":\"https:\/\/www.confagricoltura.org\/piacenza\/#\/schema\/person\/be5da25a3117fea4b3bfec9dba09b5e8\"},\"breadcrumb\":{\"@id\":\"https:\/\/www.confagricoltura.org\/piacenza\/pomodoro-industria-ce-laccordo-quadro\/#breadcrumb\"},\"inLanguage\":\"it-IT\",\"potentialAction\":[{\"@type\":\"ReadAction\",\"target\":[\"https:\/\/www.confagricoltura.org\/piacenza\/pomodoro-industria-ce-laccordo-quadro\/\"]}]},{\"@type\":\"ImageObject\",\"inLanguage\":\"it-IT\",\"@id\":\"https:\/\/www.confagricoltura.org\/piacenza\/pomodoro-industria-ce-laccordo-quadro\/#primaryimage\",\"url\":\"http:\/\/www.confagricoltura.org\/piacenza\/wp-content\/uploads\/sites\/3\/2018\/02\/Casagrande-Gasparini.jpg\",\"contentUrl\":\"http:\/\/www.confagricoltura.org\/piacenza\/wp-content\/uploads\/sites\/3\/2018\/02\/Casagrande-Gasparini.jpg\"},{\"@type\":\"BreadcrumbList\",\"@id\":\"https:\/\/www.confagricoltura.org\/piacenza\/pomodoro-industria-ce-laccordo-quadro\/#breadcrumb\",\"itemListElement\":[{\"@type\":\"ListItem\",\"position\":1,\"name\":\"Home\",\"item\":\"https:\/\/www.confagricoltura.org\/piacenza\/\"},{\"@type\":\"ListItem\",\"position\":2,\"name\":\"POMODORO DA INDUSTRIA: C\u2019E\u2019 L\u2019ACCORDO QUADRO\"}]},{\"@type\":\"WebSite\",\"@id\":\"https:\/\/www.confagricoltura.org\/piacenza\/#website\",\"url\":\"https:\/\/www.confagricoltura.org\/piacenza\/\",\"name\":\"Confagricoltura Piacenza\",\"description\":\"Dalla parte degli Agricoltori\",\"potentialAction\":[{\"@type\":\"SearchAction\",\"target\":{\"@type\":\"EntryPoint\",\"urlTemplate\":\"https:\/\/www.confagricoltura.org\/piacenza\/?s={search_term_string}\"},\"query-input\":{\"@type\":\"PropertyValueSpecification\",\"valueRequired\":true,\"valueName\":\"search_term_string\"}}],\"inLanguage\":\"it-IT\"},{\"@type\":\"Person\",\"@id\":\"https:\/\/www.confagricoltura.org\/piacenza\/#\/schema\/person\/be5da25a3117fea4b3bfec9dba09b5e8\",\"name\":\"confagricolturapiacenza\",\"image\":{\"@type\":\"ImageObject\",\"inLanguage\":\"it-IT\",\"@id\":\"https:\/\/www.confagricoltura.org\/piacenza\/#\/schema\/person\/image\/\",\"url\":\"https:\/\/secure.gravatar.com\/avatar\/9c5f111e417171581853bd0a3ff892ca?s=96&d=mm&r=g\",\"contentUrl\":\"https:\/\/secure.gravatar.com\/avatar\/9c5f111e417171581853bd0a3ff892ca?s=96&d=mm&r=g\",\"caption\":\"confagricolturapiacenza\"},\"url\":\"https:\/\/www.confagricoltura.org\/piacenza\/author\/confagricolturapiacenza\/\"}]}<\/script>\n<!-- \/ Yoast SEO plugin. -->","yoast_head_json":{"title":"POMODORO DA INDUSTRIA: C\u2019E\u2019 L\u2019ACCORDO QUADRO - Confagricoltura Piacenza","robots":{"index":"index","follow":"follow","max-snippet":"max-snippet:-1","max-image-preview":"max-image-preview:large","max-video-preview":"max-video-preview:-1"},"canonical":"https:\/\/www.confagricoltura.org\/piacenza\/pomodoro-industria-ce-laccordo-quadro\/","og_locale":"it_IT","og_type":"article","og_title":"POMODORO DA INDUSTRIA: C\u2019E\u2019 L\u2019ACCORDO QUADRO - Confagricoltura Piacenza","og_description":"Confagricoltura Piacenza: luci e ombre, trascurando l\u2019incremento dei costi \u00a0 Venerd\u00ec sera \u00e8 stato siglato l\u2019accordo quadro per la prossima campagna del pomodoro da industria del Nord. Il prezzo di riferimento \u00e8 di 79,75 euro a tonnellata. Per la prima volta, sar\u00e0 riconosciuto un premio al pomodoro che registrer\u00e0 un grado brix compreso tra 4,8","og_url":"https:\/\/www.confagricoltura.org\/piacenza\/pomodoro-industria-ce-laccordo-quadro\/","og_site_name":"Confagricoltura Piacenza","article_published_time":"2018-02-13T13:27:06+00:00","article_modified_time":"2021-03-11T12:14:44+00:00","og_image":[{"url":"http:\/\/www.confagricoltura.org\/piacenza\/wp-content\/uploads\/sites\/3\/2018\/02\/Casagrande-Gasparini.jpg","type":"","width":"","height":""}],"author":"confagricolturapiacenza","twitter_card":"summary_large_image","twitter_misc":{"Scritto da":"confagricolturapiacenza","Tempo di lettura stimato":"2 minuti"},"schema":{"@context":"https:\/\/schema.org","@graph":[{"@type":"Article","@id":"https:\/\/www.confagricoltura.org\/piacenza\/pomodoro-industria-ce-laccordo-quadro\/#article","isPartOf":{"@id":"https:\/\/www.confagricoltura.org\/piacenza\/pomodoro-industria-ce-laccordo-quadro\/"},"author":{"name":"confagricolturapiacenza","@id":"https:\/\/www.confagricoltura.org\/piacenza\/#\/schema\/person\/be5da25a3117fea4b3bfec9dba09b5e8"},"headline":"POMODORO DA INDUSTRIA: C\u2019E\u2019 L\u2019ACCORDO QUADRO","datePublished":"2018-02-13T13:27:06+00:00","dateModified":"2021-03-11T12:14:44+00:00","mainEntityOfPage":{"@id":"https:\/\/www.confagricoltura.org\/piacenza\/pomodoro-industria-ce-laccordo-quadro\/"},"wordCount":361,"commentCount":0,"image":{"@id":"https:\/\/www.confagricoltura.org\/piacenza\/pomodoro-industria-ce-laccordo-quadro\/#primaryimage"},"thumbnailUrl":"http:\/\/www.confagricoltura.org\/piacenza\/wp-content\/uploads\/sites\/3\/2018\/02\/Casagrande-Gasparini.jpg","keywords":["pomodoro accordo quadro"],"articleSection":["Archivio"],"inLanguage":"it-IT"},{"@type":"WebPage","@id":"https:\/\/www.confagricoltura.org\/piacenza\/pomodoro-industria-ce-laccordo-quadro\/","url":"https:\/\/www.confagricoltura.org\/piacenza\/pomodoro-industria-ce-laccordo-quadro\/","name":"POMODORO DA INDUSTRIA: C\u2019E\u2019 L\u2019ACCORDO QUADRO - Confagricoltura Piacenza","isPartOf":{"@id":"https:\/\/www.confagricoltura.org\/piacenza\/#website"},"primaryImageOfPage":{"@id":"https:\/\/www.confagricoltura.org\/piacenza\/pomodoro-industria-ce-laccordo-quadro\/#primaryimage"},"image":{"@id":"https:\/\/www.confagricoltura.org\/piacenza\/pomodoro-industria-ce-laccordo-quadro\/#primaryimage"},"thumbnailUrl":"http:\/\/www.confagricoltura.org\/piacenza\/wp-content\/uploads\/sites\/3\/2018\/02\/Casagrande-Gasparini.jpg","datePublished":"2018-02-13T13:27:06+00:00","dateModified":"2021-03-11T12:14:44+00:00","author":{"@id":"https:\/\/www.confagricoltura.org\/piacenza\/#\/schema\/person\/be5da25a3117fea4b3bfec9dba09b5e8"},"breadcrumb":{"@id":"https:\/\/www.confagricoltura.org\/piacenza\/pomodoro-industria-ce-laccordo-quadro\/#breadcrumb"},"inLanguage":"it-IT","potentialAction":[{"@type":"ReadAction","target":["https:\/\/www.confagricoltura.org\/piacenza\/pomodoro-industria-ce-laccordo-quadro\/"]}]},{"@type":"ImageObject","inLanguage":"it-IT","@id":"https:\/\/www.confagricoltura.org\/piacenza\/pomodoro-industria-ce-laccordo-quadro\/#primaryimage","url":"http:\/\/www.confagricoltura.org\/piacenza\/wp-content\/uploads\/sites\/3\/2018\/02\/Casagrande-Gasparini.jpg","contentUrl":"http:\/\/www.confagricoltura.org\/piacenza\/wp-content\/uploads\/sites\/3\/2018\/02\/Casagrande-Gasparini.jpg"},{"@type":"BreadcrumbList","@id":"https:\/\/www.confagricoltura.org\/piacenza\/pomodoro-industria-ce-laccordo-quadro\/#breadcrumb","itemListElement":[{"@type":"ListItem","position":1,"name":"Home","item":"https:\/\/www.confagricoltura.org\/piacenza\/"},{"@type":"ListItem","position":2,"name":"POMODORO DA INDUSTRIA: C\u2019E\u2019 L\u2019ACCORDO QUADRO"}]},{"@type":"WebSite","@id":"https:\/\/www.confagricoltura.org\/piacenza\/#website","url":"https:\/\/www.confagricoltura.org\/piacenza\/","name":"Confagricoltura Piacenza","description":"Dalla parte degli Agricoltori","potentialAction":[{"@type":"SearchAction","target":{"@type":"EntryPoint","urlTemplate":"https:\/\/www.confagricoltura.org\/piacenza\/?s={search_term_string}"},"query-input":{"@type":"PropertyValueSpecification","valueRequired":true,"valueName":"search_term_string"}}],"inLanguage":"it-IT"},{"@type":"Person","@id":"https:\/\/www.confagricoltura.org\/piacenza\/#\/schema\/person\/be5da25a3117fea4b3bfec9dba09b5e8","name":"confagricolturapiacenza","image":{"@type":"ImageObject","inLanguage":"it-IT","@id":"https:\/\/www.confagricoltura.org\/piacenza\/#\/schema\/person\/image\/","url":"https:\/\/secure.gravatar.com\/avatar\/9c5f111e417171581853bd0a3ff892ca?s=96&d=mm&r=g","contentUrl":"https:\/\/secure.gravatar.com\/avatar\/9c5f111e417171581853bd0a3ff892ca?s=96&d=mm&r=g","caption":"confagricolturapiacenza"},"url":"https:\/\/www.confagricoltura.org\/piacenza\/author\/confagricolturapiacenza\/"}]}},"_links":{"self":[{"href":"https:\/\/www.confagricoltura.org\/piacenza\/wp-json\/wp\/v2\/posts\/2498","targetHints":{"allow":["GET"]}}],"collection":[{"href":"https:\/\/www.confagricoltura.org\/piacenza\/wp-json\/wp\/v2\/posts"}],"about":[{"href":"https:\/\/www.confagricoltura.org\/piacenza\/wp-json\/wp\/v2\/types\/post"}],"author":[{"embeddable":true,"href":"https:\/\/www.confagricoltura.org\/piacenza\/wp-json\/wp\/v2\/users\/6"}],"replies":[{"embeddable":true,"href":"https:\/\/www.confagricoltura.org\/piacenza\/wp-json\/wp\/v2\/comments?post=2498"}],"version-history":[{"count":1,"href":"https:\/\/www.confagricoltura.org\/piacenza\/wp-json\/wp\/v2\/posts\/2498\/revisions"}],"predecessor-version":[{"id":2820,"href":"https:\/\/www.confagricoltura.org\/piacenza\/wp-json\/wp\/v2\/posts\/2498\/revisions\/2820"}],"wp:attachment":[{"href":"https:\/\/www.confagricoltura.org\/piacenza\/wp-json\/wp\/v2\/media?parent=2498"}],"wp:term":[{"taxonomy":"category","embeddable":true,"href":"https:\/\/www.confagricoltura.org\/piacenza\/wp-json\/wp\/v2\/categories?post=2498"},{"taxonomy":"post_tag","embeddable":true,"href":"https:\/\/www.confagricoltura.org\/piacenza\/wp-json\/wp\/v2\/tags?post=2498"}],"curies":[{"name":"wp","href":"https:\/\/api.w.org\/{rel}","templated":true}]}}