{"id":2487,"date":"2018-01-15T12:13:14","date_gmt":"2018-01-15T11:13:14","guid":{"rendered":"http:\/\/www.confagricoltura.org\/piacenza\/?p=1071"},"modified":"2021-03-11T13:14:44","modified_gmt":"2021-03-11T12:14:44","slug":"pubblicato-bando-isi-inail-2017","status":"publish","type":"post","link":"https:\/\/www.confagricoltura.org\/piacenza\/pubblicato-bando-isi-inail-2017\/","title":{"rendered":"PUBBLICATO IL BANDO ISI INAIL 2017"},"content":{"rendered":"<h3><em>Asse 5 dedicato all\u2019agricoltura per l\u2019acquisto di macchinari<\/em><\/h3>\n<p><em>\u00a0<\/em><\/p>\n<p>L\u2019INAIL ha pubblicato l\u2019Avviso pubblico ISI 2017 e i relativi bandi regionali riguardanti gli incentivi alle imprese per la realizzazione di interventi in materia di salute e sicurezza sul lavoro. Diversamente dallo scorso anno INAIL ha deciso di accorpare tutti gli incentivi in un bando unico, riservando ai finanziamenti rivolti alle micro e piccole imprese operanti nel settore della produzione agricola primaria l\u2019asse di finanziamento 5. L\u2019asse 5, suddiviso in due sub-assi (5.1 riferito alla generalit\u00e0 delle imprese e 5.2 rivolto ai giovani imprenditori), prevede una dotazione finanziaria di 35 milioni di euro, suddivisi in budget regionali e <strong>l\u2019avviso pubblico della Regione Emilia Romagna indica per quest\u2019asse una dotazione finanziaria di 3.6 milioni di euro di cui 3.38 per la generalit\u00e0 delle imprese e 223 mila euro riservati ai giovani agricoltori. Lo stanziamento \u00e8 stato tutto convogliato verso l\u2019acquisto di macchine agricole. Come l\u2019anno scorso le risorse servono dunque ad incentivare l\u2019acquisto o il noleggio con patto di acquisto di nuovi macchinari ed attrezzature di lavoro caratterizzati da soluzioni innovative per abbattere in misura significativa le emissioni inquinanti e, in concomitanza, conseguire la riduzione del livello di rumorosit\u00e0 o del rischio infortunistico o di quello derivante dallo svolgimento di operazioni manuali.<\/strong> <strong>I finanziamenti devono comunque soddisfare l\u2019obiettivo del miglioramento del rendimento e della sostenibilit\u00e0 globali dell\u2019azienda agricola in particolare mediante una riduzione dei costi di produzione, il miglioramento e la riconversione della produzione, il miglioramento delle condizioni di salute e sicurezza dei lavoratori.<\/strong>\u00a0 Analogamente allo scorso anno la procedura per l\u2019accesso ai finanziamenti \u00e8 quella valutativa a sportello (che prevede il <strong>click day<\/strong>). Procedura relativamente alla quale non manchiamo di esprimere, come in passato, la nostra perplessit\u00e0 in quanto viene la validit\u00e0 delle proposte viene vagliata in subordine alla velocit\u00e0 di invio. Il finanziamento in conto capitale sull\u2019importo delle spese ritenute ammissibili \u00e8 concesso nella misura del 40% per la generalit\u00e0 delle imprese agricole) e del\u00a0 50% per i giovani agricoltori. Il calcolo avviene sulle spese sostenute al netto dell\u2019IVA e in ogni caso, il massimo erogabile \u00e8 pari a 60.000,00 Euro; mentre il finanziamento minimo \u00e8 pari a 1.000,00 Euro. Nel caso le stesse spese ammissibili siano state, in tutto o in parte, oggetto di un\u2019altra tipologia di aiuto di stato occorre prestare attenzione a non superare l\u2019intensit\u00e0 di aiuto sopra richiamata. Sono motivo di esclusione, invece, aver ottenuto ammissione al finanziamento per l\u2019Avviso ISI Agricoltura 2016; aver chiesto e aver ricevuto altri finanziamenti pubblici sul progetto oggetto della domanda; rientrare fra coloro che sono destinatari di un ordine di recupero pendente a seguito di una precedente decisione della Commissione europea che dichiara gli aiuti illegittimi; essere un\u2019impresa in difficolt\u00e0 cos\u00ec come definita all\u2019articolo 2 (14) del Regolamento (UE) n. 702\/2014.\u00a0 <strong>La procedura per accedere ai finanziamento prevede di compilare la domanda sul sito a partire dal 19 aprile 2018 fino alle ore 18:00 del 31 maggio 2018<\/strong>; acquisito il codice identificativo per l\u2019inoltro delle domande precedentemente caricate che hanno raggiunto la soglia minima di ammissibilit\u00e0\u00a0 prevista (120 punti)\u00a0 entro il 7 giugno 2018, si dovr\u00e0 partecipare all\u2019invio formale della domanda di ammissione al finanziamento nelle date e gli orari dell\u2019apertura e della chiusura dello sportello informatico, che saranno pubblicati sul sito <a href=\"http:\/\/www.inail.it\">www.inail.it<\/a> a partire dal 7 giugno 2018 (click day).<\/p>\n<p>Tutta la documentazione \u00e8 scaricabile al seguente link:<\/p>\n<p><a href=\"https:\/\/www.inail.it\/cs\/internet\/attivita\/prevenzione-e-sicurezza\/agevolazioni-e-finanziamenti\/incentivi-alle-imprese\/bando-isi-2017.html\">https:\/\/www.inail.it\/cs\/internet\/attivita\/prevenzione-e-sicurezza\/agevolazioni-e-finanziamenti\/incentivi-alle-imprese\/bando-isi-2017.html<\/a>.<\/p>\n<p>Gli interessati possono rivolgersi alla Dott.ssa Elena Gherardi (0523.596740 E-MAIL:\u00a0 <a href=\"mailto:elena.gherardi@confagripc.it\">elena.gherardi@confagripc.it<\/a>)<\/p>\n<p><img loading=\"lazy\" decoding=\"async\" class=\"alignnone  wp-image-1072 img-responsive\" src=\"http:\/\/www.confagricoltura.org\/piacenza\/wp-content\/uploads\/sites\/3\/2018\/01\/BANDO.jpg\" alt=\"\" width=\"405\" height=\"405\" \/><\/p>\n","protected":false},"excerpt":{"rendered":"<p>Asse 5 dedicato all\u2019agricoltura per l\u2019acquisto di macchinari \u00a0 L\u2019INAIL ha pubblicato l\u2019Avviso pubblico ISI 2017 e i relativi bandi regionali riguardanti gli incentivi alle imprese per la realizzazione di interventi in materia di salute e sicurezza sul lavoro. Diversamente dallo scorso anno INAIL ha deciso di accorpare tutti gli incentivi in un bando unico,<\/p>\n","protected":false},"author":6,"featured_media":0,"comment_status":"open","ping_status":"open","sticky":false,"template":"","format":"standard","meta":{"wp_mapbox_gl_js_media":[],"footnotes":""},"categories":[335],"tags":[123],"class_list":["post-2487","post","type-post","status-publish","format-standard","hentry","category-archivio","tag-bando-isi-inail-2017"],"yoast_head":"<!-- This site is optimized with the Yoast SEO plugin v26.8 - https:\/\/yoast.com\/product\/yoast-seo-wordpress\/ -->\n<title>PUBBLICATO IL BANDO ISI INAIL 2017 - Confagricoltura Piacenza<\/title>\n<meta name=\"robots\" content=\"index, follow, max-snippet:-1, max-image-preview:large, max-video-preview:-1\" \/>\n<link rel=\"canonical\" href=\"https:\/\/www.confagricoltura.org\/piacenza\/pubblicato-bando-isi-inail-2017\/\" \/>\n<meta property=\"og:locale\" content=\"it_IT\" \/>\n<meta property=\"og:type\" content=\"article\" \/>\n<meta property=\"og:title\" content=\"PUBBLICATO IL BANDO ISI INAIL 2017 - Confagricoltura Piacenza\" \/>\n<meta property=\"og:description\" content=\"Asse 5 dedicato all\u2019agricoltura per l\u2019acquisto di macchinari \u00a0 L\u2019INAIL ha pubblicato l\u2019Avviso pubblico ISI 2017 e i relativi bandi regionali riguardanti gli incentivi alle imprese per la realizzazione di interventi in materia di salute e sicurezza sul lavoro. Diversamente dallo scorso anno INAIL ha deciso di accorpare tutti gli incentivi in un bando unico,\" \/>\n<meta property=\"og:url\" content=\"https:\/\/www.confagricoltura.org\/piacenza\/pubblicato-bando-isi-inail-2017\/\" \/>\n<meta property=\"og:site_name\" content=\"Confagricoltura Piacenza\" \/>\n<meta property=\"article:published_time\" content=\"2018-01-15T11:13:14+00:00\" \/>\n<meta property=\"article:modified_time\" content=\"2021-03-11T12:14:44+00:00\" \/>\n<meta property=\"og:image\" content=\"http:\/\/www.confagricoltura.org\/piacenza\/wp-content\/uploads\/sites\/3\/2018\/01\/BANDO.jpg\" \/>\n<meta name=\"author\" content=\"confagricolturapiacenza\" \/>\n<meta name=\"twitter:card\" content=\"summary_large_image\" \/>\n<meta name=\"twitter:label1\" content=\"Scritto da\" \/>\n\t<meta name=\"twitter:data1\" content=\"confagricolturapiacenza\" \/>\n\t<meta name=\"twitter:label2\" content=\"Tempo di lettura stimato\" \/>\n\t<meta name=\"twitter:data2\" content=\"3 minuti\" \/>\n<script type=\"application\/ld+json\" class=\"yoast-schema-graph\">{\"@context\":\"https:\/\/schema.org\",\"@graph\":[{\"@type\":\"Article\",\"@id\":\"https:\/\/www.confagricoltura.org\/piacenza\/pubblicato-bando-isi-inail-2017\/#article\",\"isPartOf\":{\"@id\":\"https:\/\/www.confagricoltura.org\/piacenza\/pubblicato-bando-isi-inail-2017\/\"},\"author\":{\"name\":\"confagricolturapiacenza\",\"@id\":\"https:\/\/www.confagricoltura.org\/piacenza\/#\/schema\/person\/be5da25a3117fea4b3bfec9dba09b5e8\"},\"headline\":\"PUBBLICATO IL BANDO ISI INAIL 2017\",\"datePublished\":\"2018-01-15T11:13:14+00:00\",\"dateModified\":\"2021-03-11T12:14:44+00:00\",\"mainEntityOfPage\":{\"@id\":\"https:\/\/www.confagricoltura.org\/piacenza\/pubblicato-bando-isi-inail-2017\/\"},\"wordCount\":581,\"commentCount\":0,\"image\":{\"@id\":\"https:\/\/www.confagricoltura.org\/piacenza\/pubblicato-bando-isi-inail-2017\/#primaryimage\"},\"thumbnailUrl\":\"http:\/\/www.confagricoltura.org\/piacenza\/wp-content\/uploads\/sites\/3\/2018\/01\/BANDO.jpg\",\"keywords\":[\"BANDO ISI INAIL 2017\"],\"articleSection\":[\"Archivio\"],\"inLanguage\":\"it-IT\"},{\"@type\":\"WebPage\",\"@id\":\"https:\/\/www.confagricoltura.org\/piacenza\/pubblicato-bando-isi-inail-2017\/\",\"url\":\"https:\/\/www.confagricoltura.org\/piacenza\/pubblicato-bando-isi-inail-2017\/\",\"name\":\"PUBBLICATO IL BANDO ISI INAIL 2017 - Confagricoltura Piacenza\",\"isPartOf\":{\"@id\":\"https:\/\/www.confagricoltura.org\/piacenza\/#website\"},\"primaryImageOfPage\":{\"@id\":\"https:\/\/www.confagricoltura.org\/piacenza\/pubblicato-bando-isi-inail-2017\/#primaryimage\"},\"image\":{\"@id\":\"https:\/\/www.confagricoltura.org\/piacenza\/pubblicato-bando-isi-inail-2017\/#primaryimage\"},\"thumbnailUrl\":\"http:\/\/www.confagricoltura.org\/piacenza\/wp-content\/uploads\/sites\/3\/2018\/01\/BANDO.jpg\",\"datePublished\":\"2018-01-15T11:13:14+00:00\",\"dateModified\":\"2021-03-11T12:14:44+00:00\",\"author\":{\"@id\":\"https:\/\/www.confagricoltura.org\/piacenza\/#\/schema\/person\/be5da25a3117fea4b3bfec9dba09b5e8\"},\"breadcrumb\":{\"@id\":\"https:\/\/www.confagricoltura.org\/piacenza\/pubblicato-bando-isi-inail-2017\/#breadcrumb\"},\"inLanguage\":\"it-IT\",\"potentialAction\":[{\"@type\":\"ReadAction\",\"target\":[\"https:\/\/www.confagricoltura.org\/piacenza\/pubblicato-bando-isi-inail-2017\/\"]}]},{\"@type\":\"ImageObject\",\"inLanguage\":\"it-IT\",\"@id\":\"https:\/\/www.confagricoltura.org\/piacenza\/pubblicato-bando-isi-inail-2017\/#primaryimage\",\"url\":\"http:\/\/www.confagricoltura.org\/piacenza\/wp-content\/uploads\/sites\/3\/2018\/01\/BANDO.jpg\",\"contentUrl\":\"http:\/\/www.confagricoltura.org\/piacenza\/wp-content\/uploads\/sites\/3\/2018\/01\/BANDO.jpg\"},{\"@type\":\"BreadcrumbList\",\"@id\":\"https:\/\/www.confagricoltura.org\/piacenza\/pubblicato-bando-isi-inail-2017\/#breadcrumb\",\"itemListElement\":[{\"@type\":\"ListItem\",\"position\":1,\"name\":\"Home\",\"item\":\"https:\/\/www.confagricoltura.org\/piacenza\/\"},{\"@type\":\"ListItem\",\"position\":2,\"name\":\"PUBBLICATO IL BANDO ISI INAIL 2017\"}]},{\"@type\":\"WebSite\",\"@id\":\"https:\/\/www.confagricoltura.org\/piacenza\/#website\",\"url\":\"https:\/\/www.confagricoltura.org\/piacenza\/\",\"name\":\"Confagricoltura Piacenza\",\"description\":\"Dalla parte degli Agricoltori\",\"potentialAction\":[{\"@type\":\"SearchAction\",\"target\":{\"@type\":\"EntryPoint\",\"urlTemplate\":\"https:\/\/www.confagricoltura.org\/piacenza\/?s={search_term_string}\"},\"query-input\":{\"@type\":\"PropertyValueSpecification\",\"valueRequired\":true,\"valueName\":\"search_term_string\"}}],\"inLanguage\":\"it-IT\"},{\"@type\":\"Person\",\"@id\":\"https:\/\/www.confagricoltura.org\/piacenza\/#\/schema\/person\/be5da25a3117fea4b3bfec9dba09b5e8\",\"name\":\"confagricolturapiacenza\",\"image\":{\"@type\":\"ImageObject\",\"inLanguage\":\"it-IT\",\"@id\":\"https:\/\/www.confagricoltura.org\/piacenza\/#\/schema\/person\/image\/\",\"url\":\"https:\/\/secure.gravatar.com\/avatar\/9c5f111e417171581853bd0a3ff892ca?s=96&d=mm&r=g\",\"contentUrl\":\"https:\/\/secure.gravatar.com\/avatar\/9c5f111e417171581853bd0a3ff892ca?s=96&d=mm&r=g\",\"caption\":\"confagricolturapiacenza\"},\"url\":\"https:\/\/www.confagricoltura.org\/piacenza\/author\/confagricolturapiacenza\/\"}]}<\/script>\n<!-- \/ Yoast SEO plugin. -->","yoast_head_json":{"title":"PUBBLICATO IL BANDO ISI INAIL 2017 - Confagricoltura Piacenza","robots":{"index":"index","follow":"follow","max-snippet":"max-snippet:-1","max-image-preview":"max-image-preview:large","max-video-preview":"max-video-preview:-1"},"canonical":"https:\/\/www.confagricoltura.org\/piacenza\/pubblicato-bando-isi-inail-2017\/","og_locale":"it_IT","og_type":"article","og_title":"PUBBLICATO IL BANDO ISI INAIL 2017 - Confagricoltura Piacenza","og_description":"Asse 5 dedicato all\u2019agricoltura per l\u2019acquisto di macchinari \u00a0 L\u2019INAIL ha pubblicato l\u2019Avviso pubblico ISI 2017 e i relativi bandi regionali riguardanti gli incentivi alle imprese per la realizzazione di interventi in materia di salute e sicurezza sul lavoro. Diversamente dallo scorso anno INAIL ha deciso di accorpare tutti gli incentivi in un bando unico,","og_url":"https:\/\/www.confagricoltura.org\/piacenza\/pubblicato-bando-isi-inail-2017\/","og_site_name":"Confagricoltura Piacenza","article_published_time":"2018-01-15T11:13:14+00:00","article_modified_time":"2021-03-11T12:14:44+00:00","og_image":[{"url":"http:\/\/www.confagricoltura.org\/piacenza\/wp-content\/uploads\/sites\/3\/2018\/01\/BANDO.jpg","type":"","width":"","height":""}],"author":"confagricolturapiacenza","twitter_card":"summary_large_image","twitter_misc":{"Scritto da":"confagricolturapiacenza","Tempo di lettura stimato":"3 minuti"},"schema":{"@context":"https:\/\/schema.org","@graph":[{"@type":"Article","@id":"https:\/\/www.confagricoltura.org\/piacenza\/pubblicato-bando-isi-inail-2017\/#article","isPartOf":{"@id":"https:\/\/www.confagricoltura.org\/piacenza\/pubblicato-bando-isi-inail-2017\/"},"author":{"name":"confagricolturapiacenza","@id":"https:\/\/www.confagricoltura.org\/piacenza\/#\/schema\/person\/be5da25a3117fea4b3bfec9dba09b5e8"},"headline":"PUBBLICATO IL BANDO ISI INAIL 2017","datePublished":"2018-01-15T11:13:14+00:00","dateModified":"2021-03-11T12:14:44+00:00","mainEntityOfPage":{"@id":"https:\/\/www.confagricoltura.org\/piacenza\/pubblicato-bando-isi-inail-2017\/"},"wordCount":581,"commentCount":0,"image":{"@id":"https:\/\/www.confagricoltura.org\/piacenza\/pubblicato-bando-isi-inail-2017\/#primaryimage"},"thumbnailUrl":"http:\/\/www.confagricoltura.org\/piacenza\/wp-content\/uploads\/sites\/3\/2018\/01\/BANDO.jpg","keywords":["BANDO ISI INAIL 2017"],"articleSection":["Archivio"],"inLanguage":"it-IT"},{"@type":"WebPage","@id":"https:\/\/www.confagricoltura.org\/piacenza\/pubblicato-bando-isi-inail-2017\/","url":"https:\/\/www.confagricoltura.org\/piacenza\/pubblicato-bando-isi-inail-2017\/","name":"PUBBLICATO IL BANDO ISI INAIL 2017 - Confagricoltura Piacenza","isPartOf":{"@id":"https:\/\/www.confagricoltura.org\/piacenza\/#website"},"primaryImageOfPage":{"@id":"https:\/\/www.confagricoltura.org\/piacenza\/pubblicato-bando-isi-inail-2017\/#primaryimage"},"image":{"@id":"https:\/\/www.confagricoltura.org\/piacenza\/pubblicato-bando-isi-inail-2017\/#primaryimage"},"thumbnailUrl":"http:\/\/www.confagricoltura.org\/piacenza\/wp-content\/uploads\/sites\/3\/2018\/01\/BANDO.jpg","datePublished":"2018-01-15T11:13:14+00:00","dateModified":"2021-03-11T12:14:44+00:00","author":{"@id":"https:\/\/www.confagricoltura.org\/piacenza\/#\/schema\/person\/be5da25a3117fea4b3bfec9dba09b5e8"},"breadcrumb":{"@id":"https:\/\/www.confagricoltura.org\/piacenza\/pubblicato-bando-isi-inail-2017\/#breadcrumb"},"inLanguage":"it-IT","potentialAction":[{"@type":"ReadAction","target":["https:\/\/www.confagricoltura.org\/piacenza\/pubblicato-bando-isi-inail-2017\/"]}]},{"@type":"ImageObject","inLanguage":"it-IT","@id":"https:\/\/www.confagricoltura.org\/piacenza\/pubblicato-bando-isi-inail-2017\/#primaryimage","url":"http:\/\/www.confagricoltura.org\/piacenza\/wp-content\/uploads\/sites\/3\/2018\/01\/BANDO.jpg","contentUrl":"http:\/\/www.confagricoltura.org\/piacenza\/wp-content\/uploads\/sites\/3\/2018\/01\/BANDO.jpg"},{"@type":"BreadcrumbList","@id":"https:\/\/www.confagricoltura.org\/piacenza\/pubblicato-bando-isi-inail-2017\/#breadcrumb","itemListElement":[{"@type":"ListItem","position":1,"name":"Home","item":"https:\/\/www.confagricoltura.org\/piacenza\/"},{"@type":"ListItem","position":2,"name":"PUBBLICATO IL BANDO ISI INAIL 2017"}]},{"@type":"WebSite","@id":"https:\/\/www.confagricoltura.org\/piacenza\/#website","url":"https:\/\/www.confagricoltura.org\/piacenza\/","name":"Confagricoltura Piacenza","description":"Dalla parte degli Agricoltori","potentialAction":[{"@type":"SearchAction","target":{"@type":"EntryPoint","urlTemplate":"https:\/\/www.confagricoltura.org\/piacenza\/?s={search_term_string}"},"query-input":{"@type":"PropertyValueSpecification","valueRequired":true,"valueName":"search_term_string"}}],"inLanguage":"it-IT"},{"@type":"Person","@id":"https:\/\/www.confagricoltura.org\/piacenza\/#\/schema\/person\/be5da25a3117fea4b3bfec9dba09b5e8","name":"confagricolturapiacenza","image":{"@type":"ImageObject","inLanguage":"it-IT","@id":"https:\/\/www.confagricoltura.org\/piacenza\/#\/schema\/person\/image\/","url":"https:\/\/secure.gravatar.com\/avatar\/9c5f111e417171581853bd0a3ff892ca?s=96&d=mm&r=g","contentUrl":"https:\/\/secure.gravatar.com\/avatar\/9c5f111e417171581853bd0a3ff892ca?s=96&d=mm&r=g","caption":"confagricolturapiacenza"},"url":"https:\/\/www.confagricoltura.org\/piacenza\/author\/confagricolturapiacenza\/"}]}},"_links":{"self":[{"href":"https:\/\/www.confagricoltura.org\/piacenza\/wp-json\/wp\/v2\/posts\/2487","targetHints":{"allow":["GET"]}}],"collection":[{"href":"https:\/\/www.confagricoltura.org\/piacenza\/wp-json\/wp\/v2\/posts"}],"about":[{"href":"https:\/\/www.confagricoltura.org\/piacenza\/wp-json\/wp\/v2\/types\/post"}],"author":[{"embeddable":true,"href":"https:\/\/www.confagricoltura.org\/piacenza\/wp-json\/wp\/v2\/users\/6"}],"replies":[{"embeddable":true,"href":"https:\/\/www.confagricoltura.org\/piacenza\/wp-json\/wp\/v2\/comments?post=2487"}],"version-history":[{"count":1,"href":"https:\/\/www.confagricoltura.org\/piacenza\/wp-json\/wp\/v2\/posts\/2487\/revisions"}],"predecessor-version":[{"id":2832,"href":"https:\/\/www.confagricoltura.org\/piacenza\/wp-json\/wp\/v2\/posts\/2487\/revisions\/2832"}],"wp:attachment":[{"href":"https:\/\/www.confagricoltura.org\/piacenza\/wp-json\/wp\/v2\/media?parent=2487"}],"wp:term":[{"taxonomy":"category","embeddable":true,"href":"https:\/\/www.confagricoltura.org\/piacenza\/wp-json\/wp\/v2\/categories?post=2487"},{"taxonomy":"post_tag","embeddable":true,"href":"https:\/\/www.confagricoltura.org\/piacenza\/wp-json\/wp\/v2\/tags?post=2487"}],"curies":[{"name":"wp","href":"https:\/\/api.w.org\/{rel}","templated":true}]}}