{"id":2480,"date":"2017-12-14T08:57:03","date_gmt":"2017-12-14T07:57:03","guid":{"rendered":"http:\/\/www.confagricoltura.org\/piacenza\/?p=1047"},"modified":"2021-03-11T13:14:44","modified_gmt":"2021-03-11T12:14:44","slug":"si-al-percorso-partecipato-ospedale-piacenza","status":"publish","type":"post","link":"https:\/\/www.confagricoltura.org\/piacenza\/si-al-percorso-partecipato-ospedale-piacenza\/","title":{"rendered":"SI\u2019 AL PERCORSO PARTECIPATO PER IL NUOVO OSPEDALE DI PIACENZA"},"content":{"rendered":"<h4><strong>Gasparini (Confagricoltura Piacenza): proposta positiva siamo a disposizione<\/strong><\/h4>\n<p>&nbsp;<\/p>\n<p>E\u2019 di qualche giorno fa la proposta da parte del Sindaco di Piacenza, Patrizia Barbieri, di avviare un percorso partecipato sul progetto del nuovo ospedale e su quale modello sanitario serva alla citt\u00e0. Un tavolo, ha specificato il primo cittadino, che coinvolger\u00e0 un consigliere per ciascun gruppo in consiglio comunale, le rappresentanze del mondo sanitario e quelle sindacali, insieme alle associazioni di categoria. \u201cSiamo a disposizione per partecipare fattivamente al percorso \u2013 risponde il presidente di Confagricoltura Piacenza, Filippo Gasparini \u2013 e ringraziamo per la possibilit\u00e0 che ci verr\u00e0 fornita, perch\u00e9 come Confagricoltura vogliamo portare all\u2019interno dei processi decisionali la voce dell\u2019agricoltura moderna, che opera sul territorio, ma anche per il territorio; l\u2019agricoltura che fa impresa e persegue l\u2019obiettivo di fare reddito avendo ben presente che la ricchezza deve avere la finalit\u00e0 sociale della tutela delle fasce deboli. Gi\u00e0 in occasione della nostra Assemblea Generale \u2013 prosegue Gasparini &#8211; avevo fatto riferimento alla sanit\u00e0 quale settore da tutelare e su cui investire. Come Confagricoltura Piacenza siamo ribelli alla mala burocrazia, insofferenti all\u2019inutile proliferare di norme che drena risorse dal capitolo della sanit\u00e0 nel suo complesso. Vogliamo produrre in sinergia con la societ\u00e0 civile. La nostra mano \u2013 conclude Gasparini \u2013 \u00e8 tesa\u201d.<\/p>\n<p><img loading=\"lazy\" decoding=\"async\" class=\"alignnone  wp-image-816 img-responsive\" src=\"http:\/\/www.confagricoltura.org\/piacenza\/wp-content\/uploads\/sites\/3\/2017\/04\/Filippo-Gasparini.jpg\" alt=\"\" width=\"548\" height=\"731\" \/><\/p>\n<p>Filippo Gasparini \u2013 presidente di Confagricoltura Piacenza<\/p>\n","protected":false},"excerpt":{"rendered":"<p>Gasparini (Confagricoltura Piacenza): proposta positiva siamo a disposizione &nbsp; E\u2019 di qualche giorno fa la proposta da parte del Sindaco di Piacenza, Patrizia Barbieri, di avviare un percorso partecipato sul progetto del nuovo ospedale e su quale modello sanitario serva alla citt\u00e0. Un tavolo, ha specificato il primo cittadino, che coinvolger\u00e0 un consigliere per ciascun<\/p>\n","protected":false},"author":6,"featured_media":0,"comment_status":"open","ping_status":"open","sticky":true,"template":"","format":"standard","meta":{"wp_mapbox_gl_js_media":[],"footnotes":""},"categories":[335],"tags":[118],"class_list":["post-2480","post","type-post","status-publish","format-standard","hentry","category-archivio","tag-ospedale"],"yoast_head":"<!-- This site is optimized with the Yoast SEO plugin v26.8 - https:\/\/yoast.com\/product\/yoast-seo-wordpress\/ -->\n<title>SI\u2019 AL PERCORSO PARTECIPATO PER IL NUOVO OSPEDALE DI PIACENZA - Confagricoltura Piacenza<\/title>\n<meta name=\"robots\" content=\"index, follow, max-snippet:-1, max-image-preview:large, max-video-preview:-1\" \/>\n<link rel=\"canonical\" href=\"https:\/\/www.confagricoltura.org\/piacenza\/si-al-percorso-partecipato-ospedale-piacenza\/\" \/>\n<meta property=\"og:locale\" content=\"it_IT\" \/>\n<meta property=\"og:type\" content=\"article\" \/>\n<meta property=\"og:title\" content=\"SI\u2019 AL PERCORSO PARTECIPATO PER IL NUOVO OSPEDALE DI PIACENZA - Confagricoltura Piacenza\" \/>\n<meta property=\"og:description\" content=\"Gasparini (Confagricoltura Piacenza): proposta positiva siamo a disposizione &nbsp; E\u2019 di qualche giorno fa la proposta da parte del Sindaco di Piacenza, Patrizia Barbieri, di avviare un percorso partecipato sul progetto del nuovo ospedale e su quale modello sanitario serva alla citt\u00e0. Un tavolo, ha specificato il primo cittadino, che coinvolger\u00e0 un consigliere per ciascun\" \/>\n<meta property=\"og:url\" content=\"https:\/\/www.confagricoltura.org\/piacenza\/si-al-percorso-partecipato-ospedale-piacenza\/\" \/>\n<meta property=\"og:site_name\" content=\"Confagricoltura Piacenza\" \/>\n<meta property=\"article:published_time\" content=\"2017-12-14T07:57:03+00:00\" \/>\n<meta property=\"article:modified_time\" content=\"2021-03-11T12:14:44+00:00\" \/>\n<meta property=\"og:image\" content=\"http:\/\/www.confagricoltura.org\/piacenza\/wp-content\/uploads\/sites\/3\/2017\/04\/Filippo-Gasparini.jpg\" \/>\n<meta name=\"author\" content=\"confagricolturapiacenza\" \/>\n<meta name=\"twitter:card\" content=\"summary_large_image\" \/>\n<meta name=\"twitter:label1\" content=\"Scritto da\" \/>\n\t<meta name=\"twitter:data1\" content=\"confagricolturapiacenza\" \/>\n\t<meta name=\"twitter:label2\" content=\"Tempo di lettura stimato\" \/>\n\t<meta name=\"twitter:data2\" content=\"1 minuto\" \/>\n<script type=\"application\/ld+json\" class=\"yoast-schema-graph\">{\"@context\":\"https:\/\/schema.org\",\"@graph\":[{\"@type\":\"Article\",\"@id\":\"https:\/\/www.confagricoltura.org\/piacenza\/si-al-percorso-partecipato-ospedale-piacenza\/#article\",\"isPartOf\":{\"@id\":\"https:\/\/www.confagricoltura.org\/piacenza\/si-al-percorso-partecipato-ospedale-piacenza\/\"},\"author\":{\"name\":\"confagricolturapiacenza\",\"@id\":\"https:\/\/www.confagricoltura.org\/piacenza\/#\/schema\/person\/be5da25a3117fea4b3bfec9dba09b5e8\"},\"headline\":\"SI\u2019 AL PERCORSO PARTECIPATO PER IL NUOVO OSPEDALE DI PIACENZA\",\"datePublished\":\"2017-12-14T07:57:03+00:00\",\"dateModified\":\"2021-03-11T12:14:44+00:00\",\"mainEntityOfPage\":{\"@id\":\"https:\/\/www.confagricoltura.org\/piacenza\/si-al-percorso-partecipato-ospedale-piacenza\/\"},\"wordCount\":226,\"commentCount\":0,\"image\":{\"@id\":\"https:\/\/www.confagricoltura.org\/piacenza\/si-al-percorso-partecipato-ospedale-piacenza\/#primaryimage\"},\"thumbnailUrl\":\"http:\/\/www.confagricoltura.org\/piacenza\/wp-content\/uploads\/sites\/3\/2017\/04\/Filippo-Gasparini.jpg\",\"keywords\":[\"ospedale\"],\"articleSection\":[\"Archivio\"],\"inLanguage\":\"it-IT\"},{\"@type\":\"WebPage\",\"@id\":\"https:\/\/www.confagricoltura.org\/piacenza\/si-al-percorso-partecipato-ospedale-piacenza\/\",\"url\":\"https:\/\/www.confagricoltura.org\/piacenza\/si-al-percorso-partecipato-ospedale-piacenza\/\",\"name\":\"SI\u2019 AL PERCORSO PARTECIPATO PER IL NUOVO OSPEDALE DI PIACENZA - Confagricoltura Piacenza\",\"isPartOf\":{\"@id\":\"https:\/\/www.confagricoltura.org\/piacenza\/#website\"},\"primaryImageOfPage\":{\"@id\":\"https:\/\/www.confagricoltura.org\/piacenza\/si-al-percorso-partecipato-ospedale-piacenza\/#primaryimage\"},\"image\":{\"@id\":\"https:\/\/www.confagricoltura.org\/piacenza\/si-al-percorso-partecipato-ospedale-piacenza\/#primaryimage\"},\"thumbnailUrl\":\"http:\/\/www.confagricoltura.org\/piacenza\/wp-content\/uploads\/sites\/3\/2017\/04\/Filippo-Gasparini.jpg\",\"datePublished\":\"2017-12-14T07:57:03+00:00\",\"dateModified\":\"2021-03-11T12:14:44+00:00\",\"author\":{\"@id\":\"https:\/\/www.confagricoltura.org\/piacenza\/#\/schema\/person\/be5da25a3117fea4b3bfec9dba09b5e8\"},\"breadcrumb\":{\"@id\":\"https:\/\/www.confagricoltura.org\/piacenza\/si-al-percorso-partecipato-ospedale-piacenza\/#breadcrumb\"},\"inLanguage\":\"it-IT\",\"potentialAction\":[{\"@type\":\"ReadAction\",\"target\":[\"https:\/\/www.confagricoltura.org\/piacenza\/si-al-percorso-partecipato-ospedale-piacenza\/\"]}]},{\"@type\":\"ImageObject\",\"inLanguage\":\"it-IT\",\"@id\":\"https:\/\/www.confagricoltura.org\/piacenza\/si-al-percorso-partecipato-ospedale-piacenza\/#primaryimage\",\"url\":\"http:\/\/www.confagricoltura.org\/piacenza\/wp-content\/uploads\/sites\/3\/2017\/04\/Filippo-Gasparini.jpg\",\"contentUrl\":\"http:\/\/www.confagricoltura.org\/piacenza\/wp-content\/uploads\/sites\/3\/2017\/04\/Filippo-Gasparini.jpg\"},{\"@type\":\"BreadcrumbList\",\"@id\":\"https:\/\/www.confagricoltura.org\/piacenza\/si-al-percorso-partecipato-ospedale-piacenza\/#breadcrumb\",\"itemListElement\":[{\"@type\":\"ListItem\",\"position\":1,\"name\":\"Home\",\"item\":\"https:\/\/www.confagricoltura.org\/piacenza\/\"},{\"@type\":\"ListItem\",\"position\":2,\"name\":\"SI\u2019 AL PERCORSO PARTECIPATO PER IL NUOVO OSPEDALE DI PIACENZA\"}]},{\"@type\":\"WebSite\",\"@id\":\"https:\/\/www.confagricoltura.org\/piacenza\/#website\",\"url\":\"https:\/\/www.confagricoltura.org\/piacenza\/\",\"name\":\"Confagricoltura Piacenza\",\"description\":\"Dalla parte degli Agricoltori\",\"potentialAction\":[{\"@type\":\"SearchAction\",\"target\":{\"@type\":\"EntryPoint\",\"urlTemplate\":\"https:\/\/www.confagricoltura.org\/piacenza\/?s={search_term_string}\"},\"query-input\":{\"@type\":\"PropertyValueSpecification\",\"valueRequired\":true,\"valueName\":\"search_term_string\"}}],\"inLanguage\":\"it-IT\"},{\"@type\":\"Person\",\"@id\":\"https:\/\/www.confagricoltura.org\/piacenza\/#\/schema\/person\/be5da25a3117fea4b3bfec9dba09b5e8\",\"name\":\"confagricolturapiacenza\",\"image\":{\"@type\":\"ImageObject\",\"inLanguage\":\"it-IT\",\"@id\":\"https:\/\/www.confagricoltura.org\/piacenza\/#\/schema\/person\/image\/\",\"url\":\"https:\/\/secure.gravatar.com\/avatar\/9c5f111e417171581853bd0a3ff892ca?s=96&d=mm&r=g\",\"contentUrl\":\"https:\/\/secure.gravatar.com\/avatar\/9c5f111e417171581853bd0a3ff892ca?s=96&d=mm&r=g\",\"caption\":\"confagricolturapiacenza\"},\"url\":\"https:\/\/www.confagricoltura.org\/piacenza\/author\/confagricolturapiacenza\/\"}]}<\/script>\n<!-- \/ Yoast SEO plugin. -->","yoast_head_json":{"title":"SI\u2019 AL PERCORSO PARTECIPATO PER IL NUOVO OSPEDALE DI PIACENZA - Confagricoltura Piacenza","robots":{"index":"index","follow":"follow","max-snippet":"max-snippet:-1","max-image-preview":"max-image-preview:large","max-video-preview":"max-video-preview:-1"},"canonical":"https:\/\/www.confagricoltura.org\/piacenza\/si-al-percorso-partecipato-ospedale-piacenza\/","og_locale":"it_IT","og_type":"article","og_title":"SI\u2019 AL PERCORSO PARTECIPATO PER IL NUOVO OSPEDALE DI PIACENZA - Confagricoltura Piacenza","og_description":"Gasparini (Confagricoltura Piacenza): proposta positiva siamo a disposizione &nbsp; E\u2019 di qualche giorno fa la proposta da parte del Sindaco di Piacenza, Patrizia Barbieri, di avviare un percorso partecipato sul progetto del nuovo ospedale e su quale modello sanitario serva alla citt\u00e0. Un tavolo, ha specificato il primo cittadino, che coinvolger\u00e0 un consigliere per ciascun","og_url":"https:\/\/www.confagricoltura.org\/piacenza\/si-al-percorso-partecipato-ospedale-piacenza\/","og_site_name":"Confagricoltura Piacenza","article_published_time":"2017-12-14T07:57:03+00:00","article_modified_time":"2021-03-11T12:14:44+00:00","og_image":[{"url":"http:\/\/www.confagricoltura.org\/piacenza\/wp-content\/uploads\/sites\/3\/2017\/04\/Filippo-Gasparini.jpg","type":"","width":"","height":""}],"author":"confagricolturapiacenza","twitter_card":"summary_large_image","twitter_misc":{"Scritto da":"confagricolturapiacenza","Tempo di lettura stimato":"1 minuto"},"schema":{"@context":"https:\/\/schema.org","@graph":[{"@type":"Article","@id":"https:\/\/www.confagricoltura.org\/piacenza\/si-al-percorso-partecipato-ospedale-piacenza\/#article","isPartOf":{"@id":"https:\/\/www.confagricoltura.org\/piacenza\/si-al-percorso-partecipato-ospedale-piacenza\/"},"author":{"name":"confagricolturapiacenza","@id":"https:\/\/www.confagricoltura.org\/piacenza\/#\/schema\/person\/be5da25a3117fea4b3bfec9dba09b5e8"},"headline":"SI\u2019 AL PERCORSO PARTECIPATO PER IL NUOVO OSPEDALE DI PIACENZA","datePublished":"2017-12-14T07:57:03+00:00","dateModified":"2021-03-11T12:14:44+00:00","mainEntityOfPage":{"@id":"https:\/\/www.confagricoltura.org\/piacenza\/si-al-percorso-partecipato-ospedale-piacenza\/"},"wordCount":226,"commentCount":0,"image":{"@id":"https:\/\/www.confagricoltura.org\/piacenza\/si-al-percorso-partecipato-ospedale-piacenza\/#primaryimage"},"thumbnailUrl":"http:\/\/www.confagricoltura.org\/piacenza\/wp-content\/uploads\/sites\/3\/2017\/04\/Filippo-Gasparini.jpg","keywords":["ospedale"],"articleSection":["Archivio"],"inLanguage":"it-IT"},{"@type":"WebPage","@id":"https:\/\/www.confagricoltura.org\/piacenza\/si-al-percorso-partecipato-ospedale-piacenza\/","url":"https:\/\/www.confagricoltura.org\/piacenza\/si-al-percorso-partecipato-ospedale-piacenza\/","name":"SI\u2019 AL PERCORSO PARTECIPATO PER IL NUOVO OSPEDALE DI PIACENZA - Confagricoltura Piacenza","isPartOf":{"@id":"https:\/\/www.confagricoltura.org\/piacenza\/#website"},"primaryImageOfPage":{"@id":"https:\/\/www.confagricoltura.org\/piacenza\/si-al-percorso-partecipato-ospedale-piacenza\/#primaryimage"},"image":{"@id":"https:\/\/www.confagricoltura.org\/piacenza\/si-al-percorso-partecipato-ospedale-piacenza\/#primaryimage"},"thumbnailUrl":"http:\/\/www.confagricoltura.org\/piacenza\/wp-content\/uploads\/sites\/3\/2017\/04\/Filippo-Gasparini.jpg","datePublished":"2017-12-14T07:57:03+00:00","dateModified":"2021-03-11T12:14:44+00:00","author":{"@id":"https:\/\/www.confagricoltura.org\/piacenza\/#\/schema\/person\/be5da25a3117fea4b3bfec9dba09b5e8"},"breadcrumb":{"@id":"https:\/\/www.confagricoltura.org\/piacenza\/si-al-percorso-partecipato-ospedale-piacenza\/#breadcrumb"},"inLanguage":"it-IT","potentialAction":[{"@type":"ReadAction","target":["https:\/\/www.confagricoltura.org\/piacenza\/si-al-percorso-partecipato-ospedale-piacenza\/"]}]},{"@type":"ImageObject","inLanguage":"it-IT","@id":"https:\/\/www.confagricoltura.org\/piacenza\/si-al-percorso-partecipato-ospedale-piacenza\/#primaryimage","url":"http:\/\/www.confagricoltura.org\/piacenza\/wp-content\/uploads\/sites\/3\/2017\/04\/Filippo-Gasparini.jpg","contentUrl":"http:\/\/www.confagricoltura.org\/piacenza\/wp-content\/uploads\/sites\/3\/2017\/04\/Filippo-Gasparini.jpg"},{"@type":"BreadcrumbList","@id":"https:\/\/www.confagricoltura.org\/piacenza\/si-al-percorso-partecipato-ospedale-piacenza\/#breadcrumb","itemListElement":[{"@type":"ListItem","position":1,"name":"Home","item":"https:\/\/www.confagricoltura.org\/piacenza\/"},{"@type":"ListItem","position":2,"name":"SI\u2019 AL PERCORSO PARTECIPATO PER IL NUOVO OSPEDALE DI PIACENZA"}]},{"@type":"WebSite","@id":"https:\/\/www.confagricoltura.org\/piacenza\/#website","url":"https:\/\/www.confagricoltura.org\/piacenza\/","name":"Confagricoltura Piacenza","description":"Dalla parte degli Agricoltori","potentialAction":[{"@type":"SearchAction","target":{"@type":"EntryPoint","urlTemplate":"https:\/\/www.confagricoltura.org\/piacenza\/?s={search_term_string}"},"query-input":{"@type":"PropertyValueSpecification","valueRequired":true,"valueName":"search_term_string"}}],"inLanguage":"it-IT"},{"@type":"Person","@id":"https:\/\/www.confagricoltura.org\/piacenza\/#\/schema\/person\/be5da25a3117fea4b3bfec9dba09b5e8","name":"confagricolturapiacenza","image":{"@type":"ImageObject","inLanguage":"it-IT","@id":"https:\/\/www.confagricoltura.org\/piacenza\/#\/schema\/person\/image\/","url":"https:\/\/secure.gravatar.com\/avatar\/9c5f111e417171581853bd0a3ff892ca?s=96&d=mm&r=g","contentUrl":"https:\/\/secure.gravatar.com\/avatar\/9c5f111e417171581853bd0a3ff892ca?s=96&d=mm&r=g","caption":"confagricolturapiacenza"},"url":"https:\/\/www.confagricoltura.org\/piacenza\/author\/confagricolturapiacenza\/"}]}},"_links":{"self":[{"href":"https:\/\/www.confagricoltura.org\/piacenza\/wp-json\/wp\/v2\/posts\/2480","targetHints":{"allow":["GET"]}}],"collection":[{"href":"https:\/\/www.confagricoltura.org\/piacenza\/wp-json\/wp\/v2\/posts"}],"about":[{"href":"https:\/\/www.confagricoltura.org\/piacenza\/wp-json\/wp\/v2\/types\/post"}],"author":[{"embeddable":true,"href":"https:\/\/www.confagricoltura.org\/piacenza\/wp-json\/wp\/v2\/users\/6"}],"replies":[{"embeddable":true,"href":"https:\/\/www.confagricoltura.org\/piacenza\/wp-json\/wp\/v2\/comments?post=2480"}],"version-history":[{"count":1,"href":"https:\/\/www.confagricoltura.org\/piacenza\/wp-json\/wp\/v2\/posts\/2480\/revisions"}],"predecessor-version":[{"id":2839,"href":"https:\/\/www.confagricoltura.org\/piacenza\/wp-json\/wp\/v2\/posts\/2480\/revisions\/2839"}],"wp:attachment":[{"href":"https:\/\/www.confagricoltura.org\/piacenza\/wp-json\/wp\/v2\/media?parent=2480"}],"wp:term":[{"taxonomy":"category","embeddable":true,"href":"https:\/\/www.confagricoltura.org\/piacenza\/wp-json\/wp\/v2\/categories?post=2480"},{"taxonomy":"post_tag","embeddable":true,"href":"https:\/\/www.confagricoltura.org\/piacenza\/wp-json\/wp\/v2\/tags?post=2480"}],"curies":[{"name":"wp","href":"https:\/\/api.w.org\/{rel}","templated":true}]}}