{"id":2477,"date":"2017-11-22T15:31:45","date_gmt":"2017-11-22T14:31:45","guid":{"rendered":"http:\/\/www.confagricoltura.org\/piacenza\/?p=1035"},"modified":"2021-03-11T13:14:44","modified_gmt":"2021-03-11T12:14:44","slug":"mattinata-formazione-gli-uffici-confagricoltura","status":"publish","type":"post","link":"https:\/\/www.confagricoltura.org\/piacenza\/mattinata-formazione-gli-uffici-confagricoltura\/","title":{"rendered":"MATTINATA DI FORMAZIONE PER GLI UFFICI DI CONFAGRICOLTURA"},"content":{"rendered":"<h3><em>Sotto la lente d\u2019ingrandimento: il nodo della regolarit\u00e0 contributiva<\/em><\/h3>\n<p>&nbsp;<\/p>\n<p>Il 21 novembre si \u00e8 tenuta un\u2019importante mattinata di studio ed approfondimento per gli uffici delle sedi territoriali di Confagricoltura Piacenza e Confagricoltura Parma. L\u2019iniziativa congiunta, che ha avuto luogo nella sala Visconti di Confagricoltura Piacenza, \u00e8 stata fortemente voluta da Eugenio Zedda, direttore di Confagricoltura Parma e componente del consiglio direttivo del Patronato Enapa e Cristina Modenesi, responsabile del patronato Enapa di Piacenza che hanno coinvolto i responsabili e gli addetti dei servizi di patronato, sindacale, tecnico e fiscale. L\u2019incontro ha visto l\u2019intervento di Roberto Caponi, presidente EBAN e responsabile sindacale di Confagricoltura e Tania Pagano funzionario d\u2019area a livello nazionale dell\u2019associazione. \u201cAbbiamo ritenuto necessario organizzare questa mattinata \u2013 hanno sottolineato Zedda e Modenesi \u2013 perch\u00e9, pur in assenza di sostanziali novit\u00e0 normative, sono sorte diversit\u00e0 interpretative, a livello provinciale e regionale, da parte degli enti preposti ai controlli, che stanno generando non pochi problemi ai nostri uffici e danneggiano gli associati\u201d.\u00a0 \u201cSussistono alcuni dubbi \u2013 ha dunque spiegato Roberto Caponi &#8211; anche in base agli orientamenti espressi a livello territoriale, circa la qualifica di Coltivatore Diretto e Imprenditore Agricolo Professionale valide ai fini previdenziali. Era pertanto necessario fare il punto su tutta la normativa, anche e soprattutto per ci\u00f2 che attiene la regolarit\u00e0 contributiva, che, lo ricordiamo, \u00e8 uno dei presupposti per l\u2019accesso a differenti benefici di tipo comunitario riconosciuti dalle regioni, come ad esempio i contributi del Piano di Sviluppo Rurale. Il riconoscimento della qualifica di Iap viene attribuito a livello regionale \u2013 ha proseguito Caponi &#8211;\u00a0 e non tutte le regioni operano uniformemente. Allo stesso modo sussistono difformit\u00e0 nel valutare il Durc (Documento Unico di Regolarit\u00e0 Contributiva) quale condizione necessaria e sufficiente, ai fini contributivi, per l\u2019accesso ai contributi\u201d. Durante l\u2019incontro molta attenzione \u00e8 stata dedicata al problema che in alcune province della nostra regione, in particolare, vengono effettuati controlli puntuali su tutti i soci della societ\u00e0 agricola per vedere se tutti indistintamente hanno la qualifica di IAP, dimenticando le specificit\u00e0 del settore che prevedono la presenza di soci non prestatori d\u2019opera.\u00a0 Numerose casistiche sono dunque state prese in esame a cura dell\u2019intervento di Tania Pagano che ha risposto anche ai diversi quesiti specifici presentati dagli intervenuti. \u201cCi confrontiamo con uno Stato che troppo spesso ha ancora caratteristiche bizantine \u2013 hanno detto Filippo Gasparini, presidente di Confagricoltura Piacenza e Giovanna Parmigiani, componente di giunta nazionale di Confagricoltura, presenti all\u2019incontro \u2013 il nostro impegno quotidiano, ad ogni livello, \u00e8 quello di agire a tutela degli interessi dei lavoratori onesti e contro una mala burocrazia che si avvita su se stessa\u201d.<\/p>\n<p><img loading=\"lazy\" decoding=\"async\" class=\"alignnone wp-image-1038 img-responsive\" src=\"http:\/\/www.confagricoltura.org\/piacenza\/wp-content\/uploads\/sites\/3\/2017\/11\/Zedda-Pagano-Modenesi-Caponi-Parmigiani-Gasparini-Filippi-Rossi-Repetti-1.jpg\" alt=\"\" width=\"591\" height=\"444\" \/><\/p>\n<p>In foto funzionari e dirigenti di Confagricoltura (da sinistra): Eugenio Zedda, Tania Pagano, Cristina Modenesi, Roberto Caponi, Giovanna Parmigiani, Filippo Gasparini, Michela Filippi,\u00a0 Michele Rossi, Stefano Repetti.<\/p>\n<p><img loading=\"lazy\" decoding=\"async\" class=\"alignnone wp-image-1039 img-responsive\" src=\"http:\/\/www.confagricoltura.org\/piacenza\/wp-content\/uploads\/sites\/3\/2017\/11\/Partecipanti.jpg\" alt=\"\" width=\"589\" height=\"442\" \/><\/p>\n<p>Sala dei partecipanti al corso.<\/p>\n","protected":false},"excerpt":{"rendered":"<p>Sotto la lente d\u2019ingrandimento: il nodo della regolarit\u00e0 contributiva &nbsp; Il 21 novembre si \u00e8 tenuta un\u2019importante mattinata di studio ed approfondimento per gli uffici delle sedi territoriali di Confagricoltura Piacenza e Confagricoltura Parma. L\u2019iniziativa congiunta, che ha avuto luogo nella sala Visconti di Confagricoltura Piacenza, \u00e8 stata fortemente voluta da Eugenio Zedda, direttore di<\/p>\n","protected":false},"author":6,"featured_media":0,"comment_status":"open","ping_status":"open","sticky":true,"template":"","format":"standard","meta":{"wp_mapbox_gl_js_media":[],"footnotes":""},"categories":[335],"tags":[116],"class_list":["post-2477","post","type-post","status-publish","format-standard","hentry","category-archivio","tag-formazione-confagricoltura"],"yoast_head":"<!-- This site is optimized with the Yoast SEO plugin v26.8 - https:\/\/yoast.com\/product\/yoast-seo-wordpress\/ -->\n<title>MATTINATA DI FORMAZIONE PER GLI UFFICI DI CONFAGRICOLTURA - Confagricoltura Piacenza<\/title>\n<meta name=\"robots\" content=\"index, follow, max-snippet:-1, max-image-preview:large, max-video-preview:-1\" \/>\n<link rel=\"canonical\" href=\"https:\/\/www.confagricoltura.org\/piacenza\/mattinata-formazione-gli-uffici-confagricoltura\/\" \/>\n<meta property=\"og:locale\" content=\"it_IT\" \/>\n<meta property=\"og:type\" content=\"article\" \/>\n<meta property=\"og:title\" content=\"MATTINATA DI FORMAZIONE PER GLI UFFICI DI CONFAGRICOLTURA - Confagricoltura Piacenza\" \/>\n<meta property=\"og:description\" content=\"Sotto la lente d\u2019ingrandimento: il nodo della regolarit\u00e0 contributiva &nbsp; Il 21 novembre si \u00e8 tenuta un\u2019importante mattinata di studio ed approfondimento per gli uffici delle sedi territoriali di Confagricoltura Piacenza e Confagricoltura Parma. L\u2019iniziativa congiunta, che ha avuto luogo nella sala Visconti di Confagricoltura Piacenza, \u00e8 stata fortemente voluta da Eugenio Zedda, direttore di\" \/>\n<meta property=\"og:url\" content=\"https:\/\/www.confagricoltura.org\/piacenza\/mattinata-formazione-gli-uffici-confagricoltura\/\" \/>\n<meta property=\"og:site_name\" content=\"Confagricoltura Piacenza\" \/>\n<meta property=\"article:published_time\" content=\"2017-11-22T14:31:45+00:00\" \/>\n<meta property=\"article:modified_time\" content=\"2021-03-11T12:14:44+00:00\" \/>\n<meta property=\"og:image\" content=\"http:\/\/www.confagricoltura.org\/piacenza\/wp-content\/uploads\/sites\/3\/2017\/11\/Zedda-Pagano-Modenesi-Caponi-Parmigiani-Gasparini-Filippi-Rossi-Repetti-1.jpg\" \/>\n<meta name=\"author\" content=\"confagricolturapiacenza\" \/>\n<meta name=\"twitter:card\" content=\"summary_large_image\" \/>\n<meta name=\"twitter:label1\" content=\"Scritto da\" \/>\n\t<meta name=\"twitter:data1\" content=\"confagricolturapiacenza\" \/>\n\t<meta name=\"twitter:label2\" content=\"Tempo di lettura stimato\" \/>\n\t<meta name=\"twitter:data2\" content=\"2 minuti\" \/>\n<script type=\"application\/ld+json\" class=\"yoast-schema-graph\">{\"@context\":\"https:\/\/schema.org\",\"@graph\":[{\"@type\":\"Article\",\"@id\":\"https:\/\/www.confagricoltura.org\/piacenza\/mattinata-formazione-gli-uffici-confagricoltura\/#article\",\"isPartOf\":{\"@id\":\"https:\/\/www.confagricoltura.org\/piacenza\/mattinata-formazione-gli-uffici-confagricoltura\/\"},\"author\":{\"name\":\"confagricolturapiacenza\",\"@id\":\"https:\/\/www.confagricoltura.org\/piacenza\/#\/schema\/person\/be5da25a3117fea4b3bfec9dba09b5e8\"},\"headline\":\"MATTINATA DI FORMAZIONE PER GLI UFFICI DI CONFAGRICOLTURA\",\"datePublished\":\"2017-11-22T14:31:45+00:00\",\"dateModified\":\"2021-03-11T12:14:44+00:00\",\"mainEntityOfPage\":{\"@id\":\"https:\/\/www.confagricoltura.org\/piacenza\/mattinata-formazione-gli-uffici-confagricoltura\/\"},\"wordCount\":474,\"commentCount\":0,\"image\":{\"@id\":\"https:\/\/www.confagricoltura.org\/piacenza\/mattinata-formazione-gli-uffici-confagricoltura\/#primaryimage\"},\"thumbnailUrl\":\"http:\/\/www.confagricoltura.org\/piacenza\/wp-content\/uploads\/sites\/3\/2017\/11\/Zedda-Pagano-Modenesi-Caponi-Parmigiani-Gasparini-Filippi-Rossi-Repetti-1.jpg\",\"keywords\":[\"formazione confagricoltura\"],\"articleSection\":[\"Archivio\"],\"inLanguage\":\"it-IT\"},{\"@type\":\"WebPage\",\"@id\":\"https:\/\/www.confagricoltura.org\/piacenza\/mattinata-formazione-gli-uffici-confagricoltura\/\",\"url\":\"https:\/\/www.confagricoltura.org\/piacenza\/mattinata-formazione-gli-uffici-confagricoltura\/\",\"name\":\"MATTINATA DI FORMAZIONE PER GLI UFFICI DI CONFAGRICOLTURA - Confagricoltura Piacenza\",\"isPartOf\":{\"@id\":\"https:\/\/www.confagricoltura.org\/piacenza\/#website\"},\"primaryImageOfPage\":{\"@id\":\"https:\/\/www.confagricoltura.org\/piacenza\/mattinata-formazione-gli-uffici-confagricoltura\/#primaryimage\"},\"image\":{\"@id\":\"https:\/\/www.confagricoltura.org\/piacenza\/mattinata-formazione-gli-uffici-confagricoltura\/#primaryimage\"},\"thumbnailUrl\":\"http:\/\/www.confagricoltura.org\/piacenza\/wp-content\/uploads\/sites\/3\/2017\/11\/Zedda-Pagano-Modenesi-Caponi-Parmigiani-Gasparini-Filippi-Rossi-Repetti-1.jpg\",\"datePublished\":\"2017-11-22T14:31:45+00:00\",\"dateModified\":\"2021-03-11T12:14:44+00:00\",\"author\":{\"@id\":\"https:\/\/www.confagricoltura.org\/piacenza\/#\/schema\/person\/be5da25a3117fea4b3bfec9dba09b5e8\"},\"breadcrumb\":{\"@id\":\"https:\/\/www.confagricoltura.org\/piacenza\/mattinata-formazione-gli-uffici-confagricoltura\/#breadcrumb\"},\"inLanguage\":\"it-IT\",\"potentialAction\":[{\"@type\":\"ReadAction\",\"target\":[\"https:\/\/www.confagricoltura.org\/piacenza\/mattinata-formazione-gli-uffici-confagricoltura\/\"]}]},{\"@type\":\"ImageObject\",\"inLanguage\":\"it-IT\",\"@id\":\"https:\/\/www.confagricoltura.org\/piacenza\/mattinata-formazione-gli-uffici-confagricoltura\/#primaryimage\",\"url\":\"http:\/\/www.confagricoltura.org\/piacenza\/wp-content\/uploads\/sites\/3\/2017\/11\/Zedda-Pagano-Modenesi-Caponi-Parmigiani-Gasparini-Filippi-Rossi-Repetti-1.jpg\",\"contentUrl\":\"http:\/\/www.confagricoltura.org\/piacenza\/wp-content\/uploads\/sites\/3\/2017\/11\/Zedda-Pagano-Modenesi-Caponi-Parmigiani-Gasparini-Filippi-Rossi-Repetti-1.jpg\"},{\"@type\":\"BreadcrumbList\",\"@id\":\"https:\/\/www.confagricoltura.org\/piacenza\/mattinata-formazione-gli-uffici-confagricoltura\/#breadcrumb\",\"itemListElement\":[{\"@type\":\"ListItem\",\"position\":1,\"name\":\"Home\",\"item\":\"https:\/\/www.confagricoltura.org\/piacenza\/\"},{\"@type\":\"ListItem\",\"position\":2,\"name\":\"MATTINATA DI FORMAZIONE PER GLI UFFICI DI CONFAGRICOLTURA\"}]},{\"@type\":\"WebSite\",\"@id\":\"https:\/\/www.confagricoltura.org\/piacenza\/#website\",\"url\":\"https:\/\/www.confagricoltura.org\/piacenza\/\",\"name\":\"Confagricoltura Piacenza\",\"description\":\"Dalla parte degli Agricoltori\",\"potentialAction\":[{\"@type\":\"SearchAction\",\"target\":{\"@type\":\"EntryPoint\",\"urlTemplate\":\"https:\/\/www.confagricoltura.org\/piacenza\/?s={search_term_string}\"},\"query-input\":{\"@type\":\"PropertyValueSpecification\",\"valueRequired\":true,\"valueName\":\"search_term_string\"}}],\"inLanguage\":\"it-IT\"},{\"@type\":\"Person\",\"@id\":\"https:\/\/www.confagricoltura.org\/piacenza\/#\/schema\/person\/be5da25a3117fea4b3bfec9dba09b5e8\",\"name\":\"confagricolturapiacenza\",\"image\":{\"@type\":\"ImageObject\",\"inLanguage\":\"it-IT\",\"@id\":\"https:\/\/www.confagricoltura.org\/piacenza\/#\/schema\/person\/image\/\",\"url\":\"https:\/\/secure.gravatar.com\/avatar\/9c5f111e417171581853bd0a3ff892ca?s=96&d=mm&r=g\",\"contentUrl\":\"https:\/\/secure.gravatar.com\/avatar\/9c5f111e417171581853bd0a3ff892ca?s=96&d=mm&r=g\",\"caption\":\"confagricolturapiacenza\"},\"url\":\"https:\/\/www.confagricoltura.org\/piacenza\/author\/confagricolturapiacenza\/\"}]}<\/script>\n<!-- \/ Yoast SEO plugin. -->","yoast_head_json":{"title":"MATTINATA DI FORMAZIONE PER GLI UFFICI DI CONFAGRICOLTURA - Confagricoltura Piacenza","robots":{"index":"index","follow":"follow","max-snippet":"max-snippet:-1","max-image-preview":"max-image-preview:large","max-video-preview":"max-video-preview:-1"},"canonical":"https:\/\/www.confagricoltura.org\/piacenza\/mattinata-formazione-gli-uffici-confagricoltura\/","og_locale":"it_IT","og_type":"article","og_title":"MATTINATA DI FORMAZIONE PER GLI UFFICI DI CONFAGRICOLTURA - Confagricoltura Piacenza","og_description":"Sotto la lente d\u2019ingrandimento: il nodo della regolarit\u00e0 contributiva &nbsp; Il 21 novembre si \u00e8 tenuta un\u2019importante mattinata di studio ed approfondimento per gli uffici delle sedi territoriali di Confagricoltura Piacenza e Confagricoltura Parma. L\u2019iniziativa congiunta, che ha avuto luogo nella sala Visconti di Confagricoltura Piacenza, \u00e8 stata fortemente voluta da Eugenio Zedda, direttore di","og_url":"https:\/\/www.confagricoltura.org\/piacenza\/mattinata-formazione-gli-uffici-confagricoltura\/","og_site_name":"Confagricoltura Piacenza","article_published_time":"2017-11-22T14:31:45+00:00","article_modified_time":"2021-03-11T12:14:44+00:00","og_image":[{"url":"http:\/\/www.confagricoltura.org\/piacenza\/wp-content\/uploads\/sites\/3\/2017\/11\/Zedda-Pagano-Modenesi-Caponi-Parmigiani-Gasparini-Filippi-Rossi-Repetti-1.jpg","type":"","width":"","height":""}],"author":"confagricolturapiacenza","twitter_card":"summary_large_image","twitter_misc":{"Scritto da":"confagricolturapiacenza","Tempo di lettura stimato":"2 minuti"},"schema":{"@context":"https:\/\/schema.org","@graph":[{"@type":"Article","@id":"https:\/\/www.confagricoltura.org\/piacenza\/mattinata-formazione-gli-uffici-confagricoltura\/#article","isPartOf":{"@id":"https:\/\/www.confagricoltura.org\/piacenza\/mattinata-formazione-gli-uffici-confagricoltura\/"},"author":{"name":"confagricolturapiacenza","@id":"https:\/\/www.confagricoltura.org\/piacenza\/#\/schema\/person\/be5da25a3117fea4b3bfec9dba09b5e8"},"headline":"MATTINATA DI FORMAZIONE PER GLI UFFICI DI CONFAGRICOLTURA","datePublished":"2017-11-22T14:31:45+00:00","dateModified":"2021-03-11T12:14:44+00:00","mainEntityOfPage":{"@id":"https:\/\/www.confagricoltura.org\/piacenza\/mattinata-formazione-gli-uffici-confagricoltura\/"},"wordCount":474,"commentCount":0,"image":{"@id":"https:\/\/www.confagricoltura.org\/piacenza\/mattinata-formazione-gli-uffici-confagricoltura\/#primaryimage"},"thumbnailUrl":"http:\/\/www.confagricoltura.org\/piacenza\/wp-content\/uploads\/sites\/3\/2017\/11\/Zedda-Pagano-Modenesi-Caponi-Parmigiani-Gasparini-Filippi-Rossi-Repetti-1.jpg","keywords":["formazione confagricoltura"],"articleSection":["Archivio"],"inLanguage":"it-IT"},{"@type":"WebPage","@id":"https:\/\/www.confagricoltura.org\/piacenza\/mattinata-formazione-gli-uffici-confagricoltura\/","url":"https:\/\/www.confagricoltura.org\/piacenza\/mattinata-formazione-gli-uffici-confagricoltura\/","name":"MATTINATA DI FORMAZIONE PER GLI UFFICI DI CONFAGRICOLTURA - Confagricoltura Piacenza","isPartOf":{"@id":"https:\/\/www.confagricoltura.org\/piacenza\/#website"},"primaryImageOfPage":{"@id":"https:\/\/www.confagricoltura.org\/piacenza\/mattinata-formazione-gli-uffici-confagricoltura\/#primaryimage"},"image":{"@id":"https:\/\/www.confagricoltura.org\/piacenza\/mattinata-formazione-gli-uffici-confagricoltura\/#primaryimage"},"thumbnailUrl":"http:\/\/www.confagricoltura.org\/piacenza\/wp-content\/uploads\/sites\/3\/2017\/11\/Zedda-Pagano-Modenesi-Caponi-Parmigiani-Gasparini-Filippi-Rossi-Repetti-1.jpg","datePublished":"2017-11-22T14:31:45+00:00","dateModified":"2021-03-11T12:14:44+00:00","author":{"@id":"https:\/\/www.confagricoltura.org\/piacenza\/#\/schema\/person\/be5da25a3117fea4b3bfec9dba09b5e8"},"breadcrumb":{"@id":"https:\/\/www.confagricoltura.org\/piacenza\/mattinata-formazione-gli-uffici-confagricoltura\/#breadcrumb"},"inLanguage":"it-IT","potentialAction":[{"@type":"ReadAction","target":["https:\/\/www.confagricoltura.org\/piacenza\/mattinata-formazione-gli-uffici-confagricoltura\/"]}]},{"@type":"ImageObject","inLanguage":"it-IT","@id":"https:\/\/www.confagricoltura.org\/piacenza\/mattinata-formazione-gli-uffici-confagricoltura\/#primaryimage","url":"http:\/\/www.confagricoltura.org\/piacenza\/wp-content\/uploads\/sites\/3\/2017\/11\/Zedda-Pagano-Modenesi-Caponi-Parmigiani-Gasparini-Filippi-Rossi-Repetti-1.jpg","contentUrl":"http:\/\/www.confagricoltura.org\/piacenza\/wp-content\/uploads\/sites\/3\/2017\/11\/Zedda-Pagano-Modenesi-Caponi-Parmigiani-Gasparini-Filippi-Rossi-Repetti-1.jpg"},{"@type":"BreadcrumbList","@id":"https:\/\/www.confagricoltura.org\/piacenza\/mattinata-formazione-gli-uffici-confagricoltura\/#breadcrumb","itemListElement":[{"@type":"ListItem","position":1,"name":"Home","item":"https:\/\/www.confagricoltura.org\/piacenza\/"},{"@type":"ListItem","position":2,"name":"MATTINATA DI FORMAZIONE PER GLI UFFICI DI CONFAGRICOLTURA"}]},{"@type":"WebSite","@id":"https:\/\/www.confagricoltura.org\/piacenza\/#website","url":"https:\/\/www.confagricoltura.org\/piacenza\/","name":"Confagricoltura Piacenza","description":"Dalla parte degli Agricoltori","potentialAction":[{"@type":"SearchAction","target":{"@type":"EntryPoint","urlTemplate":"https:\/\/www.confagricoltura.org\/piacenza\/?s={search_term_string}"},"query-input":{"@type":"PropertyValueSpecification","valueRequired":true,"valueName":"search_term_string"}}],"inLanguage":"it-IT"},{"@type":"Person","@id":"https:\/\/www.confagricoltura.org\/piacenza\/#\/schema\/person\/be5da25a3117fea4b3bfec9dba09b5e8","name":"confagricolturapiacenza","image":{"@type":"ImageObject","inLanguage":"it-IT","@id":"https:\/\/www.confagricoltura.org\/piacenza\/#\/schema\/person\/image\/","url":"https:\/\/secure.gravatar.com\/avatar\/9c5f111e417171581853bd0a3ff892ca?s=96&d=mm&r=g","contentUrl":"https:\/\/secure.gravatar.com\/avatar\/9c5f111e417171581853bd0a3ff892ca?s=96&d=mm&r=g","caption":"confagricolturapiacenza"},"url":"https:\/\/www.confagricoltura.org\/piacenza\/author\/confagricolturapiacenza\/"}]}},"_links":{"self":[{"href":"https:\/\/www.confagricoltura.org\/piacenza\/wp-json\/wp\/v2\/posts\/2477","targetHints":{"allow":["GET"]}}],"collection":[{"href":"https:\/\/www.confagricoltura.org\/piacenza\/wp-json\/wp\/v2\/posts"}],"about":[{"href":"https:\/\/www.confagricoltura.org\/piacenza\/wp-json\/wp\/v2\/types\/post"}],"author":[{"embeddable":true,"href":"https:\/\/www.confagricoltura.org\/piacenza\/wp-json\/wp\/v2\/users\/6"}],"replies":[{"embeddable":true,"href":"https:\/\/www.confagricoltura.org\/piacenza\/wp-json\/wp\/v2\/comments?post=2477"}],"version-history":[{"count":1,"href":"https:\/\/www.confagricoltura.org\/piacenza\/wp-json\/wp\/v2\/posts\/2477\/revisions"}],"predecessor-version":[{"id":2842,"href":"https:\/\/www.confagricoltura.org\/piacenza\/wp-json\/wp\/v2\/posts\/2477\/revisions\/2842"}],"wp:attachment":[{"href":"https:\/\/www.confagricoltura.org\/piacenza\/wp-json\/wp\/v2\/media?parent=2477"}],"wp:term":[{"taxonomy":"category","embeddable":true,"href":"https:\/\/www.confagricoltura.org\/piacenza\/wp-json\/wp\/v2\/categories?post=2477"},{"taxonomy":"post_tag","embeddable":true,"href":"https:\/\/www.confagricoltura.org\/piacenza\/wp-json\/wp\/v2\/tags?post=2477"}],"curies":[{"name":"wp","href":"https:\/\/api.w.org\/{rel}","templated":true}]}}