{"id":2474,"date":"2017-11-17T08:59:14","date_gmt":"2017-11-17T07:59:14","guid":{"rendered":"http:\/\/www.confagricoltura.org\/piacenza\/?p=1020"},"modified":"2021-03-11T13:14:44","modified_gmt":"2021-03-11T12:14:44","slug":"acqua-affrontare-ora-la-questione-evitare-unaltra-estate-senzacqua","status":"publish","type":"post","link":"https:\/\/www.confagricoltura.org\/piacenza\/acqua-affrontare-ora-la-questione-evitare-unaltra-estate-senzacqua\/","title":{"rendered":"ACQUA: AFFRONTARE ORA LA QUESTIONE PER EVITARE UN\u2019ALTRA ESTATE SENZ\u2019ACQUA"},"content":{"rendered":"<h4><strong><em>Gasparini e Parmigiani &#8211; Confagricoltura attiva a tutti i livelli<\/em><\/strong><\/h4>\n<p>&nbsp;<\/p>\n<p>Tavolo nazionale di Confagricoltura per affrontare, sin da ora, con provvedimenti urgenti, la questione idrica che \u00e8 peggiorata a causa di cambiamenti climatici, siccit\u00e0 e alluvioni. A convocare e coordinare l\u2019incontro, che si \u00e8 tenuto il 15 novembre, a palazzo della Valle, quartier generale di Confagricoltura, \u00e8 stata la piacentina Giovanna Parmigiani componente di giunta esecutiva delegata per l\u2019ambiente insieme al vicepresidente dell\u2019associazione nazionale bonifiche Giovanni Tamburini. Presente anche il presidente di Confagricoltura Piacenza, Filippo Gasparini, insieme a una rappresentanza di presidenti e direttori delle sedi territoriali dell\u2019Organizzazione ed ai rappresentanti di Confagricoltura presso i consorzi di bonifica. Nell\u2019incontro si \u00e8 evidenziato come i dati\u00a0dei bacini idrici siano davvero preoccupanti: dal 2010 ad oggi in Italia le disponibilit\u00e0 si sono praticamente dimezzate, con forte accentuazione del fenomeno al Settentrione. \u201cL\u2019auspicio \u00e8 che si arrivi alla prossima stagione estiva con una sufficiente disponibilit\u00e0 d\u2019acqua\u201d &#8211; ha ribadito il presidente nazionale di Confagricoltura, Massimiliano Giansanti. \u201cIn ogni caso \u2013 ha sottolineato &#8211;\u00a0 occorre spendere presto e bene i fondi attualmente messi a disposizione per la gestione delle risorse idriche. A partire dal Piano di sviluppo rurale nazionale &#8211; piano irriguo &#8211; sul quale si \u00e8 avviata la fase di valutazione dei numerosi progetti presentati, per un valore complessivo di oltre un miliardo di euro, quelli del fondo per lo sviluppo e la coesione per la messa in sicurezza dei territori ed i fondi per il finanziamento degli investimenti e dello sviluppo infrastrutturale del Paese\u201d.\u00a0 Dopo l\u2019emergenza siccit\u00e0 ora occorre confrontarsi con le alluvioni. Si stima che il 60% del Paese ne sia a rischio e che i danni da esse causati nel corso di 11 anni ammontino a circa 11 miliardi di euro per le 20 principali inondazioni registrate. Parmigiani si \u00e8 soffermata, in particolare, sulla necessit\u00e0 di sostenere il \u2018piano nazionale degli invasi\u2019 per rispondere alle ricorrenti siccit\u00e0 &#8211; non \u00e8 accettabile che solo l\u201911% dell\u2019acqua disponibile oggi in Italia venga intercettata dagli invasi -, il \u2018piano manutenzione\u2019 per le alluvioni e tutte le azioni dirette a ridurre il rischio idrogeologico anche attraverso il potenziamento degli interventi di manutenzione delle infrastrutture e del territorio, migliorando la protezione da allagamenti e frane. Altra sfida \u00e8 quella del risparmio idrico che, comunque, dovr\u00e0 essere calibrato alle diverse realt\u00e0 ed esigenze territoriali. Ma per raggiungere questo obiettivo occorre che siano aperti in tutte le Regioni i bandi per gli investimenti irrigui delle imprese agricole. Per far questo \u00e8 necessario risolvere i contenzioso con l\u2019Unione europea sulle condizionalit\u00e0 ex ante (creazione di un quadro giuridico per la politica dei prezzi dell\u2019acqua a livello regionale). Infine, nel corso dell\u2019incontro si \u00e8 evidenziato come una delle nuove sfide dell\u2019economia circolare sia l\u2019utilizzo delle acque reflue a fini irrigui; occorre disporre in tempi brevi di un quadro legislativo chiaro sul loro recupero, che preveda elevati standard qualitativi e che assicuri la qualit\u00e0 dei prodotti, anche perch\u00e9 sono ormai numerose le iniziative che si stanno sviluppando a livello territoriale. \u201cSul tema acqua \u2013 ha sottolineato Gasparini \u2013 Confagricoltura sta facendo squadra ad ogni livello, sui tavoli nazionali come sul territorio.\u00a0 Non possiamo pi\u00f9 permettere che ad ogni disastro annunciato si reagisca come se fosse la prima volta che si presenta l\u2019emergenza, si tratti di siccit\u00e0 come di alluvioni, serve una gestione razionale della risorsa, servono invasi e opere di ripristino, come chiediamo ormai da troppo tempo\u201d.<\/p>\n<p><img loading=\"lazy\" decoding=\"async\" class=\"alignnone  wp-image-1021 img-responsive\" src=\"http:\/\/www.confagricoltura.org\/piacenza\/wp-content\/uploads\/sites\/3\/2017\/11\/Tavolo-Acqua.jpg\" alt=\"\" width=\"726\" height=\"545\" \/><\/p>\n<p>&nbsp;<\/p>\n","protected":false},"excerpt":{"rendered":"<p>Gasparini e Parmigiani &#8211; Confagricoltura attiva a tutti i livelli &nbsp; Tavolo nazionale di Confagricoltura per affrontare, sin da ora, con provvedimenti urgenti, la questione idrica che \u00e8 peggiorata a causa di cambiamenti climatici, siccit\u00e0 e alluvioni. A convocare e coordinare l\u2019incontro, che si \u00e8 tenuto il 15 novembre, a palazzo della Valle, quartier generale<\/p>\n","protected":false},"author":6,"featured_media":0,"comment_status":"open","ping_status":"open","sticky":true,"template":"","format":"standard","meta":{"wp_mapbox_gl_js_media":[],"footnotes":""},"categories":[335],"tags":[88,115],"class_list":["post-2474","post","type-post","status-publish","format-standard","hentry","category-archivio","tag-siccita","tag-tavolo-acqua"],"yoast_head":"<!-- This site is optimized with the Yoast SEO plugin v26.8 - https:\/\/yoast.com\/product\/yoast-seo-wordpress\/ -->\n<title>ACQUA: AFFRONTARE ORA LA QUESTIONE PER EVITARE UN\u2019ALTRA ESTATE SENZ\u2019ACQUA - Confagricoltura Piacenza<\/title>\n<meta name=\"robots\" content=\"index, follow, max-snippet:-1, max-image-preview:large, max-video-preview:-1\" \/>\n<link rel=\"canonical\" href=\"https:\/\/www.confagricoltura.org\/piacenza\/acqua-affrontare-ora-la-questione-evitare-unaltra-estate-senzacqua\/\" \/>\n<meta property=\"og:locale\" content=\"it_IT\" \/>\n<meta property=\"og:type\" content=\"article\" \/>\n<meta property=\"og:title\" content=\"ACQUA: AFFRONTARE ORA LA QUESTIONE PER EVITARE UN\u2019ALTRA ESTATE SENZ\u2019ACQUA - Confagricoltura Piacenza\" \/>\n<meta property=\"og:description\" content=\"Gasparini e Parmigiani &#8211; Confagricoltura attiva a tutti i livelli &nbsp; Tavolo nazionale di Confagricoltura per affrontare, sin da ora, con provvedimenti urgenti, la questione idrica che \u00e8 peggiorata a causa di cambiamenti climatici, siccit\u00e0 e alluvioni. A convocare e coordinare l\u2019incontro, che si \u00e8 tenuto il 15 novembre, a palazzo della Valle, quartier generale\" \/>\n<meta property=\"og:url\" content=\"https:\/\/www.confagricoltura.org\/piacenza\/acqua-affrontare-ora-la-questione-evitare-unaltra-estate-senzacqua\/\" \/>\n<meta property=\"og:site_name\" content=\"Confagricoltura Piacenza\" \/>\n<meta property=\"article:published_time\" content=\"2017-11-17T07:59:14+00:00\" \/>\n<meta property=\"article:modified_time\" content=\"2021-03-11T12:14:44+00:00\" \/>\n<meta property=\"og:image\" content=\"http:\/\/www.confagricoltura.org\/piacenza\/wp-content\/uploads\/sites\/3\/2017\/11\/Tavolo-Acqua.jpg\" \/>\n<meta name=\"author\" content=\"confagricolturapiacenza\" \/>\n<meta name=\"twitter:card\" content=\"summary_large_image\" \/>\n<meta name=\"twitter:label1\" content=\"Scritto da\" \/>\n\t<meta name=\"twitter:data1\" content=\"confagricolturapiacenza\" \/>\n\t<meta name=\"twitter:label2\" content=\"Tempo di lettura stimato\" \/>\n\t<meta name=\"twitter:data2\" content=\"3 minuti\" \/>\n<script type=\"application\/ld+json\" class=\"yoast-schema-graph\">{\"@context\":\"https:\/\/schema.org\",\"@graph\":[{\"@type\":\"Article\",\"@id\":\"https:\/\/www.confagricoltura.org\/piacenza\/acqua-affrontare-ora-la-questione-evitare-unaltra-estate-senzacqua\/#article\",\"isPartOf\":{\"@id\":\"https:\/\/www.confagricoltura.org\/piacenza\/acqua-affrontare-ora-la-questione-evitare-unaltra-estate-senzacqua\/\"},\"author\":{\"name\":\"confagricolturapiacenza\",\"@id\":\"https:\/\/www.confagricoltura.org\/piacenza\/#\/schema\/person\/be5da25a3117fea4b3bfec9dba09b5e8\"},\"headline\":\"ACQUA: AFFRONTARE ORA LA QUESTIONE PER EVITARE UN\u2019ALTRA ESTATE SENZ\u2019ACQUA\",\"datePublished\":\"2017-11-17T07:59:14+00:00\",\"dateModified\":\"2021-03-11T12:14:44+00:00\",\"mainEntityOfPage\":{\"@id\":\"https:\/\/www.confagricoltura.org\/piacenza\/acqua-affrontare-ora-la-questione-evitare-unaltra-estate-senzacqua\/\"},\"wordCount\":577,\"commentCount\":0,\"image\":{\"@id\":\"https:\/\/www.confagricoltura.org\/piacenza\/acqua-affrontare-ora-la-questione-evitare-unaltra-estate-senzacqua\/#primaryimage\"},\"thumbnailUrl\":\"http:\/\/www.confagricoltura.org\/piacenza\/wp-content\/uploads\/sites\/3\/2017\/11\/Tavolo-Acqua.jpg\",\"keywords\":[\"siccit\u00e0\",\"TAVOLO ACQUA\"],\"articleSection\":[\"Archivio\"],\"inLanguage\":\"it-IT\"},{\"@type\":\"WebPage\",\"@id\":\"https:\/\/www.confagricoltura.org\/piacenza\/acqua-affrontare-ora-la-questione-evitare-unaltra-estate-senzacqua\/\",\"url\":\"https:\/\/www.confagricoltura.org\/piacenza\/acqua-affrontare-ora-la-questione-evitare-unaltra-estate-senzacqua\/\",\"name\":\"ACQUA: AFFRONTARE ORA LA QUESTIONE PER EVITARE UN\u2019ALTRA ESTATE SENZ\u2019ACQUA - Confagricoltura Piacenza\",\"isPartOf\":{\"@id\":\"https:\/\/www.confagricoltura.org\/piacenza\/#website\"},\"primaryImageOfPage\":{\"@id\":\"https:\/\/www.confagricoltura.org\/piacenza\/acqua-affrontare-ora-la-questione-evitare-unaltra-estate-senzacqua\/#primaryimage\"},\"image\":{\"@id\":\"https:\/\/www.confagricoltura.org\/piacenza\/acqua-affrontare-ora-la-questione-evitare-unaltra-estate-senzacqua\/#primaryimage\"},\"thumbnailUrl\":\"http:\/\/www.confagricoltura.org\/piacenza\/wp-content\/uploads\/sites\/3\/2017\/11\/Tavolo-Acqua.jpg\",\"datePublished\":\"2017-11-17T07:59:14+00:00\",\"dateModified\":\"2021-03-11T12:14:44+00:00\",\"author\":{\"@id\":\"https:\/\/www.confagricoltura.org\/piacenza\/#\/schema\/person\/be5da25a3117fea4b3bfec9dba09b5e8\"},\"breadcrumb\":{\"@id\":\"https:\/\/www.confagricoltura.org\/piacenza\/acqua-affrontare-ora-la-questione-evitare-unaltra-estate-senzacqua\/#breadcrumb\"},\"inLanguage\":\"it-IT\",\"potentialAction\":[{\"@type\":\"ReadAction\",\"target\":[\"https:\/\/www.confagricoltura.org\/piacenza\/acqua-affrontare-ora-la-questione-evitare-unaltra-estate-senzacqua\/\"]}]},{\"@type\":\"ImageObject\",\"inLanguage\":\"it-IT\",\"@id\":\"https:\/\/www.confagricoltura.org\/piacenza\/acqua-affrontare-ora-la-questione-evitare-unaltra-estate-senzacqua\/#primaryimage\",\"url\":\"http:\/\/www.confagricoltura.org\/piacenza\/wp-content\/uploads\/sites\/3\/2017\/11\/Tavolo-Acqua.jpg\",\"contentUrl\":\"http:\/\/www.confagricoltura.org\/piacenza\/wp-content\/uploads\/sites\/3\/2017\/11\/Tavolo-Acqua.jpg\"},{\"@type\":\"BreadcrumbList\",\"@id\":\"https:\/\/www.confagricoltura.org\/piacenza\/acqua-affrontare-ora-la-questione-evitare-unaltra-estate-senzacqua\/#breadcrumb\",\"itemListElement\":[{\"@type\":\"ListItem\",\"position\":1,\"name\":\"Home\",\"item\":\"https:\/\/www.confagricoltura.org\/piacenza\/\"},{\"@type\":\"ListItem\",\"position\":2,\"name\":\"ACQUA: AFFRONTARE ORA LA QUESTIONE PER EVITARE UN\u2019ALTRA ESTATE SENZ\u2019ACQUA\"}]},{\"@type\":\"WebSite\",\"@id\":\"https:\/\/www.confagricoltura.org\/piacenza\/#website\",\"url\":\"https:\/\/www.confagricoltura.org\/piacenza\/\",\"name\":\"Confagricoltura Piacenza\",\"description\":\"Dalla parte degli Agricoltori\",\"potentialAction\":[{\"@type\":\"SearchAction\",\"target\":{\"@type\":\"EntryPoint\",\"urlTemplate\":\"https:\/\/www.confagricoltura.org\/piacenza\/?s={search_term_string}\"},\"query-input\":{\"@type\":\"PropertyValueSpecification\",\"valueRequired\":true,\"valueName\":\"search_term_string\"}}],\"inLanguage\":\"it-IT\"},{\"@type\":\"Person\",\"@id\":\"https:\/\/www.confagricoltura.org\/piacenza\/#\/schema\/person\/be5da25a3117fea4b3bfec9dba09b5e8\",\"name\":\"confagricolturapiacenza\",\"image\":{\"@type\":\"ImageObject\",\"inLanguage\":\"it-IT\",\"@id\":\"https:\/\/www.confagricoltura.org\/piacenza\/#\/schema\/person\/image\/\",\"url\":\"https:\/\/secure.gravatar.com\/avatar\/9c5f111e417171581853bd0a3ff892ca?s=96&d=mm&r=g\",\"contentUrl\":\"https:\/\/secure.gravatar.com\/avatar\/9c5f111e417171581853bd0a3ff892ca?s=96&d=mm&r=g\",\"caption\":\"confagricolturapiacenza\"},\"url\":\"https:\/\/www.confagricoltura.org\/piacenza\/author\/confagricolturapiacenza\/\"}]}<\/script>\n<!-- \/ Yoast SEO plugin. -->","yoast_head_json":{"title":"ACQUA: AFFRONTARE ORA LA QUESTIONE PER EVITARE UN\u2019ALTRA ESTATE SENZ\u2019ACQUA - Confagricoltura Piacenza","robots":{"index":"index","follow":"follow","max-snippet":"max-snippet:-1","max-image-preview":"max-image-preview:large","max-video-preview":"max-video-preview:-1"},"canonical":"https:\/\/www.confagricoltura.org\/piacenza\/acqua-affrontare-ora-la-questione-evitare-unaltra-estate-senzacqua\/","og_locale":"it_IT","og_type":"article","og_title":"ACQUA: AFFRONTARE ORA LA QUESTIONE PER EVITARE UN\u2019ALTRA ESTATE SENZ\u2019ACQUA - Confagricoltura Piacenza","og_description":"Gasparini e Parmigiani &#8211; Confagricoltura attiva a tutti i livelli &nbsp; Tavolo nazionale di Confagricoltura per affrontare, sin da ora, con provvedimenti urgenti, la questione idrica che \u00e8 peggiorata a causa di cambiamenti climatici, siccit\u00e0 e alluvioni. A convocare e coordinare l\u2019incontro, che si \u00e8 tenuto il 15 novembre, a palazzo della Valle, quartier generale","og_url":"https:\/\/www.confagricoltura.org\/piacenza\/acqua-affrontare-ora-la-questione-evitare-unaltra-estate-senzacqua\/","og_site_name":"Confagricoltura Piacenza","article_published_time":"2017-11-17T07:59:14+00:00","article_modified_time":"2021-03-11T12:14:44+00:00","og_image":[{"url":"http:\/\/www.confagricoltura.org\/piacenza\/wp-content\/uploads\/sites\/3\/2017\/11\/Tavolo-Acqua.jpg","type":"","width":"","height":""}],"author":"confagricolturapiacenza","twitter_card":"summary_large_image","twitter_misc":{"Scritto da":"confagricolturapiacenza","Tempo di lettura stimato":"3 minuti"},"schema":{"@context":"https:\/\/schema.org","@graph":[{"@type":"Article","@id":"https:\/\/www.confagricoltura.org\/piacenza\/acqua-affrontare-ora-la-questione-evitare-unaltra-estate-senzacqua\/#article","isPartOf":{"@id":"https:\/\/www.confagricoltura.org\/piacenza\/acqua-affrontare-ora-la-questione-evitare-unaltra-estate-senzacqua\/"},"author":{"name":"confagricolturapiacenza","@id":"https:\/\/www.confagricoltura.org\/piacenza\/#\/schema\/person\/be5da25a3117fea4b3bfec9dba09b5e8"},"headline":"ACQUA: AFFRONTARE ORA LA QUESTIONE PER EVITARE UN\u2019ALTRA ESTATE SENZ\u2019ACQUA","datePublished":"2017-11-17T07:59:14+00:00","dateModified":"2021-03-11T12:14:44+00:00","mainEntityOfPage":{"@id":"https:\/\/www.confagricoltura.org\/piacenza\/acqua-affrontare-ora-la-questione-evitare-unaltra-estate-senzacqua\/"},"wordCount":577,"commentCount":0,"image":{"@id":"https:\/\/www.confagricoltura.org\/piacenza\/acqua-affrontare-ora-la-questione-evitare-unaltra-estate-senzacqua\/#primaryimage"},"thumbnailUrl":"http:\/\/www.confagricoltura.org\/piacenza\/wp-content\/uploads\/sites\/3\/2017\/11\/Tavolo-Acqua.jpg","keywords":["siccit\u00e0","TAVOLO ACQUA"],"articleSection":["Archivio"],"inLanguage":"it-IT"},{"@type":"WebPage","@id":"https:\/\/www.confagricoltura.org\/piacenza\/acqua-affrontare-ora-la-questione-evitare-unaltra-estate-senzacqua\/","url":"https:\/\/www.confagricoltura.org\/piacenza\/acqua-affrontare-ora-la-questione-evitare-unaltra-estate-senzacqua\/","name":"ACQUA: AFFRONTARE ORA LA QUESTIONE PER EVITARE UN\u2019ALTRA ESTATE SENZ\u2019ACQUA - Confagricoltura Piacenza","isPartOf":{"@id":"https:\/\/www.confagricoltura.org\/piacenza\/#website"},"primaryImageOfPage":{"@id":"https:\/\/www.confagricoltura.org\/piacenza\/acqua-affrontare-ora-la-questione-evitare-unaltra-estate-senzacqua\/#primaryimage"},"image":{"@id":"https:\/\/www.confagricoltura.org\/piacenza\/acqua-affrontare-ora-la-questione-evitare-unaltra-estate-senzacqua\/#primaryimage"},"thumbnailUrl":"http:\/\/www.confagricoltura.org\/piacenza\/wp-content\/uploads\/sites\/3\/2017\/11\/Tavolo-Acqua.jpg","datePublished":"2017-11-17T07:59:14+00:00","dateModified":"2021-03-11T12:14:44+00:00","author":{"@id":"https:\/\/www.confagricoltura.org\/piacenza\/#\/schema\/person\/be5da25a3117fea4b3bfec9dba09b5e8"},"breadcrumb":{"@id":"https:\/\/www.confagricoltura.org\/piacenza\/acqua-affrontare-ora-la-questione-evitare-unaltra-estate-senzacqua\/#breadcrumb"},"inLanguage":"it-IT","potentialAction":[{"@type":"ReadAction","target":["https:\/\/www.confagricoltura.org\/piacenza\/acqua-affrontare-ora-la-questione-evitare-unaltra-estate-senzacqua\/"]}]},{"@type":"ImageObject","inLanguage":"it-IT","@id":"https:\/\/www.confagricoltura.org\/piacenza\/acqua-affrontare-ora-la-questione-evitare-unaltra-estate-senzacqua\/#primaryimage","url":"http:\/\/www.confagricoltura.org\/piacenza\/wp-content\/uploads\/sites\/3\/2017\/11\/Tavolo-Acqua.jpg","contentUrl":"http:\/\/www.confagricoltura.org\/piacenza\/wp-content\/uploads\/sites\/3\/2017\/11\/Tavolo-Acqua.jpg"},{"@type":"BreadcrumbList","@id":"https:\/\/www.confagricoltura.org\/piacenza\/acqua-affrontare-ora-la-questione-evitare-unaltra-estate-senzacqua\/#breadcrumb","itemListElement":[{"@type":"ListItem","position":1,"name":"Home","item":"https:\/\/www.confagricoltura.org\/piacenza\/"},{"@type":"ListItem","position":2,"name":"ACQUA: AFFRONTARE ORA LA QUESTIONE PER EVITARE UN\u2019ALTRA ESTATE SENZ\u2019ACQUA"}]},{"@type":"WebSite","@id":"https:\/\/www.confagricoltura.org\/piacenza\/#website","url":"https:\/\/www.confagricoltura.org\/piacenza\/","name":"Confagricoltura Piacenza","description":"Dalla parte degli Agricoltori","potentialAction":[{"@type":"SearchAction","target":{"@type":"EntryPoint","urlTemplate":"https:\/\/www.confagricoltura.org\/piacenza\/?s={search_term_string}"},"query-input":{"@type":"PropertyValueSpecification","valueRequired":true,"valueName":"search_term_string"}}],"inLanguage":"it-IT"},{"@type":"Person","@id":"https:\/\/www.confagricoltura.org\/piacenza\/#\/schema\/person\/be5da25a3117fea4b3bfec9dba09b5e8","name":"confagricolturapiacenza","image":{"@type":"ImageObject","inLanguage":"it-IT","@id":"https:\/\/www.confagricoltura.org\/piacenza\/#\/schema\/person\/image\/","url":"https:\/\/secure.gravatar.com\/avatar\/9c5f111e417171581853bd0a3ff892ca?s=96&d=mm&r=g","contentUrl":"https:\/\/secure.gravatar.com\/avatar\/9c5f111e417171581853bd0a3ff892ca?s=96&d=mm&r=g","caption":"confagricolturapiacenza"},"url":"https:\/\/www.confagricoltura.org\/piacenza\/author\/confagricolturapiacenza\/"}]}},"_links":{"self":[{"href":"https:\/\/www.confagricoltura.org\/piacenza\/wp-json\/wp\/v2\/posts\/2474","targetHints":{"allow":["GET"]}}],"collection":[{"href":"https:\/\/www.confagricoltura.org\/piacenza\/wp-json\/wp\/v2\/posts"}],"about":[{"href":"https:\/\/www.confagricoltura.org\/piacenza\/wp-json\/wp\/v2\/types\/post"}],"author":[{"embeddable":true,"href":"https:\/\/www.confagricoltura.org\/piacenza\/wp-json\/wp\/v2\/users\/6"}],"replies":[{"embeddable":true,"href":"https:\/\/www.confagricoltura.org\/piacenza\/wp-json\/wp\/v2\/comments?post=2474"}],"version-history":[{"count":1,"href":"https:\/\/www.confagricoltura.org\/piacenza\/wp-json\/wp\/v2\/posts\/2474\/revisions"}],"predecessor-version":[{"id":2845,"href":"https:\/\/www.confagricoltura.org\/piacenza\/wp-json\/wp\/v2\/posts\/2474\/revisions\/2845"}],"wp:attachment":[{"href":"https:\/\/www.confagricoltura.org\/piacenza\/wp-json\/wp\/v2\/media?parent=2474"}],"wp:term":[{"taxonomy":"category","embeddable":true,"href":"https:\/\/www.confagricoltura.org\/piacenza\/wp-json\/wp\/v2\/categories?post=2474"},{"taxonomy":"post_tag","embeddable":true,"href":"https:\/\/www.confagricoltura.org\/piacenza\/wp-json\/wp\/v2\/tags?post=2474"}],"curies":[{"name":"wp","href":"https:\/\/api.w.org\/{rel}","templated":true}]}}