{"id":2463,"date":"2017-09-15T11:37:44","date_gmt":"2017-09-15T09:37:44","guid":{"rendered":"http:\/\/www.confagricoltura.org\/piacenza\/?p=957"},"modified":"2021-03-11T13:14:45","modified_gmt":"2021-03-11T12:14:45","slug":"confagricoltura-chiede-misure-urgenti-contenimento-della-fauna-selvatica","status":"publish","type":"post","link":"https:\/\/www.confagricoltura.org\/piacenza\/confagricoltura-chiede-misure-urgenti-contenimento-della-fauna-selvatica\/","title":{"rendered":"CONFAGRICOLTURA CHIEDE MISURE URGENTI PER IL CONTENIMENTO DELLA FAUNA SELVATICA"},"content":{"rendered":"<p><strong><em>Gasparini: sul territorio qualche risultato grazie alla collaborazione con gli ATC<\/em><\/strong><\/p>\n<p>L\u2019incremento incontrollato della popolazione di ungulati, sottolinea Confagricoltura, oltre ad essere motivo d\u2019alterazione dell\u2019ecosistema e quindi di compromissione della presenza delle altre specie autoctone, \u00e8 sempre pi\u00f9 causa di gravissimi danni alle attivit\u00e0 agricole provocati dal massiccio sconfinamento di tali specie verso aree vocate e ad alta produttivit\u00e0. In vista della Conferenza Stato Regioni che si accinge a ridefinire alcuni passaggi della normativa sugli indennizzi dei danni alle culture agricole, Confagricoltura chiede che da un lato ci si adoperi a superare le limitazioni europee all\u2019integrale risarcimento dei danni subiti ed ad armonizzare e semplificare le procedure, e che dall\u2019altro si pongano le basi normative per un effettivo contenimento delle popolazioni selvatiche in rapporto alla sostenibilit\u00e0 territoriale, anche a garanzia dell\u2019incolumit\u00e0 pubblica. \u201cConcordiamo con quanto sostenuto da Confagricoltura nazionale \u2013 sottolinea Filippo Gasparini, presidente di Confagricoltura Piacenza \u2013 anche se a livello territoriale qualche risultato, in termini di contenimento si \u00e8 ottenuto, soprattutto grazie alla collaborazione con gli ATC che inizia a funzionare. Dobbiamo continuare su questa strada: gli abbattimenti nelle zone di segnalazione in bassa Val Trebbia e in Val Tidone hanno sortito qualche risultato. Certo, a giudicare dall\u2019entit\u00e0 dei danni, soprattutto a carico delle foraggere, il problema \u00e8 bel lontano dalla soluzione, tende, anzi, ad estendersi nelle zone pi\u00f9 lontane dai fiumi dove gli ungulati stanno colonizzando anche terreni lontani dalle rive. Troppe leggi, troppi impedimenti e accorgimenti regolano l\u2019attivit\u00e0 delle squadre degli ATC \u2013 sottolinea Gasparini &#8211; specialmente nelle zone dei parchi. Una volta comprovata la loro capacit\u00e0, invece, queste squadre di selettori dovrebbero potersi muovere con pi\u00f9 autonomia, visto il loro impegno e gli oneri che sostengono per il lavoro in squadra\u201d. Confagricoltura Piacenza ricorda che, come prevede la procedura, \u00e8 possibile tramite l\u2019Ambito Territoriale Caccia di competenza inoltrare domanda per richiedere il piano di controllo sulla specie cinghiale nella zona interessata dal danno e l\u2019ATC insieme alla Provincia provvede di conseguenza, in base alla segnalazione ricevuta dall\u2019agricoltore, a organizzare una battuta di contenimento. \u201cA livello nazionale sussiste poi un problema \u2013 spiega Gasparini &#8211;\u00a0 a differenza degli altri Stati europei, la fauna selvatica in Italia \u00e8 considerata propriet\u00e0 indisponibile dello Stato e di conseguenza lo stesso si deve fare carico dei danni. Confagricoltura ha presentato alla Comunit\u00e0 europea, tramite la Presidenza del Consiglio dei Ministri, un\u2019istanza, in merito al risarcimento dei danni da fauna selvatica, che evidenzia in modo estremamente chiaro chi \u00e8 titolare del diritto di propriet\u00e0 del bene \u2018fauna selvatica\u2019 e le modalit\u00e0 per la formazione dei fondi regionali finalizzati al ristoro dei danni subiti dai proprietari o conduttori dei fondi, ma anche che il conseguente intervento finanziario \u00e8 effettuato a titolo di risarcimento o indennizzo da chi (Amministrazione pubblica) giuridicamente ha la responsabilit\u00e0 civile sulla fauna selvatica e di conseguenza l\u2019onere di provvedere al risarcimento dei danni da essa arrecati. Ne consegue che il risarcimento dei danni causati sull\u2019intero territorio italiano da fauna selvatica non pu\u00f2 trovare applicazione nella normativa europea disciplinante gli aiuti di stato provocando ingiustificate penalizzazioni a carico degli agricoltori italiani e ingiustificati vantaggi all\u2019amministratore che non ha esercitato il proprio dovere di gestione e controllo\u201d.<\/p>\n<p><img loading=\"lazy\" decoding=\"async\" class=\"alignnone wp-image-958 img-responsive\" src=\"http:\/\/www.confagricoltura.org\/piacenza\/wp-content\/uploads\/sites\/3\/2017\/09\/IMG-20170414-WA0003.jpg\" alt=\"\" width=\"769\" height=\"1025\" \/><\/p>\n<p>foto di repertorio con danni da cinghiali allo stoccaggio dell\u2019insilato<\/p>\n<p>&nbsp;<\/p>\n","protected":false},"excerpt":{"rendered":"<p>Gasparini: sul territorio qualche risultato grazie alla collaborazione con gli ATC L\u2019incremento incontrollato della popolazione di ungulati, sottolinea Confagricoltura, oltre ad essere motivo d\u2019alterazione dell\u2019ecosistema e quindi di compromissione della presenza delle altre specie autoctone, \u00e8 sempre pi\u00f9 causa di gravissimi danni alle attivit\u00e0 agricole provocati dal massiccio sconfinamento di tali specie verso aree vocate<\/p>\n","protected":false},"author":6,"featured_media":0,"comment_status":"open","ping_status":"open","sticky":true,"template":"","format":"standard","meta":{"wp_mapbox_gl_js_media":[],"footnotes":""},"categories":[335],"tags":[106],"class_list":["post-2463","post","type-post","status-publish","format-standard","hentry","category-archivio","tag-fauna-selvatica"],"yoast_head":"<!-- This site is optimized with the Yoast SEO plugin v26.8 - https:\/\/yoast.com\/product\/yoast-seo-wordpress\/ -->\n<title>CONFAGRICOLTURA CHIEDE MISURE URGENTI PER IL CONTENIMENTO DELLA FAUNA SELVATICA - Confagricoltura Piacenza<\/title>\n<meta name=\"robots\" content=\"index, follow, max-snippet:-1, max-image-preview:large, max-video-preview:-1\" \/>\n<link rel=\"canonical\" href=\"https:\/\/www.confagricoltura.org\/piacenza\/confagricoltura-chiede-misure-urgenti-contenimento-della-fauna-selvatica\/\" \/>\n<meta property=\"og:locale\" content=\"it_IT\" \/>\n<meta property=\"og:type\" content=\"article\" \/>\n<meta property=\"og:title\" content=\"CONFAGRICOLTURA CHIEDE MISURE URGENTI PER IL CONTENIMENTO DELLA FAUNA SELVATICA - Confagricoltura Piacenza\" \/>\n<meta property=\"og:description\" content=\"Gasparini: sul territorio qualche risultato grazie alla collaborazione con gli ATC L\u2019incremento incontrollato della popolazione di ungulati, sottolinea Confagricoltura, oltre ad essere motivo d\u2019alterazione dell\u2019ecosistema e quindi di compromissione della presenza delle altre specie autoctone, \u00e8 sempre pi\u00f9 causa di gravissimi danni alle attivit\u00e0 agricole provocati dal massiccio sconfinamento di tali specie verso aree vocate\" \/>\n<meta property=\"og:url\" content=\"https:\/\/www.confagricoltura.org\/piacenza\/confagricoltura-chiede-misure-urgenti-contenimento-della-fauna-selvatica\/\" \/>\n<meta property=\"og:site_name\" content=\"Confagricoltura Piacenza\" \/>\n<meta property=\"article:published_time\" content=\"2017-09-15T09:37:44+00:00\" \/>\n<meta property=\"article:modified_time\" content=\"2021-03-11T12:14:45+00:00\" \/>\n<meta property=\"og:image\" content=\"http:\/\/www.confagricoltura.org\/piacenza\/wp-content\/uploads\/sites\/3\/2017\/09\/IMG-20170414-WA0003.jpg\" \/>\n<meta name=\"author\" content=\"confagricolturapiacenza\" \/>\n<meta name=\"twitter:card\" content=\"summary_large_image\" \/>\n<meta name=\"twitter:label1\" content=\"Scritto da\" \/>\n\t<meta name=\"twitter:data1\" content=\"confagricolturapiacenza\" \/>\n\t<meta name=\"twitter:label2\" content=\"Tempo di lettura stimato\" \/>\n\t<meta name=\"twitter:data2\" content=\"3 minuti\" \/>\n<script type=\"application\/ld+json\" class=\"yoast-schema-graph\">{\"@context\":\"https:\/\/schema.org\",\"@graph\":[{\"@type\":\"Article\",\"@id\":\"https:\/\/www.confagricoltura.org\/piacenza\/confagricoltura-chiede-misure-urgenti-contenimento-della-fauna-selvatica\/#article\",\"isPartOf\":{\"@id\":\"https:\/\/www.confagricoltura.org\/piacenza\/confagricoltura-chiede-misure-urgenti-contenimento-della-fauna-selvatica\/\"},\"author\":{\"name\":\"confagricolturapiacenza\",\"@id\":\"https:\/\/www.confagricoltura.org\/piacenza\/#\/schema\/person\/be5da25a3117fea4b3bfec9dba09b5e8\"},\"headline\":\"CONFAGRICOLTURA CHIEDE MISURE URGENTI PER IL CONTENIMENTO DELLA FAUNA SELVATICA\",\"datePublished\":\"2017-09-15T09:37:44+00:00\",\"dateModified\":\"2021-03-11T12:14:45+00:00\",\"mainEntityOfPage\":{\"@id\":\"https:\/\/www.confagricoltura.org\/piacenza\/confagricoltura-chiede-misure-urgenti-contenimento-della-fauna-selvatica\/\"},\"wordCount\":553,\"commentCount\":0,\"image\":{\"@id\":\"https:\/\/www.confagricoltura.org\/piacenza\/confagricoltura-chiede-misure-urgenti-contenimento-della-fauna-selvatica\/#primaryimage\"},\"thumbnailUrl\":\"http:\/\/www.confagricoltura.org\/piacenza\/wp-content\/uploads\/sites\/3\/2017\/09\/IMG-20170414-WA0003.jpg\",\"keywords\":[\"FAUNA SELVATICA\"],\"articleSection\":[\"Archivio\"],\"inLanguage\":\"it-IT\"},{\"@type\":\"WebPage\",\"@id\":\"https:\/\/www.confagricoltura.org\/piacenza\/confagricoltura-chiede-misure-urgenti-contenimento-della-fauna-selvatica\/\",\"url\":\"https:\/\/www.confagricoltura.org\/piacenza\/confagricoltura-chiede-misure-urgenti-contenimento-della-fauna-selvatica\/\",\"name\":\"CONFAGRICOLTURA CHIEDE MISURE URGENTI PER IL CONTENIMENTO DELLA FAUNA SELVATICA - Confagricoltura Piacenza\",\"isPartOf\":{\"@id\":\"https:\/\/www.confagricoltura.org\/piacenza\/#website\"},\"primaryImageOfPage\":{\"@id\":\"https:\/\/www.confagricoltura.org\/piacenza\/confagricoltura-chiede-misure-urgenti-contenimento-della-fauna-selvatica\/#primaryimage\"},\"image\":{\"@id\":\"https:\/\/www.confagricoltura.org\/piacenza\/confagricoltura-chiede-misure-urgenti-contenimento-della-fauna-selvatica\/#primaryimage\"},\"thumbnailUrl\":\"http:\/\/www.confagricoltura.org\/piacenza\/wp-content\/uploads\/sites\/3\/2017\/09\/IMG-20170414-WA0003.jpg\",\"datePublished\":\"2017-09-15T09:37:44+00:00\",\"dateModified\":\"2021-03-11T12:14:45+00:00\",\"author\":{\"@id\":\"https:\/\/www.confagricoltura.org\/piacenza\/#\/schema\/person\/be5da25a3117fea4b3bfec9dba09b5e8\"},\"breadcrumb\":{\"@id\":\"https:\/\/www.confagricoltura.org\/piacenza\/confagricoltura-chiede-misure-urgenti-contenimento-della-fauna-selvatica\/#breadcrumb\"},\"inLanguage\":\"it-IT\",\"potentialAction\":[{\"@type\":\"ReadAction\",\"target\":[\"https:\/\/www.confagricoltura.org\/piacenza\/confagricoltura-chiede-misure-urgenti-contenimento-della-fauna-selvatica\/\"]}]},{\"@type\":\"ImageObject\",\"inLanguage\":\"it-IT\",\"@id\":\"https:\/\/www.confagricoltura.org\/piacenza\/confagricoltura-chiede-misure-urgenti-contenimento-della-fauna-selvatica\/#primaryimage\",\"url\":\"http:\/\/www.confagricoltura.org\/piacenza\/wp-content\/uploads\/sites\/3\/2017\/09\/IMG-20170414-WA0003.jpg\",\"contentUrl\":\"http:\/\/www.confagricoltura.org\/piacenza\/wp-content\/uploads\/sites\/3\/2017\/09\/IMG-20170414-WA0003.jpg\"},{\"@type\":\"BreadcrumbList\",\"@id\":\"https:\/\/www.confagricoltura.org\/piacenza\/confagricoltura-chiede-misure-urgenti-contenimento-della-fauna-selvatica\/#breadcrumb\",\"itemListElement\":[{\"@type\":\"ListItem\",\"position\":1,\"name\":\"Home\",\"item\":\"https:\/\/www.confagricoltura.org\/piacenza\/\"},{\"@type\":\"ListItem\",\"position\":2,\"name\":\"CONFAGRICOLTURA CHIEDE MISURE URGENTI PER IL CONTENIMENTO DELLA FAUNA SELVATICA\"}]},{\"@type\":\"WebSite\",\"@id\":\"https:\/\/www.confagricoltura.org\/piacenza\/#website\",\"url\":\"https:\/\/www.confagricoltura.org\/piacenza\/\",\"name\":\"Confagricoltura Piacenza\",\"description\":\"Dalla parte degli Agricoltori\",\"potentialAction\":[{\"@type\":\"SearchAction\",\"target\":{\"@type\":\"EntryPoint\",\"urlTemplate\":\"https:\/\/www.confagricoltura.org\/piacenza\/?s={search_term_string}\"},\"query-input\":{\"@type\":\"PropertyValueSpecification\",\"valueRequired\":true,\"valueName\":\"search_term_string\"}}],\"inLanguage\":\"it-IT\"},{\"@type\":\"Person\",\"@id\":\"https:\/\/www.confagricoltura.org\/piacenza\/#\/schema\/person\/be5da25a3117fea4b3bfec9dba09b5e8\",\"name\":\"confagricolturapiacenza\",\"image\":{\"@type\":\"ImageObject\",\"inLanguage\":\"it-IT\",\"@id\":\"https:\/\/www.confagricoltura.org\/piacenza\/#\/schema\/person\/image\/\",\"url\":\"https:\/\/secure.gravatar.com\/avatar\/9c5f111e417171581853bd0a3ff892ca?s=96&d=mm&r=g\",\"contentUrl\":\"https:\/\/secure.gravatar.com\/avatar\/9c5f111e417171581853bd0a3ff892ca?s=96&d=mm&r=g\",\"caption\":\"confagricolturapiacenza\"},\"url\":\"https:\/\/www.confagricoltura.org\/piacenza\/author\/confagricolturapiacenza\/\"}]}<\/script>\n<!-- \/ Yoast SEO plugin. -->","yoast_head_json":{"title":"CONFAGRICOLTURA CHIEDE MISURE URGENTI PER IL CONTENIMENTO DELLA FAUNA SELVATICA - Confagricoltura Piacenza","robots":{"index":"index","follow":"follow","max-snippet":"max-snippet:-1","max-image-preview":"max-image-preview:large","max-video-preview":"max-video-preview:-1"},"canonical":"https:\/\/www.confagricoltura.org\/piacenza\/confagricoltura-chiede-misure-urgenti-contenimento-della-fauna-selvatica\/","og_locale":"it_IT","og_type":"article","og_title":"CONFAGRICOLTURA CHIEDE MISURE URGENTI PER IL CONTENIMENTO DELLA FAUNA SELVATICA - Confagricoltura Piacenza","og_description":"Gasparini: sul territorio qualche risultato grazie alla collaborazione con gli ATC L\u2019incremento incontrollato della popolazione di ungulati, sottolinea Confagricoltura, oltre ad essere motivo d\u2019alterazione dell\u2019ecosistema e quindi di compromissione della presenza delle altre specie autoctone, \u00e8 sempre pi\u00f9 causa di gravissimi danni alle attivit\u00e0 agricole provocati dal massiccio sconfinamento di tali specie verso aree vocate","og_url":"https:\/\/www.confagricoltura.org\/piacenza\/confagricoltura-chiede-misure-urgenti-contenimento-della-fauna-selvatica\/","og_site_name":"Confagricoltura Piacenza","article_published_time":"2017-09-15T09:37:44+00:00","article_modified_time":"2021-03-11T12:14:45+00:00","og_image":[{"url":"http:\/\/www.confagricoltura.org\/piacenza\/wp-content\/uploads\/sites\/3\/2017\/09\/IMG-20170414-WA0003.jpg","type":"","width":"","height":""}],"author":"confagricolturapiacenza","twitter_card":"summary_large_image","twitter_misc":{"Scritto da":"confagricolturapiacenza","Tempo di lettura stimato":"3 minuti"},"schema":{"@context":"https:\/\/schema.org","@graph":[{"@type":"Article","@id":"https:\/\/www.confagricoltura.org\/piacenza\/confagricoltura-chiede-misure-urgenti-contenimento-della-fauna-selvatica\/#article","isPartOf":{"@id":"https:\/\/www.confagricoltura.org\/piacenza\/confagricoltura-chiede-misure-urgenti-contenimento-della-fauna-selvatica\/"},"author":{"name":"confagricolturapiacenza","@id":"https:\/\/www.confagricoltura.org\/piacenza\/#\/schema\/person\/be5da25a3117fea4b3bfec9dba09b5e8"},"headline":"CONFAGRICOLTURA CHIEDE MISURE URGENTI PER IL CONTENIMENTO DELLA FAUNA SELVATICA","datePublished":"2017-09-15T09:37:44+00:00","dateModified":"2021-03-11T12:14:45+00:00","mainEntityOfPage":{"@id":"https:\/\/www.confagricoltura.org\/piacenza\/confagricoltura-chiede-misure-urgenti-contenimento-della-fauna-selvatica\/"},"wordCount":553,"commentCount":0,"image":{"@id":"https:\/\/www.confagricoltura.org\/piacenza\/confagricoltura-chiede-misure-urgenti-contenimento-della-fauna-selvatica\/#primaryimage"},"thumbnailUrl":"http:\/\/www.confagricoltura.org\/piacenza\/wp-content\/uploads\/sites\/3\/2017\/09\/IMG-20170414-WA0003.jpg","keywords":["FAUNA SELVATICA"],"articleSection":["Archivio"],"inLanguage":"it-IT"},{"@type":"WebPage","@id":"https:\/\/www.confagricoltura.org\/piacenza\/confagricoltura-chiede-misure-urgenti-contenimento-della-fauna-selvatica\/","url":"https:\/\/www.confagricoltura.org\/piacenza\/confagricoltura-chiede-misure-urgenti-contenimento-della-fauna-selvatica\/","name":"CONFAGRICOLTURA CHIEDE MISURE URGENTI PER IL CONTENIMENTO DELLA FAUNA SELVATICA - Confagricoltura Piacenza","isPartOf":{"@id":"https:\/\/www.confagricoltura.org\/piacenza\/#website"},"primaryImageOfPage":{"@id":"https:\/\/www.confagricoltura.org\/piacenza\/confagricoltura-chiede-misure-urgenti-contenimento-della-fauna-selvatica\/#primaryimage"},"image":{"@id":"https:\/\/www.confagricoltura.org\/piacenza\/confagricoltura-chiede-misure-urgenti-contenimento-della-fauna-selvatica\/#primaryimage"},"thumbnailUrl":"http:\/\/www.confagricoltura.org\/piacenza\/wp-content\/uploads\/sites\/3\/2017\/09\/IMG-20170414-WA0003.jpg","datePublished":"2017-09-15T09:37:44+00:00","dateModified":"2021-03-11T12:14:45+00:00","author":{"@id":"https:\/\/www.confagricoltura.org\/piacenza\/#\/schema\/person\/be5da25a3117fea4b3bfec9dba09b5e8"},"breadcrumb":{"@id":"https:\/\/www.confagricoltura.org\/piacenza\/confagricoltura-chiede-misure-urgenti-contenimento-della-fauna-selvatica\/#breadcrumb"},"inLanguage":"it-IT","potentialAction":[{"@type":"ReadAction","target":["https:\/\/www.confagricoltura.org\/piacenza\/confagricoltura-chiede-misure-urgenti-contenimento-della-fauna-selvatica\/"]}]},{"@type":"ImageObject","inLanguage":"it-IT","@id":"https:\/\/www.confagricoltura.org\/piacenza\/confagricoltura-chiede-misure-urgenti-contenimento-della-fauna-selvatica\/#primaryimage","url":"http:\/\/www.confagricoltura.org\/piacenza\/wp-content\/uploads\/sites\/3\/2017\/09\/IMG-20170414-WA0003.jpg","contentUrl":"http:\/\/www.confagricoltura.org\/piacenza\/wp-content\/uploads\/sites\/3\/2017\/09\/IMG-20170414-WA0003.jpg"},{"@type":"BreadcrumbList","@id":"https:\/\/www.confagricoltura.org\/piacenza\/confagricoltura-chiede-misure-urgenti-contenimento-della-fauna-selvatica\/#breadcrumb","itemListElement":[{"@type":"ListItem","position":1,"name":"Home","item":"https:\/\/www.confagricoltura.org\/piacenza\/"},{"@type":"ListItem","position":2,"name":"CONFAGRICOLTURA CHIEDE MISURE URGENTI PER IL CONTENIMENTO DELLA FAUNA SELVATICA"}]},{"@type":"WebSite","@id":"https:\/\/www.confagricoltura.org\/piacenza\/#website","url":"https:\/\/www.confagricoltura.org\/piacenza\/","name":"Confagricoltura Piacenza","description":"Dalla parte degli Agricoltori","potentialAction":[{"@type":"SearchAction","target":{"@type":"EntryPoint","urlTemplate":"https:\/\/www.confagricoltura.org\/piacenza\/?s={search_term_string}"},"query-input":{"@type":"PropertyValueSpecification","valueRequired":true,"valueName":"search_term_string"}}],"inLanguage":"it-IT"},{"@type":"Person","@id":"https:\/\/www.confagricoltura.org\/piacenza\/#\/schema\/person\/be5da25a3117fea4b3bfec9dba09b5e8","name":"confagricolturapiacenza","image":{"@type":"ImageObject","inLanguage":"it-IT","@id":"https:\/\/www.confagricoltura.org\/piacenza\/#\/schema\/person\/image\/","url":"https:\/\/secure.gravatar.com\/avatar\/9c5f111e417171581853bd0a3ff892ca?s=96&d=mm&r=g","contentUrl":"https:\/\/secure.gravatar.com\/avatar\/9c5f111e417171581853bd0a3ff892ca?s=96&d=mm&r=g","caption":"confagricolturapiacenza"},"url":"https:\/\/www.confagricoltura.org\/piacenza\/author\/confagricolturapiacenza\/"}]}},"_links":{"self":[{"href":"https:\/\/www.confagricoltura.org\/piacenza\/wp-json\/wp\/v2\/posts\/2463","targetHints":{"allow":["GET"]}}],"collection":[{"href":"https:\/\/www.confagricoltura.org\/piacenza\/wp-json\/wp\/v2\/posts"}],"about":[{"href":"https:\/\/www.confagricoltura.org\/piacenza\/wp-json\/wp\/v2\/types\/post"}],"author":[{"embeddable":true,"href":"https:\/\/www.confagricoltura.org\/piacenza\/wp-json\/wp\/v2\/users\/6"}],"replies":[{"embeddable":true,"href":"https:\/\/www.confagricoltura.org\/piacenza\/wp-json\/wp\/v2\/comments?post=2463"}],"version-history":[{"count":1,"href":"https:\/\/www.confagricoltura.org\/piacenza\/wp-json\/wp\/v2\/posts\/2463\/revisions"}],"predecessor-version":[{"id":2857,"href":"https:\/\/www.confagricoltura.org\/piacenza\/wp-json\/wp\/v2\/posts\/2463\/revisions\/2857"}],"wp:attachment":[{"href":"https:\/\/www.confagricoltura.org\/piacenza\/wp-json\/wp\/v2\/media?parent=2463"}],"wp:term":[{"taxonomy":"category","embeddable":true,"href":"https:\/\/www.confagricoltura.org\/piacenza\/wp-json\/wp\/v2\/categories?post=2463"},{"taxonomy":"post_tag","embeddable":true,"href":"https:\/\/www.confagricoltura.org\/piacenza\/wp-json\/wp\/v2\/tags?post=2463"}],"curies":[{"name":"wp","href":"https:\/\/api.w.org\/{rel}","templated":true}]}}