{"id":2444,"date":"2017-04-06T13:01:30","date_gmt":"2017-04-06T11:01:30","guid":{"rendered":"http:\/\/www.confagricoltura.org\/piacenza\/?p=813"},"modified":"2021-03-11T13:14:45","modified_gmt":"2021-03-11T12:14:45","slug":"e-filippo-gasparini-il-nuovo-presidente-di-confagricoltura-piacenza","status":"publish","type":"post","link":"https:\/\/www.confagricoltura.org\/piacenza\/e-filippo-gasparini-il-nuovo-presidente-di-confagricoltura-piacenza\/","title":{"rendered":"E\u2019 FILIPPO GASPARINI IL NUOVO PRESIDENTE DI CONFAGRICOLTURA PIACENZA"},"content":{"rendered":"<p>Confagricoltura Piacenza, in occasione del primo Consiglio Direttivo convocato gioved\u00ec 6 aprile, ha eletto il proprio presidente. Sar\u00e0 Filippo Gasparini a guidare l\u2019associazione per il triennio 2017-2020 prendendo il testimone da Enrico Chiesa che lascia alla conclusione del suo secondo mandato. Il Consiglio, rinnovato con la fase elettorale appena conclusa, ha designato Gasparini per acclamazione confermando le attese. Vicepresidenti sono stati nominati: Giovanni Lambertini e Michele Rossi. Tesoriere: Stefano Repetti. Rinnovata anche la Giunta Esecutiva che vede l\u2019ingresso di alcuni giovani imprenditori tra cui Elena Ferrari, neoletta presidente della sezione di prodotto Lattiero-Casearia; Matteo Cattivelli, precedentemente componente di diritto in quanto presidente Anga, in questo mandato sar\u00e0 in Giunta con titolo elettivo cos\u00ec come Luca Segalini; mentre parteciper\u00e0 come membro di diritto il nuovo presidente di Anga Piacenza, Corrado Peratici. Confermati: Eugenio Gandolfi e Umberto Gorra. \u201cGrazie a Enrico Chiesa, che oggi mi passa il testimone di un\u2019associazione solida, con i conti in regola e per il bene della quale abbiamo lavorato insieme per sei anni, la mia riconoscenza va anche alla giunta esecutiva uscente. Grazie al direttore, Luigi Sidoli e a tutti i dipendenti\u201d &#8211;\u00a0 ha dichiarato Gasparini. \u201cUn primo pensiero \u2013 ha proseguito il neopresidente &#8212; va a chi mi ha eletto oggi e a quanti mi hanno votato nella fase di rinnovo cariche, a tutti coloro che mi hanno incoraggiato chiedendomi di la disponibilit\u00e0 a fare questo passo. Grazie per la fiducia riposta, non la tradir\u00f2, sicuramente per quanto riguarda l\u2019impegno, per i risultati, invece, chiedo sin da ora la partecipazione attiva e propositiva di tutti.<\/p>\n<p>Un presidente pu\u00f2 essere un buon timoniere solo se dietro c\u2019\u00e8 una squadra, se rappresenta una forza sindacale fatta di imprese vere che credono e si sentono rappresentate dall\u2019associazione. Il mio impegno sar\u00e0 di fermo sostegno all\u2019imprenditorialit\u00e0 dell\u2019agricoltura. Non mi si chieda di assecondare il pensiero comune, il politicamente corretto; ci sar\u00f2, invece, tutte le volte che dovremo tutelare l\u2019agricoltura vera, moderna ed efficiente, che fa profitto e che d\u00e0 lavoro\u201d.<\/p>\n<p>&nbsp;<\/p>\n<p>presidente:<\/p>\n<p>Filippo Gasparini: quarantanove anni, sposato, con due figli, nei due mandati precedenti \u00e8 stato vicepresidente di Confagricoltura Piacenza e Presidente della Sezione di Prodotto Lattiero-Casearia. Conduce la storica azienda di famiglia ad indirizzo zootecnico a Gossolengo con un\u2019estensione di circa 100 ettari a corpo unico le cui produzioni aziendali sono impiegate per l\u2019alimentazione del bestiame: un allevamento di 400 capi di razza frisona.\u00a0 Per diversi mandati \u00e8 gi\u00e0 stato membro di Giunta facendosi portatore delle istanze degli allevatori di Confagricoltura Piacenza sui tavoli di confronto regionali e nazionali. E\u2019 vicepresidente uscente della sezione di prodotto di Confagricoltura Emilia-Romagna ed \u00e8 stato membro esperto della Federazione Nazionale di Prodotto Lattiero-Casearia di Confagricoltura, \u00e8 membro dei Consigli direttivi del Consorzio Agripiacenza Latte, di Apa e del Consorzio di Bonifica.<\/p>\n<p>&nbsp;<\/p>\n<p>vicepresidenti:<\/p>\n<p>Giovanni Lambertini: sessantaquattro anni, sposato, tre figli, laureato in architettura, da diversi mandati \u00e8 componente di Giunta di Confagricoltura Piacenza, presidente della sezione di Prodotto Pomodoro da Industria sia a livello territoriale che regionale; conduce con il fratello l\u2019Azienda Agricola I. Lambertini a\u00a0 Cadeo, di circa 125 ettari, a indirizzo cerealicolo e pomodoro da industria con coltivazioni anche di soia e frumento da seme. E\u2019 Componente del Consiglio di Ainpo.<\/p>\n<p>&nbsp;<\/p>\n<p>Michele Rossi: quarantotto anni, \u00e8 agronomo e imprenditore agricolo, gestisce dall\u201989 la Societ\u00e0 Agricola Agrifoglio che ha due sedi operative: una nel veronese, dedita soprattutto alla produzione risicola, l\u2019altra a Castelvetro Piacentino, nella localit\u00e0 Isolone, da cui deriva il nome dell\u2019azienda \u201cAzienda Agricola Isolone\u201d. L\u2019azienda piacentina consta di 250 ettari di terreni in propriet\u00e0, altri 150 in affitto tra Piacenza e Cremona e due allevamenti: un allevamento di suini da ingrasso (circa 1880 per ciclo produttivo) e uno di bovini da carne (maschi da ingrasso di razza Charolaise, Limousine e incroci francesi circa 400 per ciclo) con annesso impianto di biogas. E\u2019 componente del Consiglio Generale della Camera di CCIAA di Piacenza.<\/p>\n<p>&nbsp;<\/p>\n<p>tesoriere:<\/p>\n<p>Stefano Repetti: cinquant\u2019anni, sposato, un figlio, tesoriere da diversi mandati e membro di Giunta di Confagricoltura Piacenza, conduce con i fratelli e il padre la Societ\u00e0 Agricola Terre della Valtrebbia e l\u2019azienda agricola Podere Mangialupo, complessivamente circa 250 ettari nella zona di Settima e Gossolengo ad indirizzo cerealicolo, pomodoro da industria e altre orticole. In collaborazione con l\u2019Universit\u00e0 Cattolica di Piacenza sta testando la coltivazione della quinoa. Gi\u00e0 presidente del Consorzio Fitosanitario e di Anga Piacenza, \u00e8 socio azionista fondatore e amministratore di Solana S.pa. E\u2019 Componente di Consiglio di Asipo.<\/p>\n<p>&nbsp;<\/p>\n<p>&nbsp;<\/p>\n<p>altri componenti di giunta esecutiva:<\/p>\n<p>&nbsp;<\/p>\n<p>Matteo cattivelli: trentanove anni, perito agrario, \u00e8 socio dell\u2019impresa di famiglia Azienda Agricola Cattivelli Giampietro e Giovanni, che conduce con il padre e lo zio: un\u2019azienda di 100 ettari sita a Vallera (Pc), vocata alle colture industriali con particolare attenzione al pomodoro da industria. Un\u2019impresa attenta agli aspetti innovativi che attua prove sul campo per le diverse modalit\u00e0 d\u2019irrigazione, l\u2019uso di rilevazioni satellitari e moderne tecnologie. Matteo Cattivelli \u00e8 stato presidente di Anga-Piacenza, attualmente \u00e8 presidente del Consorzio Fitosanitario e componente di Consiglio di Condifesa Piacenza.<\/p>\n<p>&nbsp;<\/p>\n<p>Eugenio Gandolfi: cinquantaquattro anni, sposato, due figli, laureato in Agraria, conduce l\u2019Azienda Vitivinicola Pusterla a Castell\u2019Arquato, 36 ettari, 23 dei quali vitati con cantina di trasformazione e vendita dei vini tipici dei coli piacentini. E\u2019 stato per diversi mandati componente di Giunta Esecutiva di Confagricoltura Piacenza e presidente della Sezione di Prodotto Vitivinicola.<\/p>\n<p>&nbsp;<\/p>\n<p>Elena Ferrari: ventiquattro anni, laureata in Scienze e Tecnologie delle Produzioni Animali, conduce con la famiglia l\u2019Azienda Agricola Ferrari Giuseppe e C. S.S. Societ\u00e0 Agricola, a Viustino di San Giorgio P.no. Un\u2019azienda zootecnica di circa 120 ettari dedita alla produzione di mais, erba medica e triticale utilizzati per le razioni dell\u2019allevamento che attualmente ha un patrimonio zootecnico di 660 capi di razza frisona con annesso impianto di biogas di 250 kWh. E\u2019 stata eletta presidente della sezione di prodotto Lattiero-Casearia di Confagricoltura Piacenza.<\/p>\n<p>&nbsp;<\/p>\n<p>Umberto Gorra: quarantasei anni, conduce con il fratello Massimo la Societ\u00e0 Agricola La Salamandria ad Alseno, una dimensionata impresa a indirizzo cerealicolo e vocata alla produzione anche del pomodoro da industria. Gi\u00e0 componente di Giunta Esecutiva nei precedenti mandati.<\/p>\n<p>&nbsp;<\/p>\n<p>Corrado Peratici: ventisette anni, perito agrario, terminati gli studi, insieme al fratello maggiore Paolo, ha preso in mano le redini dell\u2019impresa di famiglia, l\u2019Azienda Agricola Casa Bassa a Calendasco, vocata alla produzione di pomodoro, cereali e altri seminativi. E\u2019 componente di diritto della Giunta Esecutiva in quanto neoletto presidente Anga-Piacenza.<\/p>\n<p>&nbsp;<\/p>\n<p>Luca segalini: trentacinque anni, laureato in Scienze e tecnologie Agrarie conduce con la famiglia l\u2019azienda agricola \u201cCasa di Ferro\u201d a Rottofreno, 170 ettari, ad indirizzo zootecnico con un allevamento di vacche da carne di oltre 200 capi. E\u2019 stato per due mandati presidente di Anga-Piacenza, attualmente Presidente di Anga Emilia-Romagna.<\/p>\n<ul>\n<li>Stefano Repetti (tesoriere),Michele Rossi (vicepresidente), Filippo Gasparini (presidente), Giovanni Lambertini (vicepresidente) e Luigi Sidoli (direttore)<\/li>\n<li>La nuova Giunta Esecutiva<\/li>\n<li>Filippo Gasparini<\/li>\n<li>Il passaggio di consegne tra Filippo Gasparini ed Enrico Chiesa<\/li>\n<li><img loading=\"lazy\" decoding=\"async\" class=\"alignnone wp-image-814 img-responsive\" src=\"http:\/\/www.confagricoltura.org\/piacenza\/wp-content\/uploads\/sites\/3\/2017\/04\/Giunta-2017-2020.jpg\" alt=\"Giunta 2017-2020\" width=\"695\" height=\"325\" \/> <img loading=\"lazy\" decoding=\"async\" class=\"alignnone wp-image-815 img-responsive\" src=\"http:\/\/www.confagricoltura.org\/piacenza\/wp-content\/uploads\/sites\/3\/2017\/04\/Repetti-Rossi-Gasparini-Lambertini-Sidoli.jpg\" alt=\"Repetti Rossi Gasparini Lambertini Sidoli\" width=\"691\" height=\"518\" \/> <img loading=\"lazy\" decoding=\"async\" class=\"alignnone wp-image-816 img-responsive\" src=\"http:\/\/www.confagricoltura.org\/piacenza\/wp-content\/uploads\/sites\/3\/2017\/04\/Filippo-Gasparini.jpg\" alt=\"Filippo Gasparini\" width=\"554\" height=\"738\" \/> <img loading=\"lazy\" decoding=\"async\" class=\"alignnone wp-image-817 img-responsive\" src=\"http:\/\/www.confagricoltura.org\/piacenza\/wp-content\/uploads\/sites\/3\/2017\/04\/Gasparini-Chiesa.jpg\" alt=\"Gasparini Chiesa\" width=\"662\" height=\"883\" \/><\/li>\n<\/ul>\n","protected":false},"excerpt":{"rendered":"<p>Confagricoltura Piacenza, in occasione del primo Consiglio Direttivo convocato gioved\u00ec 6 aprile, ha eletto il proprio presidente. Sar\u00e0 Filippo Gasparini a guidare l\u2019associazione per il triennio 2017-2020 prendendo il testimone da Enrico Chiesa che lascia alla conclusione del suo secondo mandato. Il Consiglio, rinnovato con la fase elettorale appena conclusa, ha designato Gasparini per acclamazione<\/p>\n","protected":false},"author":6,"featured_media":0,"comment_status":"open","ping_status":"open","sticky":true,"template":"","format":"standard","meta":{"wp_mapbox_gl_js_media":[],"footnotes":""},"categories":[335],"tags":[86],"class_list":["post-2444","post","type-post","status-publish","format-standard","hentry","category-archivio","tag-gasparini-filippo"],"yoast_head":"<!-- This site is optimized with the Yoast SEO plugin v26.8 - https:\/\/yoast.com\/product\/yoast-seo-wordpress\/ -->\n<title>E\u2019 FILIPPO GASPARINI IL NUOVO PRESIDENTE DI CONFAGRICOLTURA PIACENZA - Confagricoltura Piacenza<\/title>\n<meta name=\"robots\" content=\"index, follow, max-snippet:-1, max-image-preview:large, max-video-preview:-1\" \/>\n<link rel=\"canonical\" href=\"https:\/\/www.confagricoltura.org\/piacenza\/e-filippo-gasparini-il-nuovo-presidente-di-confagricoltura-piacenza\/\" \/>\n<meta property=\"og:locale\" content=\"it_IT\" \/>\n<meta property=\"og:type\" content=\"article\" \/>\n<meta property=\"og:title\" content=\"E\u2019 FILIPPO GASPARINI IL NUOVO PRESIDENTE DI CONFAGRICOLTURA PIACENZA - Confagricoltura Piacenza\" \/>\n<meta property=\"og:description\" content=\"Confagricoltura Piacenza, in occasione del primo Consiglio Direttivo convocato gioved\u00ec 6 aprile, ha eletto il proprio presidente. Sar\u00e0 Filippo Gasparini a guidare l\u2019associazione per il triennio 2017-2020 prendendo il testimone da Enrico Chiesa che lascia alla conclusione del suo secondo mandato. Il Consiglio, rinnovato con la fase elettorale appena conclusa, ha designato Gasparini per acclamazione\" \/>\n<meta property=\"og:url\" content=\"https:\/\/www.confagricoltura.org\/piacenza\/e-filippo-gasparini-il-nuovo-presidente-di-confagricoltura-piacenza\/\" \/>\n<meta property=\"og:site_name\" content=\"Confagricoltura Piacenza\" \/>\n<meta property=\"article:published_time\" content=\"2017-04-06T11:01:30+00:00\" \/>\n<meta property=\"article:modified_time\" content=\"2021-03-11T12:14:45+00:00\" \/>\n<meta property=\"og:image\" content=\"http:\/\/www.confagricoltura.org\/piacenza\/wp-content\/uploads\/sites\/3\/2017\/04\/Giunta-2017-2020.jpg\" \/>\n<meta name=\"author\" content=\"confagricolturapiacenza\" \/>\n<meta name=\"twitter:card\" content=\"summary_large_image\" \/>\n<meta name=\"twitter:label1\" content=\"Scritto da\" \/>\n\t<meta name=\"twitter:data1\" content=\"confagricolturapiacenza\" \/>\n\t<meta name=\"twitter:label2\" content=\"Tempo di lettura stimato\" \/>\n\t<meta name=\"twitter:data2\" content=\"6 minuti\" \/>\n<script type=\"application\/ld+json\" class=\"yoast-schema-graph\">{\"@context\":\"https:\/\/schema.org\",\"@graph\":[{\"@type\":\"Article\",\"@id\":\"https:\/\/www.confagricoltura.org\/piacenza\/e-filippo-gasparini-il-nuovo-presidente-di-confagricoltura-piacenza\/#article\",\"isPartOf\":{\"@id\":\"https:\/\/www.confagricoltura.org\/piacenza\/e-filippo-gasparini-il-nuovo-presidente-di-confagricoltura-piacenza\/\"},\"author\":{\"name\":\"confagricolturapiacenza\",\"@id\":\"https:\/\/www.confagricoltura.org\/piacenza\/#\/schema\/person\/be5da25a3117fea4b3bfec9dba09b5e8\"},\"headline\":\"E\u2019 FILIPPO GASPARINI IL NUOVO PRESIDENTE DI CONFAGRICOLTURA PIACENZA\",\"datePublished\":\"2017-04-06T11:01:30+00:00\",\"dateModified\":\"2021-03-11T12:14:45+00:00\",\"mainEntityOfPage\":{\"@id\":\"https:\/\/www.confagricoltura.org\/piacenza\/e-filippo-gasparini-il-nuovo-presidente-di-confagricoltura-piacenza\/\"},\"wordCount\":1157,\"commentCount\":0,\"image\":{\"@id\":\"https:\/\/www.confagricoltura.org\/piacenza\/e-filippo-gasparini-il-nuovo-presidente-di-confagricoltura-piacenza\/#primaryimage\"},\"thumbnailUrl\":\"http:\/\/www.confagricoltura.org\/piacenza\/wp-content\/uploads\/sites\/3\/2017\/04\/Giunta-2017-2020.jpg\",\"keywords\":[\"gasparini filippo\"],\"articleSection\":[\"Archivio\"],\"inLanguage\":\"it-IT\"},{\"@type\":\"WebPage\",\"@id\":\"https:\/\/www.confagricoltura.org\/piacenza\/e-filippo-gasparini-il-nuovo-presidente-di-confagricoltura-piacenza\/\",\"url\":\"https:\/\/www.confagricoltura.org\/piacenza\/e-filippo-gasparini-il-nuovo-presidente-di-confagricoltura-piacenza\/\",\"name\":\"E\u2019 FILIPPO GASPARINI IL NUOVO PRESIDENTE DI CONFAGRICOLTURA PIACENZA - Confagricoltura Piacenza\",\"isPartOf\":{\"@id\":\"https:\/\/www.confagricoltura.org\/piacenza\/#website\"},\"primaryImageOfPage\":{\"@id\":\"https:\/\/www.confagricoltura.org\/piacenza\/e-filippo-gasparini-il-nuovo-presidente-di-confagricoltura-piacenza\/#primaryimage\"},\"image\":{\"@id\":\"https:\/\/www.confagricoltura.org\/piacenza\/e-filippo-gasparini-il-nuovo-presidente-di-confagricoltura-piacenza\/#primaryimage\"},\"thumbnailUrl\":\"http:\/\/www.confagricoltura.org\/piacenza\/wp-content\/uploads\/sites\/3\/2017\/04\/Giunta-2017-2020.jpg\",\"datePublished\":\"2017-04-06T11:01:30+00:00\",\"dateModified\":\"2021-03-11T12:14:45+00:00\",\"author\":{\"@id\":\"https:\/\/www.confagricoltura.org\/piacenza\/#\/schema\/person\/be5da25a3117fea4b3bfec9dba09b5e8\"},\"breadcrumb\":{\"@id\":\"https:\/\/www.confagricoltura.org\/piacenza\/e-filippo-gasparini-il-nuovo-presidente-di-confagricoltura-piacenza\/#breadcrumb\"},\"inLanguage\":\"it-IT\",\"potentialAction\":[{\"@type\":\"ReadAction\",\"target\":[\"https:\/\/www.confagricoltura.org\/piacenza\/e-filippo-gasparini-il-nuovo-presidente-di-confagricoltura-piacenza\/\"]}]},{\"@type\":\"ImageObject\",\"inLanguage\":\"it-IT\",\"@id\":\"https:\/\/www.confagricoltura.org\/piacenza\/e-filippo-gasparini-il-nuovo-presidente-di-confagricoltura-piacenza\/#primaryimage\",\"url\":\"http:\/\/www.confagricoltura.org\/piacenza\/wp-content\/uploads\/sites\/3\/2017\/04\/Giunta-2017-2020.jpg\",\"contentUrl\":\"http:\/\/www.confagricoltura.org\/piacenza\/wp-content\/uploads\/sites\/3\/2017\/04\/Giunta-2017-2020.jpg\"},{\"@type\":\"BreadcrumbList\",\"@id\":\"https:\/\/www.confagricoltura.org\/piacenza\/e-filippo-gasparini-il-nuovo-presidente-di-confagricoltura-piacenza\/#breadcrumb\",\"itemListElement\":[{\"@type\":\"ListItem\",\"position\":1,\"name\":\"Home\",\"item\":\"https:\/\/www.confagricoltura.org\/piacenza\/\"},{\"@type\":\"ListItem\",\"position\":2,\"name\":\"E\u2019 FILIPPO GASPARINI IL NUOVO PRESIDENTE DI CONFAGRICOLTURA PIACENZA\"}]},{\"@type\":\"WebSite\",\"@id\":\"https:\/\/www.confagricoltura.org\/piacenza\/#website\",\"url\":\"https:\/\/www.confagricoltura.org\/piacenza\/\",\"name\":\"Confagricoltura Piacenza\",\"description\":\"Dalla parte degli Agricoltori\",\"potentialAction\":[{\"@type\":\"SearchAction\",\"target\":{\"@type\":\"EntryPoint\",\"urlTemplate\":\"https:\/\/www.confagricoltura.org\/piacenza\/?s={search_term_string}\"},\"query-input\":{\"@type\":\"PropertyValueSpecification\",\"valueRequired\":true,\"valueName\":\"search_term_string\"}}],\"inLanguage\":\"it-IT\"},{\"@type\":\"Person\",\"@id\":\"https:\/\/www.confagricoltura.org\/piacenza\/#\/schema\/person\/be5da25a3117fea4b3bfec9dba09b5e8\",\"name\":\"confagricolturapiacenza\",\"image\":{\"@type\":\"ImageObject\",\"inLanguage\":\"it-IT\",\"@id\":\"https:\/\/www.confagricoltura.org\/piacenza\/#\/schema\/person\/image\/\",\"url\":\"https:\/\/secure.gravatar.com\/avatar\/9c5f111e417171581853bd0a3ff892ca?s=96&d=mm&r=g\",\"contentUrl\":\"https:\/\/secure.gravatar.com\/avatar\/9c5f111e417171581853bd0a3ff892ca?s=96&d=mm&r=g\",\"caption\":\"confagricolturapiacenza\"},\"url\":\"https:\/\/www.confagricoltura.org\/piacenza\/author\/confagricolturapiacenza\/\"}]}<\/script>\n<!-- \/ Yoast SEO plugin. -->","yoast_head_json":{"title":"E\u2019 FILIPPO GASPARINI IL NUOVO PRESIDENTE DI CONFAGRICOLTURA PIACENZA - Confagricoltura Piacenza","robots":{"index":"index","follow":"follow","max-snippet":"max-snippet:-1","max-image-preview":"max-image-preview:large","max-video-preview":"max-video-preview:-1"},"canonical":"https:\/\/www.confagricoltura.org\/piacenza\/e-filippo-gasparini-il-nuovo-presidente-di-confagricoltura-piacenza\/","og_locale":"it_IT","og_type":"article","og_title":"E\u2019 FILIPPO GASPARINI IL NUOVO PRESIDENTE DI CONFAGRICOLTURA PIACENZA - Confagricoltura Piacenza","og_description":"Confagricoltura Piacenza, in occasione del primo Consiglio Direttivo convocato gioved\u00ec 6 aprile, ha eletto il proprio presidente. Sar\u00e0 Filippo Gasparini a guidare l\u2019associazione per il triennio 2017-2020 prendendo il testimone da Enrico Chiesa che lascia alla conclusione del suo secondo mandato. Il Consiglio, rinnovato con la fase elettorale appena conclusa, ha designato Gasparini per acclamazione","og_url":"https:\/\/www.confagricoltura.org\/piacenza\/e-filippo-gasparini-il-nuovo-presidente-di-confagricoltura-piacenza\/","og_site_name":"Confagricoltura Piacenza","article_published_time":"2017-04-06T11:01:30+00:00","article_modified_time":"2021-03-11T12:14:45+00:00","og_image":[{"url":"http:\/\/www.confagricoltura.org\/piacenza\/wp-content\/uploads\/sites\/3\/2017\/04\/Giunta-2017-2020.jpg","type":"","width":"","height":""}],"author":"confagricolturapiacenza","twitter_card":"summary_large_image","twitter_misc":{"Scritto da":"confagricolturapiacenza","Tempo di lettura stimato":"6 minuti"},"schema":{"@context":"https:\/\/schema.org","@graph":[{"@type":"Article","@id":"https:\/\/www.confagricoltura.org\/piacenza\/e-filippo-gasparini-il-nuovo-presidente-di-confagricoltura-piacenza\/#article","isPartOf":{"@id":"https:\/\/www.confagricoltura.org\/piacenza\/e-filippo-gasparini-il-nuovo-presidente-di-confagricoltura-piacenza\/"},"author":{"name":"confagricolturapiacenza","@id":"https:\/\/www.confagricoltura.org\/piacenza\/#\/schema\/person\/be5da25a3117fea4b3bfec9dba09b5e8"},"headline":"E\u2019 FILIPPO GASPARINI IL NUOVO PRESIDENTE DI CONFAGRICOLTURA PIACENZA","datePublished":"2017-04-06T11:01:30+00:00","dateModified":"2021-03-11T12:14:45+00:00","mainEntityOfPage":{"@id":"https:\/\/www.confagricoltura.org\/piacenza\/e-filippo-gasparini-il-nuovo-presidente-di-confagricoltura-piacenza\/"},"wordCount":1157,"commentCount":0,"image":{"@id":"https:\/\/www.confagricoltura.org\/piacenza\/e-filippo-gasparini-il-nuovo-presidente-di-confagricoltura-piacenza\/#primaryimage"},"thumbnailUrl":"http:\/\/www.confagricoltura.org\/piacenza\/wp-content\/uploads\/sites\/3\/2017\/04\/Giunta-2017-2020.jpg","keywords":["gasparini filippo"],"articleSection":["Archivio"],"inLanguage":"it-IT"},{"@type":"WebPage","@id":"https:\/\/www.confagricoltura.org\/piacenza\/e-filippo-gasparini-il-nuovo-presidente-di-confagricoltura-piacenza\/","url":"https:\/\/www.confagricoltura.org\/piacenza\/e-filippo-gasparini-il-nuovo-presidente-di-confagricoltura-piacenza\/","name":"E\u2019 FILIPPO GASPARINI IL NUOVO PRESIDENTE DI CONFAGRICOLTURA PIACENZA - Confagricoltura Piacenza","isPartOf":{"@id":"https:\/\/www.confagricoltura.org\/piacenza\/#website"},"primaryImageOfPage":{"@id":"https:\/\/www.confagricoltura.org\/piacenza\/e-filippo-gasparini-il-nuovo-presidente-di-confagricoltura-piacenza\/#primaryimage"},"image":{"@id":"https:\/\/www.confagricoltura.org\/piacenza\/e-filippo-gasparini-il-nuovo-presidente-di-confagricoltura-piacenza\/#primaryimage"},"thumbnailUrl":"http:\/\/www.confagricoltura.org\/piacenza\/wp-content\/uploads\/sites\/3\/2017\/04\/Giunta-2017-2020.jpg","datePublished":"2017-04-06T11:01:30+00:00","dateModified":"2021-03-11T12:14:45+00:00","author":{"@id":"https:\/\/www.confagricoltura.org\/piacenza\/#\/schema\/person\/be5da25a3117fea4b3bfec9dba09b5e8"},"breadcrumb":{"@id":"https:\/\/www.confagricoltura.org\/piacenza\/e-filippo-gasparini-il-nuovo-presidente-di-confagricoltura-piacenza\/#breadcrumb"},"inLanguage":"it-IT","potentialAction":[{"@type":"ReadAction","target":["https:\/\/www.confagricoltura.org\/piacenza\/e-filippo-gasparini-il-nuovo-presidente-di-confagricoltura-piacenza\/"]}]},{"@type":"ImageObject","inLanguage":"it-IT","@id":"https:\/\/www.confagricoltura.org\/piacenza\/e-filippo-gasparini-il-nuovo-presidente-di-confagricoltura-piacenza\/#primaryimage","url":"http:\/\/www.confagricoltura.org\/piacenza\/wp-content\/uploads\/sites\/3\/2017\/04\/Giunta-2017-2020.jpg","contentUrl":"http:\/\/www.confagricoltura.org\/piacenza\/wp-content\/uploads\/sites\/3\/2017\/04\/Giunta-2017-2020.jpg"},{"@type":"BreadcrumbList","@id":"https:\/\/www.confagricoltura.org\/piacenza\/e-filippo-gasparini-il-nuovo-presidente-di-confagricoltura-piacenza\/#breadcrumb","itemListElement":[{"@type":"ListItem","position":1,"name":"Home","item":"https:\/\/www.confagricoltura.org\/piacenza\/"},{"@type":"ListItem","position":2,"name":"E\u2019 FILIPPO GASPARINI IL NUOVO PRESIDENTE DI CONFAGRICOLTURA PIACENZA"}]},{"@type":"WebSite","@id":"https:\/\/www.confagricoltura.org\/piacenza\/#website","url":"https:\/\/www.confagricoltura.org\/piacenza\/","name":"Confagricoltura Piacenza","description":"Dalla parte degli Agricoltori","potentialAction":[{"@type":"SearchAction","target":{"@type":"EntryPoint","urlTemplate":"https:\/\/www.confagricoltura.org\/piacenza\/?s={search_term_string}"},"query-input":{"@type":"PropertyValueSpecification","valueRequired":true,"valueName":"search_term_string"}}],"inLanguage":"it-IT"},{"@type":"Person","@id":"https:\/\/www.confagricoltura.org\/piacenza\/#\/schema\/person\/be5da25a3117fea4b3bfec9dba09b5e8","name":"confagricolturapiacenza","image":{"@type":"ImageObject","inLanguage":"it-IT","@id":"https:\/\/www.confagricoltura.org\/piacenza\/#\/schema\/person\/image\/","url":"https:\/\/secure.gravatar.com\/avatar\/9c5f111e417171581853bd0a3ff892ca?s=96&d=mm&r=g","contentUrl":"https:\/\/secure.gravatar.com\/avatar\/9c5f111e417171581853bd0a3ff892ca?s=96&d=mm&r=g","caption":"confagricolturapiacenza"},"url":"https:\/\/www.confagricoltura.org\/piacenza\/author\/confagricolturapiacenza\/"}]}},"_links":{"self":[{"href":"https:\/\/www.confagricoltura.org\/piacenza\/wp-json\/wp\/v2\/posts\/2444","targetHints":{"allow":["GET"]}}],"collection":[{"href":"https:\/\/www.confagricoltura.org\/piacenza\/wp-json\/wp\/v2\/posts"}],"about":[{"href":"https:\/\/www.confagricoltura.org\/piacenza\/wp-json\/wp\/v2\/types\/post"}],"author":[{"embeddable":true,"href":"https:\/\/www.confagricoltura.org\/piacenza\/wp-json\/wp\/v2\/users\/6"}],"replies":[{"embeddable":true,"href":"https:\/\/www.confagricoltura.org\/piacenza\/wp-json\/wp\/v2\/comments?post=2444"}],"version-history":[{"count":1,"href":"https:\/\/www.confagricoltura.org\/piacenza\/wp-json\/wp\/v2\/posts\/2444\/revisions"}],"predecessor-version":[{"id":2885,"href":"https:\/\/www.confagricoltura.org\/piacenza\/wp-json\/wp\/v2\/posts\/2444\/revisions\/2885"}],"wp:attachment":[{"href":"https:\/\/www.confagricoltura.org\/piacenza\/wp-json\/wp\/v2\/media?parent=2444"}],"wp:term":[{"taxonomy":"category","embeddable":true,"href":"https:\/\/www.confagricoltura.org\/piacenza\/wp-json\/wp\/v2\/categories?post=2444"},{"taxonomy":"post_tag","embeddable":true,"href":"https:\/\/www.confagricoltura.org\/piacenza\/wp-json\/wp\/v2\/tags?post=2444"}],"curies":[{"name":"wp","href":"https:\/\/api.w.org\/{rel}","templated":true}]}}