{"id":2418,"date":"2016-10-04T12:55:26","date_gmt":"2016-10-04T10:55:26","guid":{"rendered":"http:\/\/www.confagricoltura.org\/piacenza\/?p=576"},"modified":"2021-03-11T13:14:58","modified_gmt":"2021-03-11T12:14:58","slug":"grandi-colture-cabina-di-regia-e-convergenza-sullinterprofessione","status":"publish","type":"post","link":"https:\/\/www.confagricoltura.org\/piacenza\/grandi-colture-cabina-di-regia-e-convergenza-sullinterprofessione\/","title":{"rendered":"GRANDI COLTURE: CABINA DI REGIA E CONVERGENZA SULL\u2019INTERPROFESSIONE"},"content":{"rendered":"<h4><em><strong>Gli obiettivi emersi dal Focus di filiera organizzato da Confagricoltura<\/strong><\/em><\/h4>\n<p>&nbsp;<\/p>\n<p><img loading=\"lazy\" decoding=\"async\" class=\"alignnone size-full wp-image-577 img-responsive\" src=\"http:\/\/www.confagricoltura.org\/piacenza\/wp-content\/uploads\/sites\/3\/2016\/10\/campo-di-grano.jpg\" alt=\"campo-di-grano\" width=\"333\" height=\"499\" \/><\/p>\n<p>\u201cServono interprofessione e contratti di filiera, maggiore sinergia e concertazione tra le parti economiche &#8211; industria in primis &#8211;\u00a0 per recuperare margini di competitivit\u00e0 sul mercato dei cereali, sull\u2019esempio \u2018qualitativo\u2019 della francese Agrimer. Ma anche miglioramento del sistema di stoccaggio e produzione di grano duro made in Italy di qualit\u00e0\u201d \u2013 spiega Enrico Chiesa, presidente di Confagricoltura Piacenza che ha seguito il focus \u201cFrumento e grandi colture: per una strategia dell\u2019interprofessione\u201d organizzato a qualche giorno fa Roma da Confagricoltura in collaborazione con L\u2019Informatore Agrario. Al tavolo, oltre al presidente di Confagricoltura, Mario Guidi, alcuni tra i pi\u00f9 importanti attori nazionali e internazionali del comparto, tra cui il presidente di Assalzoo, Alberto Allodi, il presidente AIDEPI, Paolo Barilla, e il presidente di Italmopa, Ivano Vacondio. Jean-Fran\u00e7ois Gleizes, presidente di Passion C\u00e9reales e membro del Consiglio specializzato Cereali di France AgriMer ha portato l\u2019esperienza francese: \u201cAttraverso il nostro organismo interprofessionale &#8211; ha spiegato \u2013 abbiamo creato un rapporto quasi permanente tra gli attori, che permette di superare i momenti difficili. La produzione in Francia \u00e8 pari a 1,5 mln di tonnellate di granelle, contiamo entro il 2020 raddoppiare la produzione grazie ad una filiera organizzata da monte a valle. La filiera in questo senso \u00e8 il nocciolo duro degli scambi dove mettiamo tutto sul tavolo: produttori, ricerca, selezione, trasformazione e cooperazione\u201d. \u00a0\u201cConcordo con le dichiarazioni di Paolo Barilla, presidente di AIDEPI \u2013 sottolinea Chiesa \u2013 quando evidenzia che la Francia \u00e8 un bel modello, ma la natura del nostro Paese \u00e8 differente e non ancora pronta per soluzioni cos\u00ec avanzate. L\u2019obiettivo deve per\u00f2 essere quello: costruire una filiera dove non c\u2019\u00e8 opposizione ma collaborazione. Noi dovremmo puntare ad avere un sistema pi\u00f9 semplificato, che lavora su poche cose molto rilevanti per poi rafforzare la posizione verso l\u2019export dei prodotti finiti. Per il presidente di Confagricoltura, Mario Guidi: \u201cCome filiera dobbiamo cambiare approccio ai problemi e trovare tra di noi le risposte a programmazione e destinazione delle produzioni, valorizzazione del made in Italy e quindi un prezzo soddisfacente nei vari passaggi dal campo allo stoccaggio fino alla trasformazione. L\u2019obiettivo che ci dobbiamo porre \u00e8 quello di costruire una \u2018cabina di gestione\u2019 dei rapporti di filiera di nuovo tipo, non diretti a tirare la coperta da una parte o dall\u2019altra, ma finalizzati a costruire un modello di collaborazione tra imprese. Per parlare concretamente di mercato e definire il prezzo ma, soprattutto, per programmare il percorso di crescita del sistema, superando le vecchie logiche speculative. Per tutto ci\u00f2 la sede ideale \u00e8 l\u2019interprofessione di prodotto\u201d. \u00a0\u201cNoi siamo assolutamente per l\u2019interprofessione \u2013 sottolinea Chiesa &#8211; ma bisogner\u00e0 vederne i contenuti, soprattutto di chi partecipa e tutta la filiera dovr\u00e0 essere rappresentata. Se si vuole continuare a produrre grano duro e grano tenero \u00e8 indispensabile a partire dall\u2019ammodernamento dei centri di raccolta che \u00e8 ormai superato. L\u2019obiettivo principale resta quello di aumentare globalmente la quantit\u00e0 di qualit\u00e0 e ridurre il gap che ci connota come grandi importatori\u201d.<\/p>\n","protected":false},"excerpt":{"rendered":"<p>Gli obiettivi emersi dal Focus di filiera organizzato da Confagricoltura &nbsp; \u201cServono interprofessione e contratti di filiera, maggiore sinergia e concertazione tra le parti economiche &#8211; industria in primis &#8211;\u00a0 per recuperare margini di competitivit\u00e0 sul mercato dei cereali, sull\u2019esempio \u2018qualitativo\u2019 della francese Agrimer. Ma anche miglioramento del sistema di stoccaggio e produzione di grano<\/p>\n","protected":false},"author":6,"featured_media":0,"comment_status":"open","ping_status":"open","sticky":false,"template":"","format":"standard","meta":{"wp_mapbox_gl_js_media":[],"footnotes":""},"categories":[335],"tags":[62],"class_list":["post-2418","post","type-post","status-publish","format-standard","hentry","category-archivio","tag-interprofessione"],"yoast_head":"<!-- This site is optimized with the Yoast SEO plugin v26.8 - https:\/\/yoast.com\/product\/yoast-seo-wordpress\/ -->\n<title>GRANDI COLTURE: CABINA DI REGIA E CONVERGENZA SULL\u2019INTERPROFESSIONE - Confagricoltura Piacenza<\/title>\n<meta name=\"robots\" content=\"index, follow, max-snippet:-1, max-image-preview:large, max-video-preview:-1\" \/>\n<link rel=\"canonical\" href=\"https:\/\/www.confagricoltura.org\/piacenza\/grandi-colture-cabina-di-regia-e-convergenza-sullinterprofessione\/\" \/>\n<meta property=\"og:locale\" content=\"it_IT\" \/>\n<meta property=\"og:type\" content=\"article\" \/>\n<meta property=\"og:title\" content=\"GRANDI COLTURE: CABINA DI REGIA E CONVERGENZA SULL\u2019INTERPROFESSIONE - Confagricoltura Piacenza\" \/>\n<meta property=\"og:description\" content=\"Gli obiettivi emersi dal Focus di filiera organizzato da Confagricoltura &nbsp; \u201cServono interprofessione e contratti di filiera, maggiore sinergia e concertazione tra le parti economiche &#8211; industria in primis &#8211;\u00a0 per recuperare margini di competitivit\u00e0 sul mercato dei cereali, sull\u2019esempio \u2018qualitativo\u2019 della francese Agrimer. Ma anche miglioramento del sistema di stoccaggio e produzione di grano\" \/>\n<meta property=\"og:url\" content=\"https:\/\/www.confagricoltura.org\/piacenza\/grandi-colture-cabina-di-regia-e-convergenza-sullinterprofessione\/\" \/>\n<meta property=\"og:site_name\" content=\"Confagricoltura Piacenza\" \/>\n<meta property=\"article:published_time\" content=\"2016-10-04T10:55:26+00:00\" \/>\n<meta property=\"article:modified_time\" content=\"2021-03-11T12:14:58+00:00\" \/>\n<meta property=\"og:image\" content=\"http:\/\/www.confagricoltura.org\/piacenza\/wp-content\/uploads\/sites\/3\/2016\/10\/campo-di-grano.jpg\" \/>\n<meta name=\"author\" content=\"confagricolturapiacenza\" \/>\n<meta name=\"twitter:card\" content=\"summary_large_image\" \/>\n<meta name=\"twitter:label1\" content=\"Scritto da\" \/>\n\t<meta name=\"twitter:data1\" content=\"confagricolturapiacenza\" \/>\n\t<meta name=\"twitter:label2\" content=\"Tempo di lettura stimato\" \/>\n\t<meta name=\"twitter:data2\" content=\"3 minuti\" \/>\n<script type=\"application\/ld+json\" class=\"yoast-schema-graph\">{\"@context\":\"https:\/\/schema.org\",\"@graph\":[{\"@type\":\"Article\",\"@id\":\"https:\/\/www.confagricoltura.org\/piacenza\/grandi-colture-cabina-di-regia-e-convergenza-sullinterprofessione\/#article\",\"isPartOf\":{\"@id\":\"https:\/\/www.confagricoltura.org\/piacenza\/grandi-colture-cabina-di-regia-e-convergenza-sullinterprofessione\/\"},\"author\":{\"name\":\"confagricolturapiacenza\",\"@id\":\"https:\/\/www.confagricoltura.org\/piacenza\/#\/schema\/person\/be5da25a3117fea4b3bfec9dba09b5e8\"},\"headline\":\"GRANDI COLTURE: CABINA DI REGIA E CONVERGENZA SULL\u2019INTERPROFESSIONE\",\"datePublished\":\"2016-10-04T10:55:26+00:00\",\"dateModified\":\"2021-03-11T12:14:58+00:00\",\"mainEntityOfPage\":{\"@id\":\"https:\/\/www.confagricoltura.org\/piacenza\/grandi-colture-cabina-di-regia-e-convergenza-sullinterprofessione\/\"},\"wordCount\":509,\"commentCount\":0,\"image\":{\"@id\":\"https:\/\/www.confagricoltura.org\/piacenza\/grandi-colture-cabina-di-regia-e-convergenza-sullinterprofessione\/#primaryimage\"},\"thumbnailUrl\":\"http:\/\/www.confagricoltura.org\/piacenza\/wp-content\/uploads\/sites\/3\/2016\/10\/campo-di-grano.jpg\",\"keywords\":[\"interprofessione\"],\"articleSection\":[\"Archivio\"],\"inLanguage\":\"it-IT\"},{\"@type\":\"WebPage\",\"@id\":\"https:\/\/www.confagricoltura.org\/piacenza\/grandi-colture-cabina-di-regia-e-convergenza-sullinterprofessione\/\",\"url\":\"https:\/\/www.confagricoltura.org\/piacenza\/grandi-colture-cabina-di-regia-e-convergenza-sullinterprofessione\/\",\"name\":\"GRANDI COLTURE: CABINA DI REGIA E CONVERGENZA SULL\u2019INTERPROFESSIONE - Confagricoltura Piacenza\",\"isPartOf\":{\"@id\":\"https:\/\/www.confagricoltura.org\/piacenza\/#website\"},\"primaryImageOfPage\":{\"@id\":\"https:\/\/www.confagricoltura.org\/piacenza\/grandi-colture-cabina-di-regia-e-convergenza-sullinterprofessione\/#primaryimage\"},\"image\":{\"@id\":\"https:\/\/www.confagricoltura.org\/piacenza\/grandi-colture-cabina-di-regia-e-convergenza-sullinterprofessione\/#primaryimage\"},\"thumbnailUrl\":\"http:\/\/www.confagricoltura.org\/piacenza\/wp-content\/uploads\/sites\/3\/2016\/10\/campo-di-grano.jpg\",\"datePublished\":\"2016-10-04T10:55:26+00:00\",\"dateModified\":\"2021-03-11T12:14:58+00:00\",\"author\":{\"@id\":\"https:\/\/www.confagricoltura.org\/piacenza\/#\/schema\/person\/be5da25a3117fea4b3bfec9dba09b5e8\"},\"breadcrumb\":{\"@id\":\"https:\/\/www.confagricoltura.org\/piacenza\/grandi-colture-cabina-di-regia-e-convergenza-sullinterprofessione\/#breadcrumb\"},\"inLanguage\":\"it-IT\",\"potentialAction\":[{\"@type\":\"ReadAction\",\"target\":[\"https:\/\/www.confagricoltura.org\/piacenza\/grandi-colture-cabina-di-regia-e-convergenza-sullinterprofessione\/\"]}]},{\"@type\":\"ImageObject\",\"inLanguage\":\"it-IT\",\"@id\":\"https:\/\/www.confagricoltura.org\/piacenza\/grandi-colture-cabina-di-regia-e-convergenza-sullinterprofessione\/#primaryimage\",\"url\":\"http:\/\/www.confagricoltura.org\/piacenza\/wp-content\/uploads\/sites\/3\/2016\/10\/campo-di-grano.jpg\",\"contentUrl\":\"http:\/\/www.confagricoltura.org\/piacenza\/wp-content\/uploads\/sites\/3\/2016\/10\/campo-di-grano.jpg\"},{\"@type\":\"BreadcrumbList\",\"@id\":\"https:\/\/www.confagricoltura.org\/piacenza\/grandi-colture-cabina-di-regia-e-convergenza-sullinterprofessione\/#breadcrumb\",\"itemListElement\":[{\"@type\":\"ListItem\",\"position\":1,\"name\":\"Home\",\"item\":\"https:\/\/www.confagricoltura.org\/piacenza\/\"},{\"@type\":\"ListItem\",\"position\":2,\"name\":\"GRANDI COLTURE: CABINA DI REGIA E CONVERGENZA SULL\u2019INTERPROFESSIONE\"}]},{\"@type\":\"WebSite\",\"@id\":\"https:\/\/www.confagricoltura.org\/piacenza\/#website\",\"url\":\"https:\/\/www.confagricoltura.org\/piacenza\/\",\"name\":\"Confagricoltura Piacenza\",\"description\":\"Dalla parte degli Agricoltori\",\"potentialAction\":[{\"@type\":\"SearchAction\",\"target\":{\"@type\":\"EntryPoint\",\"urlTemplate\":\"https:\/\/www.confagricoltura.org\/piacenza\/?s={search_term_string}\"},\"query-input\":{\"@type\":\"PropertyValueSpecification\",\"valueRequired\":true,\"valueName\":\"search_term_string\"}}],\"inLanguage\":\"it-IT\"},{\"@type\":\"Person\",\"@id\":\"https:\/\/www.confagricoltura.org\/piacenza\/#\/schema\/person\/be5da25a3117fea4b3bfec9dba09b5e8\",\"name\":\"confagricolturapiacenza\",\"image\":{\"@type\":\"ImageObject\",\"inLanguage\":\"it-IT\",\"@id\":\"https:\/\/www.confagricoltura.org\/piacenza\/#\/schema\/person\/image\/\",\"url\":\"https:\/\/secure.gravatar.com\/avatar\/9c5f111e417171581853bd0a3ff892ca?s=96&d=mm&r=g\",\"contentUrl\":\"https:\/\/secure.gravatar.com\/avatar\/9c5f111e417171581853bd0a3ff892ca?s=96&d=mm&r=g\",\"caption\":\"confagricolturapiacenza\"},\"url\":\"https:\/\/www.confagricoltura.org\/piacenza\/author\/confagricolturapiacenza\/\"}]}<\/script>\n<!-- \/ Yoast SEO plugin. -->","yoast_head_json":{"title":"GRANDI COLTURE: CABINA DI REGIA E CONVERGENZA SULL\u2019INTERPROFESSIONE - Confagricoltura Piacenza","robots":{"index":"index","follow":"follow","max-snippet":"max-snippet:-1","max-image-preview":"max-image-preview:large","max-video-preview":"max-video-preview:-1"},"canonical":"https:\/\/www.confagricoltura.org\/piacenza\/grandi-colture-cabina-di-regia-e-convergenza-sullinterprofessione\/","og_locale":"it_IT","og_type":"article","og_title":"GRANDI COLTURE: CABINA DI REGIA E CONVERGENZA SULL\u2019INTERPROFESSIONE - Confagricoltura Piacenza","og_description":"Gli obiettivi emersi dal Focus di filiera organizzato da Confagricoltura &nbsp; \u201cServono interprofessione e contratti di filiera, maggiore sinergia e concertazione tra le parti economiche &#8211; industria in primis &#8211;\u00a0 per recuperare margini di competitivit\u00e0 sul mercato dei cereali, sull\u2019esempio \u2018qualitativo\u2019 della francese Agrimer. Ma anche miglioramento del sistema di stoccaggio e produzione di grano","og_url":"https:\/\/www.confagricoltura.org\/piacenza\/grandi-colture-cabina-di-regia-e-convergenza-sullinterprofessione\/","og_site_name":"Confagricoltura Piacenza","article_published_time":"2016-10-04T10:55:26+00:00","article_modified_time":"2021-03-11T12:14:58+00:00","og_image":[{"url":"http:\/\/www.confagricoltura.org\/piacenza\/wp-content\/uploads\/sites\/3\/2016\/10\/campo-di-grano.jpg","type":"","width":"","height":""}],"author":"confagricolturapiacenza","twitter_card":"summary_large_image","twitter_misc":{"Scritto da":"confagricolturapiacenza","Tempo di lettura stimato":"3 minuti"},"schema":{"@context":"https:\/\/schema.org","@graph":[{"@type":"Article","@id":"https:\/\/www.confagricoltura.org\/piacenza\/grandi-colture-cabina-di-regia-e-convergenza-sullinterprofessione\/#article","isPartOf":{"@id":"https:\/\/www.confagricoltura.org\/piacenza\/grandi-colture-cabina-di-regia-e-convergenza-sullinterprofessione\/"},"author":{"name":"confagricolturapiacenza","@id":"https:\/\/www.confagricoltura.org\/piacenza\/#\/schema\/person\/be5da25a3117fea4b3bfec9dba09b5e8"},"headline":"GRANDI COLTURE: CABINA DI REGIA E CONVERGENZA SULL\u2019INTERPROFESSIONE","datePublished":"2016-10-04T10:55:26+00:00","dateModified":"2021-03-11T12:14:58+00:00","mainEntityOfPage":{"@id":"https:\/\/www.confagricoltura.org\/piacenza\/grandi-colture-cabina-di-regia-e-convergenza-sullinterprofessione\/"},"wordCount":509,"commentCount":0,"image":{"@id":"https:\/\/www.confagricoltura.org\/piacenza\/grandi-colture-cabina-di-regia-e-convergenza-sullinterprofessione\/#primaryimage"},"thumbnailUrl":"http:\/\/www.confagricoltura.org\/piacenza\/wp-content\/uploads\/sites\/3\/2016\/10\/campo-di-grano.jpg","keywords":["interprofessione"],"articleSection":["Archivio"],"inLanguage":"it-IT"},{"@type":"WebPage","@id":"https:\/\/www.confagricoltura.org\/piacenza\/grandi-colture-cabina-di-regia-e-convergenza-sullinterprofessione\/","url":"https:\/\/www.confagricoltura.org\/piacenza\/grandi-colture-cabina-di-regia-e-convergenza-sullinterprofessione\/","name":"GRANDI COLTURE: CABINA DI REGIA E CONVERGENZA SULL\u2019INTERPROFESSIONE - Confagricoltura Piacenza","isPartOf":{"@id":"https:\/\/www.confagricoltura.org\/piacenza\/#website"},"primaryImageOfPage":{"@id":"https:\/\/www.confagricoltura.org\/piacenza\/grandi-colture-cabina-di-regia-e-convergenza-sullinterprofessione\/#primaryimage"},"image":{"@id":"https:\/\/www.confagricoltura.org\/piacenza\/grandi-colture-cabina-di-regia-e-convergenza-sullinterprofessione\/#primaryimage"},"thumbnailUrl":"http:\/\/www.confagricoltura.org\/piacenza\/wp-content\/uploads\/sites\/3\/2016\/10\/campo-di-grano.jpg","datePublished":"2016-10-04T10:55:26+00:00","dateModified":"2021-03-11T12:14:58+00:00","author":{"@id":"https:\/\/www.confagricoltura.org\/piacenza\/#\/schema\/person\/be5da25a3117fea4b3bfec9dba09b5e8"},"breadcrumb":{"@id":"https:\/\/www.confagricoltura.org\/piacenza\/grandi-colture-cabina-di-regia-e-convergenza-sullinterprofessione\/#breadcrumb"},"inLanguage":"it-IT","potentialAction":[{"@type":"ReadAction","target":["https:\/\/www.confagricoltura.org\/piacenza\/grandi-colture-cabina-di-regia-e-convergenza-sullinterprofessione\/"]}]},{"@type":"ImageObject","inLanguage":"it-IT","@id":"https:\/\/www.confagricoltura.org\/piacenza\/grandi-colture-cabina-di-regia-e-convergenza-sullinterprofessione\/#primaryimage","url":"http:\/\/www.confagricoltura.org\/piacenza\/wp-content\/uploads\/sites\/3\/2016\/10\/campo-di-grano.jpg","contentUrl":"http:\/\/www.confagricoltura.org\/piacenza\/wp-content\/uploads\/sites\/3\/2016\/10\/campo-di-grano.jpg"},{"@type":"BreadcrumbList","@id":"https:\/\/www.confagricoltura.org\/piacenza\/grandi-colture-cabina-di-regia-e-convergenza-sullinterprofessione\/#breadcrumb","itemListElement":[{"@type":"ListItem","position":1,"name":"Home","item":"https:\/\/www.confagricoltura.org\/piacenza\/"},{"@type":"ListItem","position":2,"name":"GRANDI COLTURE: CABINA DI REGIA E CONVERGENZA SULL\u2019INTERPROFESSIONE"}]},{"@type":"WebSite","@id":"https:\/\/www.confagricoltura.org\/piacenza\/#website","url":"https:\/\/www.confagricoltura.org\/piacenza\/","name":"Confagricoltura Piacenza","description":"Dalla parte degli Agricoltori","potentialAction":[{"@type":"SearchAction","target":{"@type":"EntryPoint","urlTemplate":"https:\/\/www.confagricoltura.org\/piacenza\/?s={search_term_string}"},"query-input":{"@type":"PropertyValueSpecification","valueRequired":true,"valueName":"search_term_string"}}],"inLanguage":"it-IT"},{"@type":"Person","@id":"https:\/\/www.confagricoltura.org\/piacenza\/#\/schema\/person\/be5da25a3117fea4b3bfec9dba09b5e8","name":"confagricolturapiacenza","image":{"@type":"ImageObject","inLanguage":"it-IT","@id":"https:\/\/www.confagricoltura.org\/piacenza\/#\/schema\/person\/image\/","url":"https:\/\/secure.gravatar.com\/avatar\/9c5f111e417171581853bd0a3ff892ca?s=96&d=mm&r=g","contentUrl":"https:\/\/secure.gravatar.com\/avatar\/9c5f111e417171581853bd0a3ff892ca?s=96&d=mm&r=g","caption":"confagricolturapiacenza"},"url":"https:\/\/www.confagricoltura.org\/piacenza\/author\/confagricolturapiacenza\/"}]}},"_links":{"self":[{"href":"https:\/\/www.confagricoltura.org\/piacenza\/wp-json\/wp\/v2\/posts\/2418","targetHints":{"allow":["GET"]}}],"collection":[{"href":"https:\/\/www.confagricoltura.org\/piacenza\/wp-json\/wp\/v2\/posts"}],"about":[{"href":"https:\/\/www.confagricoltura.org\/piacenza\/wp-json\/wp\/v2\/types\/post"}],"author":[{"embeddable":true,"href":"https:\/\/www.confagricoltura.org\/piacenza\/wp-json\/wp\/v2\/users\/6"}],"replies":[{"embeddable":true,"href":"https:\/\/www.confagricoltura.org\/piacenza\/wp-json\/wp\/v2\/comments?post=2418"}],"version-history":[{"count":1,"href":"https:\/\/www.confagricoltura.org\/piacenza\/wp-json\/wp\/v2\/posts\/2418\/revisions"}],"predecessor-version":[{"id":2946,"href":"https:\/\/www.confagricoltura.org\/piacenza\/wp-json\/wp\/v2\/posts\/2418\/revisions\/2946"}],"wp:attachment":[{"href":"https:\/\/www.confagricoltura.org\/piacenza\/wp-json\/wp\/v2\/media?parent=2418"}],"wp:term":[{"taxonomy":"category","embeddable":true,"href":"https:\/\/www.confagricoltura.org\/piacenza\/wp-json\/wp\/v2\/categories?post=2418"},{"taxonomy":"post_tag","embeddable":true,"href":"https:\/\/www.confagricoltura.org\/piacenza\/wp-json\/wp\/v2\/tags?post=2418"}],"curies":[{"name":"wp","href":"https:\/\/api.w.org\/{rel}","templated":true}]}}