{"id":2413,"date":"2016-09-06T12:55:43","date_gmt":"2016-09-06T10:55:43","guid":{"rendered":"http:\/\/www.confagricoltura.org\/piacenza\/?p=538"},"modified":"2021-03-11T13:14:59","modified_gmt":"2021-03-11T12:14:59","slug":"terremoto-confagricoltura-apre-un-canale-per-le-donazioni","status":"publish","type":"post","link":"https:\/\/www.confagricoltura.org\/piacenza\/terremoto-confagricoltura-apre-un-canale-per-le-donazioni\/","title":{"rendered":"TERREMOTO: CONFAGRICOLTURA APRE UN CANALE PER LE DONAZIONI"},"content":{"rendered":"<p><em><strong>Con l\u2019Onlus L\u2019Et\u00e0 della Saggezza sosterremo economicamente la ricostruzione<\/strong><\/em><\/p>\n<p>&nbsp;<\/p>\n<p>Confagricoltura si attiva per l&#8217;emergenza nelle aree devastate dal sisma. \u201cAnche a livello locale \u2013 spiega Giovanni Merli, presidente del Sindacato Pensionati di Confagricoltura Piacenza \u2013 sosterremo la ricostruzione attraverso la rete di solidariet\u00e0 che si avvale della nostra Onlus\u00a0&#8216;Senior \u2013 L\u2019Et\u00e0 della Saggezza&#8217;. Siamo vicini a queste popolazioni sfortunate e invitiamo ciascuno ad attivarsi. Confagricoltura ha deciso di coordinare gli aiuti mediante l\u2019onlus del nostro sindacato che ha da poco cambiato nome in Associazione nazionale pensionati agricoltori ed \u00e8 proiettato a intervenire in varie situazioni in cui \u00e8 necessario un aiuto solidale attraverso l\u2019attivit\u00e0 dell\u2019\u2019Et\u00e0 della saggezza\u2019. Il sisma ha colpito un territorio dove l\u2019agricoltura \u00e8 la principale fonte di reddito, la nostra associazione vuole fare sentire la propria vicinanza e offrire il proprio aiuto\u201d. Confagricoltura sta ultimando il monitoraggio sul territorio, per venire incontro alle esigenze degli agricoltori delle aree colpite dal terremoto e sostenerli, pianificando con le organizzazioni territoriali le azioni da intraprendere per aiutare, il pi\u00f9 possibile, la ripresa delle normali attivit\u00e0. Per alimentare il canale di solidariet\u00e0 gli associati, i dipendenti e coloro che hanno usufruito dei servizi alla persona (CAF, Patronato e mutua Fima) possono contribuire facendo confluire le donazioni sul conto ONLUS \u201cSenior \u2013 l\u2019Et\u00e0 della Saggezza\u201d, Monte dei Paschi di Siena, IBAN: IT 79 Q 01030 03241 000063126678, ricordando di inserire la causale: AIUTI PRO TERREMOTATI CENTRO ITALIA 2016. Le donazioni effettuate dalle persone giuridiche e\/o fisiche potranno essere portate, in deduzione\/detrazione nella prossima dichiarazione dei redditi.<\/p>\n<p><img loading=\"lazy\" decoding=\"async\" class=\"alignnone size-full wp-image-382 img-responsive\" src=\"http:\/\/www.confagricoltura.org\/piacenza\/wp-content\/uploads\/sites\/3\/2016\/06\/Giovanni-Merli.jpg\" alt=\"Giovanni Merli\" width=\"1157\" height=\"1634\" \/><\/p>\n","protected":false},"excerpt":{"rendered":"<p>Con l\u2019Onlus L\u2019Et\u00e0 della Saggezza sosterremo economicamente la ricostruzione &nbsp; Confagricoltura si attiva per l&#8217;emergenza nelle aree devastate dal sisma. \u201cAnche a livello locale \u2013 spiega Giovanni Merli, presidente del Sindacato Pensionati di Confagricoltura Piacenza \u2013 sosterremo la ricostruzione attraverso la rete di solidariet\u00e0 che si avvale della nostra Onlus\u00a0&#8216;Senior \u2013 L\u2019Et\u00e0 della Saggezza&#8217;. Siamo<\/p>\n","protected":false},"author":6,"featured_media":0,"comment_status":"open","ping_status":"open","sticky":true,"template":"","format":"standard","meta":{"wp_mapbox_gl_js_media":[],"footnotes":""},"categories":[335],"tags":[57],"class_list":["post-2413","post","type-post","status-publish","format-standard","hentry","category-archivio","tag-terremoto-confagricoltura-apre-un-canale-per-le-donazioni"],"yoast_head":"<!-- This site is optimized with the Yoast SEO plugin v26.8 - https:\/\/yoast.com\/product\/yoast-seo-wordpress\/ -->\n<title>TERREMOTO: CONFAGRICOLTURA APRE UN CANALE PER LE DONAZIONI - Confagricoltura Piacenza<\/title>\n<meta name=\"robots\" content=\"index, follow, max-snippet:-1, max-image-preview:large, max-video-preview:-1\" \/>\n<link rel=\"canonical\" href=\"https:\/\/www.confagricoltura.org\/piacenza\/terremoto-confagricoltura-apre-un-canale-per-le-donazioni\/\" \/>\n<meta property=\"og:locale\" content=\"it_IT\" \/>\n<meta property=\"og:type\" content=\"article\" \/>\n<meta property=\"og:title\" content=\"TERREMOTO: CONFAGRICOLTURA APRE UN CANALE PER LE DONAZIONI - Confagricoltura Piacenza\" \/>\n<meta property=\"og:description\" content=\"Con l\u2019Onlus L\u2019Et\u00e0 della Saggezza sosterremo economicamente la ricostruzione &nbsp; Confagricoltura si attiva per l&#8217;emergenza nelle aree devastate dal sisma. \u201cAnche a livello locale \u2013 spiega Giovanni Merli, presidente del Sindacato Pensionati di Confagricoltura Piacenza \u2013 sosterremo la ricostruzione attraverso la rete di solidariet\u00e0 che si avvale della nostra Onlus\u00a0&#8216;Senior \u2013 L\u2019Et\u00e0 della Saggezza&#8217;. Siamo\" \/>\n<meta property=\"og:url\" content=\"https:\/\/www.confagricoltura.org\/piacenza\/terremoto-confagricoltura-apre-un-canale-per-le-donazioni\/\" \/>\n<meta property=\"og:site_name\" content=\"Confagricoltura Piacenza\" \/>\n<meta property=\"article:published_time\" content=\"2016-09-06T10:55:43+00:00\" \/>\n<meta property=\"article:modified_time\" content=\"2021-03-11T12:14:59+00:00\" \/>\n<meta property=\"og:image\" content=\"http:\/\/www.confagricoltura.org\/piacenza\/wp-content\/uploads\/sites\/3\/2016\/06\/Giovanni-Merli.jpg\" \/>\n<meta name=\"author\" content=\"confagricolturapiacenza\" \/>\n<meta name=\"twitter:card\" content=\"summary_large_image\" \/>\n<meta name=\"twitter:label1\" content=\"Scritto da\" \/>\n\t<meta name=\"twitter:data1\" content=\"confagricolturapiacenza\" \/>\n\t<meta name=\"twitter:label2\" content=\"Tempo di lettura stimato\" \/>\n\t<meta name=\"twitter:data2\" content=\"1 minuto\" \/>\n<script type=\"application\/ld+json\" class=\"yoast-schema-graph\">{\"@context\":\"https:\/\/schema.org\",\"@graph\":[{\"@type\":\"Article\",\"@id\":\"https:\/\/www.confagricoltura.org\/piacenza\/terremoto-confagricoltura-apre-un-canale-per-le-donazioni\/#article\",\"isPartOf\":{\"@id\":\"https:\/\/www.confagricoltura.org\/piacenza\/terremoto-confagricoltura-apre-un-canale-per-le-donazioni\/\"},\"author\":{\"name\":\"confagricolturapiacenza\",\"@id\":\"https:\/\/www.confagricoltura.org\/piacenza\/#\/schema\/person\/be5da25a3117fea4b3bfec9dba09b5e8\"},\"headline\":\"TERREMOTO: CONFAGRICOLTURA APRE UN CANALE PER LE DONAZIONI\",\"datePublished\":\"2016-09-06T10:55:43+00:00\",\"dateModified\":\"2021-03-11T12:14:59+00:00\",\"mainEntityOfPage\":{\"@id\":\"https:\/\/www.confagricoltura.org\/piacenza\/terremoto-confagricoltura-apre-un-canale-per-le-donazioni\/\"},\"wordCount\":263,\"commentCount\":0,\"image\":{\"@id\":\"https:\/\/www.confagricoltura.org\/piacenza\/terremoto-confagricoltura-apre-un-canale-per-le-donazioni\/#primaryimage\"},\"thumbnailUrl\":\"http:\/\/www.confagricoltura.org\/piacenza\/wp-content\/uploads\/sites\/3\/2016\/06\/Giovanni-Merli.jpg\",\"keywords\":[\"TERREMOTO: CONFAGRICOLTURA APRE UN CANALE PER LE DONAZIONI\"],\"articleSection\":[\"Archivio\"],\"inLanguage\":\"it-IT\"},{\"@type\":\"WebPage\",\"@id\":\"https:\/\/www.confagricoltura.org\/piacenza\/terremoto-confagricoltura-apre-un-canale-per-le-donazioni\/\",\"url\":\"https:\/\/www.confagricoltura.org\/piacenza\/terremoto-confagricoltura-apre-un-canale-per-le-donazioni\/\",\"name\":\"TERREMOTO: CONFAGRICOLTURA APRE UN CANALE PER LE DONAZIONI - Confagricoltura Piacenza\",\"isPartOf\":{\"@id\":\"https:\/\/www.confagricoltura.org\/piacenza\/#website\"},\"primaryImageOfPage\":{\"@id\":\"https:\/\/www.confagricoltura.org\/piacenza\/terremoto-confagricoltura-apre-un-canale-per-le-donazioni\/#primaryimage\"},\"image\":{\"@id\":\"https:\/\/www.confagricoltura.org\/piacenza\/terremoto-confagricoltura-apre-un-canale-per-le-donazioni\/#primaryimage\"},\"thumbnailUrl\":\"http:\/\/www.confagricoltura.org\/piacenza\/wp-content\/uploads\/sites\/3\/2016\/06\/Giovanni-Merli.jpg\",\"datePublished\":\"2016-09-06T10:55:43+00:00\",\"dateModified\":\"2021-03-11T12:14:59+00:00\",\"author\":{\"@id\":\"https:\/\/www.confagricoltura.org\/piacenza\/#\/schema\/person\/be5da25a3117fea4b3bfec9dba09b5e8\"},\"breadcrumb\":{\"@id\":\"https:\/\/www.confagricoltura.org\/piacenza\/terremoto-confagricoltura-apre-un-canale-per-le-donazioni\/#breadcrumb\"},\"inLanguage\":\"it-IT\",\"potentialAction\":[{\"@type\":\"ReadAction\",\"target\":[\"https:\/\/www.confagricoltura.org\/piacenza\/terremoto-confagricoltura-apre-un-canale-per-le-donazioni\/\"]}]},{\"@type\":\"ImageObject\",\"inLanguage\":\"it-IT\",\"@id\":\"https:\/\/www.confagricoltura.org\/piacenza\/terremoto-confagricoltura-apre-un-canale-per-le-donazioni\/#primaryimage\",\"url\":\"http:\/\/www.confagricoltura.org\/piacenza\/wp-content\/uploads\/sites\/3\/2016\/06\/Giovanni-Merli.jpg\",\"contentUrl\":\"http:\/\/www.confagricoltura.org\/piacenza\/wp-content\/uploads\/sites\/3\/2016\/06\/Giovanni-Merli.jpg\"},{\"@type\":\"BreadcrumbList\",\"@id\":\"https:\/\/www.confagricoltura.org\/piacenza\/terremoto-confagricoltura-apre-un-canale-per-le-donazioni\/#breadcrumb\",\"itemListElement\":[{\"@type\":\"ListItem\",\"position\":1,\"name\":\"Home\",\"item\":\"https:\/\/www.confagricoltura.org\/piacenza\/\"},{\"@type\":\"ListItem\",\"position\":2,\"name\":\"TERREMOTO: CONFAGRICOLTURA APRE UN CANALE PER LE DONAZIONI\"}]},{\"@type\":\"WebSite\",\"@id\":\"https:\/\/www.confagricoltura.org\/piacenza\/#website\",\"url\":\"https:\/\/www.confagricoltura.org\/piacenza\/\",\"name\":\"Confagricoltura Piacenza\",\"description\":\"Dalla parte degli Agricoltori\",\"potentialAction\":[{\"@type\":\"SearchAction\",\"target\":{\"@type\":\"EntryPoint\",\"urlTemplate\":\"https:\/\/www.confagricoltura.org\/piacenza\/?s={search_term_string}\"},\"query-input\":{\"@type\":\"PropertyValueSpecification\",\"valueRequired\":true,\"valueName\":\"search_term_string\"}}],\"inLanguage\":\"it-IT\"},{\"@type\":\"Person\",\"@id\":\"https:\/\/www.confagricoltura.org\/piacenza\/#\/schema\/person\/be5da25a3117fea4b3bfec9dba09b5e8\",\"name\":\"confagricolturapiacenza\",\"image\":{\"@type\":\"ImageObject\",\"inLanguage\":\"it-IT\",\"@id\":\"https:\/\/www.confagricoltura.org\/piacenza\/#\/schema\/person\/image\/\",\"url\":\"https:\/\/secure.gravatar.com\/avatar\/9c5f111e417171581853bd0a3ff892ca?s=96&d=mm&r=g\",\"contentUrl\":\"https:\/\/secure.gravatar.com\/avatar\/9c5f111e417171581853bd0a3ff892ca?s=96&d=mm&r=g\",\"caption\":\"confagricolturapiacenza\"},\"url\":\"https:\/\/www.confagricoltura.org\/piacenza\/author\/confagricolturapiacenza\/\"}]}<\/script>\n<!-- \/ Yoast SEO plugin. -->","yoast_head_json":{"title":"TERREMOTO: CONFAGRICOLTURA APRE UN CANALE PER LE DONAZIONI - Confagricoltura Piacenza","robots":{"index":"index","follow":"follow","max-snippet":"max-snippet:-1","max-image-preview":"max-image-preview:large","max-video-preview":"max-video-preview:-1"},"canonical":"https:\/\/www.confagricoltura.org\/piacenza\/terremoto-confagricoltura-apre-un-canale-per-le-donazioni\/","og_locale":"it_IT","og_type":"article","og_title":"TERREMOTO: CONFAGRICOLTURA APRE UN CANALE PER LE DONAZIONI - Confagricoltura Piacenza","og_description":"Con l\u2019Onlus L\u2019Et\u00e0 della Saggezza sosterremo economicamente la ricostruzione &nbsp; Confagricoltura si attiva per l&#8217;emergenza nelle aree devastate dal sisma. \u201cAnche a livello locale \u2013 spiega Giovanni Merli, presidente del Sindacato Pensionati di Confagricoltura Piacenza \u2013 sosterremo la ricostruzione attraverso la rete di solidariet\u00e0 che si avvale della nostra Onlus\u00a0&#8216;Senior \u2013 L\u2019Et\u00e0 della Saggezza&#8217;. Siamo","og_url":"https:\/\/www.confagricoltura.org\/piacenza\/terremoto-confagricoltura-apre-un-canale-per-le-donazioni\/","og_site_name":"Confagricoltura Piacenza","article_published_time":"2016-09-06T10:55:43+00:00","article_modified_time":"2021-03-11T12:14:59+00:00","og_image":[{"url":"http:\/\/www.confagricoltura.org\/piacenza\/wp-content\/uploads\/sites\/3\/2016\/06\/Giovanni-Merli.jpg","type":"","width":"","height":""}],"author":"confagricolturapiacenza","twitter_card":"summary_large_image","twitter_misc":{"Scritto da":"confagricolturapiacenza","Tempo di lettura stimato":"1 minuto"},"schema":{"@context":"https:\/\/schema.org","@graph":[{"@type":"Article","@id":"https:\/\/www.confagricoltura.org\/piacenza\/terremoto-confagricoltura-apre-un-canale-per-le-donazioni\/#article","isPartOf":{"@id":"https:\/\/www.confagricoltura.org\/piacenza\/terremoto-confagricoltura-apre-un-canale-per-le-donazioni\/"},"author":{"name":"confagricolturapiacenza","@id":"https:\/\/www.confagricoltura.org\/piacenza\/#\/schema\/person\/be5da25a3117fea4b3bfec9dba09b5e8"},"headline":"TERREMOTO: CONFAGRICOLTURA APRE UN CANALE PER LE DONAZIONI","datePublished":"2016-09-06T10:55:43+00:00","dateModified":"2021-03-11T12:14:59+00:00","mainEntityOfPage":{"@id":"https:\/\/www.confagricoltura.org\/piacenza\/terremoto-confagricoltura-apre-un-canale-per-le-donazioni\/"},"wordCount":263,"commentCount":0,"image":{"@id":"https:\/\/www.confagricoltura.org\/piacenza\/terremoto-confagricoltura-apre-un-canale-per-le-donazioni\/#primaryimage"},"thumbnailUrl":"http:\/\/www.confagricoltura.org\/piacenza\/wp-content\/uploads\/sites\/3\/2016\/06\/Giovanni-Merli.jpg","keywords":["TERREMOTO: CONFAGRICOLTURA APRE UN CANALE PER LE DONAZIONI"],"articleSection":["Archivio"],"inLanguage":"it-IT"},{"@type":"WebPage","@id":"https:\/\/www.confagricoltura.org\/piacenza\/terremoto-confagricoltura-apre-un-canale-per-le-donazioni\/","url":"https:\/\/www.confagricoltura.org\/piacenza\/terremoto-confagricoltura-apre-un-canale-per-le-donazioni\/","name":"TERREMOTO: CONFAGRICOLTURA APRE UN CANALE PER LE DONAZIONI - Confagricoltura Piacenza","isPartOf":{"@id":"https:\/\/www.confagricoltura.org\/piacenza\/#website"},"primaryImageOfPage":{"@id":"https:\/\/www.confagricoltura.org\/piacenza\/terremoto-confagricoltura-apre-un-canale-per-le-donazioni\/#primaryimage"},"image":{"@id":"https:\/\/www.confagricoltura.org\/piacenza\/terremoto-confagricoltura-apre-un-canale-per-le-donazioni\/#primaryimage"},"thumbnailUrl":"http:\/\/www.confagricoltura.org\/piacenza\/wp-content\/uploads\/sites\/3\/2016\/06\/Giovanni-Merli.jpg","datePublished":"2016-09-06T10:55:43+00:00","dateModified":"2021-03-11T12:14:59+00:00","author":{"@id":"https:\/\/www.confagricoltura.org\/piacenza\/#\/schema\/person\/be5da25a3117fea4b3bfec9dba09b5e8"},"breadcrumb":{"@id":"https:\/\/www.confagricoltura.org\/piacenza\/terremoto-confagricoltura-apre-un-canale-per-le-donazioni\/#breadcrumb"},"inLanguage":"it-IT","potentialAction":[{"@type":"ReadAction","target":["https:\/\/www.confagricoltura.org\/piacenza\/terremoto-confagricoltura-apre-un-canale-per-le-donazioni\/"]}]},{"@type":"ImageObject","inLanguage":"it-IT","@id":"https:\/\/www.confagricoltura.org\/piacenza\/terremoto-confagricoltura-apre-un-canale-per-le-donazioni\/#primaryimage","url":"http:\/\/www.confagricoltura.org\/piacenza\/wp-content\/uploads\/sites\/3\/2016\/06\/Giovanni-Merli.jpg","contentUrl":"http:\/\/www.confagricoltura.org\/piacenza\/wp-content\/uploads\/sites\/3\/2016\/06\/Giovanni-Merli.jpg"},{"@type":"BreadcrumbList","@id":"https:\/\/www.confagricoltura.org\/piacenza\/terremoto-confagricoltura-apre-un-canale-per-le-donazioni\/#breadcrumb","itemListElement":[{"@type":"ListItem","position":1,"name":"Home","item":"https:\/\/www.confagricoltura.org\/piacenza\/"},{"@type":"ListItem","position":2,"name":"TERREMOTO: CONFAGRICOLTURA APRE UN CANALE PER LE DONAZIONI"}]},{"@type":"WebSite","@id":"https:\/\/www.confagricoltura.org\/piacenza\/#website","url":"https:\/\/www.confagricoltura.org\/piacenza\/","name":"Confagricoltura Piacenza","description":"Dalla parte degli Agricoltori","potentialAction":[{"@type":"SearchAction","target":{"@type":"EntryPoint","urlTemplate":"https:\/\/www.confagricoltura.org\/piacenza\/?s={search_term_string}"},"query-input":{"@type":"PropertyValueSpecification","valueRequired":true,"valueName":"search_term_string"}}],"inLanguage":"it-IT"},{"@type":"Person","@id":"https:\/\/www.confagricoltura.org\/piacenza\/#\/schema\/person\/be5da25a3117fea4b3bfec9dba09b5e8","name":"confagricolturapiacenza","image":{"@type":"ImageObject","inLanguage":"it-IT","@id":"https:\/\/www.confagricoltura.org\/piacenza\/#\/schema\/person\/image\/","url":"https:\/\/secure.gravatar.com\/avatar\/9c5f111e417171581853bd0a3ff892ca?s=96&d=mm&r=g","contentUrl":"https:\/\/secure.gravatar.com\/avatar\/9c5f111e417171581853bd0a3ff892ca?s=96&d=mm&r=g","caption":"confagricolturapiacenza"},"url":"https:\/\/www.confagricoltura.org\/piacenza\/author\/confagricolturapiacenza\/"}]}},"_links":{"self":[{"href":"https:\/\/www.confagricoltura.org\/piacenza\/wp-json\/wp\/v2\/posts\/2413","targetHints":{"allow":["GET"]}}],"collection":[{"href":"https:\/\/www.confagricoltura.org\/piacenza\/wp-json\/wp\/v2\/posts"}],"about":[{"href":"https:\/\/www.confagricoltura.org\/piacenza\/wp-json\/wp\/v2\/types\/post"}],"author":[{"embeddable":true,"href":"https:\/\/www.confagricoltura.org\/piacenza\/wp-json\/wp\/v2\/users\/6"}],"replies":[{"embeddable":true,"href":"https:\/\/www.confagricoltura.org\/piacenza\/wp-json\/wp\/v2\/comments?post=2413"}],"version-history":[{"count":1,"href":"https:\/\/www.confagricoltura.org\/piacenza\/wp-json\/wp\/v2\/posts\/2413\/revisions"}],"predecessor-version":[{"id":2953,"href":"https:\/\/www.confagricoltura.org\/piacenza\/wp-json\/wp\/v2\/posts\/2413\/revisions\/2953"}],"wp:attachment":[{"href":"https:\/\/www.confagricoltura.org\/piacenza\/wp-json\/wp\/v2\/media?parent=2413"}],"wp:term":[{"taxonomy":"category","embeddable":true,"href":"https:\/\/www.confagricoltura.org\/piacenza\/wp-json\/wp\/v2\/categories?post=2413"},{"taxonomy":"post_tag","embeddable":true,"href":"https:\/\/www.confagricoltura.org\/piacenza\/wp-json\/wp\/v2\/tags?post=2413"}],"curies":[{"name":"wp","href":"https:\/\/api.w.org\/{rel}","templated":true}]}}